{"id":5414,"date":"2024-03-09T22:15:00","date_gmt":"2024-03-09T22:15:00","guid":{"rendered":"http:\/\/rafalk-elblag.pl\/?p=5414"},"modified":"2024-03-09T22:16:38","modified_gmt":"2024-03-09T22:16:38","slug":"10-03-2024-r-iv-niedziela-wielkiego-postu","status":"publish","type":"post","link":"https:\/\/rafalk-elblag.pl\/?p=5414","title":{"rendered":"10.03.2024 r., IV Niedziela Wielkiego Postu"},"content":{"rendered":"\n<h2 class=\"wp-block-heading\" id=\"block-de4dbcd2-5192-419e-9a16-24c75cd43305\"><strong>Modlitwa \u2013 czas z Bogiem<\/strong><\/h2>\n\n\n\n<p>Jezus r\u00f3wnie\u017c cz\u0119sto szed\u0142 sam na modlitw\u0119, by spotka\u0107 si\u0119 ze Swoim Ojcem, porozmawia\u0107, uzyska\u0107 potrzebne si\u0142y, i \u015bwiat\u0142o na dalsz\u0105 drog\u0119. Modlitwa ta trwa\u0142a nieraz ca\u0142\u0105 noc, jak czytamy w Pi\u015bmie \u015awi\u0119tym (por. \u0141k 6, 12). Z pewno\u015bci\u0105 by\u0142o to spotkanie, gdzie czas nie mia\u0142 wi\u0119kszego znaczenia; bo gdy spotykaj\u0105 si\u0119 dwie osoby, kt\u00f3re si\u0119 kochaj\u0105 to ich wzajemna obecno\u015b\u0107 nie jest nu\u017c\u0105ca, cho\u0107by mieli tylko by\u0107 obok siebie.<\/p>\n\n\n\n<p>I prawdopodobnie nie by\u0142a to mi\u0142o\u015b\u0107 oparta tylko na uczuciach ale na pragnieniu pe\u0142nienia Woli Ojca; bo je\u017celi kogo\u015b kocham to w pierwszej kolejno\u015bci chc\u0119 z t\u0105 osob\u0105 przebywa\u0107, i pragn\u0119 zrobi\u0107 dla niej wszystko czego ona pragnie. Je\u017celi temu spotkaniu towarzysz\u0105 dobre uczucia, to przyjmuje je i ciesz\u0119 si\u0119 z tego, jednak nie zawsze musz\u0105 one by\u0107. Wa\u017cne jest aby je przyjmowa\u0107 kiedy s\u0105, ale ich nie pragn\u0105\u0107, poniewa\u017c kiedy ich pragniemy, wtedy skupiamy si\u0119 na samych odczuciach i naszym \u201cja\u201d, a za ma\u0142o na drugiej osobie.<\/p>\n\n\n\n<p>Modlitwa jest podstaw\u0105 budowania \u017cywej relacji z Bogiem. Jest absolutnie niezb\u0119dna dla naszego duchowego wzrostu. Wymaga ona wysi\u0142ku, ale przynosi stokrotne owoce.<\/p>\n\n\n\n<p>Pierwszym krokiem jest przyjrzenie si\u0119 swojemu rozk\u0142adowi zaj\u0119\u0107 i ustalenie w nim konkretnego czasu na codzienn\u0105 modlitw\u0119. Kiedy najlepiej spotyka\u0107 si\u0119 z Jezusem na osobno\u015bci? Dla wi\u0119kszo\u015bci ludzi najlepszym na to czasem jest ranek, zanim poch\u0142on\u0105 nas obowi\u0105zki dnia. Jakikolwiek czas wybierzesz, postaraj si\u0119, by by\u0142 on maksymalnie wolny od rozprosze\u0144. Postaraj si\u0119 te\u017c o znalezienie spokojnego miejsca, gdzie nic nie b\u0119dzie ci przeszkadza\u0107. Je\u015bli uda ci si\u0119 znale\u017a\u0107 odpowiednie miejsce i czas, \u0142atwiej ci b\u0119dzie otworzy\u0107 si\u0119 na obecno\u015b\u0107 Jezusa i ws\u0142ucha\u0107 si\u0119 w Jego s\u0142owo, tak by \u0142aska czasu sp\u0119dzonego przy Nim promieniowa\u0142a na ca\u0142e twoje \u017cycie.<\/p>\n\n\n\n<figure class=\"wp-block-image\" id=\"block-11bfdc70-3a14-4d5e-94a4-c45b2bb4a6cf\"><a href=\"http:\/\/rafalk-elblag.pl\/wp-content\/uploads\/2021\/08\/ogloszenia-parafialne-baner-01a.jpg\"><img decoding=\"async\" src=\"http:\/\/rafalk-elblag.pl\/wp-content\/uploads\/2021\/08\/ogloszenia-parafialne-baner-01a.jpg\" alt=\"Obrazek posiada pusty atrybut alt; plik o nazwie ogloszenia-parafialne-baner-01a.jpg\"\/><\/a><\/figure>\n\n\n\n<h1 class=\"wp-block-heading\" id=\"block-6d42405b-4ab7-4d06-b960-74c4b8e7c4ea\">Og\u0142oszenia parafialne 10.03.2024 r.<\/h1>\n\n\n\n<ol class=\"wp-block-list\" id=\"block-6e7fc4b7-d0ca-43b6-88f8-3d31ed4b7c9b\">\n<li><strong>W dniu dzisiejszym rozpoczynamy <\/strong><em><strong>Rekolekcje<\/strong><\/em><strong><em> <\/em>Wielkopostne,<\/strong> kt\u00f3re poprowadzi<strong>&nbsp;<\/strong>ks. Przemys\u0142aw SAWA. <em>Pro\u015bmy o \u015bwiat\u0142o Ducha \u015awi\u0119tego dla ks. Rekolekcjonisty i os\u00f3b go wpieraj\u0105cych oraz dla ca\u0142ej parafii, aby s\u0142owa wypowiedziane w czasie tych dni, przemieni\u0142y nasze serca i przygotowa\u0142y na rado\u015b\u0107 \u015awi\u0105t Wielkanocnych.<\/em> <strong><em>Program rekolekcji znajdziemy w Biuletynie<\/em><\/strong><em>.<\/em><\/li>\n\n\n\n<li>W czasie rekolekcji prosimy o zg\u0142aszanie (w zakrystii) chorych (do kt\u00f3rych nie chodzimy\u00a0w I pi\u0105tki miesi\u0105ca). Kap\u0142an uda si\u0119 do tych os\u00f3b z Komuni\u0105 \u015bwi\u0119t\u0105 w \u015brod\u0119 13 marca br. od godz. 15:00.<\/li>\n\n\n\n<li>Caritas Parafialna rozprowadza\u0142a dzisiaj \u015bwieczki na st\u00f3\u0142 WIELKANOCNY w cenie 20 z\u0142.<\/li>\n\n\n\n<li><strong>Zapraszamy <\/strong>w ka\u017cd\u0105 Niedziel\u0119 WIELKIEGO POSTU<strong> na Adoracj\u0119 Naj\u015bwi\u0119tszego Sakramentu od godz. 16:00 do godz. 17:15<\/strong> oraz w ka\u017cdy czwartek po Mszy \u015bw. do godz. 20:00. <em>Masz mo\u017cliwo\u015b\u0107 spotkania si\u0119 z Jezusem w ciszy.<\/em><strong><\/strong><\/li>\n\n\n\n<li><strong>PAMI\u0118TAJMY, \u017ce Wielki Post jest tak zwanym \u201eczasem zakazanym\u201d dla wszelkich hucznych wesel, zabaw i dyskotek !!!<\/strong><\/li>\n\n\n\n<li><strong><\/strong>W poniedzia\u0142ek 11 marca br. Msza \u015bw. o godz. 20:00 z nauk\u0105 dla rodzic\u00f3w dzieci klas IIIprzygotowuj\u0105cych si\u0119 do pierwszej SPOWIEDZI I KOMUNII \u015aWI\u0118TEJ <strong>Obecno\u015b\u0107 obowi\u0105zkowa. <\/strong><em>W pi\u0105tek 15 marca br. o godz. 17:00 na plebanii b\u0119dzie mo\u017cliwo\u015b\u0107 odebrania zam\u00f3wionych stroj\u00f3w komunijnych (alb). <\/em><strong><\/strong><\/li>\n\n\n\n<li><strong><\/strong>W sobot\u0119 16 marca &#8211; <strong>DZIE\u0143 MODLITW ZA BRACTWO SZKAPLERZNE<\/strong><strong>,<\/strong> a tak\u017ce za osoby nosz\u0105ce Szkaplerz \u015bwi\u0119ty. Zapraszamy wszystkich nale\u017c\u0105cych i pragn\u0105cych w\u0142\u0105czy\u0107 si\u0119 do tej wsp\u00f3lnoty na Msz\u0119 \u015bw. o godz. 18:00.<\/li>\n\n\n\n<li>Zach\u0119camy do wyjazdu 23 marca br. (sobota)<strong> o godz. 6:00 <\/strong>do<strong> G\u00d3RKI KLASZTORNEJ<\/strong> na<strong> MISTERIUM M\u0118KI PA\u0143SKIEJ.&nbsp; Koszt 100 z\u0142. <\/strong><em>(autokar i ubezpieczenie).<\/em> <em>Zapisy i wi\u0119cej informacji u ks. Mateusza.<\/em><\/li>\n\n\n\n<li><strong><em>Zapraszam na&nbsp; pielgrzymk\u0119 parafialn\u0105 w dniach 26 \u2013 29 kwietnia 2024.&nbsp;<\/em><\/strong><em>Nawiedzimy: \u015aWI\u0104TYNI\u0118 OPATRZNOO\u015aCI BO\u017bEJ w Warszawie, Niepokalan\u00f3w, SANKTUARIUM NMP GWIAZDY NOWEJ EWANGELIZACJI I \u015aW. JANA PAW\u0141A II W TORUNIU&nbsp; oraz inne szczeg\u00f3lne pi\u0119kne miejsca.<\/em> <strong>Koszt wynosi 720 z\u0142<\/strong><em>. (w tym: autokar, ubezpieczenie, noclegi, cz\u0119\u015bciowe wy\u017cywienie, przewodnicy). Zapraszamy.<\/em><\/li>\n\n\n\n<li><strong><\/strong><strong>ZAPRASZAM DO WSP\u00d3LNEGO WYJ\u015aCIA DO MULTIKINA <\/strong>w<strong> <\/strong>Elbl\u0105gu \u2013 Ogrody,<strong> dnia 19 marca br.(wtorek): godz. 19:30 <\/strong>na film<strong> &#8222;POWO\u0141ANY 2&#8221;<\/strong> to kontynuacja internetowego hitu, kt\u00f3ry sta\u0142 si\u0119 fenomenem w sieci i dotar\u0142 do milion\u00f3w widz\u00f3w na ca\u0142ym \u015bwiecie. Tym razem powraca na wielkim ekranie w gwiazdorskiej obsadzie. <em>Spotkajmy si\u0119 wsp\u00f3lnie w kinie. <\/em><strong><em>Cena biletu 13 z\u0142. wp\u0142acamy przy wej\u015bciu do sali kinowej.<\/em><\/strong><em><\/em><\/li>\n\n\n\n<li><strong>Marzec to miesi\u0105c po\u015bwi\u0119cony \u015aWI\u0118TEMU<\/strong><strong> J\u00d3ZEFOWI &#8211; PATRONOWI KO\u015aCIO\u0141A POWSZECHNEGO. Od 10 marca zapraszamy do udzia\u0142u w NOWENNIE do \u015bw. J\u00f3zefa odmawianej podczas Mszy \u015bw. wieczorowej. <\/strong><em>Wsp\u00f3lnie pro\u015bmy, by \u015bw. J\u00f3zef wyjedna\u0142 \u015bwiatu pok\u00f3j a ka\u017cdemu, potrzebne \u0142aski i si\u0142y do wype\u0142niania swoich obowi\u0105zk\u00f3w zawodowych, domowych i rodzinnych.&nbsp;&nbsp;<\/em><\/li>\n\n\n\n<li><strong><\/strong>Przypominamy o Skarbonce na <strong>JA\u0141MU\u017bN\u0118 WIELKOPOSTN\u0104 2024<\/strong>. <em>W ten spos\u00f3b mamy mo\u017cliwo\u015b\u0107 w\u0142\u0105czenia si\u0119 w og\u00f3lnopolsk\u0105 akcj\u0119 charytatywn\u0105<strong>.<\/strong> <\/em><em><\/em><\/li>\n\n\n\n<li><strong><\/strong><strong>Zach\u0119cam wiernych do przekazania 1,5% podatku dla Caritas Polska<\/strong>. Przy Biuletynie znajdziemy ulotki informuj\u0105ce jak to mo\u017cna uczyni\u0107.<\/li>\n\n\n\n<li><strong><\/strong>Mo\u017cna nabywa\u0107 nowy numer <strong>\u201eGo\u015bcia Niedzielnego\u201d<\/strong> z dodatkiem \u201eGo\u015b\u0107 Elbl\u0105ski \u2013 10 z\u0142.<\/li>\n\n\n\n<li>W ostatnim tygodniu odeszli do wieczno\u015bci:<br> \u015bp.&nbsp; Andrzej KACZOROWSKI lat 65 z ul. Brzechwy&nbsp;<br> \u015bp. Barbara STARZY\u0143SKA lat 84 z ul. Broniewskiego<\/li>\n<\/ol>\n\n\n\n<p><br>PROGRAM REKOLEKCJI WIELKOPOSTNYCH 2024<\/p>\n\n\n\n<p>NIEDZIELA 10 MARCA 2024<br>7.40 Godzinki o M\u0119ce Pa\u0144skiej<br>8.00 Msza \u015bw. z nauk\u0105 dla doros\u0142ych<br>10.00 Msza \u015bw. z udzia\u0142em dzieci<br>12.00 Msza \u015bw. z nauk\u0105 dla doros\u0142ych<br>15.00 Msza \u015bw. z nauk\u0105 dla doros\u0142ych<br>ADORACJA NAJ\u015aWI\u0118TSZEGO SAKRAMENTU<br>17.15 Gorzkie \u017bale z kazaniem pasyjnym<br>18.00 Msza \u015bw. z udzia\u0142em m\u0142odzie\u017cy<\/p>\n\n\n\n<p>PONIEDZIA\u0141EK 11 marca 2024 r.<br>WTOREK 12 marca 2024 r.<br>8.00 Msza \u015bw. z nauk\u0105 dla doros\u0142ych<br>9.15 Nauka dla klas IV \u2013 VIII Szko\u0142y Podstawowej<br>11.00 Msza \u015bw. z nauk\u0105 dla doros\u0142ych<br>12.15 Nauka dla klas 0 \u2013 III Szko\u0142y Podstawowej<br>16.00 Spotkanie i nauk\u0105 dla klas IV,V,VI,VII S.P.<br>17.00 Spotkanie i nauka dla dzieci klas 0, I, II, III S.P.<br>18.00 Msza \u015bw. z nauk\u0105 dla doros\u0142ych<br>19.15 Spotkanie i nauka dla m\u0142odzie\u017cy \/ kandydat\u00f3w do Sakr. Bierzmowania<br>20.00 Msza \u015bw. z nauk\u0105 dla doros\u0142ych<\/p>\n\n\n\n<p>\u015aRODA 13 marca 2024 r.<br>8.00 Msza \u015bw. z nauk\u0105 dla doros\u0142ych<br>9.15 Msza \u015bw. z nauk\u0105 dla klas IV -VIII<br>Szko\u0142y Podstawowej<br>11.00 Msza \u015bw. z nauk\u0105 dla doros\u0142ych<br>12.15 Msza \u015bw. z nauk\u0105 dla klas 0, I, II, III<br>Szko\u0142y Podstawowej<br>15.00 Odwiedziny chorych &#8211; zg\u0142oszonych w zakrystii<br>17.00 Adoracja Naj\u015bwi\u0119tszego Sakramentu<br>18.00 Msza \u015bw. z nauk\u0105 dla doros\u0142ych<br>20.00 Msza \u015bw. z nauk\u0105 dla m\u0142odzie\u017cy \/ kandydat\u00f3w do Sakr. Bierzmowania<\/p>\n\n\n\n<p><strong>SPOWIED\u0179 P\u00d3\u0141 GODZINY PRZED KA\u017bD\u0104 MSZ\u0104 \u015aWI\u0118T\u0104.<\/strong><br>ZAPRASZAMY.<\/p>\n\n\n\n<figure class=\"wp-block-image\" id=\"block-5f437b95-503a-4f29-91f7-75b7c74612d1\"><img decoding=\"async\" src=\"http:\/\/rafalk-elblag.pl\/wp-content\/uploads\/2020\/04\/baner-intencje-mszy.jpg\" alt=\"Obrazek posiada pusty atrybut alt; plik o nazwie baner-intencje-mszy.jpg\"\/><\/figure>\n\n\n\n<h1 class=\"wp-block-heading\" id=\"block-ebb85da5-2bf8-44c6-8a18-015b59726bae\">Intencje mszalne 10.03.2024 r.<\/h1>\n\n\n\n<p><strong>PONIEDZIA\u0141EK \/ 11 marca 2024<\/strong> \/ J 4,43-54<br>8.00 \u015bp. Miros\u0142aw Sowi\u0144ski (13 greg.)<br>11.00 Dzi\u0119kczynna z okazji urodzin Alicji Bukojemskiej z pro\u015bb\u0105 o Bo\u017ce b\u0142. i potrzebne \u0142aski w \u017cyciu<br>18.00 Dzi\u0119kczynna z pro\u015bb\u0105 o b\u0142. w 45 rocznic\u0119 urodzin Anety i 50 urodziny Grzegorza<br>20.00 \u015bp. Sylwester Cie\u015bla (w 30 dzie\u0144 po pogrzebie)<\/p>\n\n\n\n<p><strong>WTOREK \/ 12 marca 2024<\/strong> \/ J 5,1-3a.5-16<br>8.00 \u015bp. Miros\u0142aw Sowi\u0144ski (14 greg.)<br>11.00 \u015bp. Wiktor Idzikowski (92 rocznica urodzin)<br>18.00 \u015bp. Irena Kali\u0144ska (w 4 rocznic\u0119 \u015bmierci) oraz zmarli z rodzin Wojtczak\u00f3w: Marian, Waleria i Zbigniew<br>20.00 Za dusze w czy\u015b\u0107cu cierpi\u0105ce<\/p>\n\n\n\n<p><strong>\u015aRODA \/ 13 marca 2024<\/strong> \/ J 5,17-30<br>8.00 \u015bp. Miros\u0142aw Sowi\u0144ski (15 greg.)<br>9.15 W intencji nauczycieli, pracownik\u00f3w i uczni\u00f3w SP 11<br>11.00 \u015bp. W\u0142adys\u0142aw Stolarski i zmarli z rodziny Stolarskich i Jarosz\u00f3w<br>12.15 \u015bp. Wac\u0142aw \u017bendarski (w 27 rocznic\u0119 \u015bmierci) oraz zmarli z rodziny<br>18.00 \u015bp. Kazimierz Standarski (w 5 rocznic\u0119 \u015bmierci)<br>18.00 \u015bp. Krystyna, Tadeusz, Janusz Durma<br>20.00 \u015bp. Stefania i J\u00f3zef Proc<\/p>\n\n\n\n<p><strong>CZWARTEK \/ 14 marca 2024<\/strong> \/ J 5,31-47<br>8.00 \u015bp. Miros\u0142aw Sowi\u0144ski (16 greg.)<br>18.00 \u015bp. Bronis\u0142awa [k] i Stanis\u0142aw Wala, Stanis\u0142awa [k] i J\u00f3zef Osowscy i zmarli z tych rodzin<br>18.00 \u015bp. Stanis\u0142awa [k] Mickiewicz<\/p>\n\n\n\n<p><strong>PI\u0104TEK \/ 15 marca 2024<\/strong> \/ J 7,1-2.10.25-30<br>8.00 Za dusze w czy\u015b\u0107cu cierpi\u0105ce oraz \u015bp. Romana<br>18.00 \u015bp. Miros\u0142aw Sowi\u0144ski ( 17 greg.)<br>18.00 \u015bp. Jerzy Duda, Natalia Duda<\/p>\n\n\n\n<p><strong>SOBOTA \/ 16 marca 2024<\/strong> \/ J 7,40-53<br>8.00 \u015bp. Miros\u0142aw Sowi\u0144ski (18 greg.)<br>18.00 Za osoby nosz\u0105ce Szkaplerz \u015bw. oraz za ca\u0142\u0105 wsp\u00f3lnot\u0119<br>18.00 \u015bp. Jadwiga Andryk (2 rocznica \u015bmierci), J\u00f3zef Andryk<\/p>\n\n\n\n<p><strong>V NIEDZIELA WIELKIEGO POSTU \/ 17 marca 2024<\/strong> \/ J 12,20-33<br>8.00 \u015bp. Regina i Artur Kowalscy<br>10.00 Dzi\u0119kczynna w 76 urodziny Aleksandra, z pro\u015bb\u0105 o Bo\u017ce b\u0142. i potrzebne \u0142aski dla Jubilata<br>12.00 W intencji Parafian<br>15.00 \u015bp. Miros\u0142aw Sowi\u0144ski (19 greg.)<br>18.00 \u015bp. Mariusz Widomski (w 2 rocznic\u0119 \u015bmierci)<\/p>\n","protected":false},"excerpt":{"rendered":"<p>Modlitwa \u2013 czas z Bogiem Jezus r\u00f3wnie\u017c cz\u0119sto szed\u0142 sam na modlitw\u0119, by spotka\u0107 si\u0119 ze Swoim Ojcem, porozmawia\u0107, uzyska\u0107 potrzebne si\u0142y, i \u015bwiat\u0142o na dalsz\u0105 drog\u0119. Modlitwa ta trwa\u0142a nieraz ca\u0142\u0105 noc, jak czytamy w Pi\u015bmie \u015awi\u0119tym (por. \u0141k 6, 12). Z pewno\u015bci\u0105 by\u0142o to spotkanie, gdzie czas nie mia\u0142 wi\u0119kszego znaczenia; bo gdy [&hellip;]<\/p>\n","protected":false},"author":1,"featured_media":5415,"comment_status":"closed","ping_status":"closed","sticky":false,"template":"","format":"standard","meta":{"ngg_post_thumbnail":0,"footnotes":""},"categories":[11,8,4,3],"tags":[],"class_list":["post-5414","post","type-post","status-publish","format-standard","has-post-thumbnail","hentry","category-aktualnosci","category-blog","category-intencje","category-ogloszenia"],"_links":{"self":[{"href":"https:\/\/rafalk-elblag.pl\/index.php?rest_route=\/wp\/v2\/posts\/5414","targetHints":{"allow":["GET"]}}],"collection":[{"href":"https:\/\/rafalk-elblag.pl\/index.php?rest_route=\/wp\/v2\/posts"}],"about":[{"href":"https:\/\/rafalk-elblag.pl\/index.php?rest_route=\/wp\/v2\/types\/post"}],"author":[{"embeddable":true,"href":"https:\/\/rafalk-elblag.pl\/index.php?rest_route=\/wp\/v2\/users\/1"}],"replies":[{"embeddable":true,"href":"https:\/\/rafalk-elblag.pl\/index.php?rest_route=%2Fwp%2Fv2%2Fcomments&post=5414"}],"version-history":[{"count":2,"href":"https:\/\/rafalk-elblag.pl\/index.php?rest_route=\/wp\/v2\/posts\/5414\/revisions"}],"predecessor-version":[{"id":5417,"href":"https:\/\/rafalk-elblag.pl\/index.php?rest_route=\/wp\/v2\/posts\/5414\/revisions\/5417"}],"wp:featuredmedia":[{"embeddable":true,"href":"https:\/\/rafalk-elblag.pl\/index.php?rest_route=\/wp\/v2\/media\/5415"}],"wp:attachment":[{"href":"https:\/\/rafalk-elblag.pl\/index.php?rest_route=%2Fwp%2Fv2%2Fmedia&parent=5414"}],"wp:term":[{"taxonomy":"category","embeddable":true,"href":"https:\/\/rafalk-elblag.pl\/index.php?rest_route=%2Fwp%2Fv2%2Fcategories&post=5414"},{"taxonomy":"post_tag","embeddable":true,"href":"https:\/\/rafalk-elblag.pl\/index.php?rest_route=%2Fwp%2Fv2%2Ftags&post=5414"}],"curies":[{"name":"wp","href":"https:\/\/api.w.org\/{rel}","templated":true}]}}