{"id":5411,"date":"2024-03-03T12:58:14","date_gmt":"2024-03-03T12:58:14","guid":{"rendered":"http:\/\/rafalk-elblag.pl\/?p=5411"},"modified":"2024-03-03T12:58:14","modified_gmt":"2024-03-03T12:58:14","slug":"03-03-2024-r-iii-niedziela-wielkiego-postu","status":"publish","type":"post","link":"https:\/\/rafalk-elblag.pl\/?p=5411","title":{"rendered":"03.03.2024 r., III Niedziela Wielkiego Postu"},"content":{"rendered":"\n<h2 class=\"wp-block-heading\" id=\"block-de4dbcd2-5192-419e-9a16-24c75cd43305\">Znaczenie postu<\/h2>\n\n\n\n<p>Je\u017celi chodzi o sam post, to by\u0142 on ju\u017c praktykowany w&nbsp;Starym Testamencie. Po\u015bci\u0142 Moj\u017cesz na G\u00f3rze Synaj czy kr\u00f3l Dawid.<\/p>\n\n\n\n<p>Pan Jezus, chocia\u017c zakwestionowa\u0142 wiele praktyk Starego Prawa, sam po\u015bci\u0142 przez 40 dni na pustyni. Swoim uczniom zaleca post, zastrzega jedynie, by poszcz\u0105c, nie byli jak ob\u0142udnicy, to znaczy, by nie oczekiwali nagrody od ludzi za swoje umartwienia. Ciekawe jest, \u017ce nawet <strong>zwyci\u0119stwo nad szatanem Chrystus uzale\u017cnia od postu.<\/strong><\/p>\n\n\n\n<p>O&nbsp;ile jeszcze rozumiemy, dlaczego przez modlitw\u0119, to trudne mo\u017ce by\u0107 zrozumienie, dlaczego szatan w&nbsp;spos\u00f3b szczeg\u00f3lny boi si\u0119 akurat postu. Aby sobie na to pytanie odpowiedzie\u0107, musimy zastanowi\u0107 si\u0119, czym w\u0142a\u015bciwie jest post? Czy chodzi tylko o&nbsp;zmian\u0119 pokarmu, kt\u00f3rym mo\u017cna si\u0119 objada\u0107 do woli, tyle \u017ce zamiast np. wo\u0142owiny spo\u017cywamy \u0142ososia? Czy oznacza to, \u017ce ograniczamy nasz jad\u0142ospis o&nbsp;jeden posi\u0142ek, bo nam przybywa kilogram\u00f3w i&nbsp;post jest dobr\u0105 okazj\u0105, by rozpocz\u0105\u0107 zdrowe od\u017cywianie si\u0119? Mo\u017cemy mie\u0107 pewno\u015b\u0107, \u017ce m\u00f3wi\u0105c o&nbsp;po\u015bcie, Zbawiciel nie mia\u0142 na my\u015bli \u017cadnego z&nbsp;takich sposob\u00f3w \u201eposzczenia\u201d.<\/p>\n\n\n\n<p>Chrystus po\u015bci\u0142 w&nbsp;spos\u00f3b radykalny \u2013 przez 40 dni nic nie jad\u0142. Podobnie mieszka\u0144cy Niniwy, o&nbsp;kt\u00f3rych pisze ksi\u0119ga Jonasza, oblekli si\u0119 w&nbsp;wory pokutne i&nbsp;r\u00f3wnie\u017c nic nie spo\u017cywali. Pismo \u015awi\u0119te chce nam powiedzie\u0107, \u017ce post nie mo\u017ce by\u0107 dodatkiem do \u017cycia.<\/p>\n\n\n\n<p>Post ma bole\u0107! Mamy czu\u0107, \u017ce cierpi w&nbsp;nas stary cz\u0142owiek, cierpi nasz egoizm, kt\u00f3ry ka\u017ce nam schlebia\u0107 zachciankom. I&nbsp;dopiero, kiedy post naprawd\u0119 boli, po jakim\u015b czasie zaczynamy wchodzi\u0107 \u201ew&nbsp;g\u0142\u0105b siebie\u201d, zastanawia\u0107 si\u0119 nad naszym \u017cyciem, nad jego celem.<\/p>\n\n\n\n<p>Stare przys\u0142owie z&nbsp;czas\u00f3w, kiedy jeszcze w&nbsp;liceach uczono \u0142aciny, m\u00f3wi:&nbsp;<em>Plenus venter non studet libenter<\/em>&nbsp;(w&nbsp;wolnym t\u0142umaczeniu:&nbsp;<em>pe\u0142ny brzuch nie przepada za nauk\u0105<\/em>). Tym bardziej nie przepada za modlitw\u0105. Dobrze to oddaje prefacja wielkopostna:&nbsp;<em>Ty przez post cielesny u\u015bmierzasz wady, podnosisz ducha, udzielasz cnoty i&nbsp;nagrody\u2026<\/em><\/p>\n\n\n\n<p>Jak widzimy, korzy\u015bci postu s\u0105 nie do przecenienia, pod warunkiem, \u017ce jest to post prawdziwy, a&nbsp;wi\u0119c taki, kt\u00f3ry jest przykry dla naszego cia\u0142a, zepsutego przez egoizm i&nbsp;wygodnictwo.<\/p>\n\n\n\n<p>Doda\u0107 nale\u017cy, \u017ce post chrze\u015bcija\u0144ski jest do poj\u0119cia tylko w&nbsp;po\u0142\u0105czeniu z&nbsp;modlitw\u0105. <strong>Kiedy po\u015bcimy, w&nbsp;naszym umy\u015ble wytwarza si\u0119 jakby wi\u0119cej miejsca, nasze my\u015bli staj\u0105 si\u0119 coraz bardziej szlachetne, uduchowione, nastawione na kontakt z&nbsp;Bogiem.<\/strong> <strong>\u015awi\u0119ci, kt\u00f3rzy potrafili modli\u0107 si\u0119 godzinami wpatrzeni w&nbsp;tabernakulum, jak \u015bw. Jan Vianney czy \u015bw. Charbel, byli lud\u017ami praktykuj\u0105cymi posty w&nbsp;spos\u00f3b radykalny.<\/strong><\/p>\n\n\n\n<p><strong>Mo\u017cna powiedzie\u0107, \u017ce modlitwa i&nbsp;post wzajemnie si\u0119 wspieraj\u0105. Zatem je\u017celi twoja modlitwa jest nijaka, spr\u00f3buj wyrzeczenia, postu.<\/strong> Wa\u017cne, \u017ce mam poczu\u0107 g\u0142\u00f3d. To jest post. Wtedy i&nbsp;my\u015bli b\u0119d\u0105 bardziej szlachetne i&nbsp;wola bardziej oddana Bogu, a&nbsp;modlitwa b\u0119dzie uzupe\u0142nia\u0107 braki, kt\u00f3re odczuwamy, wyrzek\u0142szy si\u0119 ulubionych potraw.<\/p>\n\n\n\n<p>Zreszt\u0105, post dotyczy nie tylko jedzenia. Mo\u017cna po\u015bci\u0107 od muzyki lub internetu, przynajmniej na jaki\u015b czas. Wtedy to my mamy w\u0142adz\u0119 nad tymi rzeczami, a&nbsp;nie one nad nami. <strong>Post jest gwarancj\u0105 naszej wolno\u015bci. Je\u017celi czego\u015b nie potrafi\u0119 sobie odm\u00f3wi\u0107, to na sto procent jestem uzale\u017cniony od tego czego\u015b.<\/strong> <strong>A&nbsp;cz\u0142owiek uzale\u017cniony nie mo\u017ce mie\u0107 w\u0142adzy nad szatanem, bo ka\u017cde uzale\u017cnienie os\u0142abia nasze si\u0142y duchowe.<\/strong>&nbsp;<\/p>\n\n\n\n<p>Zastan\u00f3w si\u0119 bracie, siostro, bez czego nie mo\u017cesz si\u0119 obej\u015b\u0107, cho\u0107 to do \u017cycia nie jest konieczne i&nbsp;uderz w\u0142a\u015bnie w ten punkt. B\u0119dzie bola\u0142o, ale potem przyjdzie uczucie uwolnienia, swobody ducha i wype\u0142nienia siebie obecno\u015bci\u0105 samego Stw\u00f3rcy przez modlitw\u0119. Wtedy nic nie b\u0119dzie dla Ciebie niemo\u017cliwe, a&nbsp;Twoja modlitwa b\u0119dzie mia\u0142a moc wyrzucania z\u0142ych duch\u00f3w, bo one najbardziej si\u0119 boj\u0105 b\u0142agania wspartego postem. Postem takim, na jaki Ci\u0119 w&nbsp;danej chwili sta\u0107. Ale pami\u0119taj \u2013 post musi bole\u0107! Zdzieramy przecie\u017c z&nbsp;nas starego cz\u0142owieka, by si\u0119 przyoblec w&nbsp;nowego, wed\u0142ug pragnie\u0144 Chrystusa Pana.<em><\/em><\/p>\n\n\n\n<figure class=\"wp-block-image\" id=\"block-11bfdc70-3a14-4d5e-94a4-c45b2bb4a6cf\"><a href=\"http:\/\/rafalk-elblag.pl\/wp-content\/uploads\/2021\/08\/ogloszenia-parafialne-baner-01a.jpg\"><img decoding=\"async\" src=\"http:\/\/rafalk-elblag.pl\/wp-content\/uploads\/2021\/08\/ogloszenia-parafialne-baner-01a.jpg\" alt=\"Obrazek posiada pusty atrybut alt; plik o nazwie ogloszenia-parafialne-baner-01a.jpg\"\/><\/a><\/figure>\n\n\n\n<h1 class=\"wp-block-heading\" id=\"block-6d42405b-4ab7-4d06-b960-74c4b8e7c4ea\">Og\u0142oszenia parafialne 03.03.2024 r.<\/h1>\n\n\n\n<ol class=\"wp-block-list\" id=\"block-6e7fc4b7-d0ca-43b6-88f8-3d31ed4b7c9b\">\n<li><strong>Zapraszamy <\/strong>w ka\u017cd\u0105 Niedziel\u0119 WIELKIEGO POSTU<strong> na Adoracj\u0119 Naj\u015bwi\u0119tszego Sakramentu od godz. 16:00 do godz. 17:15<\/strong>. Masz mo\u017cliwo\u015b\u0107 spotkania si\u0119 z Jezusem\u00a0w ciszy.<strong> PRZYJD\u0179 !!!<\/strong><\/li>\n\n\n\n<li><strong><\/strong>Ofiary sk\u0142adane dzisiaj na tac\u0119 przeznaczone s\u0105 na uregulowanie rachunku za wykonane prace w ko\u015bciele (malowanie). <em>Dzi\u0119kuj\u0119 za zrozumienie i z\u0142o\u017cone ofiary.<\/em><\/li>\n\n\n\n<li>W Wielkim Po\u015bcie w ka\u017cd\u0105 niedziel\u0119 zapraszamy <strong>\u00a0na \u015bpiewanie GODZINEK KU CZCI M\u0118KI PA\u0143SKIEJ o godz. 7:40 oraz na GORZKIE \u017bALE z kazaniem pasyjnym\u00a0o godz. 17:15.\u00a0 Natomiast w pi\u0105tki zapraszamy na DROG\u0118 KRZY\u017bOW\u0104:<\/strong> <em>godz. 16:30 dla dzieci; godz. 17:15 dla doros\u0142ych i\u00a0 m\u0142odzie\u017cy.<\/em> <\/li>\n\n\n\n<li><strong><\/strong>Przypominamy o Skarbonce na <strong>JA\u0141MU\u017bN\u0118 WIELKOPOSTN\u0104 2024<\/strong>. <em>W ten spos\u00f3b mamy mo\u017cliwo\u015b\u0107 w\u0142\u0105czenia si\u0119 w og\u00f3lnopolsk\u0105 akcj\u0119 charytatywn\u0105<strong>.<\/strong> <\/em><em><\/em><\/li>\n\n\n\n<li>W tym tygodniu 7 marca br. przypada <strong>PIERWSZY CZWARTEK <\/strong>miesi\u0105ca zapraszamy do wsp\u00f3lnej modlitwy o nowe powo\u0142ania kap\u0142a\u0144skie i zakonne.<strong> Msza \u015bw. o godz. 18:00. ,,Godzina \u015awi\u0119ta\u201d<\/strong> czyli ADORACJA przed Naj\u015bwi\u0119tszym Sakramentem po Mszy \u015bw.<\/li>\n\n\n\n<li><strong><\/strong><strong>Z okazji Dnia Kobiet<\/strong> wszystkim paniom sk\u0142adamy najserdeczniejsze \u017cyczenia wielu \u0142ask Bo\u017cych oraz opieki Matki Naj\u015bwi\u0119tszej. <em>Niech ten dzie\u0144 b\u0119dzie wyrazem wdzi\u0119czno\u015bci za wielk\u0105 mi\u0142o\u015b\u0107 i dobro\u0107, jak\u0105 wnosz\u0105 w nasze rodziny niewiasty.<\/em><\/li>\n\n\n\n<li><strong>Za tydzie\u0144 10 marca br. rozpoczniemy nasze tegoroczne Rekolekcje Wielkopostne dla wszystkich parafian..<\/strong> Poprowadzi je ks. Przemys\u0142aw SAWA z osobami, kt\u00f3re wspiera\u0142y Go w czasie ubieg\u0142orocznych Misji Parafialnych. <em>Uczy\u0144my wszystko, aby wzi\u0105\u0107 w nich udzia\u0142. Pro\u015bmy o potrzebne dary Ducha \u015awi\u0119tego dla os\u00f3b prowadz\u0105cych i dla nas, by\u015bmy byli otwarci na g\u0142oszone S\u0142owo. <\/em>Informujemy, \u017ce w poniedzia\u0142ek, wtorek i w \u015brod\u0119 Msze \u015awi\u0119te z naukami dla doros\u0142ych o<strong> godz. 8:00, 11:00, 18:00, 20:00.<\/strong><\/li>\n\n\n\n<li>Zach\u0119camy do wyjazdu 23 marca br. (sobota)<strong> o godz. 6:00 <\/strong>do<strong> G\u00d3RKI KLASZTORNEJ<\/strong> na<strong> MISTERIUM M\u0118KI PA\u0143SKIEJ.\u00a0 Koszt 100 z\u0142. <\/strong><em>(autokar i ubezpieczenie).<\/em> <em>Zapisy i wi\u0119cej informacji u ks. Mateusza.<\/em><\/li>\n\n\n\n<li><strong><em>Przypominamy o zapisach na\u00a0 pielgrzymk\u0119 parafialn\u0105 w dniach 26 \u2013 29 kwietnia 2024.\u00a0\u00a0\u00a0\u00a0\u00a0\u00a0\u00a0\u00a0\u00a0\u00a0\u00a0\u00a0\u00a0\u00a0 <\/em><\/strong><em>Nawiedzimy: \u015aWI\u0104TYNI\u0118 OPATRZNOO\u015aCI BO\u017bEJ w Warszawie, Niepokalan\u00f3w, SANKTUARIUM NMP GWIAZDY NOWEJ EWANGELIZACJI I \u015aW. JANA PAW\u0141A II W TORUNIU\u00a0 oraz inne szczeg\u00f3lne pi\u0119kne miejsca.<\/em> <strong>Koszt wynosi 720 z\u0142<\/strong><em>. (w tym: autokar, ubezpieczenie, noclegi, cz\u0119\u015bciowe wy\u017cywienie, przewodnicy). Zapraszamy.<\/em><\/li>\n\n\n\n<li>Parafia \u015bw. Brata Alberta w Elbl\u0105gu z okazji <strong>JUBILEUSZU 40\u2013LECIA<\/strong> erygowania organizuje pielgrzymk\u0119 samolotow\u0105 do <strong>sanktuarium \u015bw. Brata Alberta<\/strong> w Krakowie, w terminie <strong>2 \u2013 6 kwietnia br<\/strong>. W programie m.in. zwiedzanie Krakowa z przewodnikiem, klasztor Benedyktyn\u00f3w w Ty\u0144cu, sanktuarium Mi\u0142osierdzia Bo\u017cego i centrum \u015bw. Jana Paw\u0142a II oraz pustelnia Brata Alberta w Zakopanem \u2013 Kalat\u00f3wki i sanktuarium Fatimskie na Krzept\u00f3wkach. <strong>Koszt 1.500 PLN.<\/strong> <em>Tel. kontaktowy: 510\u00a0550\u00a0122.<\/em><\/li>\n\n\n\n<li><strong><\/strong><strong>Zach\u0119cam wiernych do przekazania 1,5% podatku dla Caritas Polska<\/strong>. Przy Biuletynie znajdziemy ulotki informuj\u0105ce jak to mo\u017cna uczyni\u0107.<\/li>\n\n\n\n<li><strong><\/strong>Mo\u017cna nabywa\u0107 nowy numer <strong>\u201eGo\u015bcia Niedzielnego\u201d<\/strong> z dodatkiem \u201eGo\u015b\u0107 Elbl\u0105ski \u2013 10 z\u0142. Zach\u0119cam do nabycia drugiego numeru nowego dwumiesi\u0119cznika <strong>\u201eHISTORIA KO\u015aCIO\u0141A\u201d, <\/strong>tym razem temat celibat w ko\u015bciele. Cena 12 z\u0142. Warto si\u0119gn\u0105\u0107, bo znajdziemy wiele ciekawych artyku\u0142\u00f3w zwi\u0105zanych z powy\u017cszym tematem.<\/li>\n\n\n\n<li><strong><\/strong>W sobot\u0119 9 marca br. w naszym ko\u015bciele od godz. 15:30 odb\u0119dzie si\u0119 Rejonowy Wiekopostny Dzie\u0144 Wsp\u00f3lnoty Domowego Ko\u015bcio\u0142a, kt\u00f3ry zako\u0144czy si\u0119 Eucharysti\u0105 o godz. 18:00 Serdecznie zapraszamy.<\/li>\n\n\n\n<li>W ostatnim tygodniu odeszli do wieczno\u015bci: \u015bp. Jan LIS lat 67 z ul. Leszczy\u0144skiego, <br>                                                                       \u015bp. Stanis\u0142aw MI\u0104ZEK lat 87 z ul. Korczaka.<\/li>\n<\/ol>\n\n\n\n<p id=\"block-4638f52d-8513-45c7-9be1-dbf7d4ea2166\">\ufeff<\/p>\n\n\n\n<figure class=\"wp-block-image\" id=\"block-5f437b95-503a-4f29-91f7-75b7c74612d1\"><img decoding=\"async\" src=\"http:\/\/rafalk-elblag.pl\/wp-content\/uploads\/2020\/04\/baner-intencje-mszy.jpg\" alt=\"Obrazek posiada pusty atrybut alt; plik o nazwie baner-intencje-mszy.jpg\"\/><\/figure>\n\n\n\n<h1 class=\"wp-block-heading\" id=\"block-ebb85da5-2bf8-44c6-8a18-015b59726bae\">Intencje mszalne 03.03.2024 r.<\/h1>\n\n\n\n<p><strong>PONIEDZIA\u0141EK \/ 4 marca 2024 \/ \u015bw. Kazimierza<\/strong> \/ J 15,7-19<br>8.00 \u015bp. Miros\u0142aw Sowi\u0144ski (6 greg.)<br>18.00 Dzi\u0119kczynna z okazji 90 urodzin Urszuli Pietrzak, z pro\u015bb\u0105 o Bo\u017ce b\u0142., opiek\u0119 Matki Bo\u017cej Szkaplerznej dla Jubilatki<br>18.00 \u015bp. rodzice: Halina i Zdzis\u0142aw Urba\u0144scy<\/p>\n\n\n\n<p><strong>WTOREK \/ 5 marca 2024 <\/strong>\/ Mt 18,21-35<br>8.00 \u015bp. Miros\u0142aw Sowi\u0144ski (7 greg.)<br>18.00 \u015bp. Stanis\u0142awa [k] Mochol (w 3 miesi\u0105ce po \u015bmierci)<br>18.00 \u015bp. Feliksa [k] i Franciszek Guzierowicz, Jadwiga i Kazimierz Guzierowicz, Zofia i Jadwiga<\/p>\n\n\n\n<p><strong>\u015aRODA \/ 6 marca 2024 <\/strong>\/ Mt 5,17-19<br>8.00 \u015bp. Miros\u0142aw Sowi\u0144ski (8 greg.)<br>18.00 \u015bp. J\u00f3zef Druszkowski (w 26 rocznic\u0119 \u015bmierci)<br>18.00 \u015bp. Alfred Dolny<\/p>\n\n\n\n<p><strong>CZWARTEK \/ 7 marca 2024 \/<\/strong> I czwartek miesi\u0105ca \/ \u0141k 11,14-23<br>8.00 \u015bp. Miros\u0142aw Sowi\u0144ski (9 greg.)<br>18.00 Dzi\u0119kczynna w 13 urodziny Wiktorii, w 50 urodziny Artura, z pro\u015bb\u0105 o zdrowie i b\u0142. Bo\u017ce dla ca\u0142ej rodziny Karpowicz<br>18.00 W intencji powo\u0142a\u0144 kap\u0142a\u0144skich, zakonnych i misyjnych z naszej parafii<\/p>\n\n\n\n<p><strong>PI\u0104TEK \/ 8 marca 2024 <\/strong>\/ Mt 12,28b-34<br>8.00 \u015bp. Miros\u0142aw Sowi\u0144ski (10 greg.)<br>18.00 \u015bp. Waldemar, Robert, Henryk<br>18.00 \u015bp. Longina [k] Kondracka (w 20 rocznic\u0119 \u015bmierci) i zmarli z rodziny Zdrojewskich, Zaczkowskich<\/p>\n\n\n\n<p><strong>SOBOTA \/ 9 marca 2024<\/strong> \/ \u0141k 18,9-14<br>8.00 Dzi\u0119kczynna za 70 lat \u017cycia, z pro\u015bb\u0105 o dary Ducha \u015awi\u0119tego, b\u0142. Bo\u017ce, opiek\u0119 Matki Bo\u017cej Szkaplerznej na dalsze lata \u017cycia<br>18.00 O Bo\u017ce b\u0142. dla wnucz\u0105t Kai i Wojciecha<br>18.00 \u015bp. Miros\u0142aw Sowi\u0144ski (11 greg.)<\/p>\n\n\n\n<p><strong>IV NIEDZIELA WIELKIEGO POSTU \/ 10 marca 2024<\/strong> \/ J 3,14-21<br>8.00 \u015bp. Bronis\u0142aw Janicki (w 23 rocznic\u0119 \u015bmierci), Wiktoria Janicka, Wiktoria, Jan i Helena z rodziny Szcz\u0119snych, Marta, Antoni, J\u00f3zef, Tomasz z rodziny Janickich, Hermenegilda Molga<br>10.00 O dar m\u0105dro\u015bci i roztropno\u015bci w codzienno\u015bci dla Nikodema i jego rodziny, Agnieszki i ca\u0142ej rodziny zakonnej oraz Magdaleny i jej rodziny<br>12.00 W intencji Rekolekcji Wielkopostnych w naszej parafii<br>15.00 \u015bp. Janusz Jarosi\u0144ski (intencja od Kr\u0119gu Domowego Ko\u015bcio\u0142a i przyjaci\u00f3\u0142)<br>15.00 \u015bp. Jan Chojnicki (w 6 miesi\u0105c po pogrzebie), Janina Godos (w 26 rocznic\u0119 \u015bmierci), Marian Godos<br>18.00 \u015bp. Miros\u0142aw Sowi\u0144ski (12 greg.)<\/p>\n","protected":false},"excerpt":{"rendered":"<p>Znaczenie postu Je\u017celi chodzi o sam post, to by\u0142 on ju\u017c praktykowany w&nbsp;Starym Testamencie. Po\u015bci\u0142 Moj\u017cesz na G\u00f3rze Synaj czy kr\u00f3l Dawid. Pan Jezus, chocia\u017c zakwestionowa\u0142 wiele praktyk Starego Prawa, sam po\u015bci\u0142 przez 40 dni na pustyni. Swoim uczniom zaleca post, zastrzega jedynie, by poszcz\u0105c, nie byli jak ob\u0142udnicy, to znaczy, by nie oczekiwali nagrody [&hellip;]<\/p>\n","protected":false},"author":1,"featured_media":5412,"comment_status":"closed","ping_status":"closed","sticky":false,"template":"","format":"standard","meta":{"ngg_post_thumbnail":0,"footnotes":""},"categories":[11,8,4,3],"tags":[],"class_list":["post-5411","post","type-post","status-publish","format-standard","has-post-thumbnail","hentry","category-aktualnosci","category-blog","category-intencje","category-ogloszenia"],"_links":{"self":[{"href":"https:\/\/rafalk-elblag.pl\/index.php?rest_route=\/wp\/v2\/posts\/5411","targetHints":{"allow":["GET"]}}],"collection":[{"href":"https:\/\/rafalk-elblag.pl\/index.php?rest_route=\/wp\/v2\/posts"}],"about":[{"href":"https:\/\/rafalk-elblag.pl\/index.php?rest_route=\/wp\/v2\/types\/post"}],"author":[{"embeddable":true,"href":"https:\/\/rafalk-elblag.pl\/index.php?rest_route=\/wp\/v2\/users\/1"}],"replies":[{"embeddable":true,"href":"https:\/\/rafalk-elblag.pl\/index.php?rest_route=%2Fwp%2Fv2%2Fcomments&post=5411"}],"version-history":[{"count":1,"href":"https:\/\/rafalk-elblag.pl\/index.php?rest_route=\/wp\/v2\/posts\/5411\/revisions"}],"predecessor-version":[{"id":5413,"href":"https:\/\/rafalk-elblag.pl\/index.php?rest_route=\/wp\/v2\/posts\/5411\/revisions\/5413"}],"wp:featuredmedia":[{"embeddable":true,"href":"https:\/\/rafalk-elblag.pl\/index.php?rest_route=\/wp\/v2\/media\/5412"}],"wp:attachment":[{"href":"https:\/\/rafalk-elblag.pl\/index.php?rest_route=%2Fwp%2Fv2%2Fmedia&parent=5411"}],"wp:term":[{"taxonomy":"category","embeddable":true,"href":"https:\/\/rafalk-elblag.pl\/index.php?rest_route=%2Fwp%2Fv2%2Fcategories&post=5411"},{"taxonomy":"post_tag","embeddable":true,"href":"https:\/\/rafalk-elblag.pl\/index.php?rest_route=%2Fwp%2Fv2%2Ftags&post=5411"}],"curies":[{"name":"wp","href":"https:\/\/api.w.org\/{rel}","templated":true}]}}