{"id":5407,"date":"2024-02-24T19:19:21","date_gmt":"2024-02-24T19:19:21","guid":{"rendered":"http:\/\/rafalk-elblag.pl\/?p=5407"},"modified":"2024-02-24T19:19:21","modified_gmt":"2024-02-24T19:19:21","slug":"25-02-2024-r-ii-niedziela-wielkiego-postu","status":"publish","type":"post","link":"https:\/\/rafalk-elblag.pl\/?p=5407","title":{"rendered":"25.02.2024 r., II Niedziela Wielkiego Postu"},"content":{"rendered":"\n<h2 class=\"wp-block-heading\" id=\"block-de4dbcd2-5192-419e-9a16-24c75cd43305\"><strong>Rozwa\u017canie M\u0119ki Pa\u0144skiej<\/strong><\/h2>\n\n\n\n<p>Prze\u017cywamy Wielki Post &#8211; czas, w&nbsp;kt\u00f3rym staramy si\u0119 wnikn\u0105\u0107 g\u0142\u0119biej w&nbsp;tajemnic\u0119 Bo\u017cej Mi\u0142o\u015bci. Objawia nam si\u0119 ona najwyra\u017aniej w&nbsp;M\u0119ce naszego Zbawiciela. Pan Jezus podj\u0105\u0142 wszystkie cierpienia za nas, by nas uwolni\u0107 od kary piek\u0142a i&nbsp;otworzy\u0107 nam niebo. <strong>St\u0105d wdzi\u0119czno\u015b\u0107 wzgl\u0119dem Zbawiciela pobudza nas do rozwa\u017cania Jego M\u0119ki. Chcemy w&nbsp;ten spos\u00f3b towarzyszy\u0107 Chrystusowi Panu w&nbsp;najtrudniejszych momentach Jego \u017cycia, w&nbsp;Jego M\u0119ce i&nbsp;\u015amierci, aby nasza dusza rozpala\u0142a si\u0119 mi\u0142o\u015bci\u0105 do Zbawiciela, a&nbsp;przez to by\u0142a raczej gotowa ponie\u015b\u0107 \u015bmier\u0107, ni\u017c obrazi\u0107 Boga.<\/strong><\/p>\n\n\n\n<p>Ko\u015bci\u00f3\u0142 pomaga nam rozwa\u017ca\u0107 M\u0119k\u0119 Pa\u0144sk\u0105 przez swoj\u0105 liturgi\u0119, szczeg\u00f3lnie w&nbsp;czasie Wielkiego Tygodnia. Czyni to tak\u017ce przez sprawdzone, a&nbsp;dla duszy naszej bardzo po\u017cyteczne nabo\u017ce\u0144stwa, jak Droga Krzy\u017cowa i&nbsp;Gorzkie \u017bale. R\u00f3wnie\u017c nasze polskie pie\u015bni wielkopostne bardzo dok\u0142adnie opisuj\u0105 M\u0119k\u0119 Zbawiciela i&nbsp;pobudzaj\u0105 nas do \u017calu za grzechy i&nbsp;poprawy naszego \u017cycia.<\/p>\n\n\n\n<p>Wielkopostne rozmy\u015blanie o&nbsp;M\u0119ce Pa\u0144skiej &#8211; wielu mo\u017ce to s\u0142owo zniech\u0119ci\u0107, bowiem uwa\u017caj\u0105, \u017ce jakie\u015b rozmy\u015blania dobre s\u0105 dla zakonnic i&nbsp;zakonnik\u00f3w, a&nbsp;nie dla ludzi \u017cyj\u0105cych w&nbsp;\u015bwiecie. Ot\u00f3\u017c rozmy\u015blanie jest bardzo dobrym sposobem modlitwy dla wszystkich. <strong>Nie tylko rozmawiamy podczas niej z&nbsp;Bogiem, ale nadto nasza dusza, rozum i&nbsp;wola zapalaj\u0105 si\u0119 \u015bwi\u0119tymi uczuciami, postanowieniami, co pozwala nam na opanowanie naszych pragnie\u0144 i&nbsp;skierowanie ich ku Bogu. <\/strong>Z&nbsp;biegiem czasu tak si\u0119 zaprzyja\u017animy z&nbsp;Bogiem, \u017ce sami b\u0119dziemy pragn\u0119li tej modlitwy, gdy\u017c stanie si\u0119 ona naszym codziennym pokarmem w drodze ku Zbawieniu.<\/p>\n\n\n\n<p>Ko\u015bci\u00f3\u0142 w&nbsp;swej historii wyda\u0142 wielu mistrz\u00f3w modlitwy. Do najwi\u0119kszych z&nbsp;nich nale\u017cy \u015bw. Teresa z&nbsp;Avila, reformatorka i&nbsp;odnowicielka Karmelu. Wed\u0142ug niej rozmy\u015blanie to bardzo prosta rzecz. Zaczyna\u0107 nale\u017cy bardzo powoli i&nbsp;cierpliwie:&nbsp;<strong><em>Aby\u015bcie \u0142atwo mog\u0142y si\u0119 przyzwyczai\u0107 do tego \u0107wiczenia, znajd\u017acie wizerunek Pana, kt\u00f3ry wam odpowiada i rozmawiajcie z&nbsp;Nim w&nbsp;tym wizerunku<\/em><\/strong>&nbsp;(Droga doskona\u0142o\u015bci., par. 136). To na pocz\u0105tek wystarczy, bo przecie\u017c modlitwa to w\u0142a\u015bnie rozmowa, kt\u00f3r\u0105 my cz\u0119sto mylimy z&nbsp;monologiem naszym. Mo\u017cemy zatem przeczyta\u0107 fragment o&nbsp;M\u0119ce Pana Jezusa ze dwa lub trzy razy, skupi\u0107 si\u0119, potem &#8222;uruchomi\u0107&#8221; nasz\u0105 wyobra\u017ani\u0119, nasze serce i&nbsp;m\u00f3wi\u0107 do Pana Jezusa, co nam to serce b\u0119dzie dyktowa\u0107. Na pocz\u0105tku mo\u017cemy si\u0119 pos\u0142u\u017cy\u0107 obrazem &#8211; krzy\u017cem. Potem wyobrazimy sobie Pana Jezusa w&nbsp;Ogr\u00f3jcu, przy s\u0142upie czy nios\u0105cego krzy\u017c, w&nbsp;zale\u017cno\u015bci czego b\u0119dzie dotyczy\u0142 przeczytany przez nas fragment. Mo\u017cemy wtedy wyrazi\u0107 Panu Jezusowi nasze wsp\u00f3\u0142czucie, towarzyszy\u0107 Mu w&nbsp;tych chwilach opuszczenia i&nbsp;smutku. Potem mo\u017cemy rozmawia\u0107 z&nbsp;Nim o&nbsp;tym, co nas bardzo smuci i&nbsp;boli, czego si\u0119 boimy, mo\u017cemy m\u00f3wi\u0107 Mu o&nbsp;naszym krzy\u017cu. To jest r\u00f3wnie\u017c czas, by prosi\u0107 o&nbsp;\u0142aski dla nas i&nbsp;dla naszych bliskich. Udr\u0119czony Zbawiciel kocha nas nad \u017cycie, dlatego \u017cadnego dobrego daru nam nie odm\u00f3wi.<\/p>\n\n\n\n<p>Wreszcie przychodzi czas, \u017ceby sobie przypomnie\u0107, \u017ce Pan Jezus za moje grzechy tak cierpi. Mo\u017ce przypomn\u0119&nbsp;sobie wtedy jaki\u015b szczeg\u00f3lny grzech,&nbsp;kt\u00f3rego, mimo tylu spowiedzi, nie chc\u0119 lub nie mog\u0119 si\u0119 pozby\u0107. U&nbsp;st\u00f3p cierpi\u0105cego Chrystusa trzeba koniecznie postanowi\u0107, \u017ce zrywamy z&nbsp;grzechami, kt\u00f3re tak strasznie Go poni\u017cy\u0142y i&nbsp;um\u0119czy\u0142y. Pro\u015bmy Pana Jezusa, by nam pom\u00f3g\u0142 znienawidzi\u0107 nasze wady, bo to jedyna droga, by si\u0119 z&nbsp;Nim zaprzyja\u017ani\u0107. Nie mo\u017cna by\u0107 jednocze\u015bnie przyjacielem Pana Boga i&nbsp;szatana. Dlatego trzeba koniecznie postanowi\u0107: zerwanie z&nbsp;grzechami ci\u0119\u017ckimi oraz prac\u0119 nad sob\u0105, by r\u00f3wnie\u017c pozbywa\u0107 si\u0119 grzech\u00f3w powszednich. Na koniec wzbud\u017amy w&nbsp;sobie akt gor\u0105cej mi\u0142o\u015bci do Zbawiciela, kt\u00f3ry nas ukocha\u0142 wi\u0119cej ni\u017c swoje \u017cycie. Pro\u015bmy Go, by\u015bmy nigdy si\u0119 Go ju\u017c przez grzech nie wyparli, by\u015bmy wytrwali w&nbsp;dobru. Zako\u0144czmy nasze rozwa\u017canie ofiarowaniem Panu Jezusowi naszego \u017cycia, cierpie\u0144, rado\u015bci, wszystkiego, co prze\u017cywamy. Pro\u015bmy Go, by rany swoje odcisn\u0105\u0142 w&nbsp;naszych duszach, a&nbsp;przez to umocni\u0142 nasz\u0105 mi\u0142o\u015b\u0107 i&nbsp;przyja\u017a\u0144 z&nbsp;Nim.<\/p>\n\n\n\n<p>Do rozwa\u017cania swojej m\u0119ki zach\u0119ca\u0142 sam Chrystus m. in. w objawieniach \u015bw. Faustynie Kowalskiej:<\/p>\n\n\n\n<p><strong>\u201eMa\u0142o jest dusz, kt\u00f3re rozwa\u017caj\u0105 m\u0119k\u0119 Moj\u0105 z prawdziwym uczuciem;\u00a0najwi\u0119cej \u0142ask udzielam duszom, kt\u00f3re pobo\u017cnie rozwa\u017caj\u0105 m\u0119k\u0119 Moj\u0105\u201d<\/strong> (Dz 737). \u201eJedna godzina rozwa\u017cania Mojej bolesnej M\u0119ki, wi\u0119ksz\u0105 zas\u0142ug\u0119 ma, ani\u017celi ca\u0142y rok biczowania si\u0119 a\u017c do krwi; rozwa\u017canie Moich bolesnych Ran jest dla ciebie z wielkim po\u017cytkiem, a Mnie sprawia wielk\u0105 rado\u015b\u0107\u201d (Dz 369).\u00a0\u015aw. Faustyna pisze: \u201eJezus mi powiedzia\u0142, ze najwi\u0119cej Mu si\u0119 przypodobam przez rozwa\u017canie Jego Bolesnej M\u0119ki i przez to rozwa\u017canie wiele \u015bwiat\u0142a sp\u0142ywa na dusz\u0119 moj\u0105.\u00a0Kto chce si\u0119 nauczy\u0107 prawdziwej pokory, niech rozwa\u017ca M\u0119k\u0119 Jezusa.\u00a0Kiedy rozwa\u017cam M\u0119k\u0119 Jezusa, to mi przychodzi jasne poj\u0119cie wielu rzeczy, kt\u00f3rych przed tym zrozumie\u0107 nie mog\u0142am\u201d (Dz 267).<\/p>\n\n\n\n<figure class=\"wp-block-image\" id=\"block-11bfdc70-3a14-4d5e-94a4-c45b2bb4a6cf\"><a href=\"http:\/\/rafalk-elblag.pl\/wp-content\/uploads\/2021\/08\/ogloszenia-parafialne-baner-01a.jpg\"><img decoding=\"async\" src=\"http:\/\/rafalk-elblag.pl\/wp-content\/uploads\/2021\/08\/ogloszenia-parafialne-baner-01a.jpg\" alt=\"Obrazek posiada pusty atrybut alt; plik o nazwie ogloszenia-parafialne-baner-01a.jpg\"\/><\/a><\/figure>\n\n\n\n<h1 class=\"wp-block-heading\" id=\"block-6d42405b-4ab7-4d06-b960-74c4b8e7c4ea\">Og\u0142oszenia parafialne 25.02.2024 r.<\/h1>\n\n\n\n<ol class=\"wp-block-list\" id=\"block-6e7fc4b7-d0ca-43b6-88f8-3d31ed4b7c9b\">\n<li><strong>Zapraszamy <\/strong>w ka\u017cd\u0105 Niedziel\u0119 WIELKIEGO POSTU<strong> na Adoracj\u0119 Naj\u015bwi\u0119tszego Sakramentu od godz. 16:00 do godz. 17:15<\/strong>. Masz mo\u017cliwo\u015b\u0107 spotkania si\u0119 z Jezusem w ciszy.<strong> PRZYJD\u0179 !!!<\/strong><\/li>\n\n\n\n<li><strong>Ks. Biskup Elbl\u0105ski w \u015arod\u0119 Popielcow\u0105 wystosowa\u0142 pro\u015bb\u0119 dotycz\u0105c\u0105<\/strong><strong>: <\/strong><strong>modlitwy <\/strong><strong>i <\/strong><strong>zbi\u00f3rki ofiar na rzecz os\u00f3b dotkni\u0119tych wojn\u0105 na UKRAINIE. Wolontariusze Caritas dzisiaj przed ko\u015bcio\u0142em zbieraj\u0105 ofiary do puszek na ten cel. Dzi\u0119kujemy za zrozumienie i okazane serce tym, kt\u00f3rzy czekaj\u0105 na t\u0119 pomoc.<\/strong><\/li>\n\n\n\n<li>Zapraszam dzisiaj na co miesi\u0119czne spotkanie cz\u0142onk\u00f3w Parafialnego Oddzia\u0142u Caritas &nbsp;&nbsp;&nbsp;&nbsp;&nbsp;&nbsp;&nbsp;&nbsp;&nbsp;&nbsp;&nbsp;&nbsp;&nbsp;&nbsp;&nbsp;&nbsp;&nbsp;&nbsp;i Apostolatu Bo\u017cego Mi\u0142osierdzia po Mszy \u015bw. o godz. 15:00.<\/li>\n\n\n\n<li>W Wielkim Po\u015bcie w ka\u017cd\u0105 niedziel\u0119 zapraszamy <strong>\u00a0na \u015bpiewanie GODZINEK KU CZCI M\u0118KI PA\u0143SKIEJ o godz. 7:40 oraz na GORZKIE \u017bALE z kazaniem pasyjnym\u00a0o godz. 17:15. \u00a0Natomiast w pi\u0105tki zapraszamy na DROG\u0118 KRZY\u017bOW\u0104:<\/strong> <em>godz. 16:30 dla dzieci; <\/em> <em>godz. 17:15 dla doros\u0142ych i\u00a0 m\u0142odzie\u017cy.<\/em><\/li>\n\n\n\n<li><strong><\/strong><strong><em>Wa\u017cne jest, <\/em><\/strong><em>aby\u015bmy na nowo odkryli warto\u015b\u0107 okresowych lub sta\u0142ych przyrzecze\u0144 abstynenckich. Dajmy \u015bwiadectwo poprzez wpisanie swojej decyzji do <strong>PARAFIALNEJ KSI\u0118GI TRZE\u0179WO\u015aCI<\/strong> wy\u0142o\u017conej&nbsp; na stoliku przed obrazem Matki Bo\u017cej Nieustaj\u0105cej Pomocy \u2013 pod ch\u00f3rem.<strong><\/strong><\/em><\/li>\n\n\n\n<li>W tym tygodniu przypada pierwszy pi\u0105tek i sobota miesi\u0105ca:<br><strong>w pierwszy pi\u0105tek (01.03.)<\/strong> spowied\u017a dla dzieci w tygodniu od godz. 17:30, oraz w pi\u0105tek od godz. 16:00. Droga Krzy\u017cowa dla dzieci o godz. 16:30 zako\u0144czona obrz\u0119dem Komunii \u015bw.<br><strong>w pierwsz\u0105 sobot\u0119 (02.03.)<\/strong> przed Msz\u0105 \u015aw. o godz. 17:00 zapraszamy na nabo\u017ce\u0144stwo.\u00a0<em>Tego dnia zmiana tajemnic dla \u017bywego R\u00f3\u017ca\u0144ca. <\/em><\/li>\n\n\n\n<li>Z racji pierwszego pi\u0105tku ksi\u0105dz Proboszcz uda si\u0119 do chorych 1 marca od godz. 9:30,\u00a0ks. Mateusz w sobot\u0119 2 marca od godz. 10:00 a ks. Sylwester 8 marca od godz. 9:30<\/li>\n\n\n\n<li><strong><\/strong>Zapraszamy rodzic\u00f3w z dzie\u0107mi 27 lutego (wtorek) o godz. 17:00 na <strong>DRZWI OTWARTE<\/strong>&nbsp; <strong>SZKO\u0141Y PODSTAWOWEJ nr 11<\/strong>, im. Kornela Makuszy\u0144skiego w Elbl\u0105gu.<\/li>\n\n\n\n<li><strong><\/strong>Rekolekcje wielkopostne w naszej parafii odb\u0119d\u0105 si\u0119 od 10 do 13 marca. Msze \u015bw. dla doros\u0142ych b\u0119d\u0105 o godzinie 8.00, 11.00, 18.00 i 20.00.<\/li>\n\n\n\n<li><strong>PIELGRZYMKA PARAFIALNA. <\/strong>W dniu 27 kwietnia w Niepokalanowie w godzinach od 9:00 do 15:00 odb\u0119dzie si\u0119 <strong>VII Spotkanie<\/strong> <strong>APOSTOLATU MARGARETKA<\/strong> oraz wsp\u00f3lnot i os\u00f3b modl\u0105cych si\u0119 za kap\u0142an\u00f3w. <strong>Z naszej parafii organizujemy wyjazd na to spotkanie po\u0142\u0105czone z 4 \u2013 dniow\u0105 pielgrzymk\u0105 autokarow\u0105 w dniach 26, 27, 28, 29 kwietnia.<\/strong> <em>Nawiedzimy: \u015aWI\u0104TYNI\u0118 OPATRZNOO\u015aCI BO\u017bEJ w Warszawie, Niepokalan\u00f3w, SANKTUARIUM NMP GWIAZDY NOWEJ EWANGELIZACJI I \u015aW. JANA PAW\u0141A II W TORUNIU\u00a0 i nie tylko.<\/em> <strong>Koszt wynosi 720 z\u0142<\/strong><em>.(w tym: autokar, ubezpieczenie, noclegi, cz\u0119\u015bciowe wy\u017cywienie, przewodnicy). Zapisy do ko\u0144ca lutego. Zapraszamy.<\/em><\/li>\n\n\n\n<li><strong><\/strong>Ofiary sk\u0142adane za tydzie\u0144 na tac\u0119 przeznaczone b\u0119d\u0105 na uregulowanie rachunku za wykonane prace w ko\u015bciele. <em>Dzi\u0119kuj\u0119 za zrozumienie i z\u0142o\u017cone ofiary.<\/em><\/li>\n\n\n\n<li><strong><\/strong>Zach\u0119cam do nabywania nowego numeru \u201eGo\u015bcia Niedzielnego\u201d z dodatkiem \u201eGo\u015b\u0107 Elbl\u0105ski w cenie 10 z\u0142.<\/li>\n<\/ol>\n\n\n\n<p id=\"block-4638f52d-8513-45c7-9be1-dbf7d4ea2166\">\ufeff<\/p>\n\n\n\n<figure class=\"wp-block-image\" id=\"block-5f437b95-503a-4f29-91f7-75b7c74612d1\"><img decoding=\"async\" src=\"http:\/\/rafalk-elblag.pl\/wp-content\/uploads\/2020\/04\/baner-intencje-mszy.jpg\" alt=\"Obrazek posiada pusty atrybut alt; plik o nazwie baner-intencje-mszy.jpg\"\/><\/figure>\n\n\n\n<h1 class=\"wp-block-heading\" id=\"block-ebb85da5-2bf8-44c6-8a18-015b59726bae\">Intencje mszalne 25.02.2024 r.<\/h1>\n\n\n\n<p><strong>PONIEDZIA\u0141EK \/ 26 lutego 2024<\/strong> \/ \u0141k 6,36-38<br>8.00 \u015bp. Wac\u0142aw Hryniewicki oraz zmarli z rodziny Hryniewickich<br>18.00 \u015bp. Jan i Helena Tomaszewicz<\/p>\n\n\n\n<p><strong>WTOREK \/ 27 lutego 2024<\/strong> \/ Mt 23,1-12<br>8.00 \u015bp. Jerzy Ciesielski<br>18.00 Dzi\u0119kczynna z okazji 6 urodzin Janka Milanowskiego, z pro\u015bb\u0105 o Bo\u017ce b\u0142., potrzebne \u0142aski i opiek\u0119 Matki Bo\u017cej<\/p>\n\n\n\n<p><strong>\u015aRODA \/ 28 lutego 2024<\/strong> \/ Mt 20,17-28<br>8.00 \u015bp. Miros\u0142aw Sowi\u0144ski (1 greg.)<br>18.00 \u015bp. Jan Kapciak, Jan Markiewicz<\/p>\n\n\n\n<p><strong>CZWARTEK \/ 29 lutego 2024<\/strong> \/ \u0141k 16,19-31<br>8.00 \u015bp. Miros\u0142aw Sowi\u0144ski (2 greg.)<br>18.00 O \u0142ask\u0119 zdrowia, Bo\u017ce b\u0142. i opiek\u0119 Matki Bo\u017cej dla Romana<\/p>\n\n\n\n<p><strong>PI\u0104TEK \/ 1 marca 2024 <\/strong>\/ Mt 21,33-43.45-46<br>8.00 \u015bp. Miros\u0142aw Sowi\u0144ski (3 greg.)<br>18.00 Dzi\u0119kczynna za 19 lat \u017cycia, z pro\u015bb\u0105 o rozeznanie woli Bo\u017cej dla Grzegorza<br>18.00 \u015bp. Pelagia (12 rocznica \u015bmierci) oraz zmarli z rodzin Herman, K\u0119dzierskich, Soleckich oraz Teresa Jak\u00f3bkiewicz<\/p>\n\n\n\n<p><strong>SOBOTA \/ 2 marca 2024<\/strong> \/ \u0141k 15,1-3.11-32<br>8.00 \u015bp. Miros\u0142aw Sowi\u0144ski (4 greg.)<br>18.00 \u015bp. Antoni Rogalski<br>18.00 rezerwacja<\/p>\n\n\n\n<p><strong>III NIEDZIELA WIELKIEGO POSTU \/ 3 marca 2024<\/strong> \/ J 2,13-25<br>8.00 O do\u015bwiadczenie Bo\u017cej mi\u0142o\u015bci dla Karoliny i Sebastiana<br>10.00 Zmarli z rodzin P\u0105czkowskich i Sowi\u0144skich<br>12.00 W intencji Parafian<br>15.00 \u015bp. Miros\u0142aw Sowi\u0144ski (5 greg.)<br>18.00 \u015bp. Wac\u0142aw G\u0105sior (w 41 rocznic\u0119 \u015bmierci), Kazimierz G\u0105sior (w 18 rocznic\u0119 \u015bmierci)<\/p>\n","protected":false},"excerpt":{"rendered":"<p>Rozwa\u017canie M\u0119ki Pa\u0144skiej Prze\u017cywamy Wielki Post &#8211; czas, w&nbsp;kt\u00f3rym staramy si\u0119 wnikn\u0105\u0107 g\u0142\u0119biej w&nbsp;tajemnic\u0119 Bo\u017cej Mi\u0142o\u015bci. Objawia nam si\u0119 ona najwyra\u017aniej w&nbsp;M\u0119ce naszego Zbawiciela. Pan Jezus podj\u0105\u0142 wszystkie cierpienia za nas, by nas uwolni\u0107 od kary piek\u0142a i&nbsp;otworzy\u0107 nam niebo. St\u0105d wdzi\u0119czno\u015b\u0107 wzgl\u0119dem Zbawiciela pobudza nas do rozwa\u017cania Jego M\u0119ki. Chcemy w&nbsp;ten spos\u00f3b towarzyszy\u0107 Chrystusowi [&hellip;]<\/p>\n","protected":false},"author":1,"featured_media":5408,"comment_status":"closed","ping_status":"closed","sticky":false,"template":"","format":"standard","meta":{"ngg_post_thumbnail":0,"footnotes":""},"categories":[11,8,4,3],"tags":[],"class_list":["post-5407","post","type-post","status-publish","format-standard","has-post-thumbnail","hentry","category-aktualnosci","category-blog","category-intencje","category-ogloszenia"],"_links":{"self":[{"href":"https:\/\/rafalk-elblag.pl\/index.php?rest_route=\/wp\/v2\/posts\/5407","targetHints":{"allow":["GET"]}}],"collection":[{"href":"https:\/\/rafalk-elblag.pl\/index.php?rest_route=\/wp\/v2\/posts"}],"about":[{"href":"https:\/\/rafalk-elblag.pl\/index.php?rest_route=\/wp\/v2\/types\/post"}],"author":[{"embeddable":true,"href":"https:\/\/rafalk-elblag.pl\/index.php?rest_route=\/wp\/v2\/users\/1"}],"replies":[{"embeddable":true,"href":"https:\/\/rafalk-elblag.pl\/index.php?rest_route=%2Fwp%2Fv2%2Fcomments&post=5407"}],"version-history":[{"count":1,"href":"https:\/\/rafalk-elblag.pl\/index.php?rest_route=\/wp\/v2\/posts\/5407\/revisions"}],"predecessor-version":[{"id":5409,"href":"https:\/\/rafalk-elblag.pl\/index.php?rest_route=\/wp\/v2\/posts\/5407\/revisions\/5409"}],"wp:featuredmedia":[{"embeddable":true,"href":"https:\/\/rafalk-elblag.pl\/index.php?rest_route=\/wp\/v2\/media\/5408"}],"wp:attachment":[{"href":"https:\/\/rafalk-elblag.pl\/index.php?rest_route=%2Fwp%2Fv2%2Fmedia&parent=5407"}],"wp:term":[{"taxonomy":"category","embeddable":true,"href":"https:\/\/rafalk-elblag.pl\/index.php?rest_route=%2Fwp%2Fv2%2Fcategories&post=5407"},{"taxonomy":"post_tag","embeddable":true,"href":"https:\/\/rafalk-elblag.pl\/index.php?rest_route=%2Fwp%2Fv2%2Ftags&post=5407"}],"curies":[{"name":"wp","href":"https:\/\/api.w.org\/{rel}","templated":true}]}}