{"id":5404,"date":"2024-02-18T14:03:16","date_gmt":"2024-02-18T14:03:16","guid":{"rendered":"http:\/\/rafalk-elblag.pl\/?p=5404"},"modified":"2024-02-18T14:03:16","modified_gmt":"2024-02-18T14:03:16","slug":"18-02-2024-r-i-niedziela-wielkiego-postu","status":"publish","type":"post","link":"https:\/\/rafalk-elblag.pl\/?p=5404","title":{"rendered":"18.02.2024 r., I Niedziela Wielkiego Postu"},"content":{"rendered":"\n<h2 class=\"wp-block-heading\" id=\"block-de4dbcd2-5192-419e-9a16-24c75cd43305\"><strong>Ja\u0142mu\u017cna wielkopostna<\/strong><\/h2>\n\n\n\n<p>Ja\u0142mu\u017cna Wielkopostna to akcja charytatywna organizowana przez Caritas Polska oraz Caritas diecezjalne. Celem akcji jest zwr\u00f3cenie uwagi spo\u0142ecznej na los os\u00f3b chorych i starszych oraz konkretna pomoc na ich rzecz. To tak\u017ce szczeg\u00f3lne wezwanie do zainteresowania potrzebuj\u0105cymi, b\u0119d\u0105cymi tu\u017c obok nas, kt\u00f3rych w nat\u0142oku codziennych spraw, tak cz\u0119sto nie zauwa\u017camy.<\/p>\n\n\n\n<p>Wielki Post to czas refleksji i dzielenia si\u0119 z innymi, w kt\u00f3rym trzy \u0107wiczenia duchowe \u2013&nbsp;<strong>POST, JA\u0141MU\u017bNA, MODLITWA<\/strong>, zach\u0119caj\u0105, \u017ceby podzieli\u0107 si\u0119 z potrzebuj\u0105cymi nie tym co nam zbywa, ale tym co ma dla nas warto\u015b\u0107. To co zaoszcz\u0119dzisz dzi\u0119ki praktyce postu, mo\u017ce dla kogo\u015b uczyni\u0107 wielkie dobro.<\/p>\n\n\n\n<p>Zebrane \u015brodki rozdysponowane zostan\u0105 przez Caritas parafialne i diecezjalne. Caritas Polska w tym roku przeka\u017ce zebrane \u015brodki na do\u017cywianie senior\u00f3w i zawo\u017cenie do nich gor\u0105cych obiad\u00f3w do dom\u00f3w. Akcja wspiera niesamodzielnych i chorych senior\u00f3w.<\/p>\n\n\n\n<p>Akcja ma charakter wychowawczy: uczy mi\u0142o\u015bci bli\u017aniego, kt\u00f3ra kosztuje \u2013 najcz\u0119\u015bciej chodzi o dar materialny, ale te\u017c o czas po\u015bwi\u0119cony bli\u017aniemu, okazane wsparcie duchowe i kochaj\u0105c\u0105 obecno\u015b\u0107. Poprzez ma\u0142\u0105 ofiar\u0119 mo\u017cemy pom\u00f3c starszym osobom, kt\u00f3re znajduj\u0105 si\u0119 w trudnej sytuacji \u017cyciowej.<\/p>\n\n\n\n<p>Ja\u0142mu\u017cna jest\u00a0<strong>dobrowolnym aktem mi\u0142osierdzia wobec drugiego cz\u0142owieka<\/strong><strong>.<\/strong> Ko\u015bci\u00f3\u0142 w okresie Wielkiego Postu, obok postu i modlitwy, zach\u0119ca szczeg\u00f3lnie do ja\u0142mu\u017cny, jako \u201eformy pokuty wewn\u0119trznej\u201d.<\/p>\n\n\n\n<p>Ja\u0142mu\u017cna nie mo\u017ce by\u0107 pozbyciem si\u0119 tego, co zb\u0119dne, ale wyrzeczeniem d\u00f3br, kt\u00f3re tak naprawd\u0119 nie nale\u017c\u0105 do nas. Wszystko jest darem. Nie chodzi jednak jedynie o wymiar materialny, ale przede wszystkim o aspekt duchowy ofiarowanych dar\u00f3w, by da\u0107 co\u015b z siebie drugiemu cz\u0142owiekowi. Dobre uczynki powinny by\u0107 sprawowane <strong>w duchu bezinteresownej mi\u0142o\u015bci<\/strong>&nbsp;i szczero\u015bci intencji, kt\u00f3re mo\u017ce oceni\u0107 tylko B\u00f3g, jako jedyny znaj\u0105cy serce cz\u0142owieka.<\/p>\n\n\n\n<p>Ju\u017c w Starym Testamencie ja\u0142mu\u017cna oznacza\u0142a gest dobroci cz\u0142owieka wzgl\u0119dem jego brata jako na\u015bladowanie czyn\u00f3w Boga, kt\u00f3ry pierwszy okaza\u0142 dobro\u0107 cz\u0142owiekowi.<\/p>\n\n\n\n<p>Do dawania ja\u0142mu\u017cny zach\u0119ca Chrystus, gdy m\u00f3wi aby daj\u0105c ja\u0142mu\u017cn\u0119 nie wiedzia\u0142a lewa r\u0119ka co czyni prawa (\u0141k 6, 55). Czyn dobry w postaci ja\u0142mu\u017cny ma by\u0107 ca\u0142kowicie bezinteresowny i znany jedynie Bogu. Wa\u017cna jest tak\u017ce nie tyle ilo\u015b\u0107 czy wielko\u015b\u0107 z\u0142o\u017conego daru, ile raczej wewn\u0119trzne nastawienie daj\u0105cego, czyli jego intencja. Potwierdza to sam Chrystus, kiedy chwali grosz wrzucony do skarbonki przez ubog\u0105 wdow\u0119 (por. \u0141k 4, 25). Warto\u015b\u0107 ja\u0142mu\u017cny jest jeszcze wi\u0119ksza, je\u015bli dawana jest nie z tego, co zbywa, lecz z tego, co niezb\u0119dne, oraz je\u015bli \u015bwiadczona jest ch\u0119tnie, gdy\u017c radosnego dawc\u0119 mi\u0142uje B\u00f3g (2 Kor 6, 10). Scena s\u0105du ostatecznego jest przestrog\u0105 dla tych, kt\u00f3rzy nie byli wra\u017cliwi na potrzeby bli\u017anich. Biednego nakarmi\u0107, nagiego przyodzia\u0107, podr\u00f3\u017cnego ugo\u015bci\u0107, chorego i wi\u0119\u017ania odwiedzi\u0107 jest r\u00f3wnoznaczne z uczynieniem tego samego Chrystusowi (por. Mt 25, 35-46).<\/p>\n\n\n\n<p>Chrystus zapewnia, \u017ce biednych zawsze b\u0119dziemy mie\u0107 u siebie. \u017bycie codzienne daje a\u017c nadto wiele przyk\u0142ad\u00f3w potwierdzaj\u0105cych t\u0119 prawd\u0119. Chrze\u015bcija\u0144skie prze\u017cywanie ja\u0142mu\u017cny &#8211; to dar z siebie dla drugiego cz\u0142owieka w potrzebie. Dajemy ja\u0142mu\u017cn\u0119 nie po to, by sobie dokuczy\u0107, by ograniczy\u0107 swoj\u0105 wolno\u015b\u0107, lecz po to, aby pom\u00f3c drugiemu cz\u0142owiekowi! Rezygnacja z rzeczy niekoniecznych, zw\u0142aszcza w okresie Wielkiego Postu, s\u0142u\u017cy wi\u0119kszemu dobru, jakim jest pomoc cz\u0142owiekowi potrzebuj\u0105cemu. Jest to praktyczna realizacja przykazania mi\u0142o\u015bci bli\u017aniego, o kt\u00f3rym tak wiele naucza\u0142 Chrystus. Szczytowy wymiar tej nauki znajdujemy w ofierze Jezusa na krzy\u017cu. To w\u0142a\u015bnie zapatrzenie w Krzy\u017c Chrystusa w okresie Wielkiego Postu i w ka\u017cdy pi\u0105tek roku staje si\u0119 dla cz\u0142owieka wierz\u0105cego wezwaniem do postu i ja\u0142mu\u017cny.<\/p>\n\n\n\n<p>Troska o sprawiedliwo\u015b\u0107 oraz hojno\u015b\u0107 w dawaniu ubogim od wiek\u00f3w uznawana by\u0142a w Ko\u015bciele nie tylko za akt pokutny, ale za&nbsp;<strong>ubogacenie tego, kto tej ja\u0142mu\u017cny udziela<\/strong>, gdy\u017c pozwala\u0142a nabra\u0107 dystansu do posiadanych d\u00f3br oraz u\u015bwiadamia\u0142a, \u017ce wszystko to, co cz\u0142owiek posiada jest darem od Boga.<\/p>\n\n\n\n<p>Jedyne, na co mo\u017cemy liczy\u0107 podczas dawania ja\u0142mu\u017cny, to uznanie<br>w oczach Boga. Tylko On mo\u00ad\u017ce nas sprawiedliwie wynagrodzi\u0107. Nie nale\u017cy jed\u00adnak oczekiwa\u0107, \u017ce Pan B\u00f3g odda nam r\u00f3wnowar\u00adto\u015b\u0107 naszej darowizny. Pieni\u0105dze nie s\u0105 naturaln\u0105 zap\u0142at\u0105 za dar mi\u0142o\u015bci. B\u00f3g jest w stanie odp\u0142aci\u0107 nam o wiele hojniej.<\/p>\n\n\n\n<figure class=\"wp-block-image\" id=\"block-11bfdc70-3a14-4d5e-94a4-c45b2bb4a6cf\"><a href=\"http:\/\/rafalk-elblag.pl\/wp-content\/uploads\/2021\/08\/ogloszenia-parafialne-baner-01a.jpg\"><img decoding=\"async\" src=\"http:\/\/rafalk-elblag.pl\/wp-content\/uploads\/2021\/08\/ogloszenia-parafialne-baner-01a.jpg\" alt=\"Obrazek posiada pusty atrybut alt; plik o nazwie ogloszenia-parafialne-baner-01a.jpg\"\/><\/a><\/figure>\n\n\n\n<h1 class=\"wp-block-heading\" id=\"block-6d42405b-4ab7-4d06-b960-74c4b8e7c4ea\">Og\u0142oszenia parafialne 18.02.2024 r.<\/h1>\n\n\n\n<ol class=\"wp-block-list\" id=\"block-6e7fc4b7-d0ca-43b6-88f8-3d31ed4b7c9b\">\n<li><strong>Zapraszamy <\/strong>w ka\u017cd\u0105 Niedziel\u0119 WIELKIEGO POSTU<strong> na Adoracj\u0119 Naj\u015bwi\u0119tszego Sakramentu od godz. 16:00 do godz. 17:15<\/strong>. Masz mo\u017cliwo\u015b\u0107 spotkania si\u0119 z Jezusem w ciszy.<strong> PRZYJD\u0179 !!!<\/strong><\/li>\n\n\n\n<li><strong>Ks. Biskup Elbl\u0105ski w \u015arod\u0119 Popielcow\u0105 wystosowa\u0142 pro\u015bb\u0119 dotycz\u0105c\u0105<\/strong><strong>: modlitwy i <\/strong><strong>zbi\u00f3rki ofiar na rzecz os\u00f3b dotkni\u0119tych wojn\u0105 na UKRAINIE. W naszej parafii ofiary do puszek na ten cel b\u0119dzie mo\u017cna sk\u0142ada\u0107 w przysz\u0142\u0105 niedziel\u0119 tj. 25 lutego.<\/strong><\/li>\n\n\n\n<li>Dzisiaj przy Biuletynie Parafialnym znajdziemy <strong>SKARBONK\u0118 <\/strong>na <strong>JA\u0141MU\u017bN\u0118 WIELKOPOSTN\u0104 2024. <\/strong>W ten spos\u00f3b w\u0142\u0105czamy si\u0119 w t\u0119 og\u00f3lnopolsk\u0105 akcj\u0119<strong>.<\/strong> <em><u>Wi\u0119cej informacji o znaczeniu ja\u0142mu\u017cny i podj\u0119tej akcji znajduje si\u0119 w dzisiejszym Biuletynie. <\/u>Ja\u0142mu\u017cn\u0119 wielkopostn\u0105 przyniesiemy do ko\u015bcio\u0142a w Niedziel\u0119 Bo\u017cego Mi\u0142osierdzia (07.04.2024).<\/em><\/li>\n\n\n\n<li>W Wielkim Po\u015bcie w ka\u017cd\u0105 niedziel\u0119 zapraszamy <strong>\u00a0na \u015bpiewanie GODZINEK KU CZCI M\u0118KI PA\u0143SKIEJ o godz. 7:40 oraz na GORZKIE \u017bALE z kazaniem pasyjnym\u00a0o godz. 17:15. \u00a0Natomiast w pi\u0105tki zapraszamy na DROG\u0118 KRZY\u017bOW\u0104:<\/strong> <em>godz. 16:30 dla dzieci; <\/em> <em>godz. 17:15 dla doros\u0142ych i\u00a0 m\u0142odzie\u017cy.<\/em><\/li>\n\n\n\n<li><strong><\/strong><strong><em>Wa\u017cne jest, <\/em><\/strong><em>aby\u015bmy na nowo odkryli warto\u015b\u0107 okresowych lub sta\u0142ych przyrzecze\u0144 abstynenckich. Dajmy \u015bwiadectwo poprzez wpisanie swojej decyzji do <strong>PARAFIALNEJ KSI\u0118GI TRZE\u0179WO\u015aCI<\/strong> wy\u0142o\u017conej&nbsp; na stoliku przed obrazem Matki Bo\u017cej Nieustaj\u0105cej Pomocy \u2013 pod ch\u00f3rem.<strong><\/strong><\/em><\/li>\n\n\n\n<li>W \u015brod\u0119 21 lutego br. odb\u0119dzie si\u0119 spotkanie Kr\u0119gu Biblijnego o godz. 18:45 w salce na plebanii. <em>Ksi\u0105dz Sylwester serdecznie zaprasza.<\/em><\/li>\n\n\n\n<li><strong><\/strong>W czwartek 22 lutego na godz. 19:00 odb\u0119dzie spotkanie na plebanii, dla kandydat\u00f3w do SAKRAMENTU BIERZMOWANIA \u2013 ROK II. Ks. Mateusz zaprasza.<\/li>\n\n\n\n<li><strong><\/strong><strong>ZESPO\u0141U SZK\u00d3\u0141 PIJARSKICH W ELBL\u0104GU<\/strong> zaprasza na dzie\u0144 otwarty zer\u00f3wki i szko\u0142y podstawowej. Odb\u0119dzie si\u0119 on w sobot\u0119 24 lutego br. w godz. od 10:00 do 13:00. <em>B\u0119dzie mo\u017cliwo\u015b\u0107 poznania plac\u00f3wki, jej plan\u00f3w, a tak\u017ce spotkania z nauczycielami i uczniami. Szko\u0142a znajduje si\u0119 w budynku przy ul. Saper\u00f3w 20 (obok Urz\u0119du Pracy). Plac\u00f3wka rozpocz\u0119\u0142a te\u017c rekrutacj\u0119 do szko\u0142y podstawowej i zer\u00f3wki na rok szkolny.<\/em><\/li>\n\n\n\n<li><strong><\/strong>Zapraszamy rodzic\u00f3w z dzie\u0107mi 27 lutego (wtorek) o godz. 17:00 na <strong>DRZWI OTWARTE<\/strong>&nbsp; <strong>SZKO\u0141Y PODSTAWOWEJ nr 11<\/strong>, im. Kornela Makuszy\u0144skiego w Elbl\u0105gu.&nbsp;<\/li>\n\n\n\n<li><strong><\/strong><strong>PIELGRZYMKA PARAFIALNA. <\/strong>W dniu 27 kwietnia w Niepokalanowie w godzinach od 9:00 do 15:00 odb\u0119dzie si\u0119 <strong>VII Spotkanie<\/strong> <strong>APOSTOLATU MARGARETKA<\/strong> oraz wsp\u00f3lnot i os\u00f3b modl\u0105cych si\u0119 za kap\u0142an\u00f3w. <strong>Z naszej parafii organizujemy wyjazd na to spotkanie po\u0142\u0105czone z 4 \u2013 dniow\u0105 pielgrzymk\u0105 autokarow\u0105 w dniach 26, 27, 28, 29 kwietnia.<\/strong> <em>Nawiedzimy: \u015aWI\u0104TYNI\u0118 OPATRZNOO\u015aCI BO\u017bEJ w Warszawie, Niepokalan\u00f3w, SANKTUARIUM NMP GWIAZDY NOWEJ EWANGELIZACJI I \u015aW. JANA PAW\u0141A II W TORUNIU&nbsp; i nie tylko.<\/em> <strong>Koszt wynosi 720 z\u0142<\/strong><em>.(w tym: autokar, ubezpieczenie, noclegi, cz\u0119\u015bciowe wy\u017cywienie, przewodnicy). Zapisy do ko\u0144ca lutego. Zapraszamy.<\/em><\/li>\n\n\n\n<li><strong><\/strong>Zach\u0119cam do nabywania nowego numeru \u201eGo\u015bcia Niedzielnego\u201d z dodatkiem \u201eGo\u015b\u0107 Elbl\u0105ski w cenie 10 z\u0142. oraz \u201eGO\u015a\u0106 EXTRA\u201d w cenie 14 z\u0142.<\/li>\n<\/ol>\n\n\n\n<p id=\"block-4638f52d-8513-45c7-9be1-dbf7d4ea2166\">\ufeff<\/p>\n\n\n\n<figure class=\"wp-block-image\" id=\"block-5f437b95-503a-4f29-91f7-75b7c74612d1\"><img decoding=\"async\" src=\"http:\/\/rafalk-elblag.pl\/wp-content\/uploads\/2020\/04\/baner-intencje-mszy.jpg\" alt=\"Obrazek posiada pusty atrybut alt; plik o nazwie baner-intencje-mszy.jpg\"\/><\/figure>\n\n\n\n<h1 class=\"wp-block-heading\" id=\"block-ebb85da5-2bf8-44c6-8a18-015b59726bae\">Intencje mszalne 18.02.2024 r.<\/h1>\n\n\n\n<p><strong>PONIEDZIA\u0141EK \/ 19 lutego 2024<\/strong> \/ Mt 25,31-46<br>8.00 \u015bp. Czes\u0142aw Mickiewicz<br>18.00 \u015bp. Daniela Walczy\u0144ska (w 30 dzie\u0144 po pogrzebie)<\/p>\n\n\n\n<p><strong>WTOREK \/ 20 lutego 2024 <\/strong>\/ Mt 6,7-15<br>8.00 \u015bp. rodzice: Danuta i Tadeusz Dudek<br>18.00 Dzi\u0119kczynna z okazji urodzin Tomasza, z pro\u015bb\u0105 o Bo\u017ce b\u0142., dary Ducha \u015awi\u0119tego i opiek\u0119 Matki Bo\u017cej Szkaplerznej<\/p>\n\n\n\n<p><strong>\u015aRODA \/ 21 lutego 2024<\/strong> \/ \u0141k 11,29-32<br>8.00 Za zmar\u0142ych z rodziny Ba\u0144kowskich: rodzic\u00f3w, braci, siostr\u0119 Bronis\u0142aw\u0119<br>18.00 \u015bp. Barbara i Andrzej Zieli\u0144scy (w 12 rocznic\u0119 \u015bmierci)<br>18.00 O zdrowie dla Danuty Kondrackiej<\/p>\n\n\n\n<p><strong>CZWARTEK \/ 22 lutego 2024 \/ \u015awi\u0119to katedry \u015bw. Piotra<\/strong> \/ Mt 16,13-19<br>8.00 Za zmar\u0142ych z rodziny Ba\u0144kowskich: rodzic\u00f3w, braci, siostr\u0119 Bronis\u0142aw\u0119<br>18.00 Dzi\u0119kczynna w 70 urodziny Anny, z pro\u015bb\u0105 o Bo\u017ce b\u0142. i opiek\u0119 Matki Bo\u017cej na dalsze lata<\/p>\n\n\n\n<p><strong>PI\u0104TEK \/ 23 lutego 2024<\/strong> \/ Mt 5,20-26<br>8.00 Dzi\u0119kczynna z okazji rocznicy \u015blubu Bogumi\u0142y i Henryka, z pro\u015bb\u0105 o Bo\u017ce b\u0142. i opiek\u0119 Matki Bo\u017cej<br>8.00 Dzi\u0119kczynna w 50 rocznic\u0119 \u015blubu Haliny i Mieczys\u0142awa P\u0142aza, z pro\u015bb\u0105 o Bo\u017ce b\u0142., opiek\u0119 Matki Bo\u017cej Szkaplerznej dla Z\u0142otych Jubilat\u00f3w<br>18.00 Za dusze w czy\u015b\u0107cu cierpi\u0105ce<\/p>\n\n\n\n<p><strong>SOBOTA \/ 24 lutego 2024<\/strong> \/ Mt 5,43-48<br>8.00 \u015bp. Danuta Bogda\u0144ska, Jerzy Bogda\u0144ski<br>18.00 Dzi\u0119kczynna w urodziny Magdaleny, z pro\u015bb\u0105 o pe\u0142nienie woli Bo\u017cej i wszelkie potrzebne ku temu \u0142aski<\/p>\n\n\n\n<p><strong>II NIEDZIELA WIELKIEGO POSTU \/ 25 lutego 2024<\/strong> \/ Mk 9,2-10<br>8.00 \u015bp. Czes\u0142aw Czeszejko-Sochacki<br>10.00 \u015bp. Helena Cyrek (w 5 rocznic\u0119 \u015bmierci), Stanis\u0142aw Cyrek<br>12.00 W intencji Parafian<br>12.00 Dzi\u0119kczynna w dniu 14 urodzin Jana, z pro\u015bb\u0105 o \u0142ask\u0119 \u015bwi\u0119to\u015bci dla niego<br>15.00 \u015bp. Jan Witkowski oraz zmarli rodzice z obojga stron, Barbara i J\u00f3zef<br>18.00 \u015bp. Jan Kapciak, Jan Markiewicz oraz zmarli rodzice i rodze\u0144stwo<\/p>\n","protected":false},"excerpt":{"rendered":"<p>Ja\u0142mu\u017cna wielkopostna Ja\u0142mu\u017cna Wielkopostna to akcja charytatywna organizowana przez Caritas Polska oraz Caritas diecezjalne. Celem akcji jest zwr\u00f3cenie uwagi spo\u0142ecznej na los os\u00f3b chorych i starszych oraz konkretna pomoc na ich rzecz. To tak\u017ce szczeg\u00f3lne wezwanie do zainteresowania potrzebuj\u0105cymi, b\u0119d\u0105cymi tu\u017c obok nas, kt\u00f3rych w nat\u0142oku codziennych spraw, tak cz\u0119sto nie zauwa\u017camy. Wielki Post to [&hellip;]<\/p>\n","protected":false},"author":1,"featured_media":5405,"comment_status":"closed","ping_status":"closed","sticky":false,"template":"","format":"standard","meta":{"ngg_post_thumbnail":0,"footnotes":""},"categories":[11,8,4,3],"tags":[],"class_list":["post-5404","post","type-post","status-publish","format-standard","has-post-thumbnail","hentry","category-aktualnosci","category-blog","category-intencje","category-ogloszenia"],"_links":{"self":[{"href":"https:\/\/rafalk-elblag.pl\/index.php?rest_route=\/wp\/v2\/posts\/5404","targetHints":{"allow":["GET"]}}],"collection":[{"href":"https:\/\/rafalk-elblag.pl\/index.php?rest_route=\/wp\/v2\/posts"}],"about":[{"href":"https:\/\/rafalk-elblag.pl\/index.php?rest_route=\/wp\/v2\/types\/post"}],"author":[{"embeddable":true,"href":"https:\/\/rafalk-elblag.pl\/index.php?rest_route=\/wp\/v2\/users\/1"}],"replies":[{"embeddable":true,"href":"https:\/\/rafalk-elblag.pl\/index.php?rest_route=%2Fwp%2Fv2%2Fcomments&post=5404"}],"version-history":[{"count":1,"href":"https:\/\/rafalk-elblag.pl\/index.php?rest_route=\/wp\/v2\/posts\/5404\/revisions"}],"predecessor-version":[{"id":5406,"href":"https:\/\/rafalk-elblag.pl\/index.php?rest_route=\/wp\/v2\/posts\/5404\/revisions\/5406"}],"wp:featuredmedia":[{"embeddable":true,"href":"https:\/\/rafalk-elblag.pl\/index.php?rest_route=\/wp\/v2\/media\/5405"}],"wp:attachment":[{"href":"https:\/\/rafalk-elblag.pl\/index.php?rest_route=%2Fwp%2Fv2%2Fmedia&parent=5404"}],"wp:term":[{"taxonomy":"category","embeddable":true,"href":"https:\/\/rafalk-elblag.pl\/index.php?rest_route=%2Fwp%2Fv2%2Fcategories&post=5404"},{"taxonomy":"post_tag","embeddable":true,"href":"https:\/\/rafalk-elblag.pl\/index.php?rest_route=%2Fwp%2Fv2%2Ftags&post=5404"}],"curies":[{"name":"wp","href":"https:\/\/api.w.org\/{rel}","templated":true}]}}