{"id":5400,"date":"2024-02-11T11:19:38","date_gmt":"2024-02-11T11:19:38","guid":{"rendered":"http:\/\/rafalk-elblag.pl\/?p=5400"},"modified":"2024-02-11T11:19:38","modified_gmt":"2024-02-11T11:19:38","slug":"11-02-2024-r-vi-niedziela-zwykla","status":"publish","type":"post","link":"https:\/\/rafalk-elblag.pl\/?p=5400","title":{"rendered":"11.02.2024 r., VI Niedziela Zwyk\u0142a"},"content":{"rendered":"\n<h2 class=\"wp-block-heading\" id=\"block-de4dbcd2-5192-419e-9a16-24c75cd43305\"><strong>Wielki Post \u2013 okazja do przemiany<\/strong><\/h2>\n\n\n\n<p>Przed nami kolejna \u015aroda Popielcowa. Tym samym rozpoczynamy kolejny Wielki Post. Obrz\u0119d posypania g\u0142\u00f3w popio\u0142em jeszcze raz przypomni nam, \u017ce doczesno\u015b\u0107, w kt\u00f3rej \u017cyjemy w por\u00f3wnaniu z celem, do kt\u00f3rego zmierzamy jest zaledwie prochem. Przypomni nam tak\u017ce o naszej nieuchronnej przemijalno\u015bci. I w kontek\u015bcie tego ten prosty gest pr\u00f3buje nam u\u015bwiadomi\u0107 jak wa\u017cn\u0105 w naszym \u017cyciu materi\u0105 jest czas. Dlatego tak bardzo wa\u017cne jest, aby\u015bmy nauczyli si\u0119 go szanowa\u0107. Czas Wielkiego Postu ma by\u0107 dla nas okazj\u0105 do tej szlachetnej nauki.<\/p>\n\n\n\n<p>Gdyby\u015bmy stan\u0119li w prawdzie przed sob\u0105, to pewnie musieliby\u015bmy ze wstydem przyzna\u0107 si\u0119 do wielu zmarnowanych Wielkich Post\u00f3w. Takich, kt\u00f3re nic nie zmienia\u0142y w naszym \u017cyciu, a jedyne co o nich mogliby\u015bmy powiedzie\u0107, to to, \u017ce po prostu by\u0142y. A niestety w \u017cyciu ucznia Chrystusa jest to ogromna pora\u017cka.<\/p>\n\n\n\n<p>Jak m\u0105drze podej\u015b\u0107 do Wielkiego Postu i nie zmarnowa\u0107 kolejnej szansy na \u017cyciow\u0105 zmian\u0119? Co zrobi\u0107, gdy \u201eascetyczne\u201d postanowienia wp\u0119dzaj\u0105 nas w otch\u0142a\u0144 czarnej beznadziei i zamiast przybli\u017ca\u0107 do Boga, funduj\u0105 tylko codzienn\u0105 frustracj\u0119?<\/p>\n\n\n\n<p>Ten czas jest po to, by\u015b dowiedzia\u0142 si\u0119 czego\u015b o sobie. Co ukradkiem podgryza twoj\u0105 dusz\u0119? Co odci\u0105ga ci\u0119 od nieba? Podejmij wyzwanie, kt\u00f3re b\u0119dzie wymaga\u0142o wysi\u0142ku, ale\u2026 Kt\u00f3remu b\u0119dziesz w stanie sprosta\u0107.\u00a0W g\u0142\u0119bi serca dobrze wiesz, co pomo\u017ce ci otworzy\u0107 si\u0119 na Boga, po to, \u017ceby On m\u00f3g\u0142 ci\u0119 uzdrowi\u0107.<\/p>\n\n\n\n<p>Mamy ba\u0142agan w \u017cyciu. Czasem to b\u0119dzie drobna rzecz, drobny problem. Ale ma\u0142y ba\u0142agan nie przestaje by\u0107 ba\u0142aganem. Zobacz sw\u00f3j dzie\u0144. Wszystko, co si\u0119 dzieje wok\u00f3\u0142 ciebie, swoje relacje z wsp\u00f3\u0142ma\u0142\u017conkiem, dzie\u0107mi, rodzicami, przyjaci\u00f3\u0142mi, czas jaki z nimi sp\u0119dzasz. Zobacz swoj\u0105 prac\u0119, modlitw\u0119, \u017cycie sakramentami, S\u0142owem Bo\u017cym itd. We\u017a dwie kartki. Na pierwszej z nich zapisz, czego jest za ma\u0142o w twoim \u017cyciu. Na drugiej \u2013 czego jest za du\u017co. B\u0119dziesz wiedzia\u0142, co dalej robi\u0107.<\/p>\n\n\n\n<p>Cz\u0142owiek &nbsp;przez czyny otwiera si\u0119 na zbawienie i walczy z tym, co go na ten dar zamyka. Wielki Post zatem nie mo\u017ce by\u0107 czasem samodoskonalenia si\u0119. Ludzie podejmuj\u0105 przecie\u017c r\u00f3\u017cne postanowienia nie kieruj\u0105c si\u0119 pobudkami religijnymi &nbsp;i maj\u0105 efekty. Jednak, co z tego, \u017ce si\u0119 zmieniaj\u0105, \u017ce ich wola staje si\u0119 silniejsza, skoro nie s\u0105 bli\u017cej Boga i wcale nie przyjmuj\u0105 zbawienia? Wielki Post ma by\u0107 pustyni\u0105, na kt\u00f3rej do\u015bwiadczymy swojej s\u0142abo\u015bci i uznamy, \u017ce jeste\u015bmy s\u0142abi, \u017ce pewnych rzeczy nie osi\u0105gniemy, \u017ce nie dajemy rady. Jest to zbawienne do\u015bwiadczenie, bo je\u017celi cz\u0142owiek nie radzi sobie z czym\u015b, w\u00f3wczas uzna, \u017ce potrzebuje kogo\u015b, kto przyjdzie mu z pomoc\u0105. Potrzebuje Zbawiciela. Wielki Post jest po to, \u017ceby\u015bmy stali si\u0119 g\u0142odni Boga i zrozumieli, \u017ce naprawd\u0119 Go potrzebujemy.<\/p>\n\n\n\n<p>Nasze postanowienie musi by\u0107 trafione. Przyk\u0142ad: kto\u015b stwierdza, \u017ce w Wielkim Po\u015bcie nie b\u0119dzie jad\u0142 s\u0142odyczy, a jednocze\u015bnie nie zauwa\u017ca, \u017ce jego g\u0142\u00f3wnym problemem jest to, \u017ce lekcewa\u017cy swoich bliskich, s\u0105siad\u00f3w, swoj\u0105 rodzin\u0119. Nie chce wyj\u015b\u0107 im naprzeciw, widzi tylko czubek w\u0142asnego nosa. Problemem na drodze do zbawienia w tym przypadku jest egoizm, zamkni\u0119cie si\u0119 w sobie.<\/p>\n\n\n\n<p>Nasze postanowienia maj\u0105 by\u0107 strza\u0142em w dziesi\u0105tk\u0119. Inaczej b\u0119dziemy stawa\u0107 si\u0119 bardziej doskona\u0142ymi po ludzku, a z drugiej strony bardziej zamkni\u0119tymi na Zbawiciela. B\u0119dziemy stawia\u0107 wie\u017cyczki ku czci w\u0142asnej doskona\u0142o\u015bci, oddawa\u0107 sobie samym chwa\u0142\u0119, \u017ce nam si\u0119 uda\u0142o, \u017ce jeste\u015bmy lepsi, doskonalsi. Jednocze\u015bnie b\u0119dziemy coraz dalej od Boga.<\/p>\n\n\n\n<figure class=\"wp-block-image\" id=\"block-11bfdc70-3a14-4d5e-94a4-c45b2bb4a6cf\"><a href=\"http:\/\/rafalk-elblag.pl\/wp-content\/uploads\/2021\/08\/ogloszenia-parafialne-baner-01a.jpg\"><img decoding=\"async\" src=\"http:\/\/rafalk-elblag.pl\/wp-content\/uploads\/2021\/08\/ogloszenia-parafialne-baner-01a.jpg\" alt=\"Obrazek posiada pusty atrybut alt; plik o nazwie ogloszenia-parafialne-baner-01a.jpg\"\/><\/a><\/figure>\n\n\n\n<h1 class=\"wp-block-heading\" id=\"block-6d42405b-4ab7-4d06-b960-74c4b8e7c4ea\">Og\u0142oszenia parafialne 11.02.2024 r.<\/h1>\n\n\n\n<ol class=\"wp-block-list\" id=\"block-6e7fc4b7-d0ca-43b6-88f8-3d31ed4b7c9b\">\n<li>Dzisiaj 11 lutego przypada 166 rocznica Objawie\u0144 Matki Bo\u017cej z Lourdes, a zarazem jest to <strong>\u015aWIATOWY DZIE\u0143 CHOREGO<\/strong>. Chorych i ich opiekun\u00f3w zapraszamy dzisiaj na Msz\u0119 \u015bw. o godz. 15:00, w trakcie kt\u00f3rej zostanie <strong>udzielony SAKRAMENT NAMASZCZENIA CHORYCH.<\/strong><em> Mo\u017cliwo\u015b\u0107 skorzystania z sakramentu spowiedzi przed Msz\u0105 \u015bw. Zapraszamy.<\/em><\/li>\n\n\n\n<li>W poniedzia\u0142ek 12 lutego br. o godz. 19:00 w ko\u015bciele odb\u0119dzie si\u0119spotkanie dla rodzic\u00f3w dzieci klas IIIprzygotowuj\u0105cych si\u0119 do pierwszej SPOWIEDZI I KOMUNII \u015aWI\u0118TEJ <strong>Obecno\u015b\u0107 obowi\u0105zkowa. <\/strong><em>W pi\u0105tek 16 lutego br. o godz. 17:00 na plebanii b\u0119dzie mo\u017cliwo\u015b\u0107 zam\u00f3wienia stroj\u00f3w komunijnych (alb). Zapraszam w tym dniu rodzic\u00f3w z dzieckiem w celu pobrania wymiaru na alb\u0119.<\/em><\/li>\n\n\n\n<li><strong>ZAPRASZAM DO WSP\u00d3LNEGO WYJ\u015aCIA DO MULTIKINA <\/strong>w<strong> <\/strong>Elbl\u0105gu \u2013 Ogrody,<strong> dnia 13 lutego br.(wtorek): godz. 19:30 na film \u201eWANDEA. ZWYCI\u0118STWO ALBO \u015aMIER\u0106\u201d. <\/strong>To fabularna kostiumowa produkcja o bohaterskich francuskich katolikach, kt\u00f3rzy w czasach krwawego terroru Rewolucji Francuskiej wzniecili wielkie ludowe powstanie w obronie wiary i Ko\u015bcio\u0142a, umieszczaj\u0105c na swoich sztandarach wizerunek Naj\u015bwi\u0119tszego Serca Pana Jezusa. <em>Spotkajmy si\u0119 wsp\u00f3lnie w kinie.<\/em> <strong><em>Cena biletu 13 z\u0142. wp\u0142acamy przy wej\u015bciu do sali kinowej.<\/em><\/strong><\/li>\n\n\n\n<li>Z dniem 14 lutego &#8211; <strong>\u015arod\u0105 Popielcow\u0105<\/strong> &#8211; rozpoczynamy WIELKI POST. Przed nami 40 dni przygotowania si\u0119 do Wielkiej Nocy. Zapraszamy w tym dniu na Msze \u015bw. <strong>o godzinie 8:00, 11:00, 16:30 (z udzia\u0142em dzieci), 18:00 i 20:00<\/strong> <strong>(z udzia\u0142em m\u0142odzie\u017cy w tym kandydat\u00f3w do Sakramentu Bierzmowania).<\/strong><\/li>\n\n\n\n<li><strong>Przypominamy, \u017ce w \u015arod\u0119 Popielcow\u0105 obowi\u0105zuje nas post \u015bcis\u0142y. <\/strong>Oznacza to, \u017ce wszystkie osoby od 14 roku \u017cycia bez g\u00f3rnej granicy wieku obowi\u0105zuje \u00a0wstrzemi\u0119\u017aliwo\u015b\u0107 od potraw mi\u0119snych, natomiast post ilo\u015bciowy obowi\u0105zuje od 18 do 60 roku \u017cycia. W ci\u0105gu dnia mo\u017cemy spo\u017cy\u0107 wy\u0142\u0105cznie jeden posi\u0142ek do syta, a pozosta\u0142e dwa niepe\u0142ne. <em>Obowi\u0105zek ten nie dotyczy os\u00f3b chorych.<\/em><\/li>\n\n\n\n<li>W Wielkim Po\u015bcie w ka\u017cd\u0105 niedziel\u0119 zapraszamy <strong>\u00a0na \u015bpiewanie GODZINEK KU CZCI M\u0118KI PA\u0143SKIEJ o godz. 7:40 oraz na GORZKIE \u017bALE z kazaniem pasyjnym o godz. 17:15. Natomiast w pi\u0105tki zapraszamy na DROG\u0118 KRZY\u017bOW\u0104:<\/strong> <em>godz. 16:30 dla dzieci; <\/em> <em>godz. 17:15 dla doros\u0142ych i\u00a0 m\u0142odzie\u017cy.<\/em><\/li>\n\n\n\n<li><strong><\/strong><strong>UWAGA!!! W \u015arod\u0119 Popielcow\u0105 kancelaria parafialna <\/strong>&#8211; <strong>NIECZYNNA.<\/strong><em><\/em><\/li>\n\n\n\n<li><strong><\/strong>W pi\u0105tek 16 lutego dzie\u0144 modlitw za osoby nosz\u0105ce Szkaplerz \u015awi\u0119ty. Zapraszamy wszystkich nale\u017c\u0105cych i pragn\u0105cych w\u0142\u0105czy\u0107 si\u0119 do Rodziny Szkaplerznej na Msz\u0119 \u015bw. dzi\u0119kczynn\u0105 o godz. 18:00<em>. W tym dniu przypada <strong>X rocznica nadania drugiego tytu\u0142u naszej \u015bwi\u0105tyni:<\/strong><strong> MATKI BO\u017bEJ SZKAPLERZNEJ.<\/strong> Po modlitwach spotkanie Rady Szkaplerznej w salce na plebanii. Wszystkich tworz\u0105cych i odpowiedzialnych za Bractwo Szkaplerzne zapraszam.<\/em><\/li>\n\n\n\n<li>W dniach 10-17 lutego 2024 odb\u0119dzie si\u0119 w DIECEZJI ELBL\u0104SKIEJ PEREGRYNACJA RELIKWII NOWYCH B\u0141OGOS\u0141AWIONYCH M\u0118CZENNIK\u00d3W J\u00d3ZEFA I WIKTORII ULM\u00d3W ORAZ SIEDMIORGA ICH DZIECI. Zostali oni zastrzeleni 24 marca 1944 roku. Sta\u0142o si\u0119 to po ujawnieniu faktu, \u017ce wbrew hitlerowskiemu prawu obowi\u0105zuj\u0105cemu w Polsce, przechowywali potajemnie grup\u0119 siedmiu \u017byd\u00f3w, swoich znajomych i s\u0105siad\u00f3w. Dzisiaj 11 lutego mamy mo\u017cliwo\u015b\u0107 nawiedzi\u0107 relikwie <strong>B\u0141OGOS\u0141AWIONEJ RODZINY ULM\u00d3W<\/strong> w ko\u015bcio\u0142ach: Narodzenia \u015bw. Jana Chrzciciela, <em>\u015bw. Paw\u0142a \u015bw. Brunona, \u015bw. Jerzego, \u015bw. Miko\u0142aja, \u015bw. Wojciecha. Godziny przebywania RELIKWII w powy\u017cszych parafiach umieszczone s\u0105 na tablicy og\u0142osze\u0144. \u00a0<\/em><\/li>\n\n\n\n<li><strong><\/strong>Dzisiejsz\u0105 niedziel\u0105 rozpoczynamy TYDZIE\u0143 MODLITW O TRZE\u0179WO\u015a\u0106 NARODU pod has\u0142em <strong>\u201eTRZE\u0179WO\u015a\u0106 POLSK\u0104 RACJ\u0104 STANU\u201d, <\/strong>kt\u00f3ry trwa\u0107 b\u0119dzie do soboty 17 lutego. Jest to duchowe przygotowanie do owocnego prze\u017cycia Wielkiego Postu. Zach\u0119camy do podj\u0119cia modlitwy o trze\u017awo\u015b\u0107 w naszych rodzinach i udzia\u0142u w Drodze Krzy\u017cowej w pi\u0105tek 16 lutego o godz. 17:15. <strong><em>Wa\u017cne jest, aby na nowo odkry\u0107 warto\u015b\u0107 okresowych lub sta\u0142ych przyrzecze\u0144 abstynenckich i da\u0107 \u015bwiadectwo poprzez wpisanie tej decyzji do PARAFIALNEJ KSI\u0118GI TRZE\u0179WO\u015aCI wy\u0142o\u017conej&nbsp; na stoliku przed obrazem Matki Bo\u017cej Nieustaj\u0105cej Pomocy \u2013 pod ch\u00f3rem<\/em><\/strong><\/li>\n\n\n\n<li><strong>Przypominamy \u017ce w naszej parafii dzia\u0142a Al\u2013Anon, kt\u00f3ry spotyka si\u0119 w ka\u017cdy czwartek o godz. 17:00 na plebanii<em>.<\/em><\/strong><\/li>\n\n\n\n<li><strong><\/strong>Zach\u0119cam do nabywania nowego numeru \u201eGo\u015bcia Niedzielnego\u201d z dodatkiem \u201eGo\u015b\u0107 Elbl\u0105ski w cenie 10 z\u0142.&nbsp;&nbsp;&nbsp;<\/li>\n\n\n\n<li><strong><\/strong>Pan powo\u0142a\u0142 do wieczno\u015bci: \u015bp. Sylwestra CIE\u015aLA lat 81 z ul. Brzechwy<\/li>\n<\/ol>\n\n\n\n<p id=\"block-4638f52d-8513-45c7-9be1-dbf7d4ea2166\">\ufeff<\/p>\n\n\n\n<figure class=\"wp-block-image\" id=\"block-5f437b95-503a-4f29-91f7-75b7c74612d1\"><img decoding=\"async\" src=\"http:\/\/rafalk-elblag.pl\/wp-content\/uploads\/2020\/04\/baner-intencje-mszy.jpg\" alt=\"Obrazek posiada pusty atrybut alt; plik o nazwie baner-intencje-mszy.jpg\"\/><\/figure>\n\n\n\n<h1 class=\"wp-block-heading\" id=\"block-ebb85da5-2bf8-44c6-8a18-015b59726bae\">Intencje mszalne 11.02.2024 r.<\/h1>\n\n\n\n<p><strong>PONIEDZIA\u0141EK \/ 12 lutego 2024<\/strong> \/ Mk 8,11-13<br>8.00 \u015bp. W\u0142adys\u0142aw Stolarki (intencja od Teresy i J\u00f3zefa z rodzin\u0105)<br>18.00 \u015bp. Maria S\u0142omi\u0144ska (w 12 rocznic\u0119 \u015bmierci) i zmarli z rodziny<br>18.00 W intencji Panu Bogu wiadomej<\/p>\n\n\n\n<p><strong>WTOREK \/ 13 lutego 2024<\/strong> \/ Mk 8,14-21<br>8.00 \u015bp. Julia Siuda, Stefan Gr\u0105dzik<br>18.00 \u015bp. Tadeusz Laskowski (w 2 miesi\u0105c po pogrzebie, intencja od si\u00f3str: Krystyny i Barbary)<br>18.00 \u015bp. Zdzis\u0142aw Brzozowski<\/p>\n\n\n\n<p><strong>\u015aRODA \/ 14 lutego 2024 \/ \u015aroda Popielcowa<\/strong> \/ Mt 6,1-6.16-18<br>8.00 \u015bp. Marianna Idzikowska (w 1 rocznic\u0119 \u015bmierci, intencja w dzie\u0144 urodzin)<br>11.00 \u015bp. W\u0142adys\u0142aw Stolarski (intencja od Sylwii i Piotra z rodzin\u0105)<br>16.30 \u015bp. Euzebia i Zygmunt Romanowscy (w 80 rocznic\u0119 \u015blubu)<br>18.00 \u015bp. W\u0142adys\u0142aw Stolarski (w 30 dzie\u0144 po pogrzebie)<br>20.00 \u015bp. Henryk Gil (w 13 rocznic\u0119 \u015bmierci)<\/p>\n\n\n\n<p><strong>CZWARTEK \/ 15 lutego 2024<\/strong> \/ \u0141k 9,22-25<br>8.00 Za dusze w czy\u015b\u0107cu cierpi\u0105ce i \u015bp. Roman<br>18.00 \u015bp. Weronika Czajkowska (w 26 rocznic\u0119 \u015bmierci)<br>18.00 \u015bp. Maria, Wac\u0142aw, Ryszard i zmarli z rodzin: Jasiulewicz\u00f3w, Adrearczyk, Dzienisienko<\/p>\n\n\n\n<p><strong>PI\u0104TEK \/ 16 lutego 2024<\/strong> \/ Mt 9,14-15<br>8.00 \u015bp. Jerzy Duda (w 6 rocznic\u0119 \u015bmierci) i zmarli z rodziny<br>18.00 W intencji os\u00f3b nosz\u0105cych Szkaplerz \u015awi\u0119ty oraz za Rodzin\u0119 Szkaplerzn\u0105 i Animator\u00f3w<br>18.00 \u015bp. Ma\u0142gorzata, J\u00f3zef, Leszek Szandrach<\/p>\n\n\n\n<p><strong>SOBOTA \/ 17 lutego 2024<\/strong> \/ \u0141k 5,27-32<br>8.00 O Bo\u017ce b\u0142., opiek\u0119 Matki Bo\u017cej dla Haliny P\u0142aza z okazji urodzin<br>18.00 \u015bp. Teresa Cesarska (15 rocznica \u015bmierci), Antoni Cesarski<br>18.00 \u015bp. Henryka Dobrzy\u0144ska (w 30 dzie\u0144 po pogrzebie)<\/p>\n\n\n\n<p><strong>I NIEDZIELA WIELKIEGO POSTU \/ 18 lutego 2024<\/strong> \/ Mk 1,12-15<br>8.00 \u015bp. Ryszard, Iwona, Janina, Jan i zmarli z rodzin: D\u0105browskich, Kujawskich, Jasi\u0144skich i Nike<br>10.00 \u015bp. Stanis\u0142aw Kandyba (w 21 rocznic\u0119 \u015bmierci) i zmarli z obojga stron<br>12.00 W intencji Parafian<br>15.00 O Bo\u017ce b\u0142. i opiek\u0119 Matki Bo\u017cej w 70 rocznic\u0119 urodzin Zbigniewa<br>18.00 \u015bp. Czes\u0142aw Dawczak (w 30 dzie\u0144 po pogrzebie)<\/p>\n","protected":false},"excerpt":{"rendered":"<p>Wielki Post \u2013 okazja do przemiany Przed nami kolejna \u015aroda Popielcowa. Tym samym rozpoczynamy kolejny Wielki Post. Obrz\u0119d posypania g\u0142\u00f3w popio\u0142em jeszcze raz przypomni nam, \u017ce doczesno\u015b\u0107, w kt\u00f3rej \u017cyjemy w por\u00f3wnaniu z celem, do kt\u00f3rego zmierzamy jest zaledwie prochem. Przypomni nam tak\u017ce o naszej nieuchronnej przemijalno\u015bci. I w kontek\u015bcie tego ten prosty gest pr\u00f3buje [&hellip;]<\/p>\n","protected":false},"author":1,"featured_media":5401,"comment_status":"closed","ping_status":"closed","sticky":false,"template":"","format":"standard","meta":{"ngg_post_thumbnail":0,"footnotes":""},"categories":[11,8,4,3],"tags":[],"class_list":["post-5400","post","type-post","status-publish","format-standard","has-post-thumbnail","hentry","category-aktualnosci","category-blog","category-intencje","category-ogloszenia"],"_links":{"self":[{"href":"https:\/\/rafalk-elblag.pl\/index.php?rest_route=\/wp\/v2\/posts\/5400","targetHints":{"allow":["GET"]}}],"collection":[{"href":"https:\/\/rafalk-elblag.pl\/index.php?rest_route=\/wp\/v2\/posts"}],"about":[{"href":"https:\/\/rafalk-elblag.pl\/index.php?rest_route=\/wp\/v2\/types\/post"}],"author":[{"embeddable":true,"href":"https:\/\/rafalk-elblag.pl\/index.php?rest_route=\/wp\/v2\/users\/1"}],"replies":[{"embeddable":true,"href":"https:\/\/rafalk-elblag.pl\/index.php?rest_route=%2Fwp%2Fv2%2Fcomments&post=5400"}],"version-history":[{"count":1,"href":"https:\/\/rafalk-elblag.pl\/index.php?rest_route=\/wp\/v2\/posts\/5400\/revisions"}],"predecessor-version":[{"id":5402,"href":"https:\/\/rafalk-elblag.pl\/index.php?rest_route=\/wp\/v2\/posts\/5400\/revisions\/5402"}],"wp:featuredmedia":[{"embeddable":true,"href":"https:\/\/rafalk-elblag.pl\/index.php?rest_route=\/wp\/v2\/media\/5401"}],"wp:attachment":[{"href":"https:\/\/rafalk-elblag.pl\/index.php?rest_route=%2Fwp%2Fv2%2Fmedia&parent=5400"}],"wp:term":[{"taxonomy":"category","embeddable":true,"href":"https:\/\/rafalk-elblag.pl\/index.php?rest_route=%2Fwp%2Fv2%2Fcategories&post=5400"},{"taxonomy":"post_tag","embeddable":true,"href":"https:\/\/rafalk-elblag.pl\/index.php?rest_route=%2Fwp%2Fv2%2Ftags&post=5400"}],"curies":[{"name":"wp","href":"https:\/\/api.w.org\/{rel}","templated":true}]}}