{"id":5397,"date":"2024-02-04T13:32:39","date_gmt":"2024-02-04T13:32:39","guid":{"rendered":"http:\/\/rafalk-elblag.pl\/?p=5397"},"modified":"2024-02-04T13:32:50","modified_gmt":"2024-02-04T13:32:50","slug":"04-02-2024-r-v-niedziela-zwykla","status":"publish","type":"post","link":"https:\/\/rafalk-elblag.pl\/?p=5397","title":{"rendered":"04.02.2024 r., V Niedziela Zwyk\u0142a"},"content":{"rendered":"\n<h2 class=\"wp-block-heading\" id=\"block-de4dbcd2-5192-419e-9a16-24c75cd43305\">Namaszczenie chorych<\/h2>\n\n\n\n<p>\u015awi\u0119te namaszczenie chorych zosta\u0142o ustanowione przez Pana naszego Jezusa Chrystusa jako prawdziwy i w\u0142a\u015bciwy sakrament Nowego Testamentu, o kt\u00f3rym wspomina \u015bw. Marek (Mk 6,13), lecz poleca go wiernym i og\u0142asza Jakub Aposto\u0142 (Jk 5,14-15). W tradycji liturgicznej na Wschodzie i na Zachodzie mamy ju\u017c od czas\u00f3w staro\u017cytnych \u015bwiadectwa o namaszczaniu chorych po\u015bwi\u0119conym olejem.<\/p>\n\n\n\n<p>Sakrament namaszczenia chorych jest po&nbsp;pierwsze sakramentem dla \u017cywych, tak\u017ce dla umieraj\u0105cych, ale&nbsp;na&nbsp;pewno nie&nbsp;dla zmar\u0142ych. Po&nbsp;drugie za\u015b \u0142\u0105cz\u0105 si\u0119 z&nbsp;nim dwie \u0142aski \u2013 albo&nbsp;kto\u015b cudownie wraca do&nbsp;zdrowia, albo&nbsp;ze&nbsp;spokojem umiera i&nbsp;osi\u0105ga zbawienie.<\/p>\n\n\n\n<p>Sakrament ten jest poprzedzony spowiedzi\u0105, je\u015bli chory jest si\u0119 w stanie jeszcze wyspowiada\u0107. Podczas spowiedzi&nbsp;dokonuje si\u0119 uwolnienie chorego z mocy grzechu. Czasem (gdy chory jest nieprzytomny) w&nbsp;momencie udzielania tego sakramentu, Pan B\u00f3g uwalnia dan\u0105 osob\u0119 z&nbsp;grzechu.<\/p>\n\n\n\n<p>W\u00a0Ko\u015bciele Zachodnim namaszcza si\u0119 czo\u0142o i\u00a0r\u0119ce. W\u00f3wczas wypowiada si\u0119 s\u0142owa sakramentalne: ,,Przez to\u00a0\u015bwi\u0119te namaszczenie niech\u00a0Pan w\u00a0swoim niesko\u0144czonym mi\u0142osierdziu wspomo\u017ce ciebie \u0142ask\u0105 Ducha \u015awi\u0119tego. B\u00f3g, kt\u00f3ry\u00a0odpuszcza ci\u00a0grzechy niech\u00a0ci\u0119 \u0142askawie pod\u017awignie. Amen\u201d.<\/p>\n\n\n\n<p>Sakrament namaszczenia chorych nie powinien si\u0119 kojarzy\u0107 z ostatnim sakramentem. Oczywi\u015bcie jest faktem, \u017ce czasem sakrament ten staje si\u0119 ostatnim sakramentem. Nie&nbsp;powinni\u015bmy go jednak tak postrzega\u0107. Winni\u015bmy raczej widzie\u0107 w&nbsp;nim \u0142ask\u0119, z&nbsp;kt\u00f3r\u0105 Pan B\u00f3g przychodzi do&nbsp;osoby chorej, by&nbsp;t\u0105&nbsp;osob\u0119 obdarzy\u0107 \u0142ask\u0105 i&nbsp;podnie\u015b\u0107 j\u0105&nbsp;w&nbsp;cierpieniu.<\/p>\n\n\n\n<p>Je\u015bli chory, kt\u00f3ry zosta\u0142 namaszczony, odzyska\u0142 zdrowie, w przypadku nowej ci\u0119\u017ckiej choroby mo\u017ce ponownie przyj\u0105\u0107 ten sakrament. W ci\u0105gu tej samej choroby namaszczenie chorych mo\u017ce by\u0107 udzielone powt\u00f3rnie, je\u015bli choroba si\u0119 pog\u0142\u0119bia. Sakrament namaszczenia chorych mo\u017cna tak\u017ce przyj\u0105\u0107 przed trudn\u0105 operacj\u0105. Odnosi si\u0119 to tak\u017ce do os\u00f3b starszych, u kt\u00f3rych pog\u0142\u0119bia si\u0119 s\u0142abo\u015b\u0107.<\/p>\n\n\n\n<p>Pierwsz\u0105 \u0142ask\u0105 sakramentu namaszczenia chorych jest \u0142aska umocnienia, pokoju i odwagi, by przezwyci\u0119\u017cy\u0107 trudno\u015bci zwi\u0105zane ze stanem ci\u0119\u017ckiej choroby lub niedo\u0142\u0119stwem staro\u015bci. Ta \u0142aska jest darem Ducha \u015awi\u0119tego, kt\u00f3ry odnawia ufno\u015b\u0107 i wiar\u0119 w Boga oraz umacnia przeciw pokusom z\u0142ego ducha, przeciw pokusie zniech\u0119cenia i trwogi przed \u015bmierci\u0105. Wsparcie Pana przez moc Jego Ducha ma prowadzi\u0107 chorego do uzdrowienia duszy, a tak\u017ce do uzdrowienia cia\u0142a, je\u015bli taka jest wola Bo\u017ca. Inn\u0105 \u0142ask\u0105 jest zjednoczenie z m\u0119k\u0105 Chrystusa. Przez \u0142ask\u0119 tego sakramentu chory otrzymuje si\u0142\u0119 i dar g\u0142\u0119bszego zjednoczenia z m\u0119k\u0105 Chrystusa. Cierpienie &#8211; nast\u0119pstwo grzechu pierworodnego &#8211; otrzymuje nowe znaczenie: staje si\u0119 uczestnictwem w zbawczym dziele Jezusa. Sakrament namaszczenia chorych przygotowuje tak\u017ce do ostatniego przej\u015bcia i przeznaczony jest dla os\u00f3b, kt\u00f3re zbli\u017caj\u0105 si\u0119 do kresu swojego \u017cycia. Namaszczenie wtedy otacza koniec naszego ziemskiego \u017cycia jakby ochron\u0105, zabezpieczaj\u0105c\u0105 nas na ostatni\u0105 walk\u0119 przed wej\u015bciem do domu Ojca. Podsumowuj\u0105c: sakrament namaszczenia chorych pomna\u017ca \u0142ask\u0119 u\u015bwi\u0119caj\u0105c\u0105, umacnia w cierpieniach i daje si\u0142y do zwalczania pokus, a nawet przywraca zdrowie, przynosi r\u00f3wnie\u017c przebaczenie grzech\u00f3w, je\u015bli chory nie m\u00f3g\u0142 go otrzyma\u0107 przez sakrament pokuty.<\/p>\n\n\n\n<p>Gdyby chrze\u015bcijanie znali u\u017cyt\u0105 formu\u0142\u0119 i pocieszaj\u0105ce modlitwy obrz\u0119du, nie by\u0142oby w nich nic poza pokojem, pociech\u0105 i wdzi\u0119czno\u015bci\u0105 za t\u0119 pomoc w tak wa\u017cnym momencie, jakim jest przej\u015bcie do wieczno\u015bci.<\/p>\n\n\n\n<p>Oby\u015bmy u\u015bwiadomili sobie, \u017ce my chrze\u015bcijanie jeste\u015bmy zobowi\u0105zani do jak najlepszego przygotowania si\u0119 do \u015bmierci. Obowi\u0105zkiem bliskich umieraj\u0105cego jest dopilnowanie, aby przyj\u0105\u0142 namaszczenie, albo przedstawiaj\u0105c mu celowo\u015b\u0107 takiego dzia\u0142ania, albo wspominaj\u0105c, \u017ce znajduje si\u0119 w sytuacji zagro\u017cenia, z zachowaniem zdrowego rozs\u0105dku i mi\u0142o\u015bci. Zwykle chory przyjmuje sugesti\u0119 ze spokojem, zw\u0142aszcza je\u015bli mu si\u0119 wyja\u015bni, \u017ce jest to dla jego dobra.<\/p>\n\n\n\n<figure class=\"wp-block-image\" id=\"block-11bfdc70-3a14-4d5e-94a4-c45b2bb4a6cf\"><a href=\"http:\/\/rafalk-elblag.pl\/wp-content\/uploads\/2021\/08\/ogloszenia-parafialne-baner-01a.jpg\"><img decoding=\"async\" src=\"http:\/\/rafalk-elblag.pl\/wp-content\/uploads\/2021\/08\/ogloszenia-parafialne-baner-01a.jpg\" alt=\"Obrazek posiada pusty atrybut alt; plik o nazwie ogloszenia-parafialne-baner-01a.jpg\"\/><\/a><\/figure>\n\n\n\n<h1 class=\"wp-block-heading\" id=\"block-6d42405b-4ab7-4d06-b960-74c4b8e7c4ea\">Og\u0142oszenia parafialne 04.02.2024 r.<\/h1>\n\n\n\n<ol class=\"wp-block-list\" id=\"block-6e7fc4b7-d0ca-43b6-88f8-3d31ed4b7c9b\">\n<li><strong>ZAPRASZAMY DZISIAJ NA ADORACJ\u0118 NAJ\u015aWI\u0118TSZEGO SAKRAMENTU OD GODZ. 16:00 DO GODZ. 18:00<\/strong><\/li>\n\n\n\n<li><strong><\/strong>Ofiary sk\u0142adane dzisiaj na tac\u0119 przeznaczone s\u0105 na uregulowanie rachunku za ogrzewanie Ko\u015bcio\u0142a. <em>Dzi\u0119kuj\u0119 za zrozumienie i z\u0142o\u017cone ofiary.<\/em><\/li>\n\n\n\n<li><strong>Kandydat\u00f3w przygotowuj\u0105cych si\u0119 DRUGI ROK do Sakramentu Bierzmowania\u00a0<\/strong>w naszej parafii zapraszamy na spotkania 8 lutego br. (czwartek) do salki w piwnicy na godz. 19:00. <em>Obecno\u015b\u0107 na tym spotkaniu\u00a0 kandydat\u00f3w jest obowi\u0105zkowa i mile widziana.<\/em><\/li>\n\n\n\n<li>W sobot\u0119 10 lutego przypada <strong>84 rocznica pierwszej deportacji Polak\u00f3w na Sybir<\/strong>.\u00a0Tego dnia o godz. 18:00 b\u0119dzie sprawowana Msza \u015bw. w intencji Sybirak\u00f3w. <em>Serdecznie zapraszamy do wsp\u00f3lnej modlitwy.<\/em><\/li>\n\n\n\n<li>W niedziel\u0119 11 lutego przypada 166 rocznica Objawie\u0144 Matki Bo\u017cej z Lourdes, a zarazem jest to <strong>\u015aWIATOWY DZIE\u0143 CHOREGO<\/strong>. Chorych i ich opiekun\u00f3w zapraszamy szczeg\u00f3lnie na Msz\u0119 \u015bw. o godz. 15:00, w trakcie kt\u00f3rej zostanie <strong>udzielony SAKRAMENT NAMASZCZENIA CHORYCH.<\/strong><em> Mo\u017cliwo\u015b\u0107 skorzystania z sakramentu spowiedzi przed Msz\u0105 \u015bw. Zapraszamy.<\/em><\/li>\n\n\n\n<li><strong><\/strong>Zach\u0119cam do nabywania nowego numeru \u201eGo\u015bcia Niedzielnego\u201d z dodatkiem \u201eGo\u015b\u0107 Elbl\u0105ski w cenie 10 z\u0142.&nbsp;&nbsp;&nbsp;<\/li>\n\n\n\n<li><strong>ZAPRASZAM DO WSP\u00d3LNEGO WYJ\u015aCIA DO MULTIKINA <\/strong>w<strong> <\/strong>Elbl\u0105gu \u2013 Ogrody,<strong> dniu 13 lutego br.(wtorek): godz. 19:30 na film \u201eWANDEA. ZWYCI\u0118STWO ALBO \u015aMIER\u0106\u201d. <\/strong>To fabularna kostiumowa produkcja o bohaterskich francuskich katolikach, kt\u00f3rzy w czasach krwawego terroru Rewolucji Francuskiej wzniecili wielkie ludowe powstanie w obronie wiary i Ko\u015bcio\u0142a, umieszczaj\u0105c na swoich sztandarach wizerunek Naj\u015bwi\u0119tszego Serca Pana Jezusa. <em>Gor\u0105co zach\u0119camy do wybrania si\u0119 do kina i poznania tej nies\u0142usznie zapomnianej dzi\u015b historii.\u00a0Spotkajmy si\u0119 wsp\u00f3lnie w kinie. Zapraszam.<\/em> <strong><em>Cena biletu 13 z\u0142. wp\u0142acamy przy wej\u015bciu do sali kinowej.<\/em><\/strong><\/li>\n\n\n\n<li><strong>Drodzy Siostry i Bracia we wsp\u00f3lnocie Ko\u015bcio\u0142a!<\/strong><br>Kilka dni temu, to jest 25 stycznia 2024 r. Ojciec \u015awi\u0119ty Franciszek wyznaczy\u0142 nowego nuncjusza do Republiki Zimbabwe w po\u0142udniowej Afryce. Swojego przedstawiciela do tego kraju ustanowi\u0142 jednocze\u015bnie arcybiskupem. Nuncjuszem apostolskim i arcybiskupem zosta\u0142 <strong><em>ksi\u0105dz pra\u0142at Janusz Urba\u0144czyk, nale\u017c\u0105cy do duchowie\u0144stwa diecezji elbl\u0105skiej.<\/em><\/strong><br>Pochodzi on z parafii Krzy\u017canowo \u2013 Stare Pole na \u017bu\u0142awach Malborskich. Urodzi\u0142 si\u0119\u00a0w 1967 roku. Liceum Og\u00f3lnokszta\u0142c\u0105ce uko\u0144czy\u0142 w Malborku i tu zdoby\u0142 \u015bwiadectwo maturalne. Studia teologiczne i przygotowanie do kap\u0142a\u0144stwa odbywa\u0142 w Olsztynie. \u015awi\u0119cenia kap\u0142a\u0144skie przyj\u0105\u0142 w 1992 r. w Elbl\u0105gu. Po roku pracy na stanowisku kapelana biskupa elbl\u0105skiego podj\u0105\u0142 studia w Rzymie, na kierunku prawo kanoniczne, kt\u00f3re uwie\u0144czy\u0142 doktoratem. Jednocze\u015bnie w Papieskiej Akademii Ko\u015bcielnej przygotowywa\u0142 si\u0119 do s\u0142u\u017cby w dyplomacji. <em>W 1997 r. rozpocz\u0105\u0142 prac\u0119 jako urz\u0119dnik w przedstawicielstwach Stolicy Apostolskiej w: Boliwii, S\u0142owacji, Nowej Zelandii, Kenii, S\u0142owenii, w Nowym Jorku oraz w Wiedniu.<\/em> Dzia\u0142alno\u015b\u0107 nuncjatur, czyli ambasad lub inaczej m\u00f3wi\u0105c poselstw papieskich, s\u0142u\u017cy Ko\u015bcio\u0142om lokalnym. Przyczynia si\u0119 tak\u017ce sprawie pokoju w r\u00f3\u017cnych cz\u0119\u015bciach \u015bwiata.<br>Wyr\u00f3\u017cnienie i nowe zadania, kt\u00f3re Ko\u015bci\u00f3\u0142 stawia przed ks. pra\u0142atem Urba\u0144czykiem, przyjmuj\u0119 z rado\u015bci\u0105. \u015awi\u0119cenia biskupie s\u0105 wst\u0119pnie planowane na kwiecie\u0144. Maj\u0105 si\u0119 odby\u0107 w katedrze elbl\u0105skiej. Prosz\u0119 o modlitw\u0119 w intencji arcybiskupa Janusza i misji, kt\u00f3r\u0105 podejmuje. \u00a0\u00a0\u00a0\u00a0\u00a0<br>+Jacek Jezierski, biskup elbl\u0105ski<\/li>\n<\/ol>\n\n\n\n<p id=\"block-4638f52d-8513-45c7-9be1-dbf7d4ea2166\">\ufeff<\/p>\n\n\n\n<figure class=\"wp-block-image\" id=\"block-5f437b95-503a-4f29-91f7-75b7c74612d1\"><img decoding=\"async\" src=\"http:\/\/rafalk-elblag.pl\/wp-content\/uploads\/2020\/04\/baner-intencje-mszy.jpg\" alt=\"Obrazek posiada pusty atrybut alt; plik o nazwie baner-intencje-mszy.jpg\"\/><\/figure>\n\n\n\n<h1 class=\"wp-block-heading\" id=\"block-ebb85da5-2bf8-44c6-8a18-015b59726bae\">Intencje mszalne 04.02.2024 r.<\/h1>\n\n\n\n<p><strong>PONIEDZIA\u0141EK \/ 5 lutego 2024<\/strong> \/ <strong>\u015bw. Agaty<\/strong> \/ Mk 6,53-56<br>8.00 \u015bp. Zbigniew Smolak (intencja od brata Wojciecha z \u017con\u0105, z Woli Duckiej)<br>18.00 \u015bp. Walenty Myszk (w 20 rocznic\u0119 \u015bmierci)<br>18.00 \u015bp. Stanis\u0142awa [k] Mochol (w 2 miesi\u0105c po \u015bmierci)<\/p>\n\n\n\n<p><strong>WTOREK \/ 6 lutego 2024 <\/strong>\/ <strong>\u015bw. Paw\u0142a Miki i Towarzyszy <\/strong>\/ Mk 7,1-13<br>8.00 \u015bp. Zbigniew Smolak (intencja od Jarka i Iwony Skrzyneckiej)<br>18.00 \u015bp. Adolfa (w rocznic\u0119 \u015bmierci) i zmar\u0142ych z rodziny Adamowicz<br>18.00 \u015bp. Bogus\u0142aw Kondrat (w 7 rocznic\u0119 \u015bmierci) oraz Stanis\u0142aw i Stanis\u0142awa Kondrat<\/p>\n\n\n\n<p><strong>\u015aRODA \/ 7 lutego 2024<\/strong> \/ Mk 7,14-23<br>8.00 \u015bp. Zbigniew Smolak (intencja od Cecylii Przybysz z rodzin\u0105, z Woli Duckiej)<br>18.00 \u015bp. Edward Kosi\u0144ski (w 3 rocznic\u0119 \u015bmierci)<br>18.00 \u015bp. Alfred Dolny<\/p>\n\n\n\n<p><strong>CZWARTEK \/ 8 lutego 2024<\/strong> \/ Mk 7,24-30<br>8.00 \u015bp. Zbigniew Smolak (intencja od rodziny M\u0142ot\u00f3w i D\u0105browskich z Woli Duckiej)<br>18.00 \u015bp. Stanis\u0142awa [k] K\u0119pi\u0144ska (w 12 rocznic\u0119 \u015bmierci), Antoni K\u0119pi\u0144ski<br>18.00 \u015bp. Marta Bogdanowicz (w 2 rocznic\u0119 \u015bmierci)<\/p>\n\n\n\n<p><strong>PI\u0104TEK \/ 9 lutego 2024<\/strong> \/ Mk 7,31-37<br>8.00 \u015bp. Bronis\u0142awa [k] G\u0105sior (w 21 rocznic\u0119 \u015bmierci)<br>18.00 W 50 rocznic\u0119 \u015blubu El\u017cbiety i Wies\u0142awa<br>18.00 O \u0142ask\u0119 zdrowia w dniu urodzin i imienin Brygidy<\/p>\n\n\n\n<p><strong>SOBOTA \/ 10 lutego 2024 \/ \u015bw. Scholastyki<\/strong> \/ Mk 8,1-10<br>8.00 \u015bp. Zbigniew Smolak (w 30 dzie\u0144 po pogrzebie)<br>18.00 W intencji wszystkich Sybirak\u00f3w w rocznic\u0119 pierwszej deportacji<br>18.00 Dzi\u0119kczynna w 70 urodziny Lucyny Ostrowskiej, z pro\u015bb\u0105 o Bo\u017ce b\u0142., potrzebne \u0142aski i opiek\u0119 Matki Bo\u017cej Szkaplerznej<\/p>\n\n\n\n<p><strong>VI NIEDZIELA ZWYK\u0141A \/ 11 lutego 2024<\/strong> \/ Mk 1,40-45<br>8.00 \u015bp. Julian Hochleitner (w 9 rocznic\u0119 \u015bmierci), Cecylia Lewandowska (w 13 rocznic\u0119 \u015bmierci)<br>10.00 O dar m\u0105dro\u015bci i roztropno\u015bci w codzienno\u015bci dla Nikodema i jego rodziny, Agnieszki i ca\u0142ej rodziny zakonnej oraz Magdaleny i jej rodziny<br>12.00 Dzi\u0119kczynna za prze\u017cyte 50 lat ma\u0142\u017ce\u0144stwa Barbary i Henryka Jackiewicz, z pro\u015bb\u0105 o Bo\u017ce b\u0142. na dalsze lata \u017cycia<br>15.00 W intencji Parafian<br>15.00 \u015bp. Roman Staszy\u0144ski (w 2 rocznic\u0119 \u015bmierci) oraz zmarli rodzice i dziadkowie<br>z obu stron<br>18.00 \u015bp. Boles\u0142awa [k] Szulczyk (w 11 rocznic\u0119 \u015bmierci) i Bronis\u0142aw Szulczyk<\/p>\n","protected":false},"excerpt":{"rendered":"<p>Namaszczenie chorych \u015awi\u0119te namaszczenie chorych zosta\u0142o ustanowione przez Pana naszego Jezusa Chrystusa jako prawdziwy i w\u0142a\u015bciwy sakrament Nowego Testamentu, o kt\u00f3rym wspomina \u015bw. Marek (Mk 6,13), lecz poleca go wiernym i og\u0142asza Jakub Aposto\u0142 (Jk 5,14-15). W tradycji liturgicznej na Wschodzie i na Zachodzie mamy ju\u017c od czas\u00f3w staro\u017cytnych \u015bwiadectwa o namaszczaniu chorych po\u015bwi\u0119conym olejem. [&hellip;]<\/p>\n","protected":false},"author":1,"featured_media":5398,"comment_status":"closed","ping_status":"closed","sticky":false,"template":"","format":"standard","meta":{"ngg_post_thumbnail":0,"footnotes":""},"categories":[11,8,4,3],"tags":[],"class_list":["post-5397","post","type-post","status-publish","format-standard","has-post-thumbnail","hentry","category-aktualnosci","category-blog","category-intencje","category-ogloszenia"],"_links":{"self":[{"href":"https:\/\/rafalk-elblag.pl\/index.php?rest_route=\/wp\/v2\/posts\/5397","targetHints":{"allow":["GET"]}}],"collection":[{"href":"https:\/\/rafalk-elblag.pl\/index.php?rest_route=\/wp\/v2\/posts"}],"about":[{"href":"https:\/\/rafalk-elblag.pl\/index.php?rest_route=\/wp\/v2\/types\/post"}],"author":[{"embeddable":true,"href":"https:\/\/rafalk-elblag.pl\/index.php?rest_route=\/wp\/v2\/users\/1"}],"replies":[{"embeddable":true,"href":"https:\/\/rafalk-elblag.pl\/index.php?rest_route=%2Fwp%2Fv2%2Fcomments&post=5397"}],"version-history":[{"count":1,"href":"https:\/\/rafalk-elblag.pl\/index.php?rest_route=\/wp\/v2\/posts\/5397\/revisions"}],"predecessor-version":[{"id":5399,"href":"https:\/\/rafalk-elblag.pl\/index.php?rest_route=\/wp\/v2\/posts\/5397\/revisions\/5399"}],"wp:featuredmedia":[{"embeddable":true,"href":"https:\/\/rafalk-elblag.pl\/index.php?rest_route=\/wp\/v2\/media\/5398"}],"wp:attachment":[{"href":"https:\/\/rafalk-elblag.pl\/index.php?rest_route=%2Fwp%2Fv2%2Fmedia&parent=5397"}],"wp:term":[{"taxonomy":"category","embeddable":true,"href":"https:\/\/rafalk-elblag.pl\/index.php?rest_route=%2Fwp%2Fv2%2Fcategories&post=5397"},{"taxonomy":"post_tag","embeddable":true,"href":"https:\/\/rafalk-elblag.pl\/index.php?rest_route=%2Fwp%2Fv2%2Ftags&post=5397"}],"curies":[{"name":"wp","href":"https:\/\/api.w.org\/{rel}","templated":true}]}}