{"id":5393,"date":"2024-01-28T20:07:21","date_gmt":"2024-01-28T20:07:21","guid":{"rendered":"http:\/\/rafalk-elblag.pl\/?p=5393"},"modified":"2024-01-28T20:07:21","modified_gmt":"2024-01-28T20:07:21","slug":"28-01-2024-r-iv-niedziela-zwykla","status":"publish","type":"post","link":"https:\/\/rafalk-elblag.pl\/?p=5393","title":{"rendered":"28.01.2024 r., IV Niedziela Zwyk\u0142a"},"content":{"rendered":"\n<h2 class=\"wp-block-heading\" id=\"block-de4dbcd2-5192-419e-9a16-24c75cd43305\">Ofiarowanie Pa\u0144skie<\/h2>\n\n\n\n<p>\u015awi\u0119to Ofiarowania Pa\u0144skiego podkre\u015bla zwi\u0105zek Jezusa Chrystusa ze \u015awi\u0105tyni\u0105. Pan Jezus jest prawdziw\u0105 \u015awi\u0105tyni\u0105, On tak\u017ce jest ofiar\u0105 i kap\u0142anem.<\/p>\n\n\n\n<p>G\u0142\u0119boka jest tre\u015b\u0107 \u015bwi\u0119ta Ofiarowania Pa\u0144skiego: Chrystus Pan wchodzi do \u015bwi\u0105tyni, aby podkre\u015bli\u0107, \u017ce ko\u0144czy si\u0119 kap\u0142a\u0144stwo Starego Przymierza, a rozpoczyna si\u0119 w Nim i przez Niego Kap\u0142a\u0144stwo nowe oraz nowa, najwy\u017csza i najdoskonalsza Ofiara, kt\u00f3r\u0105 On aktem ofiarowania si\u0119 Ojcu niebieskiemu w \u015bwi\u0105tyni dzisiaj zapocz\u0105tkowa\u0142.<\/p>\n\n\n\n<p>Scena, kt\u00f3r\u0105 opisuje Ewangelia \u015awi\u0119ta Ofiarowania Pa\u0144skiego ma miejsce po pok\u0142onie M\u0119drc\u00f3w ze Wschodu, a przed ucieczk\u0105 do Egiptu. Dla ludu Izraela, to znaczy 40 dni po narodzinach dziecka, nast\u0119puje oczyszczenie matki (por. Kp\u0142 12, 1-8). Znaczenie nieczysto\u015bci w Starym Testamencie jest inne ni\u017c to, jakie przypisujemy mu obecnie. Nie chodzi tu o win\u0119 moraln\u0105. Kobieta, kt\u00f3ra przynosi na \u015bwiat dziecko dotkn\u0119\u0142a stw\u00f3rczej mocy Boga i, z powodu niegodno\u015bci osoby ludzkiej, to dotkni\u0119cie czyni j\u0105 nieczyst\u0105: potrzebuje rytualnego oczyszczenia. To oczyszczenie ukazuje, \u017ce uznaje si\u0119 i szanuje \u015bwi\u0119to\u015b\u0107 Boga.<\/p>\n\n\n\n<p>Ewangelista pragnie ukaza\u0107 zwi\u0105zek Pana Jezusa ze \u015awi\u0105tyni\u0105. Nawiedzenie przez Maryj\u0119 \u015awi\u0105tyni, aby dokona\u0107 obrz\u0119du oczyszczenia jest dla \u0141ukasza \u201eprzedstawieniem\u201d Jezusa. Poniewa\u017c \u015awi\u0105tynia jest miejscem, gdzie kap\u0142an sk\u0142ada ofiar\u0119. Jezus nale\u017cy do Boga; \u015awi\u0119ty J\u00f3zef i Naj\u015bwi\u0119tsza Maryja Panna potwierdzaj\u0105 w pewien spos\u00f3b t\u0119 przynale\u017cno\u015b\u0107 poprzez gest ofiarowania Dzieci\u0105tka Bogu.<\/p>\n\n\n\n<p>Jezus jest \u015bwi\u0119ty, nale\u017cy do Boga i ofiaruje si\u0119 jako ofiara na Krzy\u017cu: jest jednocze\u015bnie ofiar\u0105, o\u0142tarzem i kap\u0142anem. W rzeczywisto\u015bci Jezus jest prawdziw\u0105 i ostateczn\u0105 \u015awi\u0105tyni\u0105.<\/p>\n\n\n\n<p>W dalszej kolejno\u015bci \u0141ukasz relacjonuje spotkanie z Symeonem i jego proroctwo wypowiedziane w \u015awi\u0105tyni.<\/p>\n\n\n\n<p>W ka\u017cdej parafii s\u0105 wybrane dusze, kt\u00f3re nawet w dni powszednie ch\u0119tnie id\u0105 do ko\u015bcio\u0142a, aby si\u0119 pomodli\u0107 i wys\u0142ucha\u0107 Mszy \u015bwi\u0119tej. Uwa\u017caj\u0105 te pobo\u017cne i bogobojne osoby s\u0142usznie, \u017ce to najpi\u0119kniejsze rozpocz\u0119cie czy te\u017c zako\u0144czenie ka\u017cdego dnia. Podobny zwyczaj istnia\u0142 r\u00f3wnie\u017c przy \u015bwi\u0105tyni jerozolimskiej. Wiele os\u00f3b, gdy tylko odezwa\u0142y si\u0119 tr\u0105bki na znak, \u017ce nabo\u017ce\u0144stwo poranne lub popo\u0142udniowe si\u0119 rozpoczyna, wst\u0119powa\u0142o do \u015bwi\u0105tyni aby w nabo\u017ce\u0144stwach tych uczestniczy\u0107 i aby si\u0119 modli\u0107. Wprawdzie nikomu kto nie by\u0142 kap\u0142anem nie wolno by\u0142o wchodzi\u0107 do samej \u015bwi\u0105tyni. Mo\u017cna jednak by\u0142o gromadzi\u0107 si\u0119 w otwartych kru\u017cgankach, kt\u00f3re by\u0142y przy \u015bwi\u0105tyni. \u015awi\u0105tynia by\u0142a tak ustawiona, \u017ce mo\u017cna by\u0142o j\u0105 ogl\u0105da\u0107 ze wszystkich stron. Dla niewiast izraelskich by\u0142y zarezerwowane kru\u017cganki po\u0142o\u017cone ni\u017cej. \u015aw. \u0141ukasz pisze, \u017ce do najpobo\u017cniejszych zaliczali si\u0119 starzec Symeon i pewna wdowa, imieniem Anna. W nagrod\u0119 za to tylko oni ujrzeli Zbawiciela, a starzec Symeon mia\u0142 nawet szcz\u0119\u015bcie na r\u0119ku go swoim trzyma\u0107. Z tej jednak okazji pod natchnieniem Ducha \u015bwi\u0119tego wypowiada o Bo\u017cej Dziecinie szereg proroctw: \u017ce b\u0119dzie Ono \u015bwiat\u0142em, kt\u00f3re o\u015bwieci wszystkie narody. Jednak nie wszyscy to \u015bwiat\u0142o przyjm\u0105, b\u0119d\u0105 bowiem tacy, kt\u00f3rzy nim pogardz\u0105. Z tego powodu wycierpi wiele tak\u017ce jego Matka.<\/p>\n\n\n\n<p>Tak\u017ce my sami, zanurzeni poprzez chrzest w \u015bmierci i zmartwychwstaniu Chrystusa jeste\u015bmy \u015bwi\u0105tyni\u0105 Boga. Jeste\u015bmy powo\u0142ani, aby z\u0142o\u017cy\u0107 nasze \u017cycie jako duchow\u0105 ofiar\u0119. Tak jak kropla wody, kt\u00f3r\u0105 celebrans miesza z winem przed przeistoczeniem, tak my pragniemy wzi\u0105\u0107 udzia\u0142 w B\u00f3stwie tego, kt\u00f3ry przyj\u0105\u0142 nasze cz\u0142owiecze\u0144stwo.<\/p>\n\n\n\n<p>Jeste\u015bmy powo\u0142ani, aby \u201eprzedstawi\u0107\u201d siebie Bogu, aby z\u0142o\u017cy\u0107 w ofierze nasze \u017cycie i to kim jeste\u015bmy, poniewa\u017c nale\u017cymy do Niego i w Nim odnajdujemy nasze szcz\u0119\u015bcie. Za ka\u017cdym razem kiedy uczestniczymy w Eucharystii, mo\u017cemy odnowi\u0107 to z\u0142o\u017cenie w ofierze nas samych, na przyk\u0142ad podczas ofiarowania dar\u00f3w, podczas podniesienia, albo w czasie dzi\u0119kczynienia po Komunii. Ca\u0142e nasze \u017cycie mo\u017ce przekszta\u0142ci\u0107 si\u0119 w \u201eOfiarowanie Panu\u201d: \u201cPanie, b\u0119d\u0119 Ci s\u0142u\u017cy\u0142, pozw\u00f3l, abym Ci s\u0142u\u017cy\u0142!\u201d Jeste\u015bmy wezwani, aby odda\u0107 Mu wszystko. On jest prawdziwym \u015bwiat\u0142em, jego Duch daje nam mi\u0142o\u015b\u0107, kt\u00f3ra jest w sercu naszego \u017cycia i kt\u00f3r\u0105 mo\u017cemy przekaza\u0107, aby nada\u0107 sens \u017cyciu bardzo wielu os\u00f3b: \u201eMi\u0142o\u015b\u0107 jest \u015bwiat\u0142em \u2014 w gruncie rzeczy jedynym \u2014 kt\u00f3re zawsze na nowo rozprasza mroki ciemnego \u015bwiata i daje nam odwag\u0119 do \u017cycia i dzia\u0142ania\u201d.<\/p>\n\n\n\n<figure class=\"wp-block-image\" id=\"block-11bfdc70-3a14-4d5e-94a4-c45b2bb4a6cf\"><a href=\"http:\/\/rafalk-elblag.pl\/wp-content\/uploads\/2021\/08\/ogloszenia-parafialne-baner-01a.jpg\"><img decoding=\"async\" src=\"http:\/\/rafalk-elblag.pl\/wp-content\/uploads\/2021\/08\/ogloszenia-parafialne-baner-01a.jpg\" alt=\"Obrazek posiada pusty atrybut alt; plik o nazwie ogloszenia-parafialne-baner-01a.jpg\"\/><\/a><\/figure>\n\n\n\n<h1 class=\"wp-block-heading\" id=\"block-6d42405b-4ab7-4d06-b960-74c4b8e7c4ea\">Og\u0142oszenia parafialne 28.01.2024 r.<\/h1>\n\n\n\n<ol class=\"wp-block-list\" id=\"block-6e7fc4b7-d0ca-43b6-88f8-3d31ed4b7c9b\">\n<li>Dzisiaj Wolontariusze Caritas zbieraj\u0105 przed ko\u015bcio\u0142em ofiary dla najubo\u017cszych i potrzebuj\u0105cych z naszej parafii<em>.<\/em> Po Mszy \u015bw. o godz. 15:00 spotkanie comiesi\u0119czne w salce na plebanii dla Apostolatu Bo\u017cego Mi\u0142osierdzia i Woluntariuszy Caritas \u00a0\u2013 zapraszam.<em>\u00a0 <\/em><\/li>\n\n\n\n<li><strong>W poniedzia\u0142ek 29 stycznia br. na godz. 10:00 zapraszam ch\u0119tne osoby do pomocy przy rozbieraniu dekoracji \u015bwi\u0105tecznej ko\u015bcio\u0142a.<\/strong><\/li>\n\n\n\n<li><strong><\/strong>Zapraszamy wszystkich pragn\u0105cych lepiej zrozumie\u0107 S\u0142owo Bo\u017ce na spotkania <strong>Kr\u0119gu Biblijnego<\/strong> w \u015brod\u0119 31 stycznia po Mszy \u015bw. wieczornej.<\/li>\n\n\n\n<li><strong>W pi\u0105tek przypada \u015awi\u0119to Ofiarowania Pa\u0144skiego.<\/strong> W ca\u0142ym Ko\u015bciele obchodzimy \u015awiatowy Dzie\u0144 \u017bycia Konsekrowanego. W tym dniu czcimy Chrystusa Pana &#8211; \u015awiat\u0142o\u015b\u0107 \u015awiata (symbolizuj\u0105 to \u015bwiece) i Jego Matk\u0119 pod nazw\u0105 Matki Bo\u017cej Gromnicznej. <strong>Po\u015bwi\u0119cenie \u015bwiec podczas ka\u017cdej Mszy \u015bw. tj. o godz. 8:00 i 18:00<\/strong><\/li>\n\n\n\n<li>W sobot\u0119 wspomnienie \u015bw. B\u0142a\u017ceja patrona od chor\u00f3b gard\u0142a. <em>Zapraszamy do uczestnictwa we Mszy \u015bw. o&nbsp;godz. 8:00 lub o godz. 18:00.<\/em><\/li>\n\n\n\n<li>W tym tygodniu przypada pierwszy czwartek, pi\u0105tek i sobota miesi\u0105ca.<br><strong>w pierwszy czwartek <\/strong>zapraszamy do wsp\u00f3lnej modlitwy o nowe powo\u0142ania kap\u0142a\u0144skie i zakonne.<strong> Msza \u015bw. o godz. 18:00, a po niej ,,Godzina \u015awi\u0119ta\u201d<\/strong>, czyli ADORACJA przed Naj\u015bwi\u0119tszym Sakramentem w powy\u017cszych intencjach.<br><strong>w pierwszy pi\u0105tek<\/strong> spowied\u017a dla dzieci, m\u0142odzie\u017cy i doros\u0142ych od godz. 17:30.\u00a0Msza \u015bw. Wotywna o NSPJ dla wszystkich o godz.18:00. Zapraszamy.<br><strong>w pierwsz\u0105 sobot\u0119<\/strong> przed Msz\u0105 \u015bw. o godz. 17:00 zapraszamy na nabo\u017ce\u0144stwo wynagradzaj\u0105ce Niepokalanemu Sercu Maryi za zniewagi grzesznik\u00f3w.\u00a0<em>Tego dnia zmiana tajemnic dla \u017bywego R\u00f3\u017ca\u0144ca.<\/em><\/li>\n\n\n\n<li><strong><\/strong>Z racji pierwszego pi\u0105tku ks. Sylwester i ks. Proboszcz udadz\u0105 si\u0119 do chorych 2 lutego od godz. 9:30, natomiast ks. Mateusz w sobot\u0119 tj. 3 lutego od godz. 10:00.<strong><\/strong><\/li>\n\n\n\n<li><strong><\/strong><strong>&nbsp;<\/strong><strong>W \u015brod\u0119 &nbsp;zako\u0144czyli\u015bmy wizyt\u0119 duszpastersk\u0105 w naszej parafii. Dzi\u0119kujemy&nbsp; parafianom, <\/strong>kt\u00f3rzy uczestniczyli we Mszy \u015bw. o godz. 8:00 sprawowanej w intencji rodzin do kt\u00f3rych udawali\u015bmy si\u0119 z kol\u0119d\u0105. <em>Dzi\u0119kuj\u0119 <strong>MINISTRANTOM,<\/strong> kt\u00f3rzy zaanga\u017cowali si\u0119 podczas wizyty duszpasterskiej za ich nieocenion\u0105 pomoc.<\/em> <em><u>Serdecznie B\u00f3g zap\u0142a\u0107 sk\u0142adam tym wszystkim, kt\u00f3rzy z tej okazji z\u0142o\u017cyli ofiar\u0119 na potrzeby naszego ko\u015bcio\u0142a.<\/u><\/em><\/li>\n\n\n\n<li><strong><em>Osoby, kt\u00f3re pragn\u0105 jeszcze zaprosi\u0107 kap\u0142ana do swego domu w ramach wizyty prosimy o kontakt.<\/em><\/strong><\/li>\n\n\n\n<li><strong><\/strong><strong>Wszystkim dzieciom, m\u0142odzie\u017cy i nauczycielom na czas ferii zimowych &#8211; \u017cyczymy&nbsp; b\u0142ogos\u0142awie\u0144stwa Bo\u017cego, bezpiecznego i pe\u0142nego rado\u015bci wypoczynku.<\/strong><\/li>\n\n\n\n<li><strong><\/strong><strong>KORZYSTAJMY Z SAKRAMENTU SPOWIEDZI \u015aW.<\/strong><em><u> \u2013 mamy tak\u0105 mo\u017cliwo\u015b\u0107, codziennie przed Msz\u0105 \u015bw. od godz. 7:45 lub od godz.17:30. <\/u><\/em><strong><\/strong><\/li>\n\n\n\n<li>Za tydzie\u0144 ofiary z\u0142o\u017cone na tac\u0119 przeznaczone b\u0119d\u0105 uregulowanie rachunku za ogrzewanie Ko\u015bcio\u0142a. <em>Dzi\u0119kuj\u0119 za zrozumienie i z\u0142o\u017cone ofiary.<\/em><strong><em><u><\/u><\/em><\/strong><\/li>\n\n\n\n<li><strong><\/strong>Zach\u0119cam do nabywania nowego numeru \u201eGo\u015bcia Niedzielnego\u201d z dodatkiem \u201eGo\u015b\u0107 Elbl\u0105ski w cenie 10 z\u0142.&nbsp;&nbsp;&nbsp;&nbsp;&nbsp;&nbsp;&nbsp;&nbsp;&nbsp;&nbsp;&nbsp;&nbsp;&nbsp;&nbsp;&nbsp;&nbsp;&nbsp;&nbsp;&nbsp;&nbsp;&nbsp;&nbsp;&nbsp;&nbsp;&nbsp;&nbsp;&nbsp;&nbsp;&nbsp;&nbsp;&nbsp;&nbsp;<\/li>\n<\/ol>\n\n\n\n<p id=\"block-4638f52d-8513-45c7-9be1-dbf7d4ea2166\">\ufeff<\/p>\n\n\n\n<figure class=\"wp-block-image\" id=\"block-5f437b95-503a-4f29-91f7-75b7c74612d1\"><img decoding=\"async\" src=\"http:\/\/rafalk-elblag.pl\/wp-content\/uploads\/2020\/04\/baner-intencje-mszy.jpg\" alt=\"Obrazek posiada pusty atrybut alt; plik o nazwie baner-intencje-mszy.jpg\"\/><\/figure>\n\n\n\n<h1 class=\"wp-block-heading\" id=\"block-ebb85da5-2bf8-44c6-8a18-015b59726bae\">Intencje mszalne 28.01.2024 r.<\/h1>\n\n\n\n<p><strong>PONIEDZIA\u0141EK \/ 29 stycznia 2024<\/strong> \/ Mk 5,1-20<br>8.00 \u015bp. Krystyna Stapurewicz (29 greg.)<br>18.00 \u015bp. Jan Kr\u00f3l (w 3 rocznic\u0119 \u015bmierci)<\/p>\n\n\n\n<p><strong>WTOREK \/ 30 stycznia 2024<\/strong> \/ Mk 5,21-43<br>8.00 \u015bp. Krystyna Stapurewicz (30 greg.)<br>18.00 \u015bp. Franciszka [k] i Stanis\u0142aw Zaborowscy oraz zmarli rodzice<br>18.00 Dzi\u0119kczynna za \u0141ucj\u0119 z okazji 5 urodzin z pro\u015bb\u0105 o potrzebne \u0142aski<\/p>\n\n\n\n<p><strong>\u015aRODA \/ 31 stycznia 2024 \/ \u015bw. Jana Bosko<\/strong> \/ Mk 6,1-6<br>8.00 Wynagradzaj\u0105ca Tr\u00f3jcy \u015awi\u0119tej i Matce Bo\u017cej za grzechy aborcji<br>18.00 \u015bp. Jerzy (w 4 rocznic\u0119 \u015bmierci)<\/p>\n\n\n\n<p><strong>CZWARTEK \/ 1 lutego 2024<\/strong> \/ Mk 6,7-13<br>8.00 Dzi\u0119kczynna w 80 urodziny Edwarda Hipsz, z pro\u015bb\u0105 o zdrowie, Bo\u017ce b\u0142., opiek\u0119 Matki Bo\u017cej na dalsze lata<br>18.00 Za kap\u0142an\u00f3w tutaj pos\u0142uguj\u0105cych, osoby modl\u0105ce si\u0119 za kap\u0142an\u00f3w oraz o nowe powo\u0142ania kap\u0142a\u0144skie, zakonne i misyjne<\/p>\n\n\n\n<p><strong>PI\u0104TEK \/ 2 lutego 2024 \/ \u015awi\u0119to Ofiarowania Pa\u0144skiego <\/strong>\/ \u0141k 2,22-40<br>8.00 \u015bp. W\u0142adys\u0142aw Stolarski (intencja od Kazimierza)<br>18.00 W intencji czcicieli Naj\u015bwi\u0119tszego Serca Pana Jezusa i dzieci praktykuj\u0105cych 9 pierwszych pi\u0105tk\u00f3w miesi\u0105ca<\/p>\n\n\n\n<p><strong>SOBOTA \/ 3 lutego 2024 \/ \u015bw. B\u0142a\u017ceja<\/strong> \/ Mk 6,30-34<br>8.00 \u015bp. W\u0142adys\u0142aw Stolarski (intencja od Anny Wilczy\u0144skiej)<br>18.00 W intencji naszej Ojczyzny o jedno\u015b\u0107 w naszych domach, wsp\u00f3lnotach, aby Matka Bo\u017ca otacza\u0142a nas wszystkich swoja macierzy\u0144sk\u0105 opiek\u0105 \u2013 intencja od V R\u00f3\u017cy Matki Bo\u017cej Fatimskiej<br>18.00 Dzi\u0119kczynna za otrzymane \u0142aski, pomoc oraz dobrodziejstwa w 2023 roku, z pro\u015bb\u0105 o dalsz\u0105 opiek\u0119 i b\u0142ogos\u0142awie\u0144stwo na 2024 rok dla rodziny Karmowskich, a zw\u0142aszcza w intencji szcz\u0119\u015bliwego zdania egzaminu s\u0119dziowskiego dla Alicji<\/p>\n\n\n\n<p><strong>V NIEDZIELA ZWYK\u0141A \/ 4 lutego 2024<\/strong> \/ Mk 1,29-39<br>8.00 O do\u015bwiadczenie Bo\u017cej mi\u0142o\u015bci dla Karoliny i Sebastiana<br>10.00 \u015bp. Weronika Fiodorowicz (w 3 rocznic\u0119 \u015bmierci), Jan Fiodorowicz<br>12.00 W intencji Parafian<br>15.00 \u015bp. Jan Marcinkowski (3 rocznica \u015bmierci), rodzice: J\u00f3zefa [k] i W\u0142adys\u0142aw oraz bracia Kazimierz i W\u0142adys\u0142aw Gawron<br>18.00 \u015bp. Janina Pastuszka (w 7 rocznic\u0119 \u015bmierci) oraz Jan, Tadeusz, Zbigniew, Wojciech i zmarli z rodziny<\/p>\n","protected":false},"excerpt":{"rendered":"<p>Ofiarowanie Pa\u0144skie \u015awi\u0119to Ofiarowania Pa\u0144skiego podkre\u015bla zwi\u0105zek Jezusa Chrystusa ze \u015awi\u0105tyni\u0105. Pan Jezus jest prawdziw\u0105 \u015awi\u0105tyni\u0105, On tak\u017ce jest ofiar\u0105 i kap\u0142anem. G\u0142\u0119boka jest tre\u015b\u0107 \u015bwi\u0119ta Ofiarowania Pa\u0144skiego: Chrystus Pan wchodzi do \u015bwi\u0105tyni, aby podkre\u015bli\u0107, \u017ce ko\u0144czy si\u0119 kap\u0142a\u0144stwo Starego Przymierza, a rozpoczyna si\u0119 w Nim i przez Niego Kap\u0142a\u0144stwo nowe oraz nowa, najwy\u017csza i [&hellip;]<\/p>\n","protected":false},"author":1,"featured_media":5394,"comment_status":"closed","ping_status":"closed","sticky":false,"template":"","format":"standard","meta":{"ngg_post_thumbnail":0,"footnotes":""},"categories":[11,8,4,3],"tags":[],"class_list":["post-5393","post","type-post","status-publish","format-standard","has-post-thumbnail","hentry","category-aktualnosci","category-blog","category-intencje","category-ogloszenia"],"_links":{"self":[{"href":"https:\/\/rafalk-elblag.pl\/index.php?rest_route=\/wp\/v2\/posts\/5393","targetHints":{"allow":["GET"]}}],"collection":[{"href":"https:\/\/rafalk-elblag.pl\/index.php?rest_route=\/wp\/v2\/posts"}],"about":[{"href":"https:\/\/rafalk-elblag.pl\/index.php?rest_route=\/wp\/v2\/types\/post"}],"author":[{"embeddable":true,"href":"https:\/\/rafalk-elblag.pl\/index.php?rest_route=\/wp\/v2\/users\/1"}],"replies":[{"embeddable":true,"href":"https:\/\/rafalk-elblag.pl\/index.php?rest_route=%2Fwp%2Fv2%2Fcomments&post=5393"}],"version-history":[{"count":1,"href":"https:\/\/rafalk-elblag.pl\/index.php?rest_route=\/wp\/v2\/posts\/5393\/revisions"}],"predecessor-version":[{"id":5395,"href":"https:\/\/rafalk-elblag.pl\/index.php?rest_route=\/wp\/v2\/posts\/5393\/revisions\/5395"}],"wp:featuredmedia":[{"embeddable":true,"href":"https:\/\/rafalk-elblag.pl\/index.php?rest_route=\/wp\/v2\/media\/5394"}],"wp:attachment":[{"href":"https:\/\/rafalk-elblag.pl\/index.php?rest_route=%2Fwp%2Fv2%2Fmedia&parent=5393"}],"wp:term":[{"taxonomy":"category","embeddable":true,"href":"https:\/\/rafalk-elblag.pl\/index.php?rest_route=%2Fwp%2Fv2%2Fcategories&post=5393"},{"taxonomy":"post_tag","embeddable":true,"href":"https:\/\/rafalk-elblag.pl\/index.php?rest_route=%2Fwp%2Fv2%2Ftags&post=5393"}],"curies":[{"name":"wp","href":"https:\/\/api.w.org\/{rel}","templated":true}]}}