{"id":5390,"date":"2024-01-21T16:01:23","date_gmt":"2024-01-21T16:01:23","guid":{"rendered":"http:\/\/rafalk-elblag.pl\/?p=5390"},"modified":"2024-01-21T16:01:23","modified_gmt":"2024-01-21T16:01:23","slug":"21-01-2024-r-iii-niedziela-zwykla","status":"publish","type":"post","link":"https:\/\/rafalk-elblag.pl\/?p=5390","title":{"rendered":"21.01.2024 r., III Niedziela Zwyk\u0142a"},"content":{"rendered":"\n<h2 class=\"wp-block-heading\" id=\"block-de4dbcd2-5192-419e-9a16-24c75cd43305\">S\u0142owo Bo\u017ce<\/h2>\n\n\n\n<p>Wszystko, co do nas dociera ma na nas bardzo du\u017cy wp\u0142yw. Chc\u0105c przemieni\u0107 swoje \u017cycie musimy wybiera\u0107, czy tkwi\u0107 w dawnych przyzwyczajeniach, czy jednak naprawd\u0119 uporz\u0105dkowa\u0107 swoje nawyki.<\/p>\n\n\n\n<p><strong>Jedn\u0105 z najlepszych rzeczy na \u015bwiecie, jak\u0105 mo\u017cemy si\u0119 nape\u0142nia\u0107 jest s\u0142owo Bo\u017ce!<\/strong> Pismo \u015awi\u0119te jest najlepszym motywatorem do zmiany swojego \u017cycia i wprowadzenia go wreszcie na w\u0142a\u015bciwe tory. Pismo \u015awi\u0119te to jakby przewodnik po naszym nowym \u017cyciu. Nie mo\u017cna w pe\u0142ni przyj\u0105\u0107 swojej prawdziwej kr\u00f3lewskiej to\u017csamo\u015bci bez czytania s\u0142\u00f3w z kart Biblii. Staro\u017cytni chrze\u015bcijanie por\u00f3wnywali Pismo \u015awi\u0119te do Chrystusa. Raz, \u017ce jego nieznajomo\u015b\u0107 jest nieznajomo\u015bci\u0105 Chrystusa (\u015bw. Hieronim). Dwa, \u017ce w Chrystusie B\u00f3g sta\u0142 si\u0119 cz\u0142owiekiem, a w Pi\u015bmie \u015awi\u0119tym S\u0142owo Bo\u017ce wyra\u017ca si\u0119 przez s\u0142owa ludzkie (\u015bw. Jan Chryzostom).<\/p>\n\n\n\n<p>Spotkanie ze Zbawicielem zawdzi\u0119czamy w\u0142a\u015bnie s\u0142owu Bo\u017cemu; ono umo\u017cliwia cz\u0142owiekowi kontakt<br>z Chrystusem. Przepowiadane s\u0142owo, \u0142\u0105cz\u0105c nas z Jezusem, urzeczywistnia dzie\u0142o u\u015bwi\u0119cenia, kt\u00f3re nale\u017cy rozumie\u0107 jako doprowadzenie do Chrystusa, by cz\u0142owiek przyj\u0105\u0142 dobro, do kt\u00f3rego nie m\u00f3g\u0142by dotrze\u0107 o&nbsp;w\u0142asnych si\u0142ach.<\/p>\n\n\n\n<p><strong>W odwiecznym planie zbawienia B\u00f3g zechcia\u0142 pos\u0142u\u017cy\u0107 si\u0119 s\u0142owem jako \u015brodkiem, narz\u0119dziem, przy pomocy kt\u00f3rego zbawczo oddzia\u0142uje na cz\u0142owieka. Jak rzemie\u015blnik czy artysta pracuj\u0105 przy pomocy narz\u0119dzi, tak Duch \u015awi\u0119ty dzia\u0142a przy pomocy s\u0142owa.<\/strong><\/p>\n\n\n\n<p>Msza\u0142 m\u00f3wi: \u201eLektor udaje si\u0119 na ambon\u0119 i odczytuje pierwsze czytanie, kt\u00f3rego wszyscy s\u0142uchaj\u0105 siedz\u0105c\u201d. To nie jest tzw. pobo\u017cne \u017cyczenie. To jest stwierdzenie. A rzeczywisto\u015b\u0107? Gdyby spyta\u0107 przeci\u0119tnego uczestnika Mszy \u015awi\u0119tej, o czym by\u0142y czytania mszalne z Pisma \u015awi\u0119tego, ile os\u00f3b potrafi\u0142oby powiedzie\u0107? A msza\u0142 stwierdza: \u201ewszyscy s\u0142uchaj\u0105\u201d. Msza\u0142 m\u00f3wi o tych, kt\u00f3rzy uczestnicz\u0105 we Mszy \u015awi\u0119tej, a nie o tych, kt\u00f3rzy \u201eprzyszli na Msz\u0119\u201d. R\u00f3\u017cnica ogromna. Gdyby tak ka\u017cdy mia\u0142 w \u015bwiadomo\u015bci to, co pewien ksi\u0105dz zaznaczy\u0142 przed rozpocz\u0119ciem czyta\u0144, m\u00f3wi\u0105c: \u201ePos\u0142uchajmy co B\u00f3g chce nam powiedzie\u0107!\u201d<\/p>\n\n\n\n<p>Pismo \u015awi\u0119te to swego rodzaju kanon \u2013 co\u015b ustalonego, pewien wzorzec. Tak jak alfabet lub jeszcze lepiej \u2013 s\u0142ownik. Zagl\u0105damy do s\u0142ownika i sprawdzamy, czy dobrze rozumiemy dane s\u0142owo, czy je prawid\u0142owo u\u017cywamy, czy je umiemy bezb\u0142\u0119dnie napisa\u0107. Podobnie jest z Pismem \u015awi\u0119tym.<\/p>\n\n\n\n<p>W Biblii jest wszystko. Nie ma niczego, czego nie mo\u017cna by w niej znale\u017a\u0107, to znaczy, \u017ce zawiera opis wszelkich, przewidzianych przez Boga Stw\u00f3rc\u0119 i Zbawc\u0119 sytuacji i stan\u00f3w, w kt\u00f3rych znale\u017a\u0107 si\u0119 mo\u017ce dusza, a tak\u017ce Ko\u015bci\u00f3\u0142 i ca\u0142y rodzaj ludzki w drodze ku Bogu i to zar\u00f3wno, gdy zdecydowanie idzie t\u0105 drog\u0105, jak i gdy t\u0119 drog\u0119 porzuca. Jest te\u017c ksi\u0119g\u0105 otwart\u0105 na interpretacje dyktowane przez Ducha \u015awi\u0119tego, kt\u00f3re cz\u0142owiek odnajdzie, by da\u0107 odpowied\u017a m\u00f3wi\u0105cemu Bogu.<\/p>\n\n\n\n<figure class=\"wp-block-image\" id=\"block-11bfdc70-3a14-4d5e-94a4-c45b2bb4a6cf\"><a href=\"http:\/\/rafalk-elblag.pl\/wp-content\/uploads\/2021\/08\/ogloszenia-parafialne-baner-01a.jpg\"><img decoding=\"async\" src=\"http:\/\/rafalk-elblag.pl\/wp-content\/uploads\/2021\/08\/ogloszenia-parafialne-baner-01a.jpg\" alt=\"Obrazek posiada pusty atrybut alt; plik o nazwie ogloszenia-parafialne-baner-01a.jpg\"\/><\/a><\/figure>\n\n\n\n<h1 class=\"wp-block-heading\" id=\"block-6d42405b-4ab7-4d06-b960-74c4b8e7c4ea\">Og\u0142oszenia parafialne 21.01.2024 r.<\/h1>\n\n\n\n<ol class=\"wp-block-list\" id=\"block-6e7fc4b7-d0ca-43b6-88f8-3d31ed4b7c9b\">\n<li><strong><\/strong><strong>TRWA<\/strong> <strong>TYDZIE\u0143 MODLITW O JEDNO\u015a\u0106 CHRZE\u015aCIJAN.<\/strong> Zach\u0119camy wszystkich do wsp\u00f3lnej modlitwy. Dok\u0142adny grafik spotka\u0144 znajdziemy na tablicy og\u0142osze\u0144.<\/li>\n\n\n\n<li>Dzisiaj prze\u017cywamy <strong>Dzie\u0144 Babci a jutro obchodzimy Dzie\u0144 Dziadka.<\/strong> Pami\u0119tajmy o nich w naszych modlitwach \u2013 pro\u015bmy dla \u017cyj\u0105cych o zdrowie i Bo\u017ce b\u0142ogos\u0142awie\u0144stwo, dla zmar\u0142ych \u2013\u00a0o \u017cycie wieczne w niebie.<\/li>\n\n\n\n<li>Za tydzie\u0144 Wolontariusze Caritas zbiera\u0107 b\u0119d\u0105 przed ko\u015bcio\u0142em ofiary dla najubo\u017cszych i potrzebuj\u0105cych z naszej parafii<em>.\u00a0 Parafialny Oddzia\u0142 Caritas naszej parafii znajduje si\u0119 przy ul. Myliusa 1A i jest czynny w I i III czwartek miesi\u0105ca od 16:00 do 17:00.<\/em><\/li>\n\n\n\n<li><strong><\/strong><strong>W tym tygodniu zako\u0144czymy wizyty duszpasterskie w naszej parafii.<\/strong> Kol\u0119da rozpoczyna od godz. 16:00. <em><u>Rodziny, kt\u00f3re jeszcze pragn\u0105 zaprosi\u0107 kap\u0142ana na kol\u0119d\u0119 prosimy o zapisanie si\u0119 w zakrystii. Do tych rodzin udamy si\u0119 24 stycznia od godz. 16:00.<\/u><\/em><\/li>\n\n\n\n<li><em>Program kol\u0119dy znajdziemy w Biuletynie Parafialnym.<\/em><\/li>\n\n\n\n<li><strong><\/strong><strong>DZI\u0118KUJEMY<\/strong> za z\u0142o\u017cone ofiary w ostatnim tygodniu na potrzeby naszej parafii. <em>&nbsp;<\/em><\/li>\n\n\n\n<li>Pod ch\u00f3rem znajduje si\u0119 naczynie z WOD\u0104 \u015aWIECON\u0104. Prosz\u0119 o\u00a0zaopatrzenie si\u0119 w te wod\u0119 do po\u015bwiecenia mieszkania podczas kol\u0119dy.<\/li>\n\n\n\n<li>Zapraszamy wszystkich pragn\u0105cych lepiej zrozumie\u0107 S\u0142owo Bo\u017ce na spotkania <strong>Kr\u0119gu biblijnego<\/strong>. Najbli\u017csze spotkanie b\u0119dzie w \u015brod\u0119 31 stycznia po Mszy \u015bw. wieczornej.<\/li>\n\n\n\n<li>Wiele os\u00f3b do\u015bwiadcza swojej bezsilno\u015bci wobec swojego uzale\u017cnienia, b\u0105d\u017a uzale\u017cnienia swoich najbli\u017cszych b\u0105d\u017a innych prze\u017cywanych problem\u00f3w. <strong>Stowarzyszenie KARAN <\/strong>zaprasza wszystkie te osoby do wsp\u00f3lnej modlitwy w trzeci\u0105 niedziel\u0119 miesi\u0105ca na Mszy \u015bw. <em>o godz. 16:30, w ko\u015bciele Bo\u017cego Cia\u0142a ul. Robotnicza 29 w Elbl\u0105gu.<\/em> <em>Po Eucharystii spotkanie przy herbacie.<\/em><\/li>\n\n\n\n<li>Wy\u017csze Seminarium Duchowne Diecezji Elbl\u0105skiej zaprasza m\u0142odzie\u017c m\u0119sk\u0105 szk\u00f3\u0142 \u015brednich i student\u00f3w na <strong>REKOLEKCJE POWO\u0141ANIOWE, <\/strong>kt\u00f3re odb\u0119d\u0105 si\u0119 w dniach\u00a03 \u2013 6 lutego br. <em>Wi\u0119cej informacji na stronie internetowej: wsdelblag.pl. Zg\u0142oszenia na adres email: <\/em><a href=\"mailto:kolopowolaniowe@gmail.com\"><em>kolopowolaniowe@gmail.com<\/em><\/a><em>. Koszt rekolekcji 100 z\u0142.<\/em><\/li>\n\n\n\n<li><strong><\/strong><strong>Na czas ferii zimowych &#8211; wszystkim dzieciom, m\u0142odzie\u017cy i nauczycielom \u017cyczymy na ten czas b\u0142ogos\u0142awie\u0144stwa Bo\u017cego, bezpiecznego i pe\u0142nego rado\u015bci wypoczynku.<\/strong><\/li>\n\n\n\n<li><strong><\/strong>Zach\u0119cam do nabywania nowego numeru \u201eGo\u015bcia Niedzielnego\u201d z dodatkiem \u201eGo\u015b\u0107 Elbl\u0105ski w cenie 10 z\u0142.&nbsp;&nbsp;&nbsp;&nbsp;&nbsp;&nbsp;&nbsp;&nbsp;&nbsp;&nbsp;&nbsp;&nbsp;&nbsp;&nbsp;&nbsp;&nbsp;&nbsp;&nbsp;&nbsp;&nbsp;&nbsp;&nbsp;&nbsp;&nbsp;&nbsp;&nbsp;&nbsp;&nbsp;&nbsp;&nbsp;&nbsp;&nbsp;<\/li>\n\n\n\n<li>Pan powo\u0142a\u0142 do wieczno\u015bci: \u015bp. Czes\u0142awa DAWCZAK lat 78 z ul. Leszczy\u0144skiego<br>\u00a0\u00a0\u00a0\u00a0\u00a0\u00a0\u00a0\u00a0\u00a0\u00a0\u00a0\u00a0\u00a0\u00a0\u00a0\u00a0\u00a0\u00a0\u00a0\u00a0\u00a0\u00a0\u00a0\u00a0\u00a0\u00a0\u00a0\u00a0\u00a0\u00a0\u00a0\u00a0\u00a0\u00a0\u00a0\u00a0\u00a0\u00a0\u00a0\u00a0 \u00a0\u00a0\u00a0 \u015bp. Daniel\u0119 WALCZY\u0143SK\u0104 lat 74 z ul. Tuwima<br><\/li>\n<\/ol>\n\n\n\n<p id=\"block-9ae4be8e-ec55-48ae-9d4c-d8976dbe2d9b\"><strong><u>PROGRAM WIZYTY DUSZPASTERSKIEJ<\/u><\/strong> <strong><u>W PARAFII \u015aW. RAFA\u0141A KALINOWSKIEGO<\/u><\/strong><\/p>\n\n\n\n<p><strong>Poniedzia\u0142ek<br>22.01. 2024 od 16:00<\/strong><br>ul. Tuwima 1, 2, 3, 8<br>ul. Tuwima 9, 10, 11, 12, 13<\/p>\n\n\n\n<p><strong>Wtorek<br>23.01.2024 od 16:00<\/strong><br>ul. Tuwima 5<br>ul. Tuwima 6, 7<\/p>\n\n\n\n<p><strong>\u015aroda<br>24.01.2024 od 16:00<\/strong><br>Uzupe\u0142nienia, czyli kol\u0119da na zapisy do tych rodzin, kt\u00f3re pragn\u0105 zaprosi\u0107 kap\u0142ana, aby po\u015bwieci\u0142 mieszkanie.<\/p>\n\n\n\n<p id=\"block-28719a88-933c-432a-a064-2e684b237027\"><strong>Prosimy o przygotowanie si\u0119 do wizyty duszpasterskiej:<\/strong><\/p>\n\n\n\n<ul class=\"wp-block-list\" id=\"block-6a13479c-639e-4d11-8098-4da74d06443b\">\n<li>Obecna ca\u0142a rodzina<\/li>\n\n\n\n<li>Dzieci przygotowuj\u0105 zeszyty do religii, ziarenka potwierdzaj\u0105ce udzia\u0142 we Mszy \u015bw. niedzielnej a m\u0142odzie\u017c ksi\u0105\u017ceczki od przygotowania&nbsp;do Sakramentu Bierzmowania<\/li>\n\n\n\n<li>Bia\u0142y obrus, Pismo \u015awi\u0119te, Krzy\u017c \u015bwiecznik, woda \u015bwi\u0119cona, kropid\u0142o<\/li>\n\n\n\n<li>Tematyk\u0105 tegorocznej Kol\u0119dy jest m\u00f3j udzia\u0142 i zaanga\u017cowanie w \u017cyciu parafii&nbsp; w nawi\u0105zaniu do has\u0142a roku duszpasterskiego 2023\/2024: <strong>\u201eUCZESTNICZ\u0118 WE WSP\u00d3LNOCIE KO\u015aCIO\u0141A\u201d<\/strong>.<\/li>\n\n\n\n<li><strong>UWAGA !!!<\/strong> Kol\u0119dy w tym tygodniu rozpoczynamy od godz. 16:00.<\/li>\n<\/ul>\n\n\n\n<p id=\"block-4638f52d-8513-45c7-9be1-dbf7d4ea2166\">\ufeff<\/p>\n\n\n\n<figure class=\"wp-block-image\" id=\"block-5f437b95-503a-4f29-91f7-75b7c74612d1\"><img decoding=\"async\" src=\"http:\/\/rafalk-elblag.pl\/wp-content\/uploads\/2020\/04\/baner-intencje-mszy.jpg\" alt=\"Obrazek posiada pusty atrybut alt; plik o nazwie baner-intencje-mszy.jpg\"\/><\/figure>\n\n\n\n<h1 class=\"wp-block-heading\" id=\"block-ebb85da5-2bf8-44c6-8a18-015b59726bae\">Intencje mszalne 21.01.2024 r.<\/h1>\n\n\n\n<p><strong>PONIEDZIA\u0141EK \/ 22 stycznia 2024 <\/strong>\/ Mk 3,22-30<br>8.00 \u015bp. Krystyna Stapurewicz (22 greg.)<br>18.00 \u015bp. Monika Gajdamowicz (w 30 dzie\u0144 po pogrzebie)<\/p>\n\n\n\n<p><strong>WTOREK \/ 23 stycznia 2024<\/strong> \/ Mk 3,31-35<br>8.00 \u015bp. Krystyna Stapurewicz (23 greg.)<br>18.00 Za rodziny do kt\u00f3rych udamy si\u0119 z wizyt\u0105 duszpastersk\u0105<\/p>\n\n\n\n<p><strong>\u015aRODA \/ 24 stycznia 2024<\/strong> \/ \u015bw. Franciszka Salezego \/ Mk 4,1-20<br>8.00 \u015bp. Krystyna Stapurewicz (24 greg.)<br>18.00 \u015bp. Mieczys\u0142aw D\u0105bkowski (27 rocznica \u015bmierci) i zmarli z rodziny<\/p>\n\n\n\n<p><strong>CZWARTEK \/ 25 stycznia 2024<\/strong> \/ \u015awi\u0119to Nawr\u00f3cenia \u015bw. Paw\u0142a \/ Mk 16,15-18<br>8.00 \u015bp. Krystyna Stapurewicz (25 greg.)<br>18.00 \u015bp. Jan Bralewski (w 23 rocznic\u0119 \u015bmierci), Maciej Bralewski<\/p>\n\n\n\n<p><strong>PI\u0104TEK \/ 26 stycznia 2024<\/strong> \/ \u015bw. Tymoteusza i Tytusa \/ \u0141k 10,1-9<br>8.00 \u015bp. Krystyna Stapurewicz (26 greg.)<br>18.00 \u015bp. Jerzy Ciesielski<\/p>\n\n\n\n<p><strong>SOBOTA \/ 27 stycznia 2024<\/strong> \/ Mk 4,35-41<br>8.00 \u015bp. Krystyna Stapurewicz (27 greg.)<br>18.00 \u015bp. Jadwiga, Kazimierz i Norbert<\/p>\n\n\n\n<p><strong>IV NIEDZIELA ZWYK\u0141A \/ 28 stycznia 2024<\/strong> \/ Mk 1,21-28<br>8.00 \u015bp. Krystyna Stapurewicz (28 greg.)<br>8.00 \u015bp. Ryszard Klach (w 1 rocznic\u0119 \u015bmierci)<br>10.00 Dzi\u0119kczynna z okazji urodzin Miko\u0142aja, z pro\u015bb\u0105 o Bo\u017ce b\u0142., potrzebne \u0142aski i opiek\u0119 Matki Bo\u017cej<br>12.00 W intencji Parafian<br>15.00 O Bo\u017ce b\u0142., opiek\u0119 Matki Bo\u017cej z okazji urodzin Adrianny Stankiewicz i ca\u0142ej rodziny<br>18.00 \u015bp. El\u017cbieta, Franciszek Niewi\u0144scy oraz Piotr i Mariusz<\/p>\n\n\n\n<p><\/p>\n","protected":false},"excerpt":{"rendered":"<p>S\u0142owo Bo\u017ce Wszystko, co do nas dociera ma na nas bardzo du\u017cy wp\u0142yw. Chc\u0105c przemieni\u0107 swoje \u017cycie musimy wybiera\u0107, czy tkwi\u0107 w dawnych przyzwyczajeniach, czy jednak naprawd\u0119 uporz\u0105dkowa\u0107 swoje nawyki. Jedn\u0105 z najlepszych rzeczy na \u015bwiecie, jak\u0105 mo\u017cemy si\u0119 nape\u0142nia\u0107 jest s\u0142owo Bo\u017ce! Pismo \u015awi\u0119te jest najlepszym motywatorem do zmiany swojego \u017cycia i wprowadzenia go [&hellip;]<\/p>\n","protected":false},"author":1,"featured_media":5391,"comment_status":"closed","ping_status":"closed","sticky":false,"template":"","format":"standard","meta":{"ngg_post_thumbnail":0,"footnotes":""},"categories":[11,8,4,3],"tags":[],"class_list":["post-5390","post","type-post","status-publish","format-standard","has-post-thumbnail","hentry","category-aktualnosci","category-blog","category-intencje","category-ogloszenia"],"_links":{"self":[{"href":"https:\/\/rafalk-elblag.pl\/index.php?rest_route=\/wp\/v2\/posts\/5390","targetHints":{"allow":["GET"]}}],"collection":[{"href":"https:\/\/rafalk-elblag.pl\/index.php?rest_route=\/wp\/v2\/posts"}],"about":[{"href":"https:\/\/rafalk-elblag.pl\/index.php?rest_route=\/wp\/v2\/types\/post"}],"author":[{"embeddable":true,"href":"https:\/\/rafalk-elblag.pl\/index.php?rest_route=\/wp\/v2\/users\/1"}],"replies":[{"embeddable":true,"href":"https:\/\/rafalk-elblag.pl\/index.php?rest_route=%2Fwp%2Fv2%2Fcomments&post=5390"}],"version-history":[{"count":1,"href":"https:\/\/rafalk-elblag.pl\/index.php?rest_route=\/wp\/v2\/posts\/5390\/revisions"}],"predecessor-version":[{"id":5392,"href":"https:\/\/rafalk-elblag.pl\/index.php?rest_route=\/wp\/v2\/posts\/5390\/revisions\/5392"}],"wp:featuredmedia":[{"embeddable":true,"href":"https:\/\/rafalk-elblag.pl\/index.php?rest_route=\/wp\/v2\/media\/5391"}],"wp:attachment":[{"href":"https:\/\/rafalk-elblag.pl\/index.php?rest_route=%2Fwp%2Fv2%2Fmedia&parent=5390"}],"wp:term":[{"taxonomy":"category","embeddable":true,"href":"https:\/\/rafalk-elblag.pl\/index.php?rest_route=%2Fwp%2Fv2%2Fcategories&post=5390"},{"taxonomy":"post_tag","embeddable":true,"href":"https:\/\/rafalk-elblag.pl\/index.php?rest_route=%2Fwp%2Fv2%2Ftags&post=5390"}],"curies":[{"name":"wp","href":"https:\/\/api.w.org\/{rel}","templated":true}]}}