{"id":5385,"date":"2024-01-13T21:59:39","date_gmt":"2024-01-13T21:59:39","guid":{"rendered":"http:\/\/rafalk-elblag.pl\/?p=5385"},"modified":"2024-01-13T22:01:26","modified_gmt":"2024-01-13T22:01:26","slug":"14-01-2024-r-ii-niedziela-zwykla","status":"publish","type":"post","link":"https:\/\/rafalk-elblag.pl\/?p=5385","title":{"rendered":"14.01.2024 r., II Niedziela Zwyk\u0142a"},"content":{"rendered":"\n<h2 class=\"wp-block-heading\" id=\"block-de4dbcd2-5192-419e-9a16-24c75cd43305\"><strong>Kol\u0119dy<\/strong><\/h2>\n\n\n\n<p>Sk\u0105d wzi\u0119\u0142o si\u0119 s\u0142owo kol\u0119da? Pochodzi ono od \u0142aci\u0144skiego <em>calenda<\/em>, spolszczanego jako <em>kalenda<\/em>. Tym wyra\u017ceniem okre\u015blano w staro\u017cytnym Rzymie pierwszy dzie\u0144 ka\u017cdego miesi\u0105ca (st\u0105d te\u017c pochodzi nasze s\u0142owo&nbsp;<em>kalendarz)<\/em>. W III wieku pojawi\u0142y si\u0119<br>w Ko\u015bciele pogl\u0105dy, \u017ce Jezus narodzi\u0142 si\u0119 8 dni przed kalendami styczniowymi, czyli 25 grudnia.<\/p>\n\n\n\n<p>Kol\u0119dy pisa\u0142 i \u015bpiewa\u0142 \u015bw. Franciszek z Asy\u017cu, kt\u00f3remu zawdzi\u0119czamy zreszt\u0105 i inny bo\u017conarodzeniowy zwyczaj: budowanie po ko\u015bcio\u0142ach betlejemskich szopek.&nbsp;Kol\u0119dy \u015bpiewano nie tylko w ko\u015bcio\u0142ach, ale i na rynkach, i w prywatnych domach. Kol\u0119d powsta\u0142o w ci\u0105gu wiek\u00f3w bardzo wiele. Te, kt\u00f3re \u015bpiewamy dzi\u015b, w wi\u0119kszo\u015bci by\u0142y tworzone od XVII do XIX wieku. W\u015br\u00f3d kol\u0119d s\u0105 prawdziwe muzyczne i literackie per\u0142y. Znale\u017a\u0107 mo\u017cna zar\u00f3wno gromkie hymny, np. \u201eTryumfy Kr\u00f3la Niebieskiego\u201d, jak i czu\u0142e ko\u0142ysanki: \u201eJezus malusie\u0144ki\u201d.<\/p>\n\n\n\n<p>Czas liturgicznego Bo\u017cego Narodzenia ko\u0144czy si\u0119 \u015awi\u0119tem Chrztu Pa\u0144skiego. Taki jest zapis odnowionej, posoborowej liturgii. Istnieje jednak wiele tradycji i pi\u0119knych zwyczaj\u00f3w. Przyczyn \u015bpiewania kol\u0119d do 2 lutego jest wiele. Jedn\u0105 z nich jest dawny kalendarz liturgiczny, kt\u00f3ry w Ofiarowaniu Pa\u0144skim widzia\u0142 koniec bo\u017conarodzeniowych obchod\u00f3w. Kalendarz zosta\u0142 zmieniony, a tradycje pozosta\u0142y.<\/p>\n\n\n\n<p>S\u0105 jeszcze powody duszpasterskie, praktyczne:<\/p>\n\n\n\n<ol class=\"wp-block-list\">\n<li>W naszej polskiej pobo\u017cno\u015bci mamy zami\u0142owanie do kol\u0119d,<\/li>\n\n\n\n<li>W wielu parafiach trwa jeszcze wizyta duszpasterska, odwiedzenie rodzin i tam przecie\u017c \u015bpiewa si\u0119 kol\u0119dy,<\/li>\n\n\n\n<li>W licznych wsp\u00f3lnotach: grupach parafialnych i r\u00f3\u017cnych instytucjach odbywaj\u0105 si\u0119 r\u00f3wnie\u017c spotkania op\u0142atkowe, kt\u00f3rym towarzyszy \u015bpiew kol\u0119d i pastora\u0142ek.<\/li>\n<\/ol>\n\n\n\n<figure class=\"wp-block-image\" id=\"block-11bfdc70-3a14-4d5e-94a4-c45b2bb4a6cf\"><a href=\"http:\/\/rafalk-elblag.pl\/wp-content\/uploads\/2021\/08\/ogloszenia-parafialne-baner-01a.jpg\"><img decoding=\"async\" src=\"http:\/\/rafalk-elblag.pl\/wp-content\/uploads\/2021\/08\/ogloszenia-parafialne-baner-01a.jpg\" alt=\"Obrazek posiada pusty atrybut alt; plik o nazwie ogloszenia-parafialne-baner-01a.jpg\"\/><\/a><\/figure>\n\n\n\n<h1 class=\"wp-block-heading\" id=\"block-6d42405b-4ab7-4d06-b960-74c4b8e7c4ea\">Og\u0142oszenia parafialne 14.01.2024 r.<\/h1>\n\n\n\n<ol class=\"wp-block-list\" id=\"block-6e7fc4b7-d0ca-43b6-88f8-3d31ed4b7c9b\">\n<li><strong><\/strong>Dzisiaj Wsp\u00f3lnota Odnowy w Duchu \u015awi\u0119tym <strong>\u201eKANA GALILEJSKA\u201d<\/strong> obchodzi 26 lecie istnienia przy naszej parafii. Msz\u0105 \u015bw. dzi\u0119kczynn\u0105 o godz. 15:00, wsp\u00f3lnota ta dzi\u0119kuje Bogu za wszelkie \u0142aski i dary Ducha \u015awi\u0119tego w tym czasie otrzymane.<\/li>\n\n\n\n<li>Po Mszy \u015bw. o godz. 15:00 zapraszamy na spotkanie op\u0142atkowe wsp\u00f3lnot parafialnych: <strong><em>Bractwo Szkaplerzne, Odnowa w Duchu \u015awi\u0119tym, Wsp\u00f3lnota Krwi Chrystusa, Kr\u0119g Biblijny, Apostolat Margaretka, Apostolat Bo\u017cego Mi\u0142osierdzia, Wolontariuszy Caritas i \u017bywego R\u00f3\u017ca\u0144ca spotkanie odb\u0119dzie si\u0119 w du\u017cej sali &#8211; &nbsp;wej\u015bcie od szczytu plebanii.<\/em><\/strong><\/li>\n\n\n\n<li>Dzisiaj w Katedrze Elbl\u0105skiej o godz. 19:00 odb\u0119dzie si\u0119 <strong>KONCERT KOL\u0118D<\/strong>&nbsp;w wykonaniu Gabrieli, Dominiki i Zuzanny BOROWSKICH przy wsparciu i ubogaceniu muzyk\u0105 organowa pana Organisty Janusza BOROWSKIEGO. Wst\u0119p wolny.<\/li>\n\n\n\n<li>Ka\u017cdy 16 dzie\u0144 miesi\u0105ca to dzie\u0144 spotkania si\u0119 <strong>Bractwa Szkaplerznego i Rodziny Szkaplerznej<\/strong>. Zapraszamy 16 stycznia (wtorek) wszystkich nale\u017c\u0105cych i pragn\u0105cych w\u0142\u0105czy\u0107 si\u0119 do tej wsp\u00f3lnoty na Msz\u0119 \u015bw. z katechez\u0105 o godz. 18:00.<\/li>\n\n\n\n<li>Od 18 stycznia rozpoczyna si\u0119 w ko\u015bciele <strong>TYDZIE\u0143 MODLITW O JEDNO\u015a\u0106 CHRZE\u015aCIJAN.<\/strong> Zach\u0119camy wszystkich do wsp\u00f3lnej modlitwy.<\/li>\n\n\n\n<li><strong>Pami\u0119tajmy \u017ce Dzie\u0144 Babci i Dziadka <\/strong>jest okazj\u0105 do wdzi\u0119czno\u015bci dla Nich. Pro\u015bmy dla \u017cyj\u0105cych o zdrowie i Bo\u017ce b\u0142ogos\u0142awie\u0144stwo, dla zmar\u0142ych o dar \u017cycia wiecznego w niebie.<\/li>\n\n\n\n<li>Wy\u017csze Seminarium Duchowne Diecezji Elbl\u0105skiej zaprasza m\u0142odzie\u017c m\u0119sk\u0105 szk\u00f3\u0142 \u015brednich i student\u00f3w na <strong>REKOLEKCJE POWO\u0141ANIOWE, <\/strong>kt\u00f3re odb\u0119d\u0105 si\u0119 w dniach 3 \u2013 6 lutego br. <em>Wi\u0119cej informacji na stronie internetowej: wsdelblag.pl. Zg\u0142oszenia na adres email: <\/em><a href=\"mailto:kolopowolaniowe@gmail.com\"><em>kolopowolaniowe@gmail.com<\/em><\/a><em>. Koszt rekolekcji 100 z\u0142.<\/em><\/li>\n\n\n\n<li><strong>KANCELARIA PARAFIALNA<\/strong> z racji trwaj\u0105cej KOL\u0118DY czynna b\u0119dzie czynna tylko<br>w sobot\u0119 od godz. 11:00&nbsp; do 12:30. Zapraszamy.<strong><em><u><\/u><\/em><\/strong><\/li>\n\n\n\n<li>Trwa Wizyta duszpasterska w naszej parafii. Kol\u0119da rozpoczyna od godz. 16:00 a w sobot\u0119 od godz. 15:00. <strong>W trakcie kol\u0119dy zapraszamy na Msz\u0119 \u015bw. o godz. 8:00, gdzie polecamy Bogu rodziny, do kt\u00f3rych udamy si\u0119 z wizyt\u0105 duszpastersk\u0105. Tym bardziej zach\u0119camy osoby dysponuj\u0105ce czasem do wsp\u00f3lnej modlitwy.<\/strong><\/li>\n\n\n\n<li><strong><\/strong><strong>DZI\u0118KUJEMY<\/strong> za z\u0142o\u017cone ofiary w ostatnim tygodniu na potrzeby naszej parafii. <em>&nbsp;<\/em><\/li>\n\n\n\n<li>Pragn\u0119 poinformowa\u0107 \u017ce pod ch\u00f3rem znajduje si\u0119 naczynie z WOD\u0104 \u015aWIECON\u0104. Prosz\u0119<br>o&nbsp; zaopatrzenie si\u0119 w te wod\u0119 do po\u015bwiecenia mieszkania podczas kol\u0119dy.<\/li>\n\n\n\n<li>Wiele os\u00f3b do\u015bwiadcza swojej bezsilno\u015bci wobec swojego uzale\u017cnienia, b\u0105d\u017a uzale\u017cnienia swoich najbli\u017cszych b\u0105d\u017a innych prze\u017cywanych problem\u00f3w. Stowarzyszenie <strong>KARAN <\/strong>zaprasza wszystkie te osoby do wsp\u00f3lnej modlitwy w trzeci\u0105 niedziel\u0119 miesi\u0105ca. <em>Chciejmy swoj\u0105 bezsilno\u015b\u0107 powierza\u0107 Wszechmog\u0105cemu Panu Bogu. Najbli\u017csza Msza \u015bw.<\/em> <em>w niedziele 21 stycznia o godz. 16:30, w ko\u015bciele Bo\u017cego Cia\u0142a ul. Robotnicza 29 w Elbl\u0105gu. Po Eucharystii spotkanie przy herbacie.<\/em><\/li>\n\n\n\n<li>Pan powo\u0142a\u0142 do wieczno\u015bci: <br>\u015bp. Zbigniewa SMOLAKA lat 72 z ul. Korczaka&nbsp;&nbsp;&nbsp;&nbsp;&nbsp;&nbsp;&nbsp;&nbsp;&nbsp;&nbsp;&nbsp;&nbsp;&nbsp;&nbsp;&nbsp;&nbsp;&nbsp;&nbsp;&nbsp;&nbsp;&nbsp;&nbsp;&nbsp;&nbsp;&nbsp;&nbsp;&nbsp;&nbsp;&nbsp;&nbsp;&nbsp;&nbsp;&nbsp;&nbsp;&nbsp;&nbsp;&nbsp; &nbsp;&nbsp;&nbsp;&nbsp; <br>\u015bp. W\u0142adys\u0142awa STOLARSKIEGO lat 84 z ul. Brzechwy <br>\u015bp. Henryk\u0119 DOBRZY\u0143SK\u0104 lat 93 z ul. Broniewskiego<\/li>\n<\/ol>\n\n\n\n<p id=\"block-9ae4be8e-ec55-48ae-9d4c-d8976dbe2d9b\"><strong><u>PROGRAM WIZYTY DUSZPASTERSKIEJ<\/u><\/strong> <strong><u>W PARAFII \u015aW. RAFA\u0141A KALINOWSKIEGO<\/u><\/strong><\/p>\n\n\n\n<p><strong>Poniedzia\u0142ek<br>15.01. 2024 od 16:00<\/strong><br>ul. Sobieskiego 2, 4, 6, 8, 10<br>ul. Sobieskiego 12, 14, 16, 18, 20, 22<br>ul. Sobieskiego 24, 26, 28, 30, 32, 34<\/p>\n\n\n\n<p><strong>Wtorek<br>16.01.2024 od 16:00<\/strong><br>ul. Sobieskiego 16A, 18A, 29, 33, 35, 36, 38, 40<br>ul. Sobieskiego 21, 23, 25, 2A, 2B<br>ul. Leszczy\u0144skiego 1, 2, 3<\/p>\n\n\n\n<p><strong>\u015aroda<br>17.01.2024r. od 16:00<\/strong><br>ul. Leszczy\u0144skiego 4, 5, 6, 7, 8<br>ul. Leszczy\u0144skiego 9, 10, 11, 12, 13<br>ul. Leszczy\u0144skiego 14, 15, 16, 20, 21<\/p>\n\n\n\n<p><strong>Czwartek<br>18.01.2024r. od 16:00<\/strong><br>ul. Leszczy\u0144skiego 22, 23, 24, 25,27<br>ul. Leszczy\u0144skiego 28, 29, 30, 31<br>ul. Myliusa 1 (1-36)<\/p>\n\n\n\n<p><strong>Pi\u0105tek<br>19.01.2024r. od 16:00<\/strong><br>ul. Myliusa 2, 3, 4, 5, 6, 7<br>ul. Myliusa 8, 10, 11, 12, 13<\/p>\n\n\n\n<p><strong>Sobota<br>20.01.2024r. od 15:00<\/strong><br>ul. Krzywoustego<br>ul. Legion\u00f3w 42<br>ul. Fromborska 31<br>ul. Myliusa 14, 15, 16, 17, 18, 19<\/p>\n\n\n\n<p id=\"block-28719a88-933c-432a-a064-2e684b237027\"><strong>Prosimy o przygotowanie si\u0119 do wizyty duszpasterskiej:<\/strong><\/p>\n\n\n\n<ul class=\"wp-block-list\" id=\"block-6a13479c-639e-4d11-8098-4da74d06443b\">\n<li>Obecna ca\u0142a rodzina<\/li>\n\n\n\n<li>Dzieci przygotowuj\u0105 zeszyty do religii, ziarenka potwierdzaj\u0105ce udzia\u0142 we Mszy \u015bw. niedzielnej a m\u0142odzie\u017c ksi\u0105\u017ceczki od przygotowania&nbsp;do Sakramentu Bierzmowania<\/li>\n\n\n\n<li>Bia\u0142y obrus, Pismo \u015awi\u0119te, Krzy\u017c \u015bwiecznik, woda \u015bwi\u0119cona, kropid\u0142o<\/li>\n\n\n\n<li>Tematyk\u0105 tegorocznej Kol\u0119dy jest m\u00f3j udzia\u0142 i zaanga\u017cowanie w \u017cyciu parafii&nbsp; w nawi\u0105zaniu do has\u0142a roku duszpasterskiego 2023\/2024: <strong>\u201eUCZESTNICZ\u0118 WE WSP\u00d3LNOCIE KO\u015aCIO\u0141A\u201d<\/strong>.<\/li>\n\n\n\n<li><strong>UWAGA !!!<\/strong> Kol\u0119dy w tym tygodniu rozpoczynamy od godz. 16:00.<\/li>\n<\/ul>\n\n\n\n<p id=\"block-4638f52d-8513-45c7-9be1-dbf7d4ea2166\">\ufeff<\/p>\n\n\n\n<figure class=\"wp-block-image\" id=\"block-5f437b95-503a-4f29-91f7-75b7c74612d1\"><img decoding=\"async\" src=\"http:\/\/rafalk-elblag.pl\/wp-content\/uploads\/2020\/04\/baner-intencje-mszy.jpg\" alt=\"Obrazek posiada pusty atrybut alt; plik o nazwie baner-intencje-mszy.jpg\"\/><\/figure>\n\n\n\n<h1 class=\"wp-block-heading\" id=\"block-ebb85da5-2bf8-44c6-8a18-015b59726bae\">Intencje mszalne 14.01.2024 r.<\/h1>\n\n\n\n<p><strong>PONIEDZIA\u0141EK \/ 15 stycznia 2024<\/strong> \/ Mk 2,18-22<br>8.00 \u015bp. Irena Putkowska (w 2 rocznic\u0119 \u015bmierci)<br>8.00 \u015bp. Krystyna Stapurewicz (15 greg.)<br>18.00 Za dusze w czy\u015b\u0107cu cierpi\u0105ce oraz \u015bp. Romana [m]<\/p>\n\n\n\n<p><strong>WTOREK \/ 16 stycznia 2024 <\/strong>\/ Mk 2,23-28<br>8.00 \u015bp. Krystyna Stapurewicz (16 greg.)<br>8.00 \u015bp. W\u0142adys\u0142aw [m] Wojsznis (w 30 rocznic\u0119 \u015bmierci)<br>18.00 Za Bractwo Szkaplerzne i Rodzin\u0119 Karmelita\u0144sk\u0105<\/p>\n\n\n\n<p><strong>\u015aRODA \/ 17 stycznia 2024<\/strong> \/ \u015bw. Antoniego, opata \/ Mk 3,1-6<br>8.00 \u015bp. Krystyna Stapurewicz (17 greg.)<br>8.00 \u015bp. Karol Wi\u015bniewski (w 15 rocznic\u0119 \u015bmierci) oraz zmarli z rodzin Wi\u015bniewskich, Filar, Przygoda<br>18.00 \u015bp. Marcin Kierzkowski (w 3 rocznic\u0119 \u015bmierci)<\/p>\n\n\n\n<p><strong>CZWARTEK \/ 18 stycznia 2024<\/strong> \/ Mk 3,7-12<br>8.00 Dzi\u0119kczynna za syna Wojciecha z okazji 42 rocznicy urodzin, z pro\u015bn\u0105 o potrzebne \u0142aski i dalsze Bo\u017ce b\u0142.<br>8.00 \u015bp. Krystyna Stapurewicz (18 greg.)<br>18.00 \u015bp. Florentyna [k] Kr\u00f3l, Sabina Korotkiewicz<\/p>\n\n\n\n<p><strong>PI\u0104TEK \/ 19 stycznia 2024<\/strong> \/ \u015bw. J\u00f3zefa Sebastiana Pelczara \/ Mk 3,13-19<br>8.00 \u015bp. Krystyna Stapurewicz (19 greg.)<br>8.00 Za rodziny do kt\u00f3rych udamy si\u0119 z wizyt\u0105 duszpastersk\u0105<br>18.00 \u015bp. Andrzej Klecha (w 2 rocznic\u0119 \u015bmierci) i zmarli z obojga stron<\/p>\n\n\n\n<p><strong>SOBOTA \/ 20 stycznia 2024<\/strong> \/ Mk 3,20-21<br>8.00 Za rodziny do kt\u00f3rych udamy si\u0119 z wizyt\u0105 duszpastersk\u0105<br>8.00 \u015bp. Krystyna Stapurewicz (20 greg.)<br>18.00 Dzi\u0119kczynna z okazji imienin Sebastiana z pro\u015bb\u0105 o Bo\u017ce b\u0142.<\/p>\n\n\n\n<p><strong>III NIEDZIELA ZWYK\u0141A \/ 21 stycznia 2024<\/strong> \/ Mk 1,14-20<br>8.00 \u015bp. Krystyna Stapurewicz (21 greg.)<br>10.00 \u015bp. Halina i Franciszek Kre\u0144scy<br>12.00 W intencji Parafian<br>15.00 \u015bp. Maria Oleska (intencja od rodziny Robak\u00f3w i Przybylskich)<br>18.00 \u015bp. Boles\u0142aw Malinowski (w 5 rocznic\u0119 \u015bmierci) oraz za rodzic\u00f3w Stefani\u0119 i Stefana<br>18.00 Dzi\u0119kczynna w 50 urodziny Agnieszki Malinowskiej<\/p>\n","protected":false},"excerpt":{"rendered":"<p>Kol\u0119dy Sk\u0105d wzi\u0119\u0142o si\u0119 s\u0142owo kol\u0119da? Pochodzi ono od \u0142aci\u0144skiego calenda, spolszczanego jako kalenda. Tym wyra\u017ceniem okre\u015blano w staro\u017cytnym Rzymie pierwszy dzie\u0144 ka\u017cdego miesi\u0105ca (st\u0105d te\u017c pochodzi nasze s\u0142owo&nbsp;kalendarz). W III wieku pojawi\u0142y si\u0119w Ko\u015bciele pogl\u0105dy, \u017ce Jezus narodzi\u0142 si\u0119 8 dni przed kalendami styczniowymi, czyli 25 grudnia. Kol\u0119dy pisa\u0142 i \u015bpiewa\u0142 \u015bw. Franciszek z [&hellip;]<\/p>\n","protected":false},"author":1,"featured_media":5386,"comment_status":"closed","ping_status":"closed","sticky":false,"template":"","format":"standard","meta":{"ngg_post_thumbnail":0,"footnotes":""},"categories":[11,8,4,3],"tags":[],"class_list":["post-5385","post","type-post","status-publish","format-standard","has-post-thumbnail","hentry","category-aktualnosci","category-blog","category-intencje","category-ogloszenia"],"_links":{"self":[{"href":"https:\/\/rafalk-elblag.pl\/index.php?rest_route=\/wp\/v2\/posts\/5385","targetHints":{"allow":["GET"]}}],"collection":[{"href":"https:\/\/rafalk-elblag.pl\/index.php?rest_route=\/wp\/v2\/posts"}],"about":[{"href":"https:\/\/rafalk-elblag.pl\/index.php?rest_route=\/wp\/v2\/types\/post"}],"author":[{"embeddable":true,"href":"https:\/\/rafalk-elblag.pl\/index.php?rest_route=\/wp\/v2\/users\/1"}],"replies":[{"embeddable":true,"href":"https:\/\/rafalk-elblag.pl\/index.php?rest_route=%2Fwp%2Fv2%2Fcomments&post=5385"}],"version-history":[{"count":2,"href":"https:\/\/rafalk-elblag.pl\/index.php?rest_route=\/wp\/v2\/posts\/5385\/revisions"}],"predecessor-version":[{"id":5388,"href":"https:\/\/rafalk-elblag.pl\/index.php?rest_route=\/wp\/v2\/posts\/5385\/revisions\/5388"}],"wp:featuredmedia":[{"embeddable":true,"href":"https:\/\/rafalk-elblag.pl\/index.php?rest_route=\/wp\/v2\/media\/5386"}],"wp:attachment":[{"href":"https:\/\/rafalk-elblag.pl\/index.php?rest_route=%2Fwp%2Fv2%2Fmedia&parent=5385"}],"wp:term":[{"taxonomy":"category","embeddable":true,"href":"https:\/\/rafalk-elblag.pl\/index.php?rest_route=%2Fwp%2Fv2%2Fcategories&post=5385"},{"taxonomy":"post_tag","embeddable":true,"href":"https:\/\/rafalk-elblag.pl\/index.php?rest_route=%2Fwp%2Fv2%2Ftags&post=5385"}],"curies":[{"name":"wp","href":"https:\/\/api.w.org\/{rel}","templated":true}]}}