{"id":5380,"date":"2024-01-06T22:48:44","date_gmt":"2024-01-06T22:48:44","guid":{"rendered":"http:\/\/rafalk-elblag.pl\/?p=5380"},"modified":"2024-01-06T22:51:14","modified_gmt":"2024-01-06T22:51:14","slug":"07-01-2024-r-swieto-chrztu-panskiego","status":"publish","type":"post","link":"https:\/\/rafalk-elblag.pl\/?p=5380","title":{"rendered":"07.01.2024 r., \u015awi\u0119to Chrztu Pa\u0144skiego"},"content":{"rendered":"\n<h2 class=\"wp-block-heading\" id=\"block-de4dbcd2-5192-419e-9a16-24c75cd43305\">\u015awi\u0119ta objawienia<\/h2>\n\n\n\n<p><strong>Dwa wydarzenia z \u017cycia Jezusa \u2013&nbsp;Objawienie i&nbsp;Chrzest w&nbsp;Jordanie \u2013 ukazuj\u0105 szczeg\u00f3ln\u0105 obecno\u015b\u0107 Boga w\u015br\u00f3d nas. <\/strong>Pierwsze z nich mia\u0142o miejsce w&nbsp; Betlejem nied\u0142ugo po&nbsp;narodzinach Chrystusa. \u015awi\u0119ty \u0141ukasz w&nbsp;swojej ewangelii wspomina o pasterzach, a wi\u0119c ludziach prostych i ubogich. Natomiast \u015bw. Mateusz wspomina oddanie pok\u0142onu przez&nbsp;M\u0119drc\u00f3w, kt\u00f3re obchodzimy tak&nbsp;uroczy\u015bcie.<\/p>\n\n\n\n<p>Podczas objawienia i chrztu sam B\u00f3g uni\u017ca si\u0119 i&nbsp;pokazuje, \u017ce&nbsp;kocha nas tak bardzo, aby <strong>bez wahania i wytrwale uczyni\u0107 wszystko, byle tylko&nbsp;nas ratowa\u0107 przed&nbsp;z\u0142em<\/strong><strong>.&nbsp;Jezus przychodz\u0105c na ten \u015bwiat, chce nam pokaza\u0107, \u017ce jest Bogiem z&nbsp;nami<\/strong>&nbsp;oraz&nbsp;\u017ce&nbsp;droga cichej s\u0142u\u017cby, pokornego i&nbsp;wytrwa\u0142ego kroczenia w kierunku nieba jest mo\u017cliwa.<strong>&nbsp;Pomimo wielu naszych u\u0142omno\u015bci i&nbsp;s\u0142abo\u015bci zaprasza nas do&nbsp;pod\u0105\u017cania Jego \u015bladem. Drog\u0105, kt\u00f3r\u0105 jest On&nbsp;sam.<\/strong><strong><\/strong><\/p>\n\n\n\n<p>Jeste\u015bmy \u015bwiadomi faktu, \u017ce Pan B\u00f3g jest Niesko\u0144czony, Wszechpot\u0119\u017cny itp., wiemy to z Katechizmu. Je\u015bli si\u0119 nad tym zastanowi\u0107, to logicznie wynika z tego, \u017ce&nbsp;<strong>Pana Boga nie da si\u0119 zamkn\u0105\u0107 w ludzkim s\u0142owie<\/strong><strong>.<\/strong> Trudno cokolwiek o Nim powiedzie\u0107. Je\u015bli zatem On sam czego\u015b o sobie nie powie, to my si\u0119 o Nim niczego nie dowiemy. I w\u0142a\u015bnie <strong>w Uroczysto\u015b\u0107 Objawienia Pa\u0144skiego (6 stycznia) i \u015bwi\u0119to Chrztu Pa\u0144skiego (niedziela po 6 stycznia) prze\u017cywamy&nbsp;rado\u015b\u0107 z tego, \u017ce B\u00f3g raczy\u0142 do cz\u0142owieka przem\u00f3wi\u0107, tj. \u017ce si\u0119 objawi\u0142, pokaza\u0142, kim jest.<\/strong><strong><\/strong><\/p>\n\n\n\n<p>Najstarsze homilie i niekt\u00f3rzy staro\u017cytni&nbsp; komentuj\u0105 to w ten spos\u00f3b, \u017ce m\u0119drcom B\u00f3g objawia si\u0119 jako poganom, czyli takim, co nic nie wiedz\u0105 (jest to wyj\u015bcie poza kr\u0105g Narodu Wybranego). Z kolei Chrzest jest objawieniem Boga w Tr\u00f3jcy. Ojciec si\u0119 objawia w g\u0142osie, Duch w go\u0142\u0119bicy i Syn wst\u0119puje do Jordanu.<\/p>\n\n\n\n<p><\/p>\n\n\n\n<figure class=\"wp-block-image\" id=\"block-11bfdc70-3a14-4d5e-94a4-c45b2bb4a6cf\"><a href=\"http:\/\/rafalk-elblag.pl\/wp-content\/uploads\/2021\/08\/ogloszenia-parafialne-baner-01a.jpg\"><img decoding=\"async\" src=\"http:\/\/rafalk-elblag.pl\/wp-content\/uploads\/2021\/08\/ogloszenia-parafialne-baner-01a.jpg\" alt=\"Obrazek posiada pusty atrybut alt; plik o nazwie ogloszenia-parafialne-baner-01a.jpg\"\/><\/a><\/figure>\n\n\n\n<h1 class=\"wp-block-heading\" id=\"block-6d42405b-4ab7-4d06-b960-74c4b8e7c4ea\">Og\u0142oszenia parafialne 6\/7.01.2024 r.<\/h1>\n\n\n\n<ol class=\"wp-block-list\" id=\"block-6e7fc4b7-d0ca-43b6-88f8-3d31ed4b7c9b\">\n<li>Dzisiaj prze\u017cywamy <strong>UROCZYSTO\u015a\u0106 OBJAWIENIA PA\u0143SKIEGO (TRZECH&nbsp; KR\u00d3LI<\/strong>). Jest to dzie\u0144 modlitw za misje, dlatego pami\u0119tajmy o misjonarzach pochodz\u0105cych z naszej parafii. <strong>Ofiary zbierane dzisiaj do puszek<\/strong> przeznaczone s\u0105 na pomoc dla o. Dariusza Maruta CSSp pracuj\u0105cego na Madagaskarze. B\u00f3g zap\u0142a\u0107 za zrozumienie. <strong><em>Po ka\u017cdej Mszy \u015awi\u0119tej mo\u017cna zabra\u0107 po\u015bwi\u0119con\u0105 kred\u0119 i wod\u0119 do domu.<\/em><\/strong><\/li>\n\n\n\n<li>Po raz kolejny w naszym mie\u015bcie odb\u0119dzie si\u0119 Orszak Trzech Kr\u00f3li.<strong> Orszak rozpocznie si\u0119 na Placu Jagiello\u0144czyka o godz.13:00, a zako\u0144czy si\u0119 Msz\u0105 \u015bw. w Katedrze \u015bw. Miko\u0142aja. Serdecznie zapraszamy do udzia\u0142u ca\u0142e rodziny. <\/strong><\/li>\n\n\n\n<li>&nbsp;Jutro (7 stycznia) na Mszy o godz. 15:00, b\u0119dziemy go\u015bci\u0107&nbsp; <strong>CH\u00d3R REDEMPTORIS<\/strong>&nbsp;z parafii Matki Bo\u017cej Kr\u00f3lowej&nbsp; Polski w Elbl\u0105gu. <em>Po Mszy \u015bw. zach\u0119camy do pozostania na nabo\u017ce\u0144stwie Adoracyjnym przy \u017c\u0142\u00f3bku z udzia\u0142em w\/w ch\u00f3ru w kt\u00f3rym b\u0119dziemy mogli rozwa\u017ca\u0107 pami\u0105tk\u0119 Bo\u017cego Narodzenia w s\u0142owie recytowanym i \u015bpiewanym. <strong>ZAPRASZAMY.<\/strong><\/em><\/li>\n\n\n\n<li><strong>W ramach comiesi\u0119cznego spotkania zapraszam rodzic\u00f3w dzieci klas III na Msz\u0119 \u015bw.<br>o godzinie 18.00 w poniedzia\u0142ek 8 stycznia.&nbsp;<\/strong><\/li>\n\n\n\n<li><strong><em>&nbsp;W okresie trwania KOL\u0118DY nie b\u0119dzie ADORACJI w czwartki po Mszy \u015bw. o godz. 18:00.&nbsp;<\/em><\/strong><\/li>\n\n\n\n<li>Mija 800 lat od historycznego wydarzenia, gdy 25 grudnia 1223 roku \u015bw. Franciszek&nbsp;z Asy\u017cu, pragn\u0105c g\u0142\u0119biej prze\u017cy\u0107 tajemnic\u0119 Bo\u017cego Narodzenia, w miejscowo\u015bci Greccio, urz\u0105dzi\u0142 pierwsz\u0105 szopk\u0119 i jase\u0142ka. <em>Od tego wydarzenia rozpocz\u0105\u0142 si\u0119 zwyczaj ustawiania szopek w okresie Narodzenia Pa\u0144skiego w ko\u015bcio\u0142ach i domach na ca\u0142ym \u015bwiecie.<\/em><\/li>\n\n\n\n<li><strong>Prze\u017cywamy wi\u0119c r\u00f3wn\u0105 rocznic\u0119 tego wydarzenia, dlatego zapraszam wszystkich do ko\u015bcio\u0142a \u015bw. Paw\u0142a Aposto\u0142a w Elbl\u0105gu na uroczyst\u0105 Msz\u0119 \u015bw. i modlitw\u0119 przy \u017c\u0142\u00f3bku w sobot\u0119 13 stycznia na godz. 10:00.<\/strong> <em><u>Papie\u017c Franciszek na ten JUBILEUSZ udzieli\u0142 przywileju ODPUSTU ZUPE\u0141NEGO, kt\u00f3ry b\u0119dziemy mogli uzyska\u0107 w tym dniu oraz w nast\u0119pnych dniach a\u017c do 2 lutego, modl\u0105c si\u0119 w ko\u015bcio\u0142ach franciszka\u0144skich przy \u017c\u0142\u00f3bku, ADORUJ\u0104C BOSKIE DZIECI\u0104TKO.<\/u><\/em><\/li>\n\n\n\n<li><strong><\/strong>W niedziel\u0119 14 stycznia Wsp\u00f3lnota Odnowy w Duchu \u015awi\u0119tym <strong>\u201eKANA GALILEJSKA\u201d<\/strong> obchodzi 26 lecie istnienia przy naszej parafii. Wsp\u00f3lnota zaprasza w tym dniu na Msz\u0119 \u015bw. dzi\u0119kczynn\u0105 o godz. 15:00, gdzie b\u0119dzie dzi\u0119kowa\u0142a Bogu za wszelkie \u0142aski i dary ducha \u015awi\u0119tego w tym czasie otrzymane.<\/li>\n\n\n\n<li><strong><\/strong><strong>Za tydzie\u0144 14 stycznia (niedziela)<\/strong> po wsp\u00f3lnej Mszy \u015bw. o godz. 15:00 odb\u0119dzie si\u0119 spotkanie op\u0142atkowe dla wsp\u00f3lnot parafialnych: <strong><em>Bractwo Szkaplerzne, Odnowa w Duchu \u015awi\u0119tym, Wsp\u00f3lnota Krwi Chrystusa, Kr\u0119g Biblijny, Apostolat Margaretka, Apostolat Bo\u017cego Mi\u0142osierdzia, Wolontariuszy Caritas i \u017bywego R\u00f3\u017ca\u0144ca na kt\u00f3re zapraszamy.<\/em><\/strong><\/li>\n\n\n\n<li><strong><\/strong><strong>Moi drodzy, trwa czas \u015bpiewania kol\u0119d.<\/strong> Zapraszamy na wsp\u00f3lne kol\u0119dowanie 14 stycznia po Mszy \u015bw. o godz. 10:00 z zespo\u0142em m\u0142odzie\u017cy z Elbl\u0105ga lub na Msz\u0119 \u015bw. o godz. 12:00 na kt\u00f3rej zesp\u00f3\u0142 b\u0119dzie pos\u0142ugiwa\u0142 muzycznie. <em><\/em><\/li>\n\n\n\n<li>Trwa wizyta duszpasterska w naszej parafii. W tym tygodniu kol\u0119d\u0119 rozpoczynamy od godz. 16:00. Grafik kol\u0119dy znajdziemy w Biuletynie. <strong>W trakcie kol\u0119dy o godz. 8:00 jest sprawowana Eucharystia za rodziny, do kt\u00f3rych udamy si\u0119 z Wizyt\u0105 Duszpastersk\u0105. Tym bardziej zach\u0119camy osoby dysponuj\u0105ce czasem do wsp\u00f3lnej modlitwy.<\/strong><\/li>\n\n\n\n<li>Pragn\u0119 poinformowa\u0107 \u017ce pod ch\u00f3rem znajduje si\u0119 naczynie z WOD\u0104 \u015aWIECON\u0104. Prosz\u0119<br>o&nbsp; zaopatrzenie si\u0119 w te wod\u0119 do po\u015bwiecenia mieszkania podczas kol\u0119dy.<\/li>\n\n\n\n<li><em><u>PROSIMY O ZAMYKANIE DRZWI PRZY WCHODZENIU I WYCHODZENIU&nbsp;Z KO\u015aCIO\u0141A PONIEWA\u017b KO\u015aCI\u00d3\u0141 JEST OGRZEWANY.&nbsp;<strong>DZI\u0118KUJEMY.<\/strong><\/u><\/em><\/li>\n\n\n\n<li>Ofiary z\u0142o\u017cone na tac\u0119 w niedziel\u0119 przeznaczone b\u0119d\u0105 uregulowanie rachunku za ogrzewanie Ko\u015bcio\u0142a. <em>Dzi\u0119kuj\u0119 za zrozumienie i z\u0142o\u017cone ofiary.<\/em><br><\/li>\n<\/ol>\n\n\n\n<figure class=\"wp-block-image\"><img loading=\"lazy\" decoding=\"async\" width=\"1528\" height=\"1080\" src=\"http:\/\/rafalk-elblag.pl\/wp-content\/uploads\/2023\/12\/9106430028431099188.jpg\" alt=\"\" class=\"wp-image-5375\" srcset=\"https:\/\/rafalk-elblag.pl\/wp-content\/uploads\/2023\/12\/9106430028431099188.jpg 1528w, https:\/\/rafalk-elblag.pl\/wp-content\/uploads\/2023\/12\/9106430028431099188-300x212.jpg 300w, https:\/\/rafalk-elblag.pl\/wp-content\/uploads\/2023\/12\/9106430028431099188-1024x724.jpg 1024w, https:\/\/rafalk-elblag.pl\/wp-content\/uploads\/2023\/12\/9106430028431099188-768x543.jpg 768w\" sizes=\"auto, (max-width: 1528px) 100vw, 1528px\" \/><\/figure>\n\n\n\n<p id=\"block-9ae4be8e-ec55-48ae-9d4c-d8976dbe2d9b\"><strong><u>PROGRAM WIZYTY DUSZPASTERSKIEJ<\/u><\/strong> <strong><u>W PARAFII \u015aW. RAFA\u0141A KALINOWSKIEGO<\/u><\/strong><\/p>\n\n\n\n<p><strong>Poniedzia\u0142ek 8.01. 2024 od 16:00<\/strong><br>ul. Broniewskiego 17, 19, 21, 23<br>ul. Broniewskiego 27, 29, 31, 33, 35<br>ul. Broniewskiego 2, 4<\/p>\n\n\n\n<p><strong>Wtorek 9.01.2024 od 16:00<\/strong><br>ul. Broniewskiego 6, 8<br>ul. K\u0142oczowskiego 1, 2, 3, 4, 5, 6<br>ul. K\u0142oczowskiego 7, 8, 9, 10, 11<\/p>\n\n\n\n<p><strong>\u015aroda 10.01.2024r. od 16:00<\/strong><br>ul. K\u0142oczowskiego 15, 16, 17, 18, 19<br>ul. K\u0142oczowskiego 20, 21, 22, 23, 24<br>ul. K\u0142oczowskiego 25, 26, 27, 28<\/p>\n\n\n\n<p><strong>Czwartek 11.01.2024r. od 16:00<\/strong><br>ul. K\u0142oczowskiego 29, 30, 31, 32<br>ul. K\u0142oczowskiego 33, 34, 35<\/p>\n\n\n\n<p><strong>Pi\u0105tek 12.01.2024r. od 16:00<\/strong><br>ul. K\u0142oczowskiego 12, 12A<br>ul. K\u0142oczowskiego 13, 13A<br>ul. K\u0142oczowskiego 14<\/p>\n\n\n\n<p><strong>Sobota 13. 01. 2024 od 15:00<\/strong><br>ul. \u0141okietka 1 &#8211; 65<br>ul. \u0141okietka 2 &#8211; 62<br>ul. \u0141okietka 67 &#8211; 127<\/p>\n\n\n\n<p id=\"block-28719a88-933c-432a-a064-2e684b237027\"><strong>Prosimy o przygotowanie si\u0119 do wizyty duszpasterskiej:<\/strong><\/p>\n\n\n\n<ul class=\"wp-block-list\" id=\"block-6a13479c-639e-4d11-8098-4da74d06443b\">\n<li>Obecna ca\u0142a rodzina<\/li>\n\n\n\n<li>Dzieci przygotowuj\u0105 zeszyty do religii, ziarenka potwierdzaj\u0105ce udzia\u0142 we Mszy \u015bw. niedzielnej a m\u0142odzie\u017c ksi\u0105\u017ceczki od przygotowania&nbsp;do Sakramentu Bierzmowania<\/li>\n\n\n\n<li>Bia\u0142y obrus, Pismo \u015awi\u0119te, Krzy\u017c \u015bwiecznik, woda \u015bwi\u0119cona, kropid\u0142o<\/li>\n\n\n\n<li>Tematyk\u0105 tegorocznej Kol\u0119dy jest m\u00f3j udzia\u0142 i zaanga\u017cowanie w \u017cyciu parafii&nbsp; w nawi\u0105zaniu do has\u0142a roku duszpasterskiego 2023\/2024: <strong>\u201eUCZESTNICZ\u0118 WE WSP\u00d3LNOCIE KO\u015aCIO\u0141A\u201d<\/strong>.<\/li>\n\n\n\n<li><strong>UWAGA !!!<\/strong> Kol\u0119dy w tym tygodniu rozpoczynamy od godz. 16:00.<\/li>\n<\/ul>\n\n\n\n<p id=\"block-4638f52d-8513-45c7-9be1-dbf7d4ea2166\">\ufeff<\/p>\n\n\n\n<figure class=\"wp-block-image\" id=\"block-5f437b95-503a-4f29-91f7-75b7c74612d1\"><img decoding=\"async\" src=\"http:\/\/rafalk-elblag.pl\/wp-content\/uploads\/2020\/04\/baner-intencje-mszy.jpg\" alt=\"Obrazek posiada pusty atrybut alt; plik o nazwie baner-intencje-mszy.jpg\"\/><\/figure>\n\n\n\n<h1 class=\"wp-block-heading\" id=\"block-ebb85da5-2bf8-44c6-8a18-015b59726bae\">Intencje mszalne 07.01.2024 r.<\/h1>\n\n\n\n<p><strong>PONIEDZIA\u0141EK \/ 8 stycznia 2024<\/strong> \/ Mk 1,14-20<br>8.00 \u015bp. Regina Polcyn (w 30 dzie\u0144 po pogrzebie)<br>8.00 \u015bp. Krystyna Stapurewicz (8 greg.)<br>18.00 \u015bp. Tadeusz Tonga (w 2 rocznic\u0119 \u015bmierci), Jan (w 18 miesi\u0105c po \u015bmierci), zmarli z rodzin Tonga i Koniecznych<\/p>\n\n\n\n<p><strong>WTOREK \/ 9 stycznia 2024<\/strong> \/ Mk 1,21-28<br>8.00 \u015bp. Krystyna Stapurewicz (9 greg.)<br>8.00 \u015bp. Jadwiga i Teofil<br>18.00 \u015bp. Jadwiga i Micha\u0142 \u0141astowscy i zmarli z rodziny<\/p>\n\n\n\n<p><strong>\u015aRODA \/ 10 stycznia 2024<\/strong> \/ Mk 1,29-39<br>8.00 \u015bp. Krystyna Stapurewicz (10 greg.)<br>8.00 Za rodziny do kt\u00f3rych udamy si\u0119 z wizyt\u0105 duszpastersk\u0105<br>18.00 \u015bp. Maria Oleska<\/p>\n\n\n\n<p><strong>CZWARTEK \/ 11 stycznia 2024<\/strong> \/ Mk 1,40-45<br>8.00 Za rodziny do kt\u00f3rych udamy si\u0119 z wizyt\u0105 duszpastersk\u0105<br>8.00 \u015bp. Krystyna Stapurewicz (11 greg.)<br>18.00<\/p>\n\n\n\n<p><strong>PI\u0104TEK \/ 12 stycznia 2024 <\/strong>\/ Mk 2,1-12<br>8.00 \u015bp. Krystyna Stapurewicz (12 greg.)<br>8.00 Za rodziny do kt\u00f3rych udamy si\u0119 z wizyt\u0105 duszpastersk\u0105<br>18.00 O Bo\u017ce b\u0142. dla ks. Arkadiusza Grabowskiego, z okazji imienin (intencja od Margaretki)<\/p>\n\n\n\n<p><strong>SOBOTA \/ 13 stycznia 2024 <\/strong>\/ Mk 2,13-17<br>8.00 \u015bp. Tadeusz Laskowski (w 30 dzie\u0144 po pogrzebie)<br>8.00 \u015bp. Krystyna Stapurewicz (13 greg.)<br>18.00 \u015bp. zmarli z rodzin Renda i Radziszewskich<\/p>\n\n\n\n<p><strong>II NIEDZIELA ZWYK\u0141A \/ 14 stycznia 2024<\/strong> \/ J 1,35-42<br>8.00 \u015bp. Krystyna Stapurewicz (14 greg.)<br>10.00 O Bo\u017ce b\u0142. i wszelkie potrzebne \u0142aski w Nowym Roku dla Nikodema i jego rodziny, Agnieszki i ca\u0142ej rodziny zakonnej oraz dla Magdaleny i jej rodziny<br>12.00 W intencji Parafian<br>15.00 W 26 rocznic\u0119 powstania wsp\u00f3lnoty Odnowy w Duchu \u015awi\u0119tym \u201eKana Galilejska\u201d \u2013 dzi\u0119kczynna Bogu za wszelkie \u0142aski i dary Ducha \u015awi\u0119tego w tym czasie otrzymane, za nowego opiekuna ks. Wojciecha Zwolickiego, z pro\u015bb\u0105 o nowe wylanie Ducha \u015awi\u0119tego na wsp\u00f3lnot\u0119 i ca\u0142\u0105 parafi\u0119<br>18.00 \u015bp. Stefania, Eugenia, Barbara, J\u00f3zef, Kazimiera Wiktorowscy oraz Kazimiera, J\u00f3zef Brodkiewicz, Bogus\u0142aw Jakubowski<\/p>\n","protected":false},"excerpt":{"rendered":"<p>\u015awi\u0119ta objawienia Dwa wydarzenia z \u017cycia Jezusa \u2013&nbsp;Objawienie i&nbsp;Chrzest w&nbsp;Jordanie \u2013 ukazuj\u0105 szczeg\u00f3ln\u0105 obecno\u015b\u0107 Boga w\u015br\u00f3d nas. Pierwsze z nich mia\u0142o miejsce w&nbsp; Betlejem nied\u0142ugo po&nbsp;narodzinach Chrystusa. \u015awi\u0119ty \u0141ukasz w&nbsp;swojej ewangelii wspomina o pasterzach, a wi\u0119c ludziach prostych i ubogich. Natomiast \u015bw. Mateusz wspomina oddanie pok\u0142onu przez&nbsp;M\u0119drc\u00f3w, kt\u00f3re obchodzimy tak&nbsp;uroczy\u015bcie. Podczas objawienia i chrztu sam [&hellip;]<\/p>\n","protected":false},"author":1,"featured_media":5381,"comment_status":"closed","ping_status":"closed","sticky":false,"template":"","format":"standard","meta":{"ngg_post_thumbnail":0,"footnotes":""},"categories":[11,8,4,3],"tags":[],"class_list":["post-5380","post","type-post","status-publish","format-standard","has-post-thumbnail","hentry","category-aktualnosci","category-blog","category-intencje","category-ogloszenia"],"_links":{"self":[{"href":"https:\/\/rafalk-elblag.pl\/index.php?rest_route=\/wp\/v2\/posts\/5380","targetHints":{"allow":["GET"]}}],"collection":[{"href":"https:\/\/rafalk-elblag.pl\/index.php?rest_route=\/wp\/v2\/posts"}],"about":[{"href":"https:\/\/rafalk-elblag.pl\/index.php?rest_route=\/wp\/v2\/types\/post"}],"author":[{"embeddable":true,"href":"https:\/\/rafalk-elblag.pl\/index.php?rest_route=\/wp\/v2\/users\/1"}],"replies":[{"embeddable":true,"href":"https:\/\/rafalk-elblag.pl\/index.php?rest_route=%2Fwp%2Fv2%2Fcomments&post=5380"}],"version-history":[{"count":2,"href":"https:\/\/rafalk-elblag.pl\/index.php?rest_route=\/wp\/v2\/posts\/5380\/revisions"}],"predecessor-version":[{"id":5383,"href":"https:\/\/rafalk-elblag.pl\/index.php?rest_route=\/wp\/v2\/posts\/5380\/revisions\/5383"}],"wp:featuredmedia":[{"embeddable":true,"href":"https:\/\/rafalk-elblag.pl\/index.php?rest_route=\/wp\/v2\/media\/5381"}],"wp:attachment":[{"href":"https:\/\/rafalk-elblag.pl\/index.php?rest_route=%2Fwp%2Fv2%2Fmedia&parent=5380"}],"wp:term":[{"taxonomy":"category","embeddable":true,"href":"https:\/\/rafalk-elblag.pl\/index.php?rest_route=%2Fwp%2Fv2%2Fcategories&post=5380"},{"taxonomy":"post_tag","embeddable":true,"href":"https:\/\/rafalk-elblag.pl\/index.php?rest_route=%2Fwp%2Fv2%2Ftags&post=5380"}],"curies":[{"name":"wp","href":"https:\/\/api.w.org\/{rel}","templated":true}]}}