{"id":5374,"date":"2023-12-31T17:32:53","date_gmt":"2023-12-31T17:32:53","guid":{"rendered":"http:\/\/rafalk-elblag.pl\/?p=5374"},"modified":"2024-01-05T21:44:13","modified_gmt":"2024-01-05T21:44:13","slug":"31-12-2023-r-swieto-swietej-rodziny-jezusa-maryi-i-jozefa","status":"publish","type":"post","link":"https:\/\/rafalk-elblag.pl\/?p=5374","title":{"rendered":"31.12.2023 r., \u015awi\u0119to \u015awi\u0119tej Rodziny: Jezusa, Maryi i J\u00f3zefa"},"content":{"rendered":"\n<p><a href=\"http:\/\/rafalk-elblag.pl\/wp-admin\/edit.php?post_type=post\"><\/a><\/p>\n\n\n\n<h2 class=\"wp-block-heading\" id=\"block-de4dbcd2-5192-419e-9a16-24c75cd43305\"><strong>Odpusty z okazji jubileuszu 800-lecia szopki<\/strong><\/h2>\n\n\n\n<p>Fragment z Listu Biskupa Elbl\u0105skiego:<\/p>\n\n\n\n<p>\u201ePrzed o\u015bmiuset laty \u015bw. Franciszek z Asy\u017cu po raz pierwszy zorganizowa\u0142 szopk\u0119 i \u017c\u0142obek z udzia\u0142em ludzi<br>i \u017cywych zwierz\u0105t. By\u0142o to w grotach skalnych w miejscowo\u015bci Greccio (\u2026) oddalonej 90 km od Rzymu. Franciszek chcia\u0142 w ten spos\u00f3b zobrazowa\u0107 i przypomnie\u0107 ludziom narodziny Jezusa. Wydarzy\u0142o si\u0119 to 25 grudnia 1223 roku. Wsp\u00f3\u0142bracia \u015bw. Franciszka rozszerzyli ten spos\u00f3b upami\u0119tnienia i uczczenia narodzin Zbawiciela w ca\u0142ym Ko\u015bciele. \u017b\u0142\u00f3bek i szopka to tak\u017ce dzi\u015b, wsp\u00f3\u0142cze\u015bnie, specyficzna i pogl\u0105dowa katecheza o Bo\u017cym Narodzeniu, wa\u017cna zw\u0142aszcza dla ma\u0142ych dzieci oraz ca\u0142ych rodzin.<\/p>\n\n\n\n<p>Z okazji osiemsetletniej rocznicy zbudowania pierwszej szopki papie\u017c Franciszek udziela odpustu zupe\u0142nego. Mog\u0105 uzyska\u0107 go ci, kt\u00f3rzy w najbli\u017cszym czasie, tj. <strong>do 2 lutego 2024 roku<\/strong>, odwiedz\u0105 ko\u015bcio\u0142y, gdzie pos\u0142uguj\u0105 franciszkanie. <strong>Trzeba w\u00f3wczas pomodli\u0107 si\u0119 przez chwil\u0119 przy \u017c\u0142\u00f3bku Jezusa, cho\u0107by w sercu, my\u015blnie.<\/strong> Zach\u0119cam wi\u0119c do pielgrzymowania, zw\u0142aszcza z dzie\u0107mi, do ko\u015bcio\u0142\u00f3w franciszka\u0144skich na terenie naszej diecezji.<br><strong>W Elbl\u0105gu&nbsp; s\u0105 to: ko\u015bci\u00f3\u0142 \u015bw. Paw\u0142a, gdzie pracuj\u0105 Bracia Mniejsi oraz ko\u015bci\u00f3\u0142 \u015bw. Jerzego, gdzie trwaj\u0105 na modlitwie siostry Klaryski.<\/strong> W Kwidzynie &#8211; ko\u015bci\u00f3\u0142 \u015awi\u0119tej Tr\u00f3jcy (Bracia Mniejsi), a tak\u017ce ko\u015bcio\u0142y: w Kadynach (Franciszkanie) oraz Krynicy Morskiej (Kapucyni).\u201d<\/p>\n\n\n\n<p><strong>Odpust uzyskuje si\u0119 pod zwyk\u0142ymi warunkami.<\/strong><\/p>\n\n\n\n<p><\/p>\n\n\n\n<figure class=\"wp-block-image\" id=\"block-11bfdc70-3a14-4d5e-94a4-c45b2bb4a6cf\"><a href=\"http:\/\/rafalk-elblag.pl\/wp-content\/uploads\/2021\/08\/ogloszenia-parafialne-baner-01a.jpg\"><img decoding=\"async\" src=\"http:\/\/rafalk-elblag.pl\/wp-content\/uploads\/2021\/08\/ogloszenia-parafialne-baner-01a.jpg\" alt=\"Obrazek posiada pusty atrybut alt; plik o nazwie ogloszenia-parafialne-baner-01a.jpg\"\/><\/a><\/figure>\n\n\n\n<h1 class=\"wp-block-heading\" id=\"block-6d42405b-4ab7-4d06-b960-74c4b8e7c4ea\">Og\u0142oszenia parafialne 31.12.2023 r.<\/h1>\n\n\n\n<ol class=\"wp-block-list\" id=\"block-6e7fc4b7-d0ca-43b6-88f8-3d31ed4b7c9b\">\n<li><strong>W NOWY ROK<\/strong>, (PONIEDZIA\u0141EK) Ko\u015bci\u00f3\u0142 obchodzi Uroczysto\u015b\u0107 \u015awi\u0119tej Bo\u017cej Rodzicielki Maryi. Jest to <strong>\u015aWIATOWY DZIE\u0143 MODLITW O POK\u00d3J,<\/strong> pro\u015bmy szczeg\u00f3lnie o ten pok\u00f3j na UKRAINIE oraz w ZIEMI \u015aWI\u0118TEJ. <strong>Zapraszamy w tym dniu na Msze \u015bw. o godz. 8:00, 10:00, 12:00 i o godz. 18:00.<\/strong><\/li>\n\n\n\n<li>W sobot\u0119 (6.stycznia) obchodzi\u0107 b\u0119dziemy <strong>UROCZYSTO\u015a\u0106 OBJAWIENIA PA\u0143SKIEGO (TRZECH&nbsp; KR\u00d3LI<\/strong>). Msze \u015awi\u0119te w tym dniu o godz. <strong><u>8:00, 10:00, 12:00 i 18:00.<\/u><\/strong> Jest to dzie\u0144 modlitw za misje, dlatego pami\u0119tajmy o misjonarzach pochodz\u0105cych z naszej parafii. <strong>Ofiary zbierane do puszek<\/strong> przeznaczone b\u0119d\u0105 na pomoc dla o. Dariusza Maruta CSSp pracuj\u0105cego na Madagaskarze. B\u00f3g zap\u0142a\u0107 za zrozumienie. <strong>W tym dniu podczas ka\u017cdej Mszy \u015awi\u0119tej po\u015bwi\u0119cenie kredy i wody, kt\u00f3r\u0105 mo\u017cemy zabra\u0107 do domu.<\/strong><\/li>\n\n\n\n<li><strong>Po raz kolejny w naszym mie\u015bcie odb\u0119dzie si\u0119 Orszak Trzech Kr\u00f3li. <\/strong>Wydarzenie to, kt\u00f3re &nbsp;w tym roku obejmie wiele miast w Polsce przywraca star\u0105 polsk\u0105 tradycj\u0119 jase\u0142ek ulicznych: radosnych, wielobarwnych grup roz\u015bpiewanych i u\u015bmiechni\u0119tych kol\u0119dnik\u00f3w g\u0142osz\u0105cych na ulicach Radosn\u0105 i Dobr\u0105 Nowin\u0119 o narodzeniu Jezusa. W tym dniu&nbsp; mo\u017cemy by\u0107 jak Trzej M\u0119drcy &#8211; ujrze\u0107 \u015bwiat\u0142o betlejemskiej gwiazdy, p\u00f3j\u015b\u0107 za ni\u0105 i odnale\u017a\u0107 Prawd\u0119, Dobro i Pi\u0119kno. <strong>Orszak rozpocznie si\u0119 na Placu Jagiello\u0144czyka o godz.13:00, a zako\u0144czy si\u0119 Msz\u0105 \u015bw. w Katedrze \u015bw. Miko\u0142aja.<\/strong><\/li>\n\n\n\n<li>W tym tygodniu przypada pierwszy czwartek, pi\u0105tek i sobota miesi\u0105ca:<br><strong>I czwartek miesi\u0105ca<\/strong> <strong>(4 stycznia) \u2013<\/strong> zapraszamy na Msz\u0119 \u015bw. o godz. 18:00, a po niej na Adoracj\u0119. <em>Zapraszamy wszystkie \u201eMargaretki\u201d i osoby modl\u0105ce si\u0119 za kap\u0142an\u00f3w.<\/em><br><strong>I pi\u0105tek miesi\u0105ca<\/strong> <strong>(5 stycznia)<\/strong> zapraszamy do skorzystania z Sakramentu Spowiedzi od godz. 7:45 lub od godz. 17:30. W tym dniu b\u0119dzie odprawiana Msza \u015bw. o godz. 8:00 i o godz.18:00. W tym dniu &nbsp;dzieci i m\u0142odzie\u017c zapraszam szczeg\u00f3lnie na<em> <\/em>Msz\u0119 \u015bw.&nbsp;o godz. 18:00. <br><strong>I sobota miesi\u0105ca <\/strong>w tym dniu<strong> <\/strong>przypada w <strong>UROCZYSTO\u015a\u0106 OBJAWIENIA PA\u0143SKIEGO. <\/strong>Zapraszamy o godz. 17:00 na NABO\u017bE\u0143STWO WYNAGRADZAJ\u0104CE&nbsp; w ramach nabo\u017ce\u0144stwa pierwszych pi\u0119ciu sob\u00f3t, o kt\u00f3re prosi\u0142a Matka Bo\u017ca w Fatimie.<\/li>\n\n\n\n<li>&nbsp;Do chorych z racji w pierwszy pi\u0105tek miesi\u0105ca (5 stycznia) &nbsp;ks. Proboszcz i ks. Sylwester udadz\u0105 si\u0119 od godz. 9:30 natomiast ks. Mateusz odwiedzi swoich chorych w sobot\u0119 13 stycznia od godz. 10:00.<\/li>\n\n\n\n<li>&nbsp;Za tydzie\u0144 (7 stycznia) na Mszy o godz. 15:00, b\u0119dziemy go\u015bci\u0107&nbsp;<strong>CH\u00d3R REDEMPTORIS<\/strong>&nbsp;z parafii Matki Bo\u017cej Kr\u00f3lowej&nbsp; Polski w Elbl\u0105gu. <em>Po Mszy \u015bw. zach\u0119camy do pozostania na nabo\u017ce\u0144stwie Adoracyjnym przy \u017c\u0142\u00f3bku z udzia\u0142em w\/w ch\u00f3ru w kt\u00f3rym b\u0119dziemy mogli rozwa\u017ca\u0107 pami\u0105tk\u0119 Bo\u017cego Narodzenia w s\u0142owie recytowanym i \u015bpiewanym. ZAPRASZAMY.<\/em><\/li>\n\n\n\n<li>Trwa wizyta duszpasterska w naszej parafii. W tym tygodniu kol\u0119d\u0119 rozpoczynamy od godz. 16:00. Grafik kol\u0119dy znajdziemy w Biuletynie. <strong>W trakcie kol\u0119dy o godz. 8:00 b\u0119dzie sprawowana Eucharystia za rodziny, do kt\u00f3rych udamy si\u0119 z Wizyt\u0105 Duszpastersk\u0105. Tym bardziej zach\u0119camy osoby dysponuj\u0105ce czasem do wsp\u00f3lnej modlitwy.<\/strong><\/li>\n\n\n\n<li>Pragn\u0119 poinformowa\u0107 \u017ce pod ch\u00f3rem znajduje si\u0119 naczynie z WOD\u0104 \u015aWIECON\u0104. Prosz\u0119<br>o&nbsp; zaopatrzenie si\u0119 w t\u0119 wod\u0119 do po\u015bwiecenia mieszkania podczas kol\u0119dy.<\/li>\n\n\n\n<li><em><u>PROSIMY O ZAMYKANIE DRZWI PRZY WCHODZENIU I WYCHODZENIU&nbsp;&nbsp;Z KO\u015aCIO\u0141A PONIEWA\u017b KO\u015aCI\u00d3\u0141 JEST OGRZEWANY. <strong>DZI\u0118KUJEMY.<\/strong><\/u><\/em><\/li>\n\n\n\n<li>Za tydzie\u0144 ofiary z\u0142o\u017cone na tac\u0119 przeznaczone b\u0119d\u0105 uregulowanie rachunku za ogrzewanie Ko\u015bcio\u0142a. <em>Dzi\u0119kuj\u0119 za zrozumienie i z\u0142o\u017cone ofiary.<\/em><br><\/li>\n<\/ol>\n\n\n\n<figure class=\"wp-block-image\"><img loading=\"lazy\" decoding=\"async\" width=\"1528\" height=\"1080\" src=\"http:\/\/rafalk-elblag.pl\/wp-content\/uploads\/2023\/12\/9106430028431099188.jpg\" alt=\"\" class=\"wp-image-5375\" srcset=\"https:\/\/rafalk-elblag.pl\/wp-content\/uploads\/2023\/12\/9106430028431099188.jpg 1528w, https:\/\/rafalk-elblag.pl\/wp-content\/uploads\/2023\/12\/9106430028431099188-300x212.jpg 300w, https:\/\/rafalk-elblag.pl\/wp-content\/uploads\/2023\/12\/9106430028431099188-1024x724.jpg 1024w, https:\/\/rafalk-elblag.pl\/wp-content\/uploads\/2023\/12\/9106430028431099188-768x543.jpg 768w\" sizes=\"auto, (max-width: 1528px) 100vw, 1528px\" \/><\/figure>\n\n\n\n<p id=\"block-9ae4be8e-ec55-48ae-9d4c-d8976dbe2d9b\"><strong><u>PROGRAM WIZYTY DUSZPASTERSKIEJ<\/u><\/strong> <strong><u>W PARAFII \u015aW. RAFA\u0141A KALINOWSKIEGO<\/u><\/strong><\/p>\n\n\n\n<p><strong>Wtorek 2.01.2024 od 16:00<\/strong><br>ul. Brzechwy 6, 7, 8, 9<br>ul. Brzechwy 10, 11, 12, 13<br>ul. Brzechwy 14, 15, 16, 17<br><strong>\u015aroda 3.01.2024r. od 16:00<\/strong><br>ul. Brzechwy 18, 19, 20, 21<br>ul. Brzechwy 22, 23, 24, 25<br>ul. Brzechwy 26, 27, 28, 29, 30<br><strong>Czwartek 4.01.2024r. od 16:00<\/strong><br>ul. Brzechwy 31, 32, 33, 34, 35, 36<br>ul. Broniewskiego 1, 3, 5, 7<br>ul. Broniewskiego 9, 11, 13, 15<br><strong>Pi\u0105tek 5.01.2024r. od 16:00<\/strong><br>ul. Broniewskiego 18, 20, 22, 25<br>ul. Broniewskiego 10, 12, 14, 16<\/p>\n\n\n\n<p id=\"block-28719a88-933c-432a-a064-2e684b237027\"><strong>Prosimy o przygotowanie si\u0119 do wizyty duszpasterskiej:<\/strong><\/p>\n\n\n\n<ul class=\"wp-block-list\" id=\"block-6a13479c-639e-4d11-8098-4da74d06443b\">\n<li>Obecna ca\u0142a rodzina<\/li>\n\n\n\n<li>Dzieci przygotowuj\u0105 zeszyty do religii, ziarenka potwierdzaj\u0105ce udzia\u0142 we Mszy \u015bw. niedzielnej a m\u0142odzie\u017c ksi\u0105\u017ceczki od przygotowania&nbsp;do Sakramentu Bierzmowania<\/li>\n\n\n\n<li>Bia\u0142y obrus, Pismo \u015awi\u0119te, Krzy\u017c \u015bwiecznik, woda \u015bwi\u0119cona, kropid\u0142o<\/li>\n\n\n\n<li>Tematyk\u0105 tegorocznej Kol\u0119dy jest m\u00f3j udzia\u0142 i zaanga\u017cowanie w \u017cyciu parafii&nbsp; w nawi\u0105zaniu do has\u0142a roku duszpasterskiego 2023\/2024: <strong>\u201eUCZESTNICZ\u0118 WE WSP\u00d3LNOCIE KO\u015aCIO\u0141A\u201d<\/strong>.<\/li>\n\n\n\n<li><strong>UWAGA !!!<\/strong> Kol\u0119dy w tym tygodniu rozpoczynamy od godz. 16:00.<\/li>\n<\/ul>\n\n\n\n<p id=\"block-4638f52d-8513-45c7-9be1-dbf7d4ea2166\">\ufeff<\/p>\n\n\n\n<figure class=\"wp-block-image\" id=\"block-5f437b95-503a-4f29-91f7-75b7c74612d1\"><img decoding=\"async\" src=\"http:\/\/rafalk-elblag.pl\/wp-content\/uploads\/2020\/04\/baner-intencje-mszy.jpg\" alt=\"Obrazek posiada pusty atrybut alt; plik o nazwie baner-intencje-mszy.jpg\"\/><\/figure>\n\n\n\n<h1 class=\"wp-block-heading\" id=\"block-ebb85da5-2bf8-44c6-8a18-015b59726bae\">Intencje mszalne 31.12.2023 r.<\/h1>\n\n\n\n<p><strong>PONIEDZIA\u0141EK \/ 1 stycznia 2024 \/ Uroczysto\u015b\u0107 \u015awi\u0119tej Bo\u017cej Rodzicielki Maryi<\/strong> \/ \u0141k 2,16-21<br>8.00 Dzi\u0119kczynna w dniu imienin Mieczys\u0142awa P\u0142aza z pro\u015bb\u0105 o Bo\u017ce b\u0142., opiek\u0119 Matki Bo\u017cej i potrzebne \u0142aski w Nowym Roku<br>10.00 \u015bp. Krystyna Stapurewicz (1 greg.)<br>12.00 W intencji Parafian<br>18.00 W dniu 73 urodzin i imienin Mieczys\u0142awa Lanckowskiego (\u017cyczenia b\u0142. Bo\u017cego sk\u0142ada \u017cona Helena)<br><strong>WTOREK \/ 2 stycznia 2024 \/ \u015bw. Bazylego Wielkiego i Grzegorza z Nazjanzu<\/strong> \/ J 1,19-28<br>8.00 \u015bp. Krystyna Stapurewicz (2 greg.)<br>8.00 Za rodziny do kt\u00f3rych udamy si\u0119 z wizyt\u0105 duszpastersk\u0105<br>18.00 \u015bp. Apoloniusz Kornuda (w 11 rocznic\u0119 \u015bmierci) i zmar\u0142ych rodzic\u00f3w i rodze\u0144stwa z obojga stron<br><strong>\u015aRODA \/ 3 stycznia 2024 \/ Naj\u015bwi\u0119tszego Imienia Jezus<\/strong> \/ J 1,29-34<br>8.00 \u015bp. Krystyna Stapurewicz (3 greg.)<br>8.00 Za rodziny do kt\u00f3rych udamy si\u0119 z wizyt\u0105 kol\u0119dow\u0105<br>18.00 \u015bp. Ryszarda [k] Tomczak (w 2 rocznic\u0119 \u015bmierci)<br><strong>CZWARTEK \/ 4 stycznia 2024 \/ I czwartek miesi\u0105ca<\/strong> \/ J 1,35-42<br>8.00 Dzi\u0119kczynna za ks. Sylwestra z okazji imienin, z pro\u015bb\u0105 o Bo\u017ce b\u0142. dary Ducha \u015awi\u0119tego i opiek\u0119 Matki Bo\u017cej (intencja od Margaretki)<br>8.00 \u015bp. Krystyna Stapurewicz (4 greg.)<br>18.00 W intencji powo\u0142a\u0144 kap\u0142a\u0144skich i zakonnych<br><strong>PI\u0104TEK \/ 5 stycznia 2024 \/ I pi\u0105tek miesi\u0105ca<\/strong> \/ J 1,43-51<br>8.00 \u015bp. Krystyna Stapurewicz (5 greg.)<br>8.00 Dzi\u0119kczynna w dniu urodzin Ewy Raimko, z pro\u015bb\u0105 o Bo\u017ce b\u0142., potrzebne \u0142aski na dalsze lata \u017cycia<br>18.00 \u015bp. Stanis\u0142awa [k] Mochol (w 30 dzie\u0144 po pogrzebie)<br><strong>SOBOTA \/ 6 stycznia 2024 \/ Uroczysto\u015b\u0107 Objawienia Pa\u0144skiego<\/strong> \/ Mt 2,1-12<br>8.00 O do\u015bwiadczenie Bo\u017cej mi\u0142o\u015bci dla Karoliny i Sebastiana<br>10.00 \u015bp. Krystyna Stapurewicz (6 greg.)<br>10.00 \u015bp. Krystyna Kami\u0144ska (w 10 rocznic\u0119 \u015bmierci)<br>12.00 W intencji Parafian<br>18.00 O Bo\u017ce b\u0142. dla ks. Proboszcza opiekuna R\u00f3\u017c R\u00f3\u017ca\u0144cowych oraz dla Ksi\u0119\u017cy wikariuszy Mateusza i Sylwestra oraz dla IV R\u00f3\u017cy Matki Bo\u017cej Cz\u0119stochowskiej i dla pozosta\u0142ych R\u00f3\u017c w Nowym Roku<br><strong>NIEDZIELA \/ 7 stycznia 2024 \/ \u015awi\u0119to Chrztu Pa\u0144skiego<\/strong> \/ Mk 1,7-11<br>8.00 \u015bp. Krystyna Stapurewicz (7 greg.)<br>10.00 \u015bp. Stanis\u0142aw Waszak (w 16 rocznic\u0119 \u015bmierci) oraz rodzic\u00f3w z obojga stron<br>12.00 W intencji Parafian<br>15.00 \u015bp. Jan Chojnacki (w 4 miesi\u0105c po pogrzebie), Sabina (12 rocznica \u015bmierci), W\u0142adys\u0142aw i zmarli z rodziny Chojnackich<br>18.00 \u015bp. Jan Przedwojewski (w 5 rocznic\u0119 \u015bmierci), Krystyna, Gra\u017cyna<\/p>\n","protected":false},"excerpt":{"rendered":"<p>Odpusty z okazji jubileuszu 800-lecia szopki Fragment z Listu Biskupa Elbl\u0105skiego: \u201ePrzed o\u015bmiuset laty \u015bw. Franciszek z Asy\u017cu po raz pierwszy zorganizowa\u0142 szopk\u0119 i \u017c\u0142obek z udzia\u0142em ludzii \u017cywych zwierz\u0105t. By\u0142o to w grotach skalnych w miejscowo\u015bci Greccio (\u2026) oddalonej 90 km od Rzymu. Franciszek chcia\u0142 w ten spos\u00f3b zobrazowa\u0107 i przypomnie\u0107 ludziom narodziny Jezusa. [&hellip;]<\/p>\n","protected":false},"author":1,"featured_media":5376,"comment_status":"closed","ping_status":"closed","sticky":false,"template":"","format":"standard","meta":{"ngg_post_thumbnail":0,"footnotes":""},"categories":[11,8,4,3],"tags":[],"class_list":["post-5374","post","type-post","status-publish","format-standard","has-post-thumbnail","hentry","category-aktualnosci","category-blog","category-intencje","category-ogloszenia"],"_links":{"self":[{"href":"https:\/\/rafalk-elblag.pl\/index.php?rest_route=\/wp\/v2\/posts\/5374","targetHints":{"allow":["GET"]}}],"collection":[{"href":"https:\/\/rafalk-elblag.pl\/index.php?rest_route=\/wp\/v2\/posts"}],"about":[{"href":"https:\/\/rafalk-elblag.pl\/index.php?rest_route=\/wp\/v2\/types\/post"}],"author":[{"embeddable":true,"href":"https:\/\/rafalk-elblag.pl\/index.php?rest_route=\/wp\/v2\/users\/1"}],"replies":[{"embeddable":true,"href":"https:\/\/rafalk-elblag.pl\/index.php?rest_route=%2Fwp%2Fv2%2Fcomments&post=5374"}],"version-history":[{"count":2,"href":"https:\/\/rafalk-elblag.pl\/index.php?rest_route=\/wp\/v2\/posts\/5374\/revisions"}],"predecessor-version":[{"id":5379,"href":"https:\/\/rafalk-elblag.pl\/index.php?rest_route=\/wp\/v2\/posts\/5374\/revisions\/5379"}],"wp:featuredmedia":[{"embeddable":true,"href":"https:\/\/rafalk-elblag.pl\/index.php?rest_route=\/wp\/v2\/media\/5376"}],"wp:attachment":[{"href":"https:\/\/rafalk-elblag.pl\/index.php?rest_route=%2Fwp%2Fv2%2Fmedia&parent=5374"}],"wp:term":[{"taxonomy":"category","embeddable":true,"href":"https:\/\/rafalk-elblag.pl\/index.php?rest_route=%2Fwp%2Fv2%2Fcategories&post=5374"},{"taxonomy":"post_tag","embeddable":true,"href":"https:\/\/rafalk-elblag.pl\/index.php?rest_route=%2Fwp%2Fv2%2Ftags&post=5374"}],"curies":[{"name":"wp","href":"https:\/\/api.w.org\/{rel}","templated":true}]}}