{"id":5367,"date":"2023-12-23T20:03:43","date_gmt":"2023-12-23T20:03:43","guid":{"rendered":"http:\/\/rafalk-elblag.pl\/?p=5367"},"modified":"2023-12-23T20:11:36","modified_gmt":"2023-12-23T20:11:36","slug":"24-12-2023-r-iv-niedziela-adwentu","status":"publish","type":"post","link":"https:\/\/rafalk-elblag.pl\/?p=5367","title":{"rendered":"24.12.2023 r., IV Niedziela Adwentu"},"content":{"rendered":"\n<h2 class=\"wp-block-heading\" id=\"block-fb405bed-1186-4fc6-bb8b-331268685138\">\u017byczenia z okazji \u015bwi\u0105t Bo\u017cego Narodzenia<\/h2>\n\n\n\n<p><em>Jako duszpasterze chcemy przekaza\u0107 wszystkim najpi\u0119kniejsze \u017cyczenia z okazji \u015bwi\u0105t Narodzenia Pa\u0144skiego.<\/em><\/p>\n\n\n\n<p><em>Nowonarodzony Chrystus niech wype\u0142ni wasze serca niezachwian\u0105 nadziej\u0105, kt\u00f3ra pozwoli pokona\u0107 wszelkie trudno\u015bci, siln\u0105 wiar\u0105, kt\u00f3ra rozja\u015bni nawet najbardziej mroczne dni i g\u0142\u0119bok\u0105 mi\u0142o\u015bci\u0105, kt\u00f3ra zawsze jest gotowa pomaga\u0107.<\/em><\/p>\n\n\n\n<p><em>Niech Bo\u017cy pok\u00f3j i dary Ducha \u015awi\u0119tego towarzysz\u0105 Wam ka\u017cdego dnia a Bo\u017ce b\u0142ogos\u0142awie\u0144stwo wype\u0142ni ca\u0142y 2024 rok.<\/em><\/p>\n\n\n\n<figure class=\"wp-block-image\" id=\"block-21e7eaf0-e16b-493c-a785-324877269a32\"><a href=\"http:\/\/rafalk-elblag.pl\/wp-content\/uploads\/2021\/08\/ogloszenia-parafialne-baner-01a.jpg\"><img decoding=\"async\" src=\"http:\/\/rafalk-elblag.pl\/wp-content\/uploads\/2021\/08\/ogloszenia-parafialne-baner-01a.jpg\" alt=\"Obrazek posiada pusty atrybut alt; plik o nazwie ogloszenia-parafialne-baner-01a.jpg\"\/><\/a><\/figure>\n\n\n\n<h1 class=\"wp-block-heading\" id=\"block-6961e55c-925e-4499-a598-1527abd03117\">Og\u0142oszenia parafialne 24.12.2023 r.<\/h1>\n\n\n\n<ol class=\"wp-block-list\" id=\"block-7b86db9b-55ea-4a54-bc2a-cc5b5697de7b\">\n<li>W Uroczysto\u015b\u0107 Narodzenia Pa\u0144skiego Msze b\u0119d\u0105 odprawiane o godz. 8:00, 10:00, 12:00\u00a0i 18:00. <strong><u>Nie ma Mszy \u015bw. o godz.\u00a015:00.<\/u><\/strong><\/li>\n\n\n\n<li><strong>Dzi\u0119kuj\u0119 tym wszystkim,<\/strong> kt\u00f3rzy w\u0142\u0105czyli si\u0119 w przygotowanie naszego Ko\u015bcio\u0142a do \u015awi\u0105t Bo\u017cego Narodzenia. Szczeg\u00f3lne wyrazy wdzi\u0119czno\u015bci sk\u0142adam pa\u0144stwu Bo\u017cenie, Henrykowi KULIG i panu Edmundowi &#8211; ko\u015bcielnemu oraz wszystkim kt\u00f3rzy po\u015bwiecili sw\u00f3j czas. <em>B\u00f3g zap\u0142a\u0107.<\/em><strong><\/strong><\/li>\n\n\n\n<li><strong><\/strong>W drugi dzie\u0144 \u015bwi\u0105t, taca przeznaczona jest na KATOLICKI UNIWERSYTET LUBELSKI oraz na Wy\u017csze Seminarium Duchowne Diecezji Elbl\u0105skiej, gdzie studiuje naszkleryk Amadeusz Babiel. <em>B\u00f3g zap\u0142a\u0107 za z\u0142o\u017cone ofiary.<\/em> <em>Msze \u015bw. w tym dniu o godz. 8:00, 10:00, 12:00&nbsp; i o godz. 18:00.<\/em><\/li>\n\n\n\n<li><strong><\/strong>Oktawa Narodzenia Pa\u0144skiego jest przed\u0142u\u017ceniem rado\u015bci wierz\u0105cych z przyj\u015bcia na \u015bwiat Syna Bo\u017cego. <strong><em>Zapraszamy na Msze \u015bw. o godz. 8:00 i 18:00.<\/em><\/strong> <em>&nbsp;<\/em><\/li>\n\n\n\n<li><strong><\/strong>W naszej parafii od wrze\u015bnia w ka\u017cdy czwartek &nbsp;po Mszy \u015bw. wieczorowej do godziny 20:00 odbywaj\u0105 si\u0119 <strong><em>Adoracje Naj\u015bwi\u0119tszego Sakramentu<\/em><\/strong> w ciszy. <em>W ko\u0144cz\u0105cym si\u0119 roku kalendarzowym szczeg\u00f3lnie zach\u0119cam na t\u0119 form\u0119 spotkania z Panem Bogiem.<\/em><\/li>\n\n\n\n<li><strong><\/strong>Zach\u0119camy do nabywania \u015bwi\u0105tecznego numeru \u201eGo\u015bcia <strong>Niedzielnego\u201d z dodatkiem \u201eGo\u015b\u0107 Elbl\u0105ski. <em>Mamy jeszcze mo\u017cliwo\u015b\u0107 nabycia pi\u0119knego kalendarza \u015bciennego na ROK 2024<\/em><\/strong><em> w cenie 15 z\u0142.&nbsp; ZACH\u0118CAMY.<\/em><\/li>\n\n\n\n<li><strong><\/strong>Kancelaria Parafialna z racji trwaj\u0105cej KOL\u0118DY czynna b\u0119dzie czynna tylko w sobot\u0119 od godz. 11:00&nbsp; do 12:30. Zapraszamy.<\/li>\n\n\n\n<li>Wizyty duszpasterskie w tym roku rozpoczniemy 27 grudnia (\u015broda) o godz. 15:00&nbsp;od&nbsp; ul. Korczaka. <strong>W trakcie kol\u0119dy o godz. 8:00 b\u0119dzie sprawowana Eucharystia za rodziny, do kt\u00f3rych udamy si\u0119 z Wizyt\u0105 Duszpastersk\u0105. Tym bardziej zach\u0119camy osoby dysponuj\u0105ce czasem do wsp\u00f3lnej modlitwy.<\/strong><\/li>\n\n\n\n<li>W tradycji przyj\u0119te jest, \u017ce podczas kol\u0119dy ministranci i lektorzy otrzymuj\u0105 dobrowolne ofiary jako wyraz wdzi\u0119czno\u015bci za pos\u0142ug\u0119 przy O\u0142tarzu Pa\u0144skim. Zebrane ofiary przeznaczone b\u0119d\u0105 na ich wsp\u00f3lny wyjazd. <em>&nbsp;Za okazane dobro<\/em> <em>dzi\u0119kujemy!<\/em><\/li>\n\n\n\n<li><strong>PROPOZYCJE PIELGRZYMEK W ROKU 2024 !!!<\/strong> Parafia organizuje: samolotow\u0105 pielgrzymk\u0119 do ZIEMI \u015aWI\u0118TEJ (04 \u2013 10 czerwca 2024) Koszt ok. 5590 z\u0142. i 200 USD; samolotow\u0105 pielgrzymk\u0119 do Barcelony i Lourdes w drugiej po\u0142owie wrze\u015bnia (17-23) 2024 roku. Koszt ok. 5100z\u0142. i 160 euro.&nbsp; <em>Zapisy i wi\u0119cej informacji u ks. Proboszcza.<\/em> <strong><em>Pomy\u015bl i zaplanuj ju\u017c dzi\u015b Tw\u00f3j wyjazd do tak wa\u017cnych i cudownych miejsc.<\/em><\/strong><\/li>\n\n\n\n<li>Wszystkim Jubilatom i Solenizantom tego tygodnia \u017cyczymy wielu \u0142ask Bo\u017cych i opieki Matki Bo\u017cej Szkaplerznej.<\/li>\n\n\n\n<li><em><u>PROSIMY O ZAMYKANIE DRZWI PRZY WCHODZENIU I WYCHODZENIU&nbsp;Z KO\u015aCIO\u0141A PONIEWA\u017b KO\u015aCI\u00d3\u0141 JEST OGRZEWANY.&nbsp;<strong>DZI\u0118KUJEMY.<\/strong><\/u><\/em><\/li>\n\n\n\n<li>Pan powo\u0142a\u0142 do wieczno\u015bci:&nbsp; \u015bp. Monik\u0119 GAJDAMOWICZ lat 49 z ul. Korczaka. <em>Wieczny odpoczynek racz jej da\u0107 Panie! A \u015bwiat\u0142o\u015b\u0107 wiekuista niechaj jej \u015bwieci.<\/em><\/li>\n<\/ol>\n\n\n\n<p><strong><u>PROGRAM WIZYTY DUSZPASTERSKIEJ<\/u><\/strong> <strong><u>W PARAFII \u015aW. RAFA\u0141A KALINOWSKIEGO<\/u><\/strong><\/p>\n\n\n\n<p><strong>\u015aroda<br>27.12.2023r. od 15:00<\/strong><br>ul. Korczaka 1, 2, 3, 4<br>ul. Korczaka 5, 6, 7, 8<br>ul. Korczaka 9, 10, 11, 12<br><strong>Czwartek<br>28.12.2023r. od 15:00<\/strong><br>ul. Korczaka 13, 14, 15, 16<br>ul. Korczaka 17, 18, 19, 20<br>ul. Korczaka 21, 22, 23, 24, 25<br><strong>Pi\u0105tek<br>29.12.2023r. od 15:00<\/strong><br>ul. Korczaka 26, 27, 28, 29<br>ul. Korczaka 30, 31, 32, 33<br>ul. Og\u00f3lna &#8211; ca\u0142a<br><strong>Sobota<br>30.12.2023r. od 15:00<\/strong><br>ul. Porazi\u0144ska i Lubelska<br>ul. Brzechwy 1, 2, 3, 4<br>ul. Mieszka I<\/p>\n\n\n\n<p><strong>Prosimy o przygotowanie si\u0119 do wizyty duszpasterskiej:<\/strong><\/p>\n\n\n\n<ul class=\"wp-block-list\">\n<li>Obecna ca\u0142a rodzina<\/li>\n\n\n\n<li>Dzieci przygotowuj\u0105 zeszyty do religii, ziarenka potwierdzaj\u0105ce udzia\u0142 we Mszy \u015bw. niedzielnej a m\u0142odzie\u017c ksi\u0105\u017ceczki od przygotowania&nbsp;do Sakramentu Bierzmowania<\/li>\n\n\n\n<li>Bia\u0142y obrus, Pismo \u015awi\u0119te, Krzy\u017c \u015bwiecznik, woda \u015bwi\u0119cona, kropid\u0142o<\/li>\n\n\n\n<li>Tematyk\u0105 tegorocznej Kol\u0119dy jest m\u00f3j udzia\u0142 i zaanga\u017cowanie w \u017cyciu parafii&nbsp; w nawi\u0105zaniu do has\u0142a roku duszpasterskiego 2023\/2024: <strong>\u201eUCZESTNICZ\u0118 WE WSP\u00d3LNOCIE KO\u015aCIO\u0141A\u201d<\/strong>.<\/li>\n\n\n\n<li><strong>UWAGA !!!<\/strong> Kol\u0119dy w tym tygodniu rozpoczynamy od godz. 15:00. <strong><\/strong><\/li>\n<\/ul>\n\n\n\n<p id=\"block-44405d5c-14cf-4977-b64b-ef1e92ab4af9\">\ufeff<\/p>\n\n\n\n<figure class=\"wp-block-image\" id=\"block-16af46c9-8f45-4d38-81ea-7481f0dbc954\"><img decoding=\"async\" src=\"http:\/\/rafalk-elblag.pl\/wp-content\/uploads\/2020\/04\/baner-intencje-mszy.jpg\" alt=\"Obrazek posiada pusty atrybut alt; plik o nazwie baner-intencje-mszy.jpg\"\/><\/figure>\n\n\n\n<h1 class=\"wp-block-heading\" id=\"block-15b51234-1e7e-42c0-b871-dc233de1a076\">Intencje mszalne 24.12.2023 r.<\/h1>\n\n\n\n<p><strong>PONIEDZIA\u0141EK \/ 25 grudnia 2023 \/ Uroczysto\u015b\u0107 Narodzenia Pa\u0144skiego<\/strong> \/ J 1,1-18<br>8.00 Za Ameli\u0119 Kurowsk\u0105 w dniu 17 urodzin, o obfite Bo\u017ce b\u0142. i potrzebne \u0142aski<br>10.00 Dzi\u0119kczynna w kolejn\u0105 rocznic\u0119 \u015blubu Jolanty i Ryszarda, z pro\u015bb\u0105 o dalsz\u0105 opiek\u0119 i Bo\u017ce b\u0142.<br>12.00 Dzi\u0119kczynna w 40 rocznic\u0119 \u015blubu El\u017cbiety i Romana S\u0142omi\u0144skich, z pro\u015bb\u0105 o Bo\u017ce b\u0142., potrzebne \u0142aski dla Rubinowych Jubilet\u00f3w<br>12.00 Dzi\u0119kczynna w 50 rocznic\u0119 \u015blubu Krystyny i Jerzego Bartkowskich, z pro\u015bb\u0105 o Bo\u017ce b\u0142., potrzebne \u0142aski dla Z\u0142otych Jubilat\u00f3w<br>18.00 Dzi\u0119kczynna w 50 rocznic\u0119 \u015blubu Cecylii i Antoniego Wi\u015bniewskich, z pro\u015bb\u0105 o Bo\u017ce b\u0142. i potrzebne \u0142aski dla Z\u0142otych Jubilat\u00f3w<\/p>\n\n\n\n<p><strong>WTOREK \/ 26 grudnia 2023 \/ \u015bw. Szczepana<\/strong> \/ Mt 10,17-22<br>8.00 Dzi\u0119kczynna za otrzymane \u0142aski w minionym roku, z pro\u015bb\u0105 o b\u0142. Bo\u017ce i opiek\u0119 Matki Bo\u017cej na nast\u0119pny rok dla Jadwigi<br>10.00 \u015bp. Marcin Kurosad<br>12.00 \u015bp. Maria Oleska (w 30 dzie\u0144 po pogrzebie)<br>18.00 Dzi\u0119kczynna za osoby zaanga\u017cowane w przygotowanie naszej \u015bwi\u0105tyni na \u015bwi\u0119ta, z pro\u015bb\u0105 o Bo\u017ce b\u0142. i potrzebne \u0142aski<\/p>\n\n\n\n<p><strong>\u015aRODA \/ 27 grudnia 2023 \/ \u015bw. Jana Aposto\u0142a<\/strong> \/ J 20,2-8<br>8.00 \u015bp. Bronis\u0142aw Sosnowski (w 3 rocznic\u0119 \u015bmierci)<br>8.00 Za rodziny do kt\u00f3rych udamy si\u0119 z wizyt\u0105 kol\u0119dow\u0105<br>18.00 \u015bp. Adam Zieli\u0144ski (9 rocznica \u015bmierci)<\/p>\n\n\n\n<p><strong>CZWARTEK \/ 28 grudnia 2023 \/ \u015bw. M\u0142odziank\u00f3w<\/strong> \/ Mt 2,13-18<br>8.00 \u015bp. Stanis\u0142aw Bugajski (intencja od El\u017cbiety Wojkowskiej z rodzin\u0105)<br>8.00 Za rodziny do kt\u00f3rych udamy si\u0119 z wizyt\u0105 kol\u0119dow\u0105<br>18.00 Dzi\u0119kczynna w rocznic\u0119 \u015blubu Genowefy i Stanis\u0142awa Szweda, z pro\u015bb\u0105 o Bo\u017ce b\u0142. i potrzebne \u0142aski<\/p>\n\n\n\n<p><strong>PI\u0104TEK \/ 29 grudnia 2023<\/strong> \/ \u0141k 2,22-35<br>8.00 Za rodziny do kt\u00f3rych udamy si\u0119 z wizyt\u0105 kol\u0119dow\u0105<br>8.00<br>18.00 O Bo\u017ce b\u0142. i wszelkie potrzebne \u0142aski oraz nieustaj\u0105c\u0105 opiek\u0119 Matki Bo\u017cej dla Marii i ca\u0142ej rodziny Szabelskich<\/p>\n\n\n\n<p><strong>SOBOTA \/ 30 grudnia 2023<\/strong> \/ \u0141k 2,36-40<br>8.00 \u015bp. Stanis\u0142aw Bugajski (intencja od Jolanty Guzek z rodzin\u0105)<br>8.00 Za rodziny do kt\u00f3rych udamy si\u0119 z wizyt\u0105 kol\u0119dow\u0105<br>18.00 Dzi\u0119kczynna, z pro\u015bb\u0105 o dalsz\u0105 opiek\u0119, Bo\u017ce b\u0142. i potrzebne \u0142aski dla Eugeniusza Wile\u0144skiego z okazji imienin<\/p>\n\n\n\n<p><strong>\u015awi\u0119to \u015bw. Rodziny: Jezusa, Maryi i J\u00f3zefa \/ 31 grudnia 2023 <\/strong>\/ \u0141k 2,22-40<br>8.00 W intencji ks. Sylwestra z okazji imienin, z pro\u015bb\u0105 o dary Ducha \u015awi\u0119tego, potrzebne \u0142aski i opiek\u0119 Matki Bo\u017cej<br>10.00 \u015bp. Maksymilian Szyd\u0142owski (w 37 rocznic\u0119 \u015bmierci), Marta Szyd\u0142owska (w 18 rocznic\u0119 \u015bmierci)<br>12.00 Dzi\u0119kczynna za \u0142ask\u0119 powo\u0142ania kap\u0142a\u0144skiego i wieloletni\u0105 pos\u0142ug\u0119 w naszej parafii ks. Wojciecha Zwolickiego, z pro\u015bb\u0105 o zdrowie, dary Ducha \u015awi\u0119tego i opiek\u0119 Matki Bo\u017cej Szkaplerznej<br>15.00<br>18.00 W intencji Parafian<\/p>\n","protected":false},"excerpt":{"rendered":"<p>\u017byczenia z okazji \u015bwi\u0105t Bo\u017cego Narodzenia Jako duszpasterze chcemy przekaza\u0107 wszystkim najpi\u0119kniejsze \u017cyczenia z okazji \u015bwi\u0105t Narodzenia Pa\u0144skiego. Nowonarodzony Chrystus niech wype\u0142ni wasze serca niezachwian\u0105 nadziej\u0105, kt\u00f3ra pozwoli pokona\u0107 wszelkie trudno\u015bci, siln\u0105 wiar\u0105, kt\u00f3ra rozja\u015bni nawet najbardziej mroczne dni i g\u0142\u0119bok\u0105 mi\u0142o\u015bci\u0105, kt\u00f3ra zawsze jest gotowa pomaga\u0107. Niech Bo\u017cy pok\u00f3j i dary Ducha \u015awi\u0119tego towarzysz\u0105 [&hellip;]<\/p>\n","protected":false},"author":1,"featured_media":5370,"comment_status":"closed","ping_status":"closed","sticky":false,"template":"","format":"standard","meta":{"ngg_post_thumbnail":0,"footnotes":""},"categories":[11,8,4,3],"tags":[],"class_list":["post-5367","post","type-post","status-publish","format-standard","has-post-thumbnail","hentry","category-aktualnosci","category-blog","category-intencje","category-ogloszenia"],"_links":{"self":[{"href":"https:\/\/rafalk-elblag.pl\/index.php?rest_route=\/wp\/v2\/posts\/5367","targetHints":{"allow":["GET"]}}],"collection":[{"href":"https:\/\/rafalk-elblag.pl\/index.php?rest_route=\/wp\/v2\/posts"}],"about":[{"href":"https:\/\/rafalk-elblag.pl\/index.php?rest_route=\/wp\/v2\/types\/post"}],"author":[{"embeddable":true,"href":"https:\/\/rafalk-elblag.pl\/index.php?rest_route=\/wp\/v2\/users\/1"}],"replies":[{"embeddable":true,"href":"https:\/\/rafalk-elblag.pl\/index.php?rest_route=%2Fwp%2Fv2%2Fcomments&post=5367"}],"version-history":[{"count":3,"href":"https:\/\/rafalk-elblag.pl\/index.php?rest_route=\/wp\/v2\/posts\/5367\/revisions"}],"predecessor-version":[{"id":5372,"href":"https:\/\/rafalk-elblag.pl\/index.php?rest_route=\/wp\/v2\/posts\/5367\/revisions\/5372"}],"wp:featuredmedia":[{"embeddable":true,"href":"https:\/\/rafalk-elblag.pl\/index.php?rest_route=\/wp\/v2\/media\/5370"}],"wp:attachment":[{"href":"https:\/\/rafalk-elblag.pl\/index.php?rest_route=%2Fwp%2Fv2%2Fmedia&parent=5367"}],"wp:term":[{"taxonomy":"category","embeddable":true,"href":"https:\/\/rafalk-elblag.pl\/index.php?rest_route=%2Fwp%2Fv2%2Fcategories&post=5367"},{"taxonomy":"post_tag","embeddable":true,"href":"https:\/\/rafalk-elblag.pl\/index.php?rest_route=%2Fwp%2Fv2%2Ftags&post=5367"}],"curies":[{"name":"wp","href":"https:\/\/api.w.org\/{rel}","templated":true}]}}