{"id":5363,"date":"2023-12-16T20:39:29","date_gmt":"2023-12-16T20:39:29","guid":{"rendered":"http:\/\/rafalk-elblag.pl\/?p=5363"},"modified":"2023-12-16T20:39:29","modified_gmt":"2023-12-16T20:39:29","slug":"17-12-2023-r-iii-niedziela-adwentu","status":"publish","type":"post","link":"https:\/\/rafalk-elblag.pl\/?p=5363","title":{"rendered":"17.12.2023 r., III Niedziela Adwentu"},"content":{"rendered":"\n<h2 class=\"wp-block-heading\">Nowenna do Dzieci\u0105tka Jezus<\/h2>\n\n\n\n<p>W dziewi\u0119ciu dniach nowenny chcemy sobie przypomnie\u0107 Jezusowe dzieci\u0144stwo, pozwoli\u0107 Mu dzia\u0142a\u0107 i przekszta\u0142ca\u0107 nasze \u017cycie.<\/p>\n\n\n\n<p><strong>Dzie\u0144 1. Male\u0144ko\u015b\u0107<\/strong>. Jezu, sta\u0142e\u015b si\u0119 dzieckiem, sta\u0142e\u015b si\u0119 ma\u0142ym, chocia\u017c jeste\u015b niesko\u0144czenie wielkim Bogiem. Pokaza\u0142e\u015b nam, na czym polega prawdziwa wielko\u015b\u0107. Uczysz nas, \u017ce nie musimy si\u0119 wywy\u017csza\u0107, aby\u015b nas zauwa\u017cy\u0142 i interesowa\u0142 si\u0119 nami. Chcemy przyj\u0105\u0107 swoje ograniczenia i wykorzysta\u0107 to, czym jeste\u015bmy obdarowani. Oby\u015bmy byli w stanie docenia\u0107 ma\u0142e rzeczy, kt\u00f3re sk\u0142adaj\u0105 si\u0119 na nasze \u017cycie i dostrzega\u0107 swoj\u0105 niesko\u0144czon\u0105 warto\u015b\u0107.<\/p>\n\n\n\n<p><strong>Modlitwa w ka\u017cdym dniu<\/strong><\/p>\n\n\n\n<p>Ojcze nasz \u2026&nbsp; &nbsp;Zdrowa\u015b Maryjo\u2026&nbsp; &nbsp;Chwa\u0142a Ojcu\u2026<\/p>\n\n\n\n<p>Panie Jezu, sta\u0142e\u015b si\u0119 Cz\u0142owiekiem i prze\u017cy\u0142e\u015b ludzkie \u017cycie od pocz\u0105tku do ko\u0144ca.&nbsp;Ty nas doskonale rozumiesz zanim cokolwiek wypowiemy. Ty nas przyjmujesz&nbsp;tak\u017ce wtedy, gdy nie jeste\u015bmy doskonali. Ty pochylasz si\u0119 nad nami, aby nas&nbsp;podnosi\u0107 i czyni\u0107 nas silnymi i odwa\u017cnymi. Prosimy Ci\u0119 uzdr\u00f3w nasze serca i nape\u0142nij nasze \u017cycie pokojem, rado\u015bci\u0105 i nadziej\u0105. Kt\u00f3ry \u017cyjesz i kr\u00f3lujesz na wieki&nbsp;wiek\u00f3w. Amen.<\/p>\n\n\n\n<p><strong>Dzie\u0144 2. Krucho\u015b\u0107. <\/strong>Jezu, Ty przyj\u0105\u0142e\u015b krucho\u015b\u0107 dziecka. My wszyscy do\u015bwiadczamy, \u017ce nasze \u017cycie jest bardzo kruche. Wystarczy tak ma\u0142o, aby zniszczy\u0107 nasze relacje, nasze zdrowie, nasz obraz samych siebie. Ty znasz nasz\u0105 krucho\u015b\u0107, liczysz si\u0119 z&nbsp;ni\u0105 i nie przestajesz nas ceni\u0107. Naucz nas \u017cy\u0107 ze \u015bwiadomo\u015bci\u0105 w\u0142asnej krucho\u015bci i nie zapomina\u0107 o godno\u015bci, jak\u0105 mamy w Twoich oczach.<\/p>\n\n\n\n<p><strong>Dzie\u0144 3. Ub\u00f3stwo. <\/strong>Jezu, przyszed\u0142e\u015b na ten \u015bwiat jako biedne dzieci\u0119. Nie mia\u0142e\u015b nawet dachu nad g\u0142ow\u0105 Ty, do kt\u00f3rego nale\u017cy ca\u0142y Wszech\u015bwiat. Twoim bogactwem by\u0142a \u015bwiadomo\u015b\u0107, \u017ce jeste\u015b umi\u0142owanym Synem Bo\u017cym. My r\u00f3wnie\u017c do\u015bwiadczamy ub\u00f3stwa, materialnego czy duchowego \u2013 bezradno\u015bci, samotno\u015bci, przygn\u0119bienia. Niech to b\u0119dzie dla nas okazj\u0105 do odkrycia prawdziwego bogactwa: \u015bwiadomo\u015bci, \u017ce mamy Ciebie.<\/p>\n\n\n\n<p><strong>Dzie\u0144 4. Podatno\u015b\u0107 na zranienie. <\/strong>Jezu, nie ba\u0142e\u015b si\u0119 sta\u0107 bezbronnym dzieckiem, kt\u00f3re jest tak podatne na zranienie. I my byli\u015bmy w r\u00f3\u017cny spos\u00f3b zranieni \u2013 przez czyj\u0105\u015b niezr\u0119czno\u015b\u0107, niezrozumienie, oboj\u0119tno\u015b\u0107, a czasami umy\u015blnie. Wci\u0105\u017c w swoim \u017cyciu niesiemy du\u017co zranie\u0144, nie wiemy, co z&nbsp;nimi zrobi\u0107 i ranimy drugich. Prosimy, po\u015blij nam tych, kt\u00f3rzy nas poprowadz\u0105 do uzdrowienia. Wierzymy, \u017ce nasze rany mog\u0105 by\u0107 uzdrowione.<\/p>\n\n\n\n<p><strong>Dzie\u0144 5. Zale\u017cno\u015b\u0107 od innych. <\/strong>Jezu, jak ka\u017cde dziecko i Ty by\u0142e\u015b zale\u017cny od innych, od ich troski, blisko\u015bci i opieki. My tak\u017ce nie mo\u017cemy \u017cy\u0107 jeden bez drugiego. Potrzebujemy Ciebie i siebie nawzajem. Nie czujemy si\u0119 dobrze, gdy jeste\u015bmy samotni. Uzdrawiaj nasze relacje, aby\u015bmy potrafili wychodzi\u0107 z&nbsp;naszej izolacji<br>i z&nbsp;rado\u015bci\u0105 dawa\u0107 siebie drugim.<\/p>\n\n\n\n<p><strong>Dzie\u0144 6. Zdolno\u015b\u0107 do zabawy. <\/strong>Jezu, zabawa i fantazja by\u0142y r\u00f3wnie\u017c cz\u0119\u015bci\u0105 Twojego dzieci\u0144stwa. Wystarczy obserwowa\u0107 przez chwil\u0119 dzieci, aby zrozumie\u0107, \u017ce zabawa jest dla nich cz\u0119sto wa\u017cniejsza ni\u017c \u201epowa\u017cne\u201c zachowanie. Oby\u015bmy umieli \u017cy\u0107 tak chwil\u0105 obecn\u0105, jak dziecko jest poch\u0142oni\u0119te gr\u0105. Oby\u015bmy umieli inspirowa\u0107 si\u0119 autentyczno\u015bci\u0105 i zaanga\u017cowaniem bawi\u0105cego si\u0119 dziecka. Oby\u015bmy pozwolili sobie czasami nie traktowa\u0107 siebie zbyt powa\u017cnie i potrafili marzy\u0107.<\/p>\n\n\n\n<p><strong>Dzie\u0144 7. S\u0142abo\u015b\u0107. <\/strong>Jezu, Wszechmog\u0105cy Bo\u017ce, tylko mi\u0142o\u015b\u0107 mog\u0142a Ci\u0119 sk\u0142oni\u0107 do tego, aby\u015b przyj\u0105\u0142 niemoc i sta\u0142 si\u0119 s\u0142abym dzieckiem. Nigdy nie chcia\u0142e\u015b u\u017cywa\u0107 przemocy, poniewa\u017c serca cz\u0142owieka nie mo\u017cna zdoby\u0107 si\u0142\u0105. Oby\u015bmy nie rozpaczali nad swoj\u0105 s\u0142abo\u015bci\u0105, poniewa\u017c wiemy, \u017ce ona jest cz\u0119\u015bci\u0105 naszego \u017cycia. Ucz nas cierpliwo\u015bci, modlitwy, pokory i m\u0105dro\u015bci. Gdy\u017c dopiero jako s\u0142abi mo\u017cemy si\u0119 tak naprawd\u0119 spotka\u0107 z&nbsp;drugim cz\u0142owiekiem i nawi\u0105za\u0107 relacj\u0119 przyja\u017ani i zaufania.<\/p>\n\n\n\n<p><strong>Dzie\u0144 8. Ufno\u015b\u0107. <\/strong>Jezu, jako Dzieci\u0119 ca\u0142kowicie powierzy\u0142e\u015b si\u0119 Maryi i J\u00f3zefowi. Takie samo zaufanie masz do nas i do wszystkich ludzi. Czasami zapominamy, \u017ce cokolwiek si\u0119 stanie, nasze \u017cycie jest w dobrych r\u0119kach. Jeste\u015bmy opanowani nieuzasadnionym strachem i obawami, kt\u00f3re nas parali\u017cuj\u0105. Kiedy patrzymy na Ciebie, Ma\u0142y Kr\u00f3lu, nie mo\u017cemy si\u0119 Ciebie ba\u0107. Prosimy, aby nasze \u017cycie by\u0142o wype\u0142nione ufno\u015bci\u0105, a nie strachem.<\/p>\n\n\n\n<p><strong>Dzie\u0144 9. Wzrost. <\/strong>Jezu, jako Dzieci\u0119 ros\u0142e\u015b i wzrasta\u0142e\u015b na ciele i na duchu. My tak\u017ce jeste\u015bmy wezwani, aby\u015bmy dorastali do pe\u0142ni, do kt\u00f3rej Ty nas stworzy\u0142e\u015b. Daj, aby\u015bmy nie zatrzymywali si\u0119 na przesz\u0142ych b\u0142\u0119dach i krzywdach, ale patrzyli na to, co jest przed nami. Daj, aby\u015bmy odkrywali mo\u017cliwo\u015bci, kt\u00f3re nam dajesz i tw\u00f3rczo je wykorzystywali. Niech nasze \u017cycie rozkwitnie w pe\u0142ni.<\/p>\n\n\n\n<figure class=\"wp-block-image\"><a href=\"http:\/\/rafalk-elblag.pl\/wp-content\/uploads\/2021\/08\/ogloszenia-parafialne-baner-01a.jpg\"><img loading=\"lazy\" decoding=\"async\" width=\"720\" height=\"232\" src=\"http:\/\/rafalk-elblag.pl\/wp-content\/uploads\/2021\/08\/ogloszenia-parafialne-baner-01a.jpg\" alt=\"\" class=\"wp-image-4410\" srcset=\"https:\/\/rafalk-elblag.pl\/wp-content\/uploads\/2021\/08\/ogloszenia-parafialne-baner-01a.jpg 720w, https:\/\/rafalk-elblag.pl\/wp-content\/uploads\/2021\/08\/ogloszenia-parafialne-baner-01a-300x97.jpg 300w\" sizes=\"auto, (max-width: 720px) 100vw, 720px\" \/><\/a><\/figure>\n\n\n\n<h1 class=\"wp-block-heading\">Og\u0142oszenia parafialne 17.12.2023 r.<\/h1>\n\n\n\n<ol class=\"wp-block-list\" style=\"list-style-type:1\">\n<li><strong>Przed nami ostatni tydzie\u0144 Adwentu<\/strong> czasu w kt\u00f3rym pragniemy przygotowa\u0107 si\u0119 do \u015bwi\u0105t Bo\u017cego Narodzenia. <strong>W dni powszednie zapraszamy na MSZE RORATNIE ku czci Matki Bo\u017cej o godz. 6:30.<\/strong> <strong>Dzieci zapraszamy w \u015brody i pi\u0105tki o godz. 6:30, a m\u0142odzie\u017c\u00a0w czwartek.<\/strong> <em>Prosimy, by dzieci przychodzi\u0142y z opiekunami i przynosi\u0142y ze sob\u0105 LAMPIONY.<\/em><\/li>\n\n\n\n<li>Mamy jeszcze mo\u017cliwo\u015b\u0107 nabycia \u015bwiec<strong> <\/strong>na st\u00f3\u0142 wigilijny w ramach akcji <strong><em>\u201eWigilijne Dzie\u0142o Pomocy Dzieciom\u201d <\/em><\/strong>w cenie 10 z\u0142.i 20 z\u0142.<strong> Je\u015bli kto\u015b nie ma jeszcze po\u015bwi\u0119conego op\u0142atka na st\u00f3\u0142 wigilijny, mo\u017ce go naby\u0107 u pana Ko\u015bcielnego w zakrystii. Zapraszamy.<\/strong><\/li>\n\n\n\n<li>Osoby pragn\u0105ce pom\u00f3c przy szopce i dekoracji ko\u015bcio\u0142a zapraszamy w poniedzia\u0142ek 18 grudnia br. na godz. 10:00. Bardzo prosimy, by w\u015br\u00f3d ch\u0119tnych nie zabrak\u0142o m\u0119\u017cczyzn. Dzi\u0119kuj\u0119 za zrozumienie i pomoc w wystroju naszej \u015bwi\u0105tyni na UROCZYSTO\u015a\u0106 BO\u017bEGO NARODZENIA. <\/li>\n\n\n\n<li>W sobot\u0119 23 grudnia br. o godz. 6:30 ostatnie RORARY. W tym dniu po Mszy \u015bw. b\u0119dzie mo\u017cliwo\u015b\u0107 zabrania do domu \u015aWIATE\u0141KA BETLEJEMSKIEGO przyniesionego przez naszych harcerzy.&nbsp; <strong><\/strong><\/li>\n\n\n\n<li>W tym roku wyj\u0105tkowo IV Niedziela Adwentu pokrywa si\u0119 WIGILI\u0104.<strong> Informujemy, \u017ce w tym dniu (24 grudnia) Msze \u015bw. sprawowane b\u0119d\u0105 o godz. 8:00, 10:00 i 12:00.\u00a0Jeste\u015bmy zobowi\u0105zani do udzia\u0142u w jednej z tych Mszy \u015bwi\u0119tych. <em><u>NIE MA MSZY \u015aW. O GODZ. 15:00 i 18:00,<\/u><\/em> gdy\u017c w tym czasie siadamy do WIECZERZY WIGILIJNEJ. <\/strong>Zach\u0119camy do godnego prze\u017cycia <strong>WIGILII BO\u017bEGO NARODZENIA a p\u00f3\u017aniej mamy mo\u017cliwo\u015b\u0107 wybra\u0107 si\u0119 na Pasterk\u0119 o godz. 22:00 lub o godz. 24:00.<\/strong> <em>Serdecznie zapraszamy.<\/em><\/li>\n\n\n\n<li>W Uroczysto\u015b\u0107 Narodzenia Pa\u0144skiego Msze b\u0119d\u0105 odprawiane o godz. 8:00, 10:00, 12:00 i 18:00. <strong><u>Nie ma Mszy \u015bw. o godz.\u00a015:00.<\/u> <\/strong><em>Przypominamy, \u017ce wed\u0142ug tradycji, wieczerza wigilijna powinna by\u0107 posi\u0142kiem bezmi\u0119snym i rozpoczyna\u0107 si\u0119 odczytaniem fragmentu Ewangelii i modlitw\u0105. <u>Na stole wigilijnym niech zap\u0142onie \u015bwieca Caritas.<\/u><\/em><\/li>\n\n\n\n<li><strong>PROPOZYCJE PIELGRZYMEK W ROKU 2024 !!!<\/strong> Parafia organizuje samolotow\u0105 pielgrzymk\u0119 do ZIEMI \u015aWI\u0118TEJ (04 \u2013 10 czerwca 2024)\u00a0Koszt ok. 5590 z\u0142. i 200 USD; samolotow\u0105 pielgrzymk\u0119 do Barcelony i Lourdes w drugiej po\u0142owie wrze\u015bnia (17-23) 2024 roku. Koszt ok. 5100z\u0142. i 160 euro.\u00a0 <em>Zapisy i wi\u0119cej informacji u ks. Proboszcza.<\/em> <strong><em>Pomy\u015bl i zaplanuj ju\u017c dzi\u015b Tw\u00f3j wyjazd do tak wa\u017cnych i cudownych miejsc.<\/em><\/strong><\/li>\n\n\n\n<li><strong><\/strong>Zach\u0119camy do nabywania nowego numeru \u201eGo\u015bcia <strong>Niedzielnego\u201d z dodatkiem \u201eGo\u015b\u0107 Elbl\u0105ski. <em>Mamy jeszcze mo\u017cliwo\u015b\u0107 nabycia pi\u0119knego kalendarza \u015bciennego na ROK 2024<\/em><\/strong><em> w cenie 15 z\u0142.&nbsp; ZACH\u0118CAMY.<\/em><\/li>\n\n\n\n<li>Wizyty duszpasterskie w tym roku rozpoczniemy 27 grudnia (\u015broda) o godz. 15:00\u00a0od\u00a0 ul. Korczaka. <strong>W trakcie kol\u0119dy o godz. 8:00 b\u0119dzie sprawowana Eucharystia za rodziny, do kt\u00f3rych udamy si\u0119 z Wizyt\u0105 Duszpastersk\u0105. Tym bardziej zach\u0119camy osoby dysponuj\u0105ce czasem do wsp\u00f3lnej modlitwy.<\/strong><\/li>\n\n\n\n<li><em><u>\u00a0PROSIMY O ZAMYKANIE DRZWI PRZY WCHODZENIU I WYCHODZENIU\u00a0Z KO\u015aCIO\u0141A PONIEWA\u017b KO\u015aCI\u00d3\u0141 JEST OGRZEWANY. <strong>DZI\u0118KUJEMY.<\/strong><\/u><\/em><\/li>\n<\/ol>\n\n\n\n<p><\/p>\n\n\n\n<figure class=\"wp-block-image\"><img decoding=\"async\" src=\"http:\/\/rafalk-elblag.pl\/wp-content\/uploads\/2020\/04\/baner-intencje-mszy.jpg\" alt=\"\"\/><\/figure>\n\n\n\n<h1 class=\"wp-block-heading\">Intencje mszalne 17.12.2023 r.<\/h1>\n\n\n\n<p><strong>PONIEDZIA\u0141EK \/ 18 grudnia 2023<\/strong> \/ Mt 1,18-24<br>6.30 \u015bp. rodzice Halina i Zdzis\u0142aw Urba\u0144scy<br>18.00 \u015bp. Janusz Przybylski (w 2 rocznic\u0119 \u015bmierci)<\/p>\n\n\n\n<p><strong>WTOREK \/ 19 grudnia 2023<\/strong> \/ \u0141k 1,5-25<br>6.30 \u015bp. Halina i Stanis\u0142aw Bugajscy (intencja od siostry Natalii z dzie\u0107mi)<br>18.00 \u015bp. Halina \u0141ukaszewska (w 2 rocznic\u0119 \u015bmierci)<br>18.00<\/p>\n\n\n\n<p><strong>\u015aRODA \/ 20 grudnia 2023<\/strong> \/ \u0141k 1,26-38<br>6.30 \u015bp. Adam Zasada (w 36 rocznic\u0119 \u015bmierci), Tomasz Piwnikiewicz (w 9 rocznic\u0119 \u015bmierci), El\u017cbieta Piwnikiewicz (w 3 rocznic\u0119 \u015bmierci)<br>18.00 Wdzi\u0119czni za dar \u017cycia, z pro\u015bb\u0105 o dary Ducha \u015awi\u0119tego, Bo\u017ce b\u0142., opiek\u0119 Matki Bo\u017cej Szkaplerznej z okazji 70-urodzin Henryka Potura\u0142a (intencja od \u017cony)<\/p>\n\n\n\n<p><strong>CZWARTEK \/ 21 grudnia 2023<\/strong> \/ \u0141k 1,39-45<br>6.30 \u015bp. Stanis\u0142aw Bugajski (intencja od Haliny Chodur)<br>18.00 Dzi\u0119kczynna z okazji 75 urodzin Barbary Kr\u00f3l, z pro\u015bb\u0105 o Bo\u017ce b\u0142., potrzebne \u0142aski dla Jubilatki<\/p>\n\n\n\n<p><strong>PI\u0104TEK \/ 22 grudnia 2023<\/strong> \/ \u0141k 1,46-56<br>6.30<br>18.00 \u015bp. Stanis\u0142aw Byzdra (29 rocznica \u015bmierci), Jadwiga Byzdra, Janina i Kazimierz, Maria i J\u00f3zef<\/p>\n\n\n\n<p><strong>SOBOTA \/ 23 grudnia 2023 <\/strong>\/ \u0141k 1,57-66<br>6.30<br>18.00 \u015bp. Janina Obr\u0119ska (w 1 rocznic\u0119 \u015bmierci)<br>18.00 \u015bp. Apolonia Groszyk (w 20 rocznci\u0119 \u015bmierci), Alfreda i Henryk Walkowiak<\/p>\n\n\n\n<p><strong>IV Niedziela Adwentu \/ 24 grudnia 2023<\/strong> \/ \u0141k 1,26-38<br>8.00 \u015bp. Franciszek Salwin (w 2 rocznic\u0119 \u015bmierci)<br>10.00 Dzi\u0119kczynna w 11 urodziny Marka i \u0141ukasza, z pro\u015bb\u0105 o Bo\u017ce b\u0142., potrzebna \u0142aski<br>12.00 \u015bp. Jolanta (w 11 rocznic\u0119 \u015bmierci) i zmarli z rodziny Karman<br>22.00 W intencji Parafian<br>22.00 Dzi\u0119kczynna za przyjaci\u00f3\u0142 i darczy\u0144c\u00f3w<br>24.00 W intencji Parafian<br>24.00 Dzi\u0119kczynna za \u0142ask\u0119 powo\u0142ania kap\u0142a\u0144skiego ks. Proboszcza Wojciecha Zwolickiego i wieloletni\u0105 pos\u0142ug\u0119 w tej parafii, z pro\u015bb\u0105 o zdrowie, dary Ducha \u015awi\u0119tego potrzebne do dalszej pos\u0142ugi kap\u0142a\u0144skiej i opiek\u0119 Matki Bo\u017cej Szkaplerznej<\/p>\n","protected":false},"excerpt":{"rendered":"<p>Nowenna do Dzieci\u0105tka Jezus W dziewi\u0119ciu dniach nowenny chcemy sobie przypomnie\u0107 Jezusowe dzieci\u0144stwo, pozwoli\u0107 Mu dzia\u0142a\u0107 i przekszta\u0142ca\u0107 nasze \u017cycie. Dzie\u0144 1. Male\u0144ko\u015b\u0107. Jezu, sta\u0142e\u015b si\u0119 dzieckiem, sta\u0142e\u015b si\u0119 ma\u0142ym, chocia\u017c jeste\u015b niesko\u0144czenie wielkim Bogiem. Pokaza\u0142e\u015b nam, na czym polega prawdziwa wielko\u015b\u0107. Uczysz nas, \u017ce nie musimy si\u0119 wywy\u017csza\u0107, aby\u015b nas zauwa\u017cy\u0142 i interesowa\u0142 si\u0119 [&hellip;]<\/p>\n","protected":false},"author":1,"featured_media":5364,"comment_status":"closed","ping_status":"closed","sticky":false,"template":"","format":"standard","meta":{"ngg_post_thumbnail":0,"footnotes":""},"categories":[11,8,4,3],"tags":[],"class_list":["post-5363","post","type-post","status-publish","format-standard","has-post-thumbnail","hentry","category-aktualnosci","category-blog","category-intencje","category-ogloszenia"],"_links":{"self":[{"href":"https:\/\/rafalk-elblag.pl\/index.php?rest_route=\/wp\/v2\/posts\/5363","targetHints":{"allow":["GET"]}}],"collection":[{"href":"https:\/\/rafalk-elblag.pl\/index.php?rest_route=\/wp\/v2\/posts"}],"about":[{"href":"https:\/\/rafalk-elblag.pl\/index.php?rest_route=\/wp\/v2\/types\/post"}],"author":[{"embeddable":true,"href":"https:\/\/rafalk-elblag.pl\/index.php?rest_route=\/wp\/v2\/users\/1"}],"replies":[{"embeddable":true,"href":"https:\/\/rafalk-elblag.pl\/index.php?rest_route=%2Fwp%2Fv2%2Fcomments&post=5363"}],"version-history":[{"count":1,"href":"https:\/\/rafalk-elblag.pl\/index.php?rest_route=\/wp\/v2\/posts\/5363\/revisions"}],"predecessor-version":[{"id":5365,"href":"https:\/\/rafalk-elblag.pl\/index.php?rest_route=\/wp\/v2\/posts\/5363\/revisions\/5365"}],"wp:featuredmedia":[{"embeddable":true,"href":"https:\/\/rafalk-elblag.pl\/index.php?rest_route=\/wp\/v2\/media\/5364"}],"wp:attachment":[{"href":"https:\/\/rafalk-elblag.pl\/index.php?rest_route=%2Fwp%2Fv2%2Fmedia&parent=5363"}],"wp:term":[{"taxonomy":"category","embeddable":true,"href":"https:\/\/rafalk-elblag.pl\/index.php?rest_route=%2Fwp%2Fv2%2Fcategories&post=5363"},{"taxonomy":"post_tag","embeddable":true,"href":"https:\/\/rafalk-elblag.pl\/index.php?rest_route=%2Fwp%2Fv2%2Ftags&post=5363"}],"curies":[{"name":"wp","href":"https:\/\/api.w.org\/{rel}","templated":true}]}}