{"id":5360,"date":"2023-12-10T13:42:58","date_gmt":"2023-12-10T13:42:58","guid":{"rendered":"http:\/\/rafalk-elblag.pl\/?p=5360"},"modified":"2023-12-10T13:42:58","modified_gmt":"2023-12-10T13:42:58","slug":"10-12-2023-r-ii-niedziela-adwentu","status":"publish","type":"post","link":"https:\/\/rafalk-elblag.pl\/?p=5360","title":{"rendered":"10.12.2023 r., II Niedziela Adwentu"},"content":{"rendered":"\n<h2 class=\"wp-block-heading\">Roraty<\/h2>\n\n\n\n<p>Nazwa nabo\u017ce\u0144stwa wywodzi si\u0119 od \u015bpiewu gregoria\u0144skiego \u201eRorate caeli desuper et nubes pluant justum\u201d (\u201eNiebiosa, spu\u015bcie nam ros\u0119 z g\u00f3ry, sprawiedliwego wylejcie chmury\u201d).<\/p>\n\n\n\n<p>W Polsce tradycja Mszy \u015bw. roratniej si\u0119ga XIII w., prawdopodobnie zosta\u0142a przyniesiona z W\u0119gier, g\u0142\u00f3wnie za spraw\u0105 b\u0142. Kingi, \u017cony Boles\u0142awa Wstydliwego. Pierwsze \u015blady tej liturgii znajduj\u0105 si\u0119 w ksi\u0119gach \u015bl\u0105skich cysters\u00f3w. Ju\u017c w XIV w. Msza by\u0142a znana w ca\u0142ej Polsce, za\u015b najwi\u0119ksz\u0105 popularno\u015b\u0107 osi\u0105gn\u0119\u0142a w XVI w.<\/p>\n\n\n\n<p>Jak podaj\u0105 dokumenty, wierni bardzo licznie gromadzili si\u0119 na roratach. Z odprawianiem Mszy \u015bw. roratniej wi\u0105\u017ce si\u0119 zapalanie dodatkowej \u015bwiecy. Przed rozpocz\u0119ciem Mszy \u015bw. do o\u0142tarza podchodzi\u0142 kr\u00f3l, nios\u0105c pi\u0119knie ozdobion\u0105 \u015bwiec\u0119, i stawia\u0142 j\u0105 na najwy\u017cszym lichtarzu na \u015brodku o\u0142tarza. Podobne \u015bwiece, lecz ju\u017c nie ozdobione, przynosili do o\u0142tarza prymas, senator, ziemianin, rycerz, mieszczanin i ch\u0142op &#8211; przedstawiciele \u00f3wczesnych stan\u00f3w. Ka\u017cdy z nich, wr\u0119czaj\u0105c \u015bwiec\u0119 celebransowi, wypowiada\u0142 s\u0142owa \u201eJestem gotowy na przyj\u015bcie Pana\u201d. By\u0107 mo\u017ce w\u0142a\u015bnie z tej tradycji wywodzi si\u0119 tzw. roratka \u2013 \u015bwieca ozdobiona niebiesk\u0105 lub bia\u0142\u0105 wst\u0105\u017ck\u0105, do dzi\u015b zapalana w czasie rorat. Jest ona symbolem Maryi, nios\u0105cej prawdziwe \u015bwiat\u0142o \u2013 Jezusa Chrystusa.<br><\/p>\n\n\n\n<p>Roraty sprawuje si\u0119 o \u015bwiecie, aby podkre\u015bli\u0107 wag\u0119 oczekiwania<br>w ciemno\u015bciach, kt\u00f3re symbolizuj\u0105 cz\u0142owieka pogr\u0105\u017conego w grzechu. Dlatego wierni wychodz\u0105 z lampionami w r\u0119ku, kiedy jest jeszcze ciemno, a lada moment b\u0119dzie wstawa\u0107 jutrzenka. W symbolice liturgii Msza \u015bw. roratnia zaczyna si\u0119 w ciemno\u015bciach, a ko\u0144czy w \u015bwietle, aby podkre\u015bli\u0107, \u017ce tym, kt\u00f3ry ostatecznie zwyci\u0119\u017ca wszelkie z\u0142o, jest Jezus Chrystus. Tak sprawowana Msza \u015bw. wyra\u017ca biblijn\u0105 symbolik\u0119, w kt\u00f3rej noc jest symbolem z\u0142a i nawi\u0105zuje do stanu ducha grzesznego cz\u0142owieka. \u015awiat\u0142o natomiast symbolizuje przyj\u015bcie Jezusa Chrystusa, kt\u00f3ry przynosi zbawienie cz\u0142owiekowi pogr\u0105\u017conemu w ciemno\u015bciach grzechu.<\/p>\n\n\n\n<p>Uczestnicy Rorat maj\u0105 zapalone \u015bwiece lub lampiony. Ich znaczenie mo\u017cna odnale\u017a\u0107 w Ewangelii o pannach g\u0142upich i rozs\u0105dnych, oczekuj\u0105cych z lampami w r\u0119ku. Te m\u0105dre zatroszczy\u0142y si\u0119, \u017ceby nie zabrak\u0142o oliwy, a te kt\u00f3re <em>posz\u0142y sobie jej kupi\u0107<\/em> przeoczy\u0142y najwa\u017cniejszy moment. Dlatego maj\u0105c w r\u0119ku lampion mo\u017cemy wypracowa\u0107 w sobie t\u0105 pi\u0119kn\u0105 cech\u0119 &#8211; oczekiwanie. \u015awiece i lampiony wyra\u017caj\u0105 zatem czuwanie, a tak\u017ce wskazuj\u0105 na bliskie przyj\u015bcie Pana Jezusa.<\/p>\n\n\n\n<p>Uczestnicz\u0105c w roratach oddajemy cze\u015b\u0107 i chwa\u0142\u0119 Bogu razem z\u00a0Maryj\u0105, kt\u00f3ra przez\u00a0ca\u0142e swoje \u017cycie zachowa\u0142a gotowo\u015b\u0107 pe\u0142nienia woli Bo\u017cej. Nie chodzi jednak tylko o\u00a0obecno\u015b\u0107 na porannej Mszy \u015bwi\u0119tej, ale\u00a0raczej o\u00a0nabycie i zachowanie postawy otwarto\u015bci na\u00a0\u0142ask\u0119 i natchnienia Ducha \u015awi\u0119tego.<\/p>\n\n\n\n<p>Adwent powinien by\u0107 dla&nbsp;nas czasem zwi\u0119kszonej t\u0119sknoty za Bogiem, za&nbsp;\u015bwi\u0119to\u015bci\u0105, za&nbsp;g\u0142\u0119bsz\u0105 modlitw\u0105, za&nbsp;pe\u0142niejszym spotkaniem z Bogiem. Wzorem duchowej t\u0119sknoty, za tym co wieczne i nieprzemijaj\u0105ce jest dla wszystkich chrze\u015bcijan Matka Zbawiciela. Naj\u015bwi\u0119tsza Maryja uczy nas tak\u017ce czuwania.<\/p>\n\n\n\n<p>Czuwa\u0107 oznacza nie da\u0107 si\u0119 zwyci\u0119\u017cy\u0107 znu\u017ceniu, czy&nbsp;zniech\u0119ceniu, nieustannie by\u0107 gotowym, by nie przespa\u0107 pory, w kt\u00f3rej niespodziewanie nadejdzie Pan.&nbsp;Warto prze\u017cywa\u0107 adwentowe dni w&nbsp;\u0142\u0105czno\u015bci z&nbsp;Naj\u015bwi\u0119tsz\u0105 Maryj\u0105 Pann\u0105, kt\u00f3ra mo\u017ce nam pom\u00f3c w\u0142a\u015bciwe prze\u017cy\u0107 ten czas wzmo\u017conego czuwania.<\/p>\n\n\n\n<p>Pro\u015bmy Naj\u015bwi\u0119tsz\u0105 Maryj\u0119 Pann\u0119, aby\u015bmy w\u00a0ka\u017cdej chwili naszego \u017cycia potrafili z\u00a0ufno\u015bci\u0105 powierza\u0107 si\u0119 Bogu. Niech\u00a0 tegoroczne adwentowe czuwanie sprawi, \u017ce\u00a0nasze \u017cycie stanie si\u0119 g\u0142\u0119bsze, pi\u0119kniejsze i\u00a0bardziej refleksyjne<\/p>\n\n\n\n<p><strong>Roraty s\u0105 obietnic\u0105 przyj\u015bcia Pana, kt\u00f3ra lada moment si\u0119 wype\u0142ni.<\/strong> <strong>Oby\u015bmy byli na to gotowi!<\/strong><\/p>\n\n\n\n<figure class=\"wp-block-image\"><a href=\"http:\/\/rafalk-elblag.pl\/wp-content\/uploads\/2021\/08\/ogloszenia-parafialne-baner-01a.jpg\"><img loading=\"lazy\" decoding=\"async\" width=\"720\" height=\"232\" src=\"http:\/\/rafalk-elblag.pl\/wp-content\/uploads\/2021\/08\/ogloszenia-parafialne-baner-01a.jpg\" alt=\"\" class=\"wp-image-4410\" srcset=\"https:\/\/rafalk-elblag.pl\/wp-content\/uploads\/2021\/08\/ogloszenia-parafialne-baner-01a.jpg 720w, https:\/\/rafalk-elblag.pl\/wp-content\/uploads\/2021\/08\/ogloszenia-parafialne-baner-01a-300x97.jpg 300w\" sizes=\"auto, (max-width: 720px) 100vw, 720px\" \/><\/a><\/figure>\n\n\n\n<h1 class=\"wp-block-heading\">Og\u0142oszenia parafialne 10.12.2023 r.<\/h1>\n\n\n\n<ol class=\"wp-block-list\" style=\"list-style-type:1\">\n<li>Zach\u0119camy wszystkich wiernych do w\u0142\u0105czenia si\u0119 w og\u00f3lnopolsk\u0105 akcj\u0119 <strong><em>\u201eWigilijne Dzie\u0142o Pomocy Dzieciom\u201d. <\/em><\/strong>&nbsp;Mo\u017cna to uczyni\u0107 poprzez nabycie \u015bwiecy na st\u00f3\u0142 wigilijny w cenie: ma\u0142e \u015bwiece \u2013 10 z\u0142. i du\u017ce \u015bwiece \u2013 20 z\u0142. B\u00f3g zap\u0142a\u0107 za okazanie serca dzieciom potrzebuj\u0105cym wsparcia i pomocy.<strong> W zakrystii u Pana Ko\u015bcielnego mo\u017cna jeszcze nabywa\u0107 po\u015bwi\u0119cony op\u0142atek na st\u00f3\u0142 wigilijny. Zapraszamy.<\/strong><\/li>\n\n\n\n<li><strong>Wszystkich Parafian zapraszamy na MSZE \u015aW. RORATNIE ku czci Matki Bo\u017cej o godz. 6:30. <\/strong>M\u0142odzie\u017c wraz z kandydatami do Sakramentu Bierzmowania zapraszamy w czwartki o godz. 6:30. Dla dzieci Msze \u015bw. RORATNIE odprawiane b\u0119d\u0105\u00a0 w \u015brody i pi\u0105tki \u00a0o godz. 6:30. <strong><em>Prosimy, by dzieci przychodzi\u0142y z opiekunami i przynosi\u0142y ze sob\u0105 LAMPIONY.<\/em><\/strong><\/li>\n\n\n\n<li><strong>Rodzic\u00f3w dzieci klas III Szko\u0142y Podstawowej<\/strong> przygotowuj\u0105cych si\u0119 do I Spowiedzi\u00a0i Komunii \u015bw. zapraszam jutro (11 grudnia) na comiesi\u0119czne spotkanie do ko\u015bcio\u0142a na godz. 19:00. <em>Obecno\u015b\u0107 obowi\u0105zkowa.<\/em><\/li>\n\n\n\n<li>Wszystkich chc\u0105cych pog\u0142\u0119bi\u0107 swoj\u0105 wiedz\u0119 i relacj\u0119 z Bogiem poprzez Pismo \u015awi\u0119te, zapraszamy na spotkanie<strong> Kr\u0119gu Biblijnego<\/strong> w \u015brod\u0119 13 grudnia o godz. 18:45, kt\u00f3re odb\u0119dzie w salce na plebanii.<strong><\/strong><\/li>\n\n\n\n<li>Parafialny Oddzia\u0142 Caritas naszej parafii znajduje si\u0119 przy ul. Myliusa 1A i jest czynny<br>w I i III czwartek miesi\u0105ca od 16:00 do 17:00. W najbli\u017cszy czwartek tj. 14 grudnia b\u0119d\u0105 przygotowane paczki \u015bwi\u0105teczne dla os\u00f3b w trudnej sytuacji rodzinnej.<\/li>\n\n\n\n<li>W sobot\u0119 (16 grudnia) o godz. 18:00 Msza \u015bw. w intencji Rodziny Karmelita\u0144skiej i Bractwa Szkaplerznego. <em>Zapraszamy.<\/em><strong><\/strong><\/li>\n\n\n\n<li>W zwi\u0105zku z tym, \u017ce w tym roku odby\u0142y<strong> <\/strong>si\u0119<strong> MISJE \u015aWI\u0118TE <\/strong>a tegoroczny<strong> ADWENT <\/strong>jest<strong> <\/strong>najkr\u00f3tszy z<strong> <\/strong><em>mo\u017cliwych<u>, nie b\u0119dzie <strong>REKOLEKCJI ADWENTOWYCH<\/strong><\/u>. Natomiast w sobot\u011916 grudnia prze\u017cywa\u0107 b\u0119dziemy <\/em><strong>PARAFIALNY DZIE\u0143 SPOWIEDZI. <\/strong>Zapraszamy na<strong> NABO\u017bE\u0143STWA POKUTNE o godz. 11:00, 16:00 oraz o godz. 20:00. <\/strong>Po nabo\u017ce\u0144stwach b\u0119dzie mo\u017cliwo\u015b\u0107 przyst\u0105pienia do Sakramentu Pokuty. Spowied\u017a te\u017c b\u0119dzie od godz. 6:00 i od godz. 17:30.<strong> <em>Prosimy by nie odk\u0142ada\u0107 spowiedzi na p\u00f3\u017aniej, gdy\u017c mog\u0105 by\u0107 trudno\u015bci z skorzystania z tego sakramentu.<\/em><\/strong><\/li>\n\n\n\n<li>Osoby pragn\u0105ce pom\u00f3c przy szopce i dekoracji ko\u015bcio\u0142a zapraszamy w poniedzia\u0142ek<br>18 grudnia br. na godz. 10:00. Bardzo prosimy, by w\u015br\u00f3d ch\u0119tnych nie zabrak\u0142o m\u0119\u017cczyzn. Dzi\u0119kuj\u0119 za zrozumienie i pomoc w utworzeniu \u015bwi\u0105tecznego wystroju \u015bwi\u0105tyni zwi\u0105zanego\u00a0z Bo\u017cym Narodzeniem. <\/li>\n\n\n\n<li>Zach\u0119camy do nabywania nowego numeru \u201eGo\u015bcia Niedzielnego\u201d <strong>z dodatkiem<\/strong> <strong>\u201eGo\u015b\u0107 Elbl\u0105ski<\/strong>.<strong> <em>Mamy jeszcze mo\u017cliwo\u015b\u0107 nabycia pi\u0119knego kalendarza \u015bciennego z Go\u015bcia Niedzielnego na ROK 2024 w cenie 15 z\u0142.\u00a0ZACH\u0118CAMY.<\/em><\/strong><\/li>\n\n\n\n<li><em><u>PROSIMY O ZAMYKANIE DRZWI PRZY WCHODZENIU I WYCHODZENIU\u00a0Z KO\u015aCIO\u0141A PONIEWA\u017b KO\u015aCI\u00d3\u0141 JEST OGRZEWANY. <strong>DZI\u0118KUJEMY.<\/strong><\/u><\/em><\/li>\n\n\n\n<li><strong><\/strong>Pan powo\u0142a\u0142 do wieczno\u015bci: \u015bp. Stanis\u0142aw\u0119 MOCHOL lat 76 z ul. Korczaka<\/li>\n<\/ol>\n\n\n\n<p><\/p>\n\n\n\n<figure class=\"wp-block-image\"><img decoding=\"async\" src=\"http:\/\/rafalk-elblag.pl\/wp-content\/uploads\/2020\/04\/baner-intencje-mszy.jpg\" alt=\"\"\/><\/figure>\n\n\n\n<h1 class=\"wp-block-heading\">Intencje mszalne 10.12.2023 r.<\/h1>\n\n\n\n<p><strong>PONIEDZIA\u0141EK \/ 11 grudnia 2023<\/strong> \/ \u0141k 5,17-26<br>6.30 \u015bp. Tadeusz (w 34 rocznic\u0119 \u015bmierci), W\u0142adys\u0142aw i Stefania [k] oraz zmarli dziadkowie z rodziny Warsi\u0144skich<br>18.00 \u015bp. W\u0142adys\u0142awa [k], El\u017cbieta, Zygmunt Kisielewscy<\/p>\n\n\n\n<p><strong>WTOREK \/ 12 grudnia 2023<\/strong> \/ \u0141k 18,12-14<br>6.30 \u015bp. Halina i Stanis\u0142aw Bugajscy (intencja od siostry Barbary z dzie\u0107mi)<br>18.00 \u015bp. Stefania Litka (w 11 rocznic\u0119 \u015bmierci)<\/p>\n\n\n\n<p><strong>\u015aRODA \/ 13 grudnia 2023 <\/strong>\/ \u015bw. \u0141ucji \/ Mt 11,28-30<br>6.30<br>18.00 \u015bp. Zofia Iwa\u0144czuk (30 dzie\u0144 po pogrzebie)<br>18.00 \u015bp. Waldemar Malinowski (w 7 rocznic\u0119 \u015bmierci)<\/p>\n\n\n\n<p><strong>CZWARTEK \/ 14 grudnia 2023<\/strong> \/ \u015bw. Jana od Krzy\u017ca \/ Mt 11,11-15<br>6.30 \u015bp. zmarli z rodzin Gdaniec i Wo\u0142oszyn<br>18.00 \u015bp. Anna Ko\u0142ecka (intencja od Urszuli i Norberta)<\/p>\n\n\n\n<p><strong>PI\u0104TEK \/ 15 grudnia 2023<\/strong> \/ Mt 11,16-19<br>6.30 Za dusze w czy\u015b\u0107cu cierpi\u0105ce<br>18.00 \u015bp. Anna Ko\u0142ecka (intencja od Edwarda)<br>18.00<\/p>\n\n\n\n<p><strong>SOBOTA \/ 16 grudnia 2023<\/strong> \/ Mt 17,10-13<br>6.30 \u015bp. Piotr Lietz i zmarli z rodziny<br>18.00 W intencji Rodziny Szkaplerznej i os\u00f3b, kt\u00f3re przyjm\u0105 szkaplerz<\/p>\n\n\n\n<p><strong>III Niedziela Adwentu Gaudete \/ 17 grudnia 2023<\/strong> \/ J 1,6-8.19-28<br>8.00 \u015bp. Janina Ka\u0142u\u017ca (w 11 rocznic\u0119 \u015bmierci) oraz zmarli: Mieczys\u0142aw, Lucjan, Bogdan, Gra\u017cyna, Jan, Cezary<br>10.00 \u015bp. Edward, Janina i Czes\u0142aw<br>12.00 W intencji Parafian<br>15.00 \u015bp. rodzice: Albina i Tadeusz Leszczy\u0144scy, Jan Przeworski<br>15.00 Za S\u0142u\u017cb\u0119 Liturgiczn\u0105 O\u0142tarza przy Parafii pw. \u015bw. Rafa\u0142a Kalinowskiego, z pro\u015bb\u0105 o potrzebne \u0142aski dla aspirant\u00f3w, ministrant\u00f3w, lektor\u00f3w i ich rodzin<br>18.00 \u015bp. Mieczys\u0142aw Pellowski (w 4 miesi\u0105c po pogrzebie)<\/p>\n","protected":false},"excerpt":{"rendered":"<p>Roraty Nazwa nabo\u017ce\u0144stwa wywodzi si\u0119 od \u015bpiewu gregoria\u0144skiego \u201eRorate caeli desuper et nubes pluant justum\u201d (\u201eNiebiosa, spu\u015bcie nam ros\u0119 z g\u00f3ry, sprawiedliwego wylejcie chmury\u201d). W Polsce tradycja Mszy \u015bw. roratniej si\u0119ga XIII w., prawdopodobnie zosta\u0142a przyniesiona z W\u0119gier, g\u0142\u00f3wnie za spraw\u0105 b\u0142. Kingi, \u017cony Boles\u0142awa Wstydliwego. Pierwsze \u015blady tej liturgii znajduj\u0105 si\u0119 w ksi\u0119gach \u015bl\u0105skich [&hellip;]<\/p>\n","protected":false},"author":1,"featured_media":5361,"comment_status":"closed","ping_status":"closed","sticky":false,"template":"","format":"standard","meta":{"ngg_post_thumbnail":0,"footnotes":""},"categories":[11,8,4,3],"tags":[],"class_list":["post-5360","post","type-post","status-publish","format-standard","has-post-thumbnail","hentry","category-aktualnosci","category-blog","category-intencje","category-ogloszenia"],"_links":{"self":[{"href":"https:\/\/rafalk-elblag.pl\/index.php?rest_route=\/wp\/v2\/posts\/5360","targetHints":{"allow":["GET"]}}],"collection":[{"href":"https:\/\/rafalk-elblag.pl\/index.php?rest_route=\/wp\/v2\/posts"}],"about":[{"href":"https:\/\/rafalk-elblag.pl\/index.php?rest_route=\/wp\/v2\/types\/post"}],"author":[{"embeddable":true,"href":"https:\/\/rafalk-elblag.pl\/index.php?rest_route=\/wp\/v2\/users\/1"}],"replies":[{"embeddable":true,"href":"https:\/\/rafalk-elblag.pl\/index.php?rest_route=%2Fwp%2Fv2%2Fcomments&post=5360"}],"version-history":[{"count":1,"href":"https:\/\/rafalk-elblag.pl\/index.php?rest_route=\/wp\/v2\/posts\/5360\/revisions"}],"predecessor-version":[{"id":5362,"href":"https:\/\/rafalk-elblag.pl\/index.php?rest_route=\/wp\/v2\/posts\/5360\/revisions\/5362"}],"wp:featuredmedia":[{"embeddable":true,"href":"https:\/\/rafalk-elblag.pl\/index.php?rest_route=\/wp\/v2\/media\/5361"}],"wp:attachment":[{"href":"https:\/\/rafalk-elblag.pl\/index.php?rest_route=%2Fwp%2Fv2%2Fmedia&parent=5360"}],"wp:term":[{"taxonomy":"category","embeddable":true,"href":"https:\/\/rafalk-elblag.pl\/index.php?rest_route=%2Fwp%2Fv2%2Fcategories&post=5360"},{"taxonomy":"post_tag","embeddable":true,"href":"https:\/\/rafalk-elblag.pl\/index.php?rest_route=%2Fwp%2Fv2%2Ftags&post=5360"}],"curies":[{"name":"wp","href":"https:\/\/api.w.org\/{rel}","templated":true}]}}