{"id":5352,"date":"2023-12-02T20:39:17","date_gmt":"2023-12-02T20:39:17","guid":{"rendered":"http:\/\/rafalk-elblag.pl\/?p=5352"},"modified":"2023-12-02T20:39:17","modified_gmt":"2023-12-02T20:39:17","slug":"03-12-2023-r-i-niedziela-adwentu","status":"publish","type":"post","link":"https:\/\/rafalk-elblag.pl\/?p=5352","title":{"rendered":"03.12.2023 r., I Niedziela Adwentu"},"content":{"rendered":"\n<h2 class=\"wp-block-heading\"><strong>List Biskupa Elbl\u0105skiego na pierwsz\u0105 Niedziel\u0119 Adwentu 2023<\/strong><\/h2>\n\n\n\n<p>Drodzy Siostry i Bracia, tworz\u0105cy spo\u0142eczno\u015b\u0107 ludu Bo\u017cego diecezji elbl\u0105skiej!<\/p>\n\n\n\n<p>Czas Adwentu kieruje nasz\u0105 uwag\u0119 ku ostatecznej przysz\u0142o\u015bci cz\u0142owieka i \u201e\u015bwiata ca\u0142ego\u201d. U kresu naszego \u017cycia na ziemi i na ko\u0144cu dziej\u00f3w \u015bwiata otwiera si\u0119 wieczno\u015b\u0107, sk\u0105d mi\u0142osierny S\u0119dzia i Zbawiciel Jezus Chrystus wyci\u0105gnie ku nam swoj\u0105 d\u0142o\u0144.<\/p>\n\n\n\n<p>Czas Adwentu kieruje r\u00f3wnie\u017c nasze spojrzenie ku \u015bwi\u0119tom Bo\u017cego Narodzenia. \u015awi\u0119ta te nios\u0105 przypomnienie narodzin Jezusa w Betlejem, na przedmie\u015bciu Jerozolimy, tam, gdzie dzi\u015b toczy si\u0119 okrutna wojna.<\/p>\n\n\n\n<p>We wsp\u00f3\u0142czesnej kulturze Zachodu, w wielu \u015brodowiskach, \u017cywy jest nurt eliminacji tych \u015bwi\u0105t oraz ich symboliki w wielu \u015brodowiskach. Post\u0119puje bowiem proces odchodzenia od chrze\u015bcija\u0144stwa, od dawnych zwyczaj\u00f3w i tradycji. Dzieje si\u0119 to czasami w imi\u0119 fa\u0142szywie rozumianej tolerancji wobec innych religii, takich jak islam, czy te\u017c religie Azji. W miejsce tradycji chrze\u015bcija\u0144skiej o\u017cywaj\u0105 tak\u017ce nurty neopoga\u0144skie, kt\u00f3re promuj\u0105 kult matki Ziemi, p\u00f3r roku, a tak\u017ce niebezpieczn\u0105 fascynacj\u0119 \u015bwiatem demon\u00f3w.<\/p>\n\n\n\n<p>**<\/p>\n\n\n\n<p>Dla katolik\u00f3w bohaterk\u0105 Adwentu jest Naj\u015bwi\u0119tsza Maryja Panna. Po raz kolejny odkrywamy Jej duchow\u0105 wielko\u015b\u0107 i pi\u0119kno. Maryja nale\u017cy do ludu Starego Testamentu, a r\u00f3wnocze\u015bnie jest u korzeni ludu Nowego Testamentu i Ko\u015bcio\u0142a Jezusa Chrystusa.<\/p>\n\n\n\n<p>U pocz\u0105tku chrze\u015bcija\u0144stwa znajduje si\u0119 kobieta, kt\u00f3r\u0105 B\u00f3g obdarzy\u0142 charyzmatem Matki Zbawiciela. Uczyni\u0142 to jednak, pytaj\u0105c J\u0105 o Jej zdanie w tej sprawie. B\u00f3g bowiem respektuje nasz\u0105 wolno\u015b\u0107 i nie traktuje ludzi przedmiotowo. Maryja odpowiedzia\u0142a wys\u0142a\u0144cowi Boga z wiar\u0105: \u201eFiat\u201d, to jest \u201eniech mi si\u0119 stanie\u201d, \u201eniech mi si\u0119 stanie wed\u0142ug s\u0142owa Twego\u201d (\u0141k 1, 38).<\/p>\n\n\n\n<p>Chrze\u015bcijanie wschodni i katolicy piel\u0119gnowali przez stulecia pami\u0119\u0107 i mi\u0142o\u015b\u0107 do Maryi poprzez dedykowane Jej nabo\u017ce\u0144stwa, \u015bwi\u0105tynie, obrazy, figury oraz pielgrzymki. Biskup Mediolanu \u015bw. Ambro\u017cy (+397) przekonuje, \u017ce Maryja jest pierwowzorem Ko\u015bcio\u0142a Jezusa Chrystusa, przede wszystkim poprzez swoj\u0105 mocn\u0105 wiar\u0119 (Lumen gentium 63). Ona to wytrzyma\u0142a bardzo powa\u017cn\u0105 pr\u00f3b\u0119 w ostatniej fazie \u017cycia Jezusa na ziemi, czyli podczas Jego m\u0119ki i umierania.<\/p>\n\n\n\n<p>\u015aw. Augustyn z Hippony w Afryce P\u00f3\u0142nocnej (+431) nazwa\u0142 Maryj\u0119 uczennic\u0105 Chrystusa (Kazanie 25, 7-8: Liturgia Godzin, t. IV, Ofiarowanie Naj\u015bwi\u0119tszej Maryi Panny). By\u0142a Ona przecie\u017c \u015bwiadkiem i uczestnikiem nauczania Syna o kr\u00f3lestwie Bo\u017cym, s\u0142ucha\u0142a Jego s\u0142\u00f3w i stara\u0142a si\u0119 uchwyci\u0107 ich przes\u0142anie. W tym sensie Maryja jest pierwsz\u0105 chrze\u015bcijank\u0105 i nasz\u0105 siostr\u0105 w wierze, co nie wyklucza Jej duchowego macierzy\u0144stwa wobec nas wszystkich. Maryja nale\u017cy do spo\u0142eczno\u015bci chrze\u015bcija\u0144skiej, do ludu Chrystusa, do Ko\u015bcio\u0142a. Jako pierwsza w\u015br\u00f3d wierz\u0105cych.<\/p>\n\n\n\n<p>Warto, aby mie\u0107 przy sobie, w kieszeni, w torebce, a mo\u017ce w telefonie kom\u00f3rkowym, zapisane s\u0142owa podstawowej modlitwy skierowanej do Maryi. Chodzi o \u201eZdrowa\u015b Maryjo\u201d. Trzeba t\u0119 modlitw\u0119 ka\u017cdego dnia przeczyta\u0107, powt\u00f3rzy\u0107, aby jej nie zapomnie\u0107 i nie zarzuci\u0107 w nat\u0142oku spraw oraz problem\u00f3w.<\/p>\n\n\n\n<p>Pragn\u0119 dzi\u015b zwr\u00f3ci\u0107 uwag\u0119 na maryjny rys naszej katolickiej pobo\u017cno\u015bci i religijno\u015bci. Ukszta\u0142towa\u0142y nas przecie\u017c sanktuaria maryjne, pielgrzymki, kult Matki Bo\u017cej Jasnog\u00f3rskiej oraz Pani Mi\u0142osierdzia z Ostrej Bramy, ikona Matki Bo\u017cej Nieustaj\u0105cej Pomocy, a w ostatnich dziesi\u0119cioleciach Fatima i Medjugorie. Nasz\u0105 pobo\u017cno\u015b\u0107 maryjn\u0105 ukszta\u0142towa\u0142y te\u017c: modlitwa r\u00f3\u017ca\u0144cowa, litania loreta\u0144ska oraz pie\u015bni ko\u015bcielne. Cze\u015b\u0107 dla Matki Zbawiciela przejawia\u0142a si\u0119 w przesz\u0142o\u015bci na r\u00f3\u017cne sposoby. Dzi\u015b wymaga nowych impuls\u00f3w, aby nie rozp\u0142yn\u0119\u0142a si\u0119 w skomplikowanej i zmiennej wsp\u00f3\u0142czesno\u015bci.<\/p>\n\n\n\n<p>***<\/p>\n\n\n\n<p>M\u00f3wi\u0105c o czci wobec Maryi, mam obowi\u0105zek poinformowa\u0107 Was drodzy Diecezjanie, \u017ce Stolica Apostolska wyrazi\u0142a zgod\u0119, aby Naj\u015bwi\u0119tsza Maryja Panna by\u0142a oficjalnie uznawana za patronk\u0119 miasta Malbork (5 lipca 2023). O takie uznanie wyst\u0105pili przedstawiciele rady miejskiej, wierni \u015bwieccy, a tak\u017ce duszpasterze parafii malborskich. Miasto Malbork, w \u015bredniowieczu Marienburg, to w t\u0142umaczeniu na j\u0119zyk polski: gr\u00f3d Maryi.<\/p>\n\n\n\n<p>Pozdrawiam wszystkich, do kt\u00f3rych dotrze m\u00f3j list i moje s\u0142owo. W rozpoczynaj\u0105cym si\u0119 czasie Adwentu wpatrujmy si\u0119 w posta\u0107 Naj\u015bwi\u0119tszej Maryi Panny. M\u00f3dlmy si\u0119 te\u017c za siebie nawzajem.<\/p>\n\n\n\n<figure class=\"wp-block-image\"><a href=\"http:\/\/rafalk-elblag.pl\/wp-content\/uploads\/2021\/08\/ogloszenia-parafialne-baner-01a.jpg\"><img loading=\"lazy\" decoding=\"async\" width=\"720\" height=\"232\" src=\"http:\/\/rafalk-elblag.pl\/wp-content\/uploads\/2021\/08\/ogloszenia-parafialne-baner-01a.jpg\" alt=\"\" class=\"wp-image-4410\" srcset=\"https:\/\/rafalk-elblag.pl\/wp-content\/uploads\/2021\/08\/ogloszenia-parafialne-baner-01a.jpg 720w, https:\/\/rafalk-elblag.pl\/wp-content\/uploads\/2021\/08\/ogloszenia-parafialne-baner-01a-300x97.jpg 300w\" sizes=\"auto, (max-width: 720px) 100vw, 720px\" \/><\/a><\/figure>\n\n\n\n<h1 class=\"wp-block-heading\">Og\u0142oszenia parafialne 03.12.2023 r.<\/h1>\n\n\n\n<ol class=\"wp-block-list\" style=\"list-style-type:1\">\n<li><strong><\/strong><strong>Zapraszamy dzi\u015b na Adoracj\u0119 Naj\u015bwi\u0119tszego Sakramentu od godz. 16:00. <em>Wykorzystaj ten czas ADWENTU i znajd\u017a chwil\u0119 na ADORACJ\u0118, by powierzy\u0107 Panu Bogu swoje sprawy i prosi\u0107 Go o pok\u00f3j na \u015bwiecie.<\/em><\/strong><\/li>\n\n\n\n<li>Dzisiejsza taca przeznaczona jest na sp\u0142at\u0119 wykonanych prac w naszym ko\u015bciele tj. malowanie. <em>B\u00f3g zap\u0142a\u0107 za z\u0142o\u017cone ofiary r\u00f3wnie\u017c te na konto parafialne.<\/em><\/li>\n\n\n\n<li><em><u>PROSIMY O ZAMYKANIE DRZWI PRZY WCHODZENIU I WYCHODZENIU\u00a0Z KO\u015aCIO\u0141A PONIEWA\u017b KO\u015aCI\u00d3\u0141 JEST OGRZEWANY. <strong>DZI\u0118KUJEMY.<\/strong><\/u><\/em><\/li>\n\n\n\n<li><strong><\/strong>W ramach og\u00f3lnopolskiej akcji <strong><em>\u201eWigilijne Dzie\u0142o Pomocy Dzieciom\u201d<\/em><\/strong> Wolontariusze Caritas rozprowadzaj\u0105 dzisiaj \u015bwiece na st\u00f3\u0142 wigilijny w cenie: ma\u0142e \u015bwiece \u2013 10 z\u0142. i du\u017ce \u015bwiece \u2013 20 z\u0142. <em><u>Mamy mo\u017cliwo\u015b\u0107 nabycia przed ko\u015bcio\u0142em lub w zakrystii<\/u><\/em><em><u>po\u015bwi\u0119conego op\u0142atka na st\u00f3\u0142 wigilijny za dobrowoln\u0105 ofiar\u0119.<\/u> <strong>&nbsp;<\/strong><\/em><strong>Informujemy, \u017ce nikt w imieniu parafii nie roznosi op\u0142atk\u00f3w po domach.<\/strong><\/li>\n\n\n\n<li><strong>Wszystkich Parafian doros\u0142ych zapraszamy na MSZE \u015aW. RORATNIE ku czci Matki Bo\u017cej o godz. 6:30. <\/strong>M\u0142odzie\u017c wraz z kandydatami do Sakramentu Bierzmowania zapraszamy w czwartki o godz. 6:30. Dla dzieci Msze \u015bw. RORATNIE odprawiane b\u0119d\u0105\u00a0w \u015brody i pi\u0105tki o godz. 6:30. <strong>Prosimy, by dzieci przychodzi\u0142y z opiekunami i przynosi\u0142y ze sob\u0105 LAMPIONY.<\/strong><\/li>\n\n\n\n<li>W tym tygodniu przypada <strong>pierwszy czwartek miesi\u0105ca (7 XII)<\/strong> \u2013 zapraszamy na Msz\u0119 \u015bw. o godz. 18:00, a po niej na Adoracj\u0119 Naj\u015bwi\u0119tszego Sakramentu tj. na \u201eGODZIN\u0118 \u015aWI\u0118T\u0104\u201d. Zapraszamy wszystkie osoby modl\u0105ce si\u0119 za kap\u0142an\u00f3w do wsp\u00f3lnej modlitwy.\u00a0\u00a0\u00a0\u00a0\u00a0\u00a0\u00a0\u00a0\u00a0\u00a0<\/li>\n\n\n\n<li><strong><\/strong>W pi\u0105tek 8 grudnia obchodzimy<strong> Uroczysto\u015b\u0107 Niepokalanego Pocz\u0119cia NMP. <\/strong><em>Dzie\u0144 ten jest \u015bwi\u0119tem patronalnym Ruchu \u015awiat\u0142o-\u017bycie, a w nim ga\u0142\u0119zi Domowego Ko\u015bcio\u0142a. Tego dnia zapraszamy o godz. 17:30 na wsp\u00f3lny \u015bpiew GODZINEK KU CZCI NIEPOKALANEGO POCZ\u0118CIA NMP.<strong> W TYM DNIU NIE OBOWI\u0104ZUJE NAS WSTRZEMI\u0118\u0179LIWO\u015a\u0106 OD POKARM\u00d3W MI\u0118SNYCH.<\/strong><\/em><\/li>\n\n\n\n<li><strong><\/strong><strong>W<\/strong> <strong>Uroczysto\u015b\u0107 Niepokalanego Pocz\u0119cia NMP <\/strong>zapraszamy na nabo\u017ce\u0144stwo przed Naj\u015bwi\u0119tszym Sakramentem i skorzystania z GODZINY \u0141ASKI od 12:00 do godz. 13:00. Matka Bo\u017ca przekaza\u0142a \u015bwiatu: \u201e<em><strong>Dzi\u0119ki modlitwie w tej godzinie, ze\u015bl\u0119 wiele \u0142ask dla duszy i cia\u0142a. B\u0119d\u0105 masowe nawr\u00f3cenia. Dusze zatwardzia\u0142e i zimne jak marmur poruszone b\u0119d\u0105 \u0142ask\u0105 Bo\u017c\u0105 i zn\u00f3w stan\u0105 si\u0119 wierne i mi\u0142uj\u0105ce Boga. Jest moim \u017cyczeniem, aby ta Godzina by\u0142a rozpowszechniona\u201d.<\/strong><\/em><\/li>\n\n\n\n<li><strong><\/strong>Zach\u0119camy do nabywania nowego numeru \u201eGo\u015bcia Niedzielnego\u201d <strong>z dodatkiem<\/strong> <strong>\u201eGo\u015b\u0107 Elbl\u0105ski\u201d<\/strong>.<\/li>\n\n\n\n<li><strong><\/strong>Powsta\u0142 nowy popularnonaukowy magazyn \u201eGo\u015bcia Niedzielnego\u201d \u2013 \u201eHistoria Ko\u015bcio\u0142a\u201d<br>w cenie 12 z\u0142.<\/li>\n\n\n\n<li><strong><\/strong>Wszystkim Jubilatom i Solenizantom tego tygodnia \u017cyczymy wielu \u0142ask Bo\u017cych i opieki Matki Bo\u017cej Szkaplerznej.<\/li>\n\n\n\n<li>Z naszej wsp\u00f3lnoty parafialnej odesz\u0142a do wieczno\u015bci \u015bp. Regina Polcyn.<\/li>\n<\/ol>\n\n\n\n<p><\/p>\n\n\n\n<figure class=\"wp-block-image\"><img decoding=\"async\" src=\"http:\/\/rafalk-elblag.pl\/wp-content\/uploads\/2020\/04\/baner-intencje-mszy.jpg\" alt=\"\"\/><\/figure>\n\n\n\n<h1 class=\"wp-block-heading\">Intencje mszalne 03.12.2023 r.<\/h1>\n\n\n\n<p><strong>PONIEDZIA\u0141EK \/ 4 grudnia 2023 \/ \u015bw. Barbary<\/strong> \/ Mt 8,5-11<br>6.30 Z okazji imienin Barbary Okonowicz o Bo\u017ce b\u0142., opiek\u0119 Matki Bo\u017cej dla niej i ca\u0142ej rodziny<br>18.00 O b\u0142. Bo\u017ce i opiek\u0119 Matki Bo\u017cej z okazji urodzin i imienin dla Barbary Jackiewicz<br>18.00 \u015bp. Monika i Jan Ostrowscy, Barbara Skorupska<\/p>\n\n\n\n<p><strong>WTOREK \/ 5 grudnia 2023 <\/strong>\/ \u0141k 10,21-24<br>6.30 \u015bp. Stanis\u0142aw i Halina Bugajscy (intencja od siostry Krystyny z rodzin\u0105)<br>18.00 \u015bp. Teresa Odziemczyk (w 1 rocznic\u0119 \u015bmierci)<br>18.00 \u015bp. Jan Za\u0142ucki (w 30 dzie\u0144 po pogrzebie)<\/p>\n\n\n\n<p><strong>\u015aRODA \/ 6 grudnia 2023 \/ \u015bw. Miko\u0142aja<\/strong><br>6.30 \u015bp. J\u00f3zef Sielewicz (w 11 rocznic\u0119 \u015bmierci)<br>18.00 \u015bp. Anna Piekarska (w 2 rocznic\u0119 \u015bmierci) i zmarli z rodziny<br>18.00 O uzdrowienie z choroby Andrzeja, z pro\u015bb\u0105 o potrzebne \u0142aski, ufno\u015b\u0107 oraz o opiek\u0119 Matki Bo\u017cej Szkaplerznej w chorobie<\/p>\n\n\n\n<p><strong>CZWARTEK \/ 7 grudnia 2023 \/ \u015bw. Ambro\u017cego<\/strong> \/ Mt 7,21.24-27<br>6.30 \u015bp. Krystyna Ma\u0107ko (w 13 rocznic\u0119 \u015bmierci)<br>6.30 \u015bp. Lucjan Kachnowicz (8 rocznica \u015bmierci) i zmarli z rodziny<br>18.00 O nowe, \u015bwi\u0119te powo\u0142ania z naszej parafii oraz o \u015bwiat\u0142o Ducha \u015awi\u0119tego dla kap\u0142an\u00f3w tutaj pracuj\u0105cych<\/p>\n\n\n\n<p><strong>PI\u0104TEK \/ 8 grudnia 2023 \/ Uroczysto\u015b\u0107 Niepokalanego Pocz\u0119cia Naj\u015bwi\u0119tszej Maryi Panny<\/strong> \/ \u0141k 1,26-38<br>6.30 \u015bp. Maria Za\u0142\u0119ska (w 10 rocznic\u0119 \u015bmierci)<br>18.00 \u015bp. Stefania \u015awierzy\u0144ska (1 rocznica \u015bmierci)<br>18.00 rezerwacja<\/p>\n\n\n\n<p><strong>SOBOTA \/ 9 grudnia 2023<\/strong> \/ Mt 9,35 &#8211; 10,1.5.6-8<br>6.30 \u015bp. Micha\u0142 Jakubiak (w 9 rocznic\u0119 \u015bmierci)<br>18.00 \u015bp. Ryszard Kujawa (w 2 rocznic\u0119 \u015bmierci) i zmarli z rodziny Kujawa i Roman<\/p>\n\n\n\n<p><strong>II Niedziela Adwentu \/ 10 grudnia 2023<\/strong> \/ Mk 1,1-8<br>8.00 \u015bp. Marianna M\u0142ynarska, J\u00f3zef, Zbigniew, S\u0142awomir, Danuta, Anna Nadolska<br>10.00 Dzi\u0119kczynna za wszelkie \u0142aski, m\u0105dro\u015b\u0107 i wierno\u015b\u0107 udzielone Nikodemowi i jego rodzinie, Agnieszce i ca\u0142ej rodzinie zakonnej oraz Magdalenie i jej rodzinie<br>12.00 W intencji Parafian<br>15.00 Dzi\u0119kczynna w 11 urodziny wnuczki Tatiany Caban, z pro\u015bb\u0105 o wszelkie potrzebne \u0142aski<br>18.00 \u015bp. Krzysztof i Dariusz Morzy<\/p>\n","protected":false},"excerpt":{"rendered":"<p>List Biskupa Elbl\u0105skiego na pierwsz\u0105 Niedziel\u0119 Adwentu 2023 Drodzy Siostry i Bracia, tworz\u0105cy spo\u0142eczno\u015b\u0107 ludu Bo\u017cego diecezji elbl\u0105skiej! Czas Adwentu kieruje nasz\u0105 uwag\u0119 ku ostatecznej przysz\u0142o\u015bci cz\u0142owieka i \u201e\u015bwiata ca\u0142ego\u201d. U kresu naszego \u017cycia na ziemi i na ko\u0144cu dziej\u00f3w \u015bwiata otwiera si\u0119 wieczno\u015b\u0107, sk\u0105d mi\u0142osierny S\u0119dzia i Zbawiciel Jezus Chrystus wyci\u0105gnie ku nam swoj\u0105 [&hellip;]<\/p>\n","protected":false},"author":1,"featured_media":5353,"comment_status":"closed","ping_status":"closed","sticky":false,"template":"","format":"standard","meta":{"ngg_post_thumbnail":0,"footnotes":""},"categories":[11,8,4,3],"tags":[],"class_list":["post-5352","post","type-post","status-publish","format-standard","has-post-thumbnail","hentry","category-aktualnosci","category-blog","category-intencje","category-ogloszenia"],"_links":{"self":[{"href":"https:\/\/rafalk-elblag.pl\/index.php?rest_route=\/wp\/v2\/posts\/5352","targetHints":{"allow":["GET"]}}],"collection":[{"href":"https:\/\/rafalk-elblag.pl\/index.php?rest_route=\/wp\/v2\/posts"}],"about":[{"href":"https:\/\/rafalk-elblag.pl\/index.php?rest_route=\/wp\/v2\/types\/post"}],"author":[{"embeddable":true,"href":"https:\/\/rafalk-elblag.pl\/index.php?rest_route=\/wp\/v2\/users\/1"}],"replies":[{"embeddable":true,"href":"https:\/\/rafalk-elblag.pl\/index.php?rest_route=%2Fwp%2Fv2%2Fcomments&post=5352"}],"version-history":[{"count":1,"href":"https:\/\/rafalk-elblag.pl\/index.php?rest_route=\/wp\/v2\/posts\/5352\/revisions"}],"predecessor-version":[{"id":5354,"href":"https:\/\/rafalk-elblag.pl\/index.php?rest_route=\/wp\/v2\/posts\/5352\/revisions\/5354"}],"wp:featuredmedia":[{"embeddable":true,"href":"https:\/\/rafalk-elblag.pl\/index.php?rest_route=\/wp\/v2\/media\/5353"}],"wp:attachment":[{"href":"https:\/\/rafalk-elblag.pl\/index.php?rest_route=%2Fwp%2Fv2%2Fmedia&parent=5352"}],"wp:term":[{"taxonomy":"category","embeddable":true,"href":"https:\/\/rafalk-elblag.pl\/index.php?rest_route=%2Fwp%2Fv2%2Fcategories&post=5352"},{"taxonomy":"post_tag","embeddable":true,"href":"https:\/\/rafalk-elblag.pl\/index.php?rest_route=%2Fwp%2Fv2%2Ftags&post=5352"}],"curies":[{"name":"wp","href":"https:\/\/api.w.org\/{rel}","templated":true}]}}