{"id":5348,"date":"2023-11-25T19:23:01","date_gmt":"2023-11-25T19:23:01","guid":{"rendered":"http:\/\/rafalk-elblag.pl\/?p=5348"},"modified":"2023-11-25T19:23:01","modified_gmt":"2023-11-25T19:23:01","slug":"26-11-2023-r-uroczystosc-jezusa-chrystusa-krola-wszechswiata","status":"publish","type":"post","link":"https:\/\/rafalk-elblag.pl\/?p=5348","title":{"rendered":"26.11.2023 r., Uroczysto\u015b\u0107 Jezusa Chrystusa, Kr\u00f3la Wszech\u015bwiata"},"content":{"rendered":"\n<h2 class=\"wp-block-heading\"><strong>Znaczenie roku liturgicznego<\/strong><\/h2>\n\n\n\n<p>Rok liturgiczny jest roczn\u0105 celebracj\u0105 tajemnic Chrystusa oraz wspomnie\u0144 \u015bwi\u0119tych.<br>W ten spos\u00f3b prze\u017cywanie roku liturgicznego mo\u017ce prowadzi\u0107 ka\u017cdego wierz\u0105cego w Chrystusa do osi\u0105gni\u0119cia miary Jego wielko\u015bci, czyli do ca\u0142kowitego upodobnienia si\u0119 do swojego Mistrza i Pana.<\/p>\n\n\n\n<p>Podstawowym przes\u0142aniem jest to, \u017ce czas prze\u017cywany w roku liturgicznym jest narz\u0119dziem \u0142aski, przez kt\u00f3re wierni otrzymuj\u0105 niebieskie dary, a ka\u017cda ze wspominanych tajemnic prowadzi do uzyskania jakie\u015b szczeg\u00f3lnej \u0142aski. Nie mo\u017cemy ogarn\u0105\u0107 r\u00f3wnocze\u015bnie ca\u0142o\u015bci \u017cycia i nauki Pana Jezusa. Dlatego Ko\u015bci\u00f3\u0142 rozszczepi\u0142 \u015bwiat\u0142o Chrystusowe na szereg tajemnic i roz\u0142o\u017cy\u0142 je w roku liturgicznym, aby\u015bmy mogli lepiej je pozna\u0107 i wyczerpa\u0107 zawarte w nich \u0142aski. Tajemnice te przedstawia Ko\u015bci\u00f3\u0142 wiernym w modlitwie liturgicznej i w zmiennych cz\u0119\u015bciach Mszy \u015bw.<\/p>\n\n\n\n<p>Pius XII w encyklice&nbsp;<em>Mediator Dei<\/em>&nbsp;zawar\u0142 stwierdzenie, \u017ce liturgia, kt\u00f3ra przywo\u0142uje tajemnice Chrystusa, pozwala wiernym tak w nich uczestniczy\u0107, aby Chrystus \u017cy\u0142 w \u015bwi\u0119to\u015bci poszczeg\u00f3lnych wiernych. Tak rozumiany rok liturgiczny jest stale tocz\u0105cym si\u0119 \u017cyciem, kt\u00f3re jest wci\u0105\u017c obecne i prze\u017cywane. To sam Chrystus jest obecny w swoim Ko\u015bciele.<\/p>\n\n\n\n<p>Pocz\u0105tek roku zawsze zmusza nas do spojrzenia w przesz\u0142o\u015b\u0107 &#8211; ale i jeszcze intensywniej &#8211; w przysz\u0142o\u015b\u0107. Powstaj\u0105 pytania: jakie miejsce w nadchodz\u0105cym roku w moim \u017cyciu zajmie B\u00f3g, co mam robi\u0107, aby by\u0107 jeszcze lepszym, aby swoimi czynami, my\u015blami da\u0107 Bogu wyraz mojej mi\u0142o\u015bci?<\/p>\n\n\n\n<p>Nowy rok liturgiczny rozpoczyna si\u0119 dok\u0142adnie od pierwszej niedzieli Adwentu, a ko\u0144czy na sobocie 34. tygodnia zwyk\u0142ego. Po drodze mamy w nim okazj\u0119 prze\u017cy\u0107 czas Bo\u017cego Narodzenia, czas Wielkiego Postu i Wielkanocy i najd\u0142u\u017cej trwaj\u0105cy, r\u00f3wnie obfity w prze\u017cycia &#8211; czas zwyk\u0142y.<\/p>\n\n\n\n<p>Ca\u0142a historia zbawienia, przekazana nam na kartach Biblii, wt\u0142oczona zostaje w ramy jednego roku, by\u015bmy mogli stopniowo ods\u0142ania\u0107 ca\u0142e Misterium Chrystusa: oczekiwanie, zwiastowanie, nadej\u015bcie, dzia\u0142alno\u015b\u0107, \u015bmier\u0107, zmartwychwstanie, powr\u00f3t, nowe \u017cycie. Co wi\u0119cej: na rozwa\u017canie tych Bo\u017cych tajemnic mamy nie jeden rok, ale tyle lat, ile Pan B\u00f3g da nam \u017cy\u0107. Bo ka\u017cdy rok jest okazj\u0105, by\u015bmy na te wydarzenia spojrzeli inaczej, nieco dojrzalej. Co roku jeste\u015bmy w jakim\u015b sensie inni &#8211; inaczej prze\u017cywamy Adwent czy Bo\u017ce Narodzenie, maj\u0105c lat 5, 18, 35 czy 80. Ca\u0142a chrze\u015bcija\u0144ska m\u0105dro\u015b\u0107 polega na tym, by prze\u017cywaj\u0105c rok liturgiczny ci\u0105gle post\u0119powa\u0107 w g\u00f3r\u0119: by prze\u017cycia roku liturgicznego z roku na rok by\u0142y coraz g\u0142\u0119bsze, bardziej zrozumia\u0142e, wnosz\u0105ce w nasze \u017cycie kolejne, nowe warto\u015bci duchowe, daj\u0105ce nam szans\u0119 weryfikowania naszego post\u0119powania.<\/p>\n\n\n\n<p>Ka\u017cda chwila roku liturgicznego jest szans\u0105 na zbli\u017cenie si\u0119 do Boga i uczestnictwo we wsp\u00f3lnocie Ko\u015bcio\u0142a.\u200c Niezale\u017cnie od\u200b tego, jak trudne czy pe\u0142ne rado\u015bci jest nasze \u017cycie, rok liturgiczny oferuje \u200cnam drog\u0119, by prze\u017cywa\u0107 tajemnice wiary\u200b i do\u015bwiadczy\u0107 \u200bBo\u017cej blisko\u015bci. Czy jeste\u015bmy \u015bwiadomi tego, \u017ce ka\u017cde obchodzone \u015bwi\u0119to ma swoje znaczenie&#x200d; i przes\u0142anie dla naszego \u017cycia?<\/p>\n\n\n\n<figure class=\"wp-block-image\"><a href=\"http:\/\/rafalk-elblag.pl\/wp-content\/uploads\/2021\/08\/ogloszenia-parafialne-baner-01a.jpg\"><img loading=\"lazy\" decoding=\"async\" width=\"720\" height=\"232\" src=\"http:\/\/rafalk-elblag.pl\/wp-content\/uploads\/2021\/08\/ogloszenia-parafialne-baner-01a.jpg\" alt=\"\" class=\"wp-image-4410\" srcset=\"https:\/\/rafalk-elblag.pl\/wp-content\/uploads\/2021\/08\/ogloszenia-parafialne-baner-01a.jpg 720w, https:\/\/rafalk-elblag.pl\/wp-content\/uploads\/2021\/08\/ogloszenia-parafialne-baner-01a-300x97.jpg 300w\" sizes=\"auto, (max-width: 720px) 100vw, 720px\" \/><\/a><\/figure>\n\n\n\n<h1 class=\"wp-block-heading\">Og\u0142oszenia parafialne 26.11.2023 r.<\/h1>\n\n\n\n<ol class=\"wp-block-list\" style=\"list-style-type:1\">\n<li><strong>Przed nami ostatnie dni listopada, kiedy to w spos\u00f3b szczeg\u00f3lny modlimy si\u0119 za zmar\u0142ych. W naszym Ko\u015bciele codziennie o godz. 18:00 oprawiamy Msz\u0119 \u015awi\u0119t\u0105 zbiorow\u0105 <\/strong>a bezpo\u015brednio po Mszy \u015bw. s\u0105 WYPOMINKI po\u0142\u0105czone z Koronk\u0105 do Mi\u0142osierdzia Bo\u017cego.<\/li>\n\n\n\n<li>Wolontariusze Caritas dzisiaj przed ko\u015bcio\u0142em zbieraj\u0105 ofiary dla najubo\u017cszych i potrzebuj\u0105cych z naszej parafii.\u00a0 Parafialny Oddzia\u0142 Caritas naszej parafii znajduje si\u0119 przy ul. Myliusa 1A i jest czynny w I i III czwartek miesi\u0105ca od 16:00 do 17:00.<\/li>\n\n\n\n<li><strong><\/strong>Dzisiaj na Mszy \u015bw. o godz. 8:00 zosta\u0142y po\u015bwi\u0119cone <strong>op\u0142atki na st\u00f3\u0142 wigilijny<\/strong>. Przy okazji informuj\u0119, \u017ce nikt w imieniu parafii nie roznosi op\u0142atk\u00f3w po domach. Op\u0142atki za dobrowoln\u0105 ofiar\u0119 mo\u017cna nabywa\u0107 w zakrystii i u os\u00f3b rozprowadzaj\u0105cych \u015aWIECE CARITASU.<\/li>\n\n\n\n<li>W ramach og\u00f3lnopolskiej akcji <strong><em>\u201eWigilijne Dzie\u0142o Pomocy Dzieciom\u201d<\/em><\/strong> od przysz\u0142ej niedzieli\u00a0 tj. 3 grudnia Wolontariusze Caritas b\u0119d\u0105 rozprowadza\u0107 \u015bwiece na st\u00f3\u0142 wigilijny\u00a0w cenie: ma\u0142e \u015bwiece \u2013 10 z\u0142 oraz du\u017ce \u015bwiece \u2013 20 z\u0142.<\/li>\n\n\n\n<li><strong><\/strong><strong>Wszystkich Parafian doros\u0142ych zapraszamy na MSZE \u015aW. RORATNIE ku czci Matki Bo\u017cej o godz. 6:30. M\u0142odzie\u017c wraz z kandydatami do Sakramentu Bierzmowania zapraszamy w czwartki o godz. 6:30. Dla<\/strong> <strong>dzieci Msze RORATNIE odprawiane b\u0119d\u0105 w \u015brody i pi\u0105tki o godz. 6:30. Prosimy, by dzieci przychodzi\u0142y z opiekunami i przynosi\u0142y ze sob\u0105 LAMPIONY.<\/strong><\/li>\n\n\n\n<li>W ka\u017cdy czwartek <strong><em>zapraszamy na Adoracj\u0119 Naj\u015bwi\u0119tszego Sakramentu<\/em><\/strong> w ciszy. Adoracja rozpoczyna\u0107 si\u0119 b\u0119dzie po Mszy \u015bw. wieczornej i b\u0119dzie trwa\u0142a do godziny 20:00.<\/li>\n\n\n\n<li><strong>I pi\u0105tek miesi\u0105ca<\/strong> <strong>(1 XII)<\/strong> zapraszamy do spowiedzi dzieci z klas IV w tygodniu od 17:30 a w pi\u0105tek od godz. 16:00. <strong>Msza \u015bw. dla wszystkich dzieci w I pi\u0105tek tj. 1 grudnia o godz. 16:30. <\/strong><em>Natomiast <\/em><em>spowied\u017a dla doros\u0142ych i m\u0142odzie\u017cy od godz. 17:30. Msza \u015bw. Wotywna o godz. 18:00.<\/em><\/li>\n\n\n\n<li><strong>I sobota miesi\u0105ca (2 XII) <\/strong>zapraszamy wszystkich czcicieli Matki Bo\u017cej na nabo\u017ce\u0144stwo po\u0142\u0105czone z\u00a0Adoracj\u0105 Naj\u015bwi\u0119tszego Sakramentu od godz. 17:00.<\/li>\n\n\n\n<li>W pierwszy pi\u0105tek miesi\u0105ca (1 XII) kap\u0142ani udadz\u0105 si\u0119 do chorych od godz. 9:30. Ks. Mateusz w sobot\u0119 (2 XII) od godz. 10:00.<\/li>\n\n\n\n<li><strong><\/strong>M\u0142odzie\u017c przygotowuj\u0105c\u0105 si\u0119 do SAKRAMENTU BIERZMOWANIA ks. Mateusz zaprasza w poniedzia\u0142ek (27 XI) rok I, a w czwartek (30 XI) rok II. Spotkania odb\u0119d\u0105 si\u0119 na plebanii o godz. 19:00.<\/li>\n\n\n\n<li><strong>KANCELARIA PARAFIALNA:<\/strong> czynna w \u015brody od 16:00 do 17:30 oraz w pi\u0105tki po Mszy \u015bw. wieczorowej do 19:30. <em>Zapraszamy.<\/em><\/li>\n\n\n\n<li><strong><\/strong>Jest mo\u017cliwo\u015b\u0107 zamawiania i rezerwacji Mszy \u015bwi\u0119tej <strong>na ROK 2024<\/strong>. Informacj\u0119 t\u0119 podajemy dla tych wszystkich, kt\u00f3rzy pragn\u0105 w konkretnym dniu zam\u00f3wi\u0107 intencj\u0119 mszaln\u0105. <em><u>ZAPRASZAMY.<\/u><\/em><\/li>\n\n\n\n<li><strong><\/strong>Zach\u0119camy do nabywania nowego numeru \u201eGo\u015bcia Niedzielnego\u201d <strong>z dodatkiem<\/strong> <strong>\u201eGo\u015b\u0107 Elbl\u0105ski<\/strong>.<\/li>\n\n\n\n<li>\u00a0Wszystkim Jubilatom i Solenizantom tego tygodnia \u017cyczymy wielu \u0142ask Bo\u017cych i opieki Matki Bo\u017cej Szkaplerznej.<\/li>\n\n\n\n<li><strong><\/strong>W tym tygodniu odesz\u0142a do wieczno\u015bci: \u015bp. Maria OLESKA, lat 69 z ul. Korczaka<\/li>\n<\/ol>\n\n\n\n<p><\/p>\n\n\n\n<figure class=\"wp-block-image\"><img decoding=\"async\" src=\"http:\/\/rafalk-elblag.pl\/wp-content\/uploads\/2020\/04\/baner-intencje-mszy.jpg\" alt=\"\"\/><\/figure>\n\n\n\n<h1 class=\"wp-block-heading\">Intencje mszalne 26.11.2023 r.<\/h1>\n\n\n\n<p><strong>PONIEDZIA\u0141EK \/ 27 listopada 2023 <\/strong>\/ \u0141k 21,1-4<br>8.00 \u015bp. Izydor (w rocznic\u0119 \u015bmierci) i zmarli z rodziny Bi\u0144kowskich<br>18.00 \u015bp. Tadeusz Reczek (w 6 rocznic\u0119 \u015bmierci)<br>18.00 Msza \u015bw. zbiorowa za zmar\u0142ych<\/p>\n\n\n\n<p><strong>WTOREK \/ 28 listopada 2023<\/strong> \/ \u0141k 21,5-11<br>8.00 \u015bp. Stanis\u0142aw Bugajski (w 30 dzie\u0144 po pogrzebie)<br>18.00 \u015bp. Kazimiera Zembrzycka (w 12 rocznic\u0119 \u015bmierci), Boles\u0142aw, Tadeusz<br>18.00 Msza \u015bw. zbiorowa za zmar\u0142ych<\/p>\n\n\n\n<p><strong>\u015aRODA \/ 29 listopada 2023<\/strong> \/ \u0141k 21,12-19<br>8.00 \u015bp. Stanis\u0142aw Bugajski (intencja od kuzynek i kuzyn\u00f3w z rodziny Majchr\u00f3w z Bochni)<br>18.00 \u015bp. J\u00f3zefa [k] Urba\u0144ska (w 1 rocznic\u0119 \u015bmierci), Dariusz Nikiciuk (w 5 rocznic\u0119 \u015bmierci), Feliks Urba\u0144ski<br>18.00 Msza \u015bw. zbiorowa za zmar\u0142ych<\/p>\n\n\n\n<p><strong>CZWARTEK \/ 30 listopada 2023 \/ \u015bw. Andrzeja, Aposto\u0142a<\/strong> \/ Mt 4,18-22<br>8.00 \u015bp. Wies\u0142aw Wi\u015bniewski oraz zmarli z rodziny Wi\u015bniewskich i Kubackich<br>18.00 \u015bp. J\u00f3zef Kwiatosz (10 rocznica \u015bmierci)<br>18.00 Msza \u015bw. zbiorowa za zmar\u0142ych<\/p>\n\n\n\n<p><strong>PI\u0104TEK \/ 1 grudnia 2023<\/strong> \/ I pi\u0105tek miesi\u0105ca \/ \u0141k 21,29-33<br>8.00 Za dusze w czy\u015b\u0107cu cierpi\u0105ce<br>16.30 W intencji wynagradzaj\u0105cej Naj\u015bwi\u0119tszemu Sercu Pana Jezusa<br>18.00 Z okazji 90 urodzin Janiny Dobies, z pro\u015bb\u0105 o Bo\u017ce b\u0142. i potrzebne \u0142aski<\/p>\n\n\n\n<p><strong>SOBOTA \/ 2 grudnia 2023<\/strong> \/ I sobota miesi\u0105ca \/ \u0141k 21,34-36<br>8.00 \u015bp. Jan i Janina Ostrowscy, Julian Hochleitner i zmarli z rodziny Przeradzkich i Fija\u0142kowskich<br>18.00 \u015bp. Antoni K\u0119pi\u0144ski (21 rocznica \u015bmierci) oraz Stanis\u0142awa [k]<br>18.00 rezerwacja<\/p>\n\n\n\n<p><strong>I Niedziela Adwentu \/ 3 grudnia 2023<\/strong> \/ Mk 13,33-37<br>8.00 O do\u015bwiadczenie Bo\u017cej mi\u0142o\u015bci dla Karoliny i Sebastiana<br>10.00 Dzi\u0119kczynna z okazji urodzin Sylwii, z pro\u015bb\u0105 o Bo\u017ce b\u0142., potrzebne \u0142aski i opiek\u0119 Matki Bo\u017cej<br>12.00 W intencji Parafian<br>15.00 \u015bp. Stanis\u0142awa [k] Klonowska (6 rocznica \u015bmierci), Stanis\u0142aw Klonowski (7 rocznica \u015bmierci)<br>18.00 rezerwacja<\/p>\n\n\n\n<p><\/p>\n","protected":false},"excerpt":{"rendered":"<p>Znaczenie roku liturgicznego Rok liturgiczny jest roczn\u0105 celebracj\u0105 tajemnic Chrystusa oraz wspomnie\u0144 \u015bwi\u0119tych.W ten spos\u00f3b prze\u017cywanie roku liturgicznego mo\u017ce prowadzi\u0107 ka\u017cdego wierz\u0105cego w Chrystusa do osi\u0105gni\u0119cia miary Jego wielko\u015bci, czyli do ca\u0142kowitego upodobnienia si\u0119 do swojego Mistrza i Pana. Podstawowym przes\u0142aniem jest to, \u017ce czas prze\u017cywany w roku liturgicznym jest narz\u0119dziem \u0142aski, przez kt\u00f3re wierni [&hellip;]<\/p>\n","protected":false},"author":1,"featured_media":5349,"comment_status":"closed","ping_status":"closed","sticky":false,"template":"","format":"standard","meta":{"ngg_post_thumbnail":0,"footnotes":""},"categories":[11,8,4,3],"tags":[],"class_list":["post-5348","post","type-post","status-publish","format-standard","has-post-thumbnail","hentry","category-aktualnosci","category-blog","category-intencje","category-ogloszenia"],"_links":{"self":[{"href":"https:\/\/rafalk-elblag.pl\/index.php?rest_route=\/wp\/v2\/posts\/5348","targetHints":{"allow":["GET"]}}],"collection":[{"href":"https:\/\/rafalk-elblag.pl\/index.php?rest_route=\/wp\/v2\/posts"}],"about":[{"href":"https:\/\/rafalk-elblag.pl\/index.php?rest_route=\/wp\/v2\/types\/post"}],"author":[{"embeddable":true,"href":"https:\/\/rafalk-elblag.pl\/index.php?rest_route=\/wp\/v2\/users\/1"}],"replies":[{"embeddable":true,"href":"https:\/\/rafalk-elblag.pl\/index.php?rest_route=%2Fwp%2Fv2%2Fcomments&post=5348"}],"version-history":[{"count":1,"href":"https:\/\/rafalk-elblag.pl\/index.php?rest_route=\/wp\/v2\/posts\/5348\/revisions"}],"predecessor-version":[{"id":5350,"href":"https:\/\/rafalk-elblag.pl\/index.php?rest_route=\/wp\/v2\/posts\/5348\/revisions\/5350"}],"wp:featuredmedia":[{"embeddable":true,"href":"https:\/\/rafalk-elblag.pl\/index.php?rest_route=\/wp\/v2\/media\/5349"}],"wp:attachment":[{"href":"https:\/\/rafalk-elblag.pl\/index.php?rest_route=%2Fwp%2Fv2%2Fmedia&parent=5348"}],"wp:term":[{"taxonomy":"category","embeddable":true,"href":"https:\/\/rafalk-elblag.pl\/index.php?rest_route=%2Fwp%2Fv2%2Fcategories&post=5348"},{"taxonomy":"post_tag","embeddable":true,"href":"https:\/\/rafalk-elblag.pl\/index.php?rest_route=%2Fwp%2Fv2%2Ftags&post=5348"}],"curies":[{"name":"wp","href":"https:\/\/api.w.org\/{rel}","templated":true}]}}