{"id":5324,"date":"2023-11-18T10:58:07","date_gmt":"2023-11-18T10:58:07","guid":{"rendered":"http:\/\/rafalk-elblag.pl\/?p=5324"},"modified":"2023-11-18T10:58:07","modified_gmt":"2023-11-18T10:58:07","slug":"19-11-2023-r-xxxiii-niedziela-zwykla","status":"publish","type":"post","link":"https:\/\/rafalk-elblag.pl\/?p=5324","title":{"rendered":"19.11.2023 r. XXXIII Niedziela Zwyk\u0142a"},"content":{"rendered":"\n<h1 class=\"wp-block-heading\" id=\"block-3f32f9df-907d-4471-9901-26d53ab80b75\">Og\u0142oszenia parafialne<\/h1>\n\n\n\n<ol class=\"wp-block-list\" type=\"1\" id=\"block-6933784b-d104-44b7-8826-5b59fba1a464\">\n<li><strong>Jutro prze\u017cywa\u0107 b\u0119dziemy UROCZYSTO\u015a\u0106 ODPUSTOW\u0104 KU CZCI \u015aW. RAFA\u0141A KALINOWSKIEGO patrona naszej parafii. <\/strong>Witamy w naszej wsp\u00f3lnocie<strong> ks. kanonika prof. dr hab. Wojciecha CICHOSZA Dziekana Wydzia\u0142u Teologicznego Uniwersytetu Miko\u0142aja Kopernika w Toruniu, <\/strong><em>kt\u00f3ry w dniu dzisiejszym g\u0142osi S\u0142owo Bo\u017ce pragn\u0105c zach\u0119ci\u0107 nas do skorzystanie z \u0142aski OPUSTU PARAFIALNEGO.<\/em><\/li>\n\n\n\n<li><strong><em>Zapraszam do skorzystania z \u0142aski odpustu parafialnego.<\/em><\/strong><strong><em> Pami\u0119taj to r\u00f3wnie\u017c imieniny Twoje jak i ca\u0142ej wsp\u00f3lnoty parafialnej.<\/em><\/strong><strong><u> <\/u><\/strong><strong><em><u>Niech \u015bw. Rafa\u0142 Kalinowski wyprasza nam wszelkie potrzebne \u0142aski, umacnia wiar\u0119 i dodaje si\u0142 w codziennych zmaganiach.<\/u><\/em><\/strong><strong><u><\/u><\/strong><\/li>\n\n\n\n<li>W listopadzie w spos\u00f3b szczeg\u00f3lny pochylamy si\u0119 nad mogi\u0142ami, w kt\u00f3rych spoczywaj\u0105 nasi bliscy. Najg\u0142\u0119bszym wyrazem naszej mi\u0142o\u015bci jest nasza modlitwa za nich. Dlatego zapraszamy do wsp\u00f3lnej modlitwy za zmar\u0142ych codziennie o godz. 18:00 na Mszy \u015bw. Zbiorowej a bezpo\u015brednio po na WYPOMINKI po\u0142\u0105czone z Koronk\u0105 do Mi\u0142osierdzia Bo\u017cego.<strong><em> Pami\u0119tajmy: \u201e\u015awi\u0119t\u0105 i zbawienn\u0105 rzecz\u0105 jest modli\u0107 si\u0119 za \u017cywych i zmar\u0142ych.\u201d<\/em><\/strong><strong> <em>Czy to ju\u017c uczyni\u0142e\u015b?<\/em><\/strong><\/li>\n\n\n\n<li>Panu Piotrowi naszemu Organi\u015bcie, pani Cecylii Wi\u015bniewskiej, Scholce Parafialnej \u017cycz\u0119, by <strong>\u015aW. CECYLIA &#8211; PATRONKA MUZYKI KO\u015aCIELNEJ<\/strong> wyprasza\u0142a potrzebne \u0142aski do dalszego pos\u0142ugiwania swym \u015bpiewem i muzyk\u0105 na Bo\u017c\u0105 chwa\u0142\u0119.<\/li>\n\n\n\n<li>Wszystkich chc\u0105cych pog\u0142\u0119bi\u0107 swoj\u0105 wiedz\u0119 i relacj\u0119 z Bogiem poprzez Pismo \u015awi\u0119te, zapraszamy na <strong>spotkanie Kr\u0119gu Biblijnego<\/strong> w \u015brod\u0119 22 listopada o godz. 19:00 kt\u00f3re odb\u0119dzie w salce na plebanii.<strong><\/strong><\/li>\n\n\n\n<li>&nbsp;W ostatni\u0105 niedziel\u0119 listopada (26 listopada) wolontariusze Caritas b\u0119d\u0105 zbiera\u0107 przed ko\u015bcio\u0142em ofiary dla najubo\u017cszych i potrzebuj\u0105cych z naszej parafii.&nbsp; Parafialny Oddzia\u0142 Caritas naszej parafii znajduje si\u0119 przy ul. Myliusa 1A i jest czynny w I i III czwartek miesi\u0105ca od 16:00 do 17:00.<em><\/em><\/li>\n\n\n\n<li>Pod patronatem Wy\u017cszego Seminarium Duchownego od roku 2012 organizowane s\u0105 otwarte spotkania Elbl\u0105skiej Szko\u0142y Biblijnej. Odbywaj\u0105 si\u0119 one w wybrane soboty miesi\u0105ca stacjonarnie w auli WSD w Elbl\u0105gu w godz. 9:00-12:00 z przerwami na kaw\u0119. W tym roku zostanie poprawiona mo\u017cliwo\u015b\u0107 udzia\u0142u online. B\u0119dzie on mo\u017cliwy&nbsp; poprzez kana\u0142 &#8222;Wy\u017csze Seminarium Duchowne w Elbl\u0105gu&#8221; na platformie YouTube oraz na Facebooku. Szczeg\u00f3\u0142owe informacje nt. Elbl\u0105skiej Szko\u0142y Biblijnej znale\u017a\u0107 mo\u017cna na jej stronie na Facebooku <a href=\"https:\/\/www.facebook.com\/StudiumBiblicum\/\">https:\/\/www.facebook.com\/StudiumBiblicum\/<\/a>. Zapraszamy.<\/li>\n\n\n\n<li>&nbsp;Zach\u0119camy do nabywania nowego numeru \u201eGo\u015bcia Niedzielnego\u201d <strong>z dodatkiem<\/strong> <strong>\u201eGo\u015b\u0107 Elbl\u0105ski<\/strong>.<strong> <em><\/em><\/strong><\/li>\n\n\n\n<li>&nbsp;Wszystkim Jubilatom i Solenizantom tego tygodnia \u017cyczymy wielu \u0142ask Bo\u017cych i opieki Matki Bo\u017cej Szkaplerznej.<\/li>\n<\/ol>\n\n\n\n<p id=\"block-b1c87051-ac83-4c14-a9fd-8d3d184f9906\">\ufeff<\/p>\n\n\n\n<figure class=\"wp-block-image\" id=\"block-d6916f7b-8048-4859-8248-2d07361c975e\"><img decoding=\"async\" src=\"http:\/\/rafalk-elblag.pl\/wp-content\/uploads\/2020\/04\/baner-intencje-mszy.jpg\" alt=\"Obrazek posiada pusty atrybut alt; plik o nazwie baner-intencje-mszy.jpg\"\/><\/figure>\n\n\n\n<h1 class=\"wp-block-heading\" id=\"block-015172e7-4e61-4b27-a5aa-5aa5824827b8\">Intencje mszalne 19.11.2023 r.<\/h1>\n\n\n\n<p><strong>PONIEDZIA\u0141EK \/ 20 listopada 2023 \/<br>Uroczysto\u015b\u0107 \u015bw. Rafa\u0142a Kalinowskiego<\/strong><br>8.00 \u015bp. Marianna Alicja G\u00f3rska (w 30 dzie\u0144 po pogrzebie)<br>11.00 W intencji Parafian<br>11.00 \u015bp. Henryk Jankowski (w rocznic\u0119 \u015bmierci)<br>18.00 Msza \u015bw. zbiorowa za zmar\u0142ych<\/p>\n\n\n\n<p><strong>WTOREK \/ 21 listopada 2023 \/ Wspomnienie Ofiarowania Naj\u015bwi\u0119tszej Maryi Panny \/ <\/strong>\u0141k 19,1-10<strong><br><\/strong>8.00 \u015bp. Tadeusz Cie\u015bli\u0144ski (w 28 rocznic\u0119 \u015bmierci), Krystyna, Stanis\u0142awa [k], J\u00f3zef z rodziny Cie\u015bli\u0144skich<br>18.00 \u015bp. Zdzis\u0142aw Borowski (w 7 rocznic\u0119 \u015bmierci), Stanis\u0142aw Humelt (w 13 rocznic\u0119 \u015bmierci), zmarli z rodziny z obojga stron<br>18.00 Msza \u015bw. zbiorowa za zmar\u0142ych<\/p>\n\n\n\n<p><strong>\u015aRODA \/ 22 listopada 2023 \/ \u015bw. Cecylii \/ <\/strong>\u0141k 19,11-28<br>8.00 \u015bp. Jolanta Ko\u015bci\u0144ska (w 7 rocznic\u0119 \u015bmierci), Anna Rzepka (w 6 rocznic\u0119 \u015bmierci), El\u017cbieta Grudzi\u0144ska (w 1 rocznic\u0119 \u015bmierci)<br>18.00 \u015bp. Cecylia i J\u00f3zef Chmiel<br>18.00 Msza \u015bw. zbiorowa za zmar\u0142ych<\/p>\n\n\n\n<p><strong>CZWARTEK \/ 23 listopada 2023 <\/strong>\/ \u0141k 19,41-44<br>8.00<br>18.00 \u015bp. Janina, Jan, Iwona, Ryszard i zmarli z rodzin D\u0105browskich, Kujawskich, Jasi\u0144skich i Nike<br>18.00 Msza \u015bw. zbiorowa za zmar\u0142ych<\/p>\n\n\n\n<p><strong>PI\u0104TEK \/ 24 listopada 2023 r. \/ \u015bw. Andrzeja Dung-Lac i Towarzyszy<\/strong> \/ \u0141k 19,45-48<br>8.00 Za dusze w czy\u015b\u0107cu cierpi\u0105ce<br>18.00 \u015bp. rodzice: Jan i Danuta Wielgolawscy oraz zmarli dziadkowskie z obojga stron<br>18.00 Msza \u015bw. zbiorowa za zmar\u0142ych<\/p>\n\n\n\n<p><strong>SOBOTA \/ 25 listopada 2023<\/strong> \/ \u0141k 20,27-40<br>8.00 \u015bp. Stanis\u0142aw Bugajski (intencja od kuzynek i kuzyn\u00f3w z rodziny Majchr\u00f3w z Bochni)<br>18.00 \u015bp. Norbert, Jadwiga, Kazimierz<br>18.00 Msza \u015bw. zbiorowa za zmar\u0142ych<\/p>\n\n\n\n<p><strong>Uroczysto\u015b\u0107 Jezusa Chrystusa, Kr\u00f3la Wszech\u015bwiata \/ 26 listopada 2023<\/strong> \/ Mt 25,31-46<br>8.00 \u015bp. Artur i Regina Kowalscy<br>10.00 \u015bp. Adam \u017bukowski (w 20 rocznic\u0119 \u015bmierci), W\u0142adys\u0142aw i Zofia Nazarek i zmarli z rodzin obu stron<br>12.00 W intencji Parafian<br>15.00 \u015bp. Wincenty Wi\u015bniewski (w 36 rocznic\u0119 \u015bmierci), Helena Wi\u015bniewska (w 29 rocznic\u0119 \u015bmierci)<br>18.00 Msza \u015bw. zbiorowa za zmar\u0142ych<\/p>\n","protected":false},"excerpt":{"rendered":"<p>Og\u0142oszenia parafialne \ufeff Intencje mszalne 19.11.2023 r. PONIEDZIA\u0141EK \/ 20 listopada 2023 \/Uroczysto\u015b\u0107 \u015bw. Rafa\u0142a Kalinowskiego8.00 \u015bp. Marianna Alicja G\u00f3rska (w 30 dzie\u0144 po pogrzebie)11.00 W intencji Parafian11.00 \u015bp. Henryk Jankowski (w rocznic\u0119 \u015bmierci)18.00 Msza \u015bw. zbiorowa za zmar\u0142ych WTOREK \/ 21 listopada 2023 \/ Wspomnienie Ofiarowania Naj\u015bwi\u0119tszej Maryi Panny \/ \u0141k 19,1-108.00 \u015bp. Tadeusz [&hellip;]<\/p>\n","protected":false},"author":1,"featured_media":5326,"comment_status":"closed","ping_status":"closed","sticky":false,"template":"","format":"standard","meta":{"ngg_post_thumbnail":0,"footnotes":""},"categories":[11,8,4,3],"tags":[],"class_list":["post-5324","post","type-post","status-publish","format-standard","has-post-thumbnail","hentry","category-aktualnosci","category-blog","category-intencje","category-ogloszenia"],"_links":{"self":[{"href":"https:\/\/rafalk-elblag.pl\/index.php?rest_route=\/wp\/v2\/posts\/5324","targetHints":{"allow":["GET"]}}],"collection":[{"href":"https:\/\/rafalk-elblag.pl\/index.php?rest_route=\/wp\/v2\/posts"}],"about":[{"href":"https:\/\/rafalk-elblag.pl\/index.php?rest_route=\/wp\/v2\/types\/post"}],"author":[{"embeddable":true,"href":"https:\/\/rafalk-elblag.pl\/index.php?rest_route=\/wp\/v2\/users\/1"}],"replies":[{"embeddable":true,"href":"https:\/\/rafalk-elblag.pl\/index.php?rest_route=%2Fwp%2Fv2%2Fcomments&post=5324"}],"version-history":[{"count":1,"href":"https:\/\/rafalk-elblag.pl\/index.php?rest_route=\/wp\/v2\/posts\/5324\/revisions"}],"predecessor-version":[{"id":5327,"href":"https:\/\/rafalk-elblag.pl\/index.php?rest_route=\/wp\/v2\/posts\/5324\/revisions\/5327"}],"wp:featuredmedia":[{"embeddable":true,"href":"https:\/\/rafalk-elblag.pl\/index.php?rest_route=\/wp\/v2\/media\/5326"}],"wp:attachment":[{"href":"https:\/\/rafalk-elblag.pl\/index.php?rest_route=%2Fwp%2Fv2%2Fmedia&parent=5324"}],"wp:term":[{"taxonomy":"category","embeddable":true,"href":"https:\/\/rafalk-elblag.pl\/index.php?rest_route=%2Fwp%2Fv2%2Fcategories&post=5324"},{"taxonomy":"post_tag","embeddable":true,"href":"https:\/\/rafalk-elblag.pl\/index.php?rest_route=%2Fwp%2Fv2%2Ftags&post=5324"}],"curies":[{"name":"wp","href":"https:\/\/api.w.org\/{rel}","templated":true}]}}