{"id":5315,"date":"2023-11-16T18:54:23","date_gmt":"2023-11-16T18:54:23","guid":{"rendered":"https:\/\/rafalk-elblag.pl\/?p=5315"},"modified":"2023-12-04T19:37:38","modified_gmt":"2023-12-04T19:37:38","slug":"odpust-parafialny-30-lecie-istnienia-parafii","status":"publish","type":"post","link":"https:\/\/rafalk-elblag.pl\/?p=5315","title":{"rendered":"Odpust Parafialny w 30-lecie istnienia parafii"},"content":{"rendered":"<div class=\"wp-block-image\">\n<figure class=\"aligncenter size-large\"><a href=\"https:\/\/rafalk-elblag.pl\/wp-content\/uploads\/2023\/11\/odpust-rafala.jpg\"><img loading=\"lazy\" decoding=\"async\" width=\"1024\" height=\"390\" src=\"https:\/\/rafalk-elblag.pl\/wp-content\/uploads\/2023\/11\/odpust-rafala-1024x390.jpg\" alt=\"\" class=\"wp-image-5316\" srcset=\"https:\/\/rafalk-elblag.pl\/wp-content\/uploads\/2023\/11\/odpust-rafala-1024x390.jpg 1024w, https:\/\/rafalk-elblag.pl\/wp-content\/uploads\/2023\/11\/odpust-rafala-300x114.jpg 300w, https:\/\/rafalk-elblag.pl\/wp-content\/uploads\/2023\/11\/odpust-rafala-768x292.jpg 768w, https:\/\/rafalk-elblag.pl\/wp-content\/uploads\/2023\/11\/odpust-rafala-1536x584.jpg 1536w, https:\/\/rafalk-elblag.pl\/wp-content\/uploads\/2023\/11\/odpust-rafala.jpg 1950w\" sizes=\"auto, (max-width: 1024px) 100vw, 1024px\" \/><\/a><\/figure>\n<\/div>\n\n\n<p class=\"has-text-align-center\"><strong>UROCZYSTO\u015aCI ODPUSTOWE KU CZCI \u015aW. RAFA\u0141A KALINOWSKIEGO <\/strong><br><strong>obchodzi\u0107 b\u0119dziemy w poniedzia\u0142ek \u2013 20 listopada. <\/strong><\/p>\n\n\n\n<p class=\"has-text-align-center\">W tym roku b\u0119d\u0105 okazj\u0105 do dzi\u0119kczynienia Bogu za 30 lat istnienia naszej parafii.<\/p>\n\n\n\n<h3 class=\"wp-block-heading has-text-align-center\"><strong>UROCZYSTE MSZE \u015aW. ODPUSTOWE <\/strong><br><strong>sprawowana b\u0119d\u0105 o godzinach <\/strong><\/h3>\n\n\n\n<h3 class=\"wp-block-heading has-text-align-center\"><strong>8:00,\u00a0 11:00 (Suma Odpustowa z udzia\u0142em ksi\u0119\u017cy z Dekanatu) oraz o godz. 18:00.\u00a0<\/strong><\/h3>\n\n\n\n<p class=\"has-text-align-center\">Serdecznie zapraszamy do skorzystania z \u0142aski odpustu parafialnego. <\/p>\n\n\n\n<p class=\"has-text-align-center\">To r\u00f3wnie\u017c Twoje imieniny \u2013\u00a0 nie mo\u017ce Ci\u0119 zabrakn\u0105\u0107.\u00a0<\/p>\n\n\n\n<p class=\"has-text-align-center\"><em>Niech \u015bw. Rafa\u0142 Kalinowski wyprasza nam wszelkie potrzebne \u0142aski, umacnia wiar\u0119\u00a0 i dodaje si\u0142\u00a0 w codziennych zmaganiach<\/em>.<\/p>\n","protected":false},"excerpt":{"rendered":"<p>UROCZYSTO\u015aCI ODPUSTOWE KU CZCI \u015aW. RAFA\u0141A KALINOWSKIEGO obchodzi\u0107 b\u0119dziemy w poniedzia\u0142ek \u2013 20 listopada. W tym roku b\u0119d\u0105 okazj\u0105 do dzi\u0119kczynienia Bogu za 30 lat istnienia naszej parafii. UROCZYSTE MSZE \u015aW. ODPUSTOWE sprawowana b\u0119d\u0105 o godzinach 8:00,\u00a0 11:00 (Suma Odpustowa z udzia\u0142em ksi\u0119\u017cy z Dekanatu) oraz o godz. 18:00.\u00a0 Serdecznie zapraszamy do skorzystania z \u0142aski [&hellip;]<\/p>\n","protected":false},"author":1,"featured_media":5317,"comment_status":"closed","ping_status":"closed","sticky":false,"template":"","format":"standard","meta":{"ngg_post_thumbnail":0,"footnotes":""},"categories":[1],"tags":[],"class_list":["post-5315","post","type-post","status-publish","format-standard","has-post-thumbnail","hentry","category-uncategorized"],"_links":{"self":[{"href":"https:\/\/rafalk-elblag.pl\/index.php?rest_route=\/wp\/v2\/posts\/5315","targetHints":{"allow":["GET"]}}],"collection":[{"href":"https:\/\/rafalk-elblag.pl\/index.php?rest_route=\/wp\/v2\/posts"}],"about":[{"href":"https:\/\/rafalk-elblag.pl\/index.php?rest_route=\/wp\/v2\/types\/post"}],"author":[{"embeddable":true,"href":"https:\/\/rafalk-elblag.pl\/index.php?rest_route=\/wp\/v2\/users\/1"}],"replies":[{"embeddable":true,"href":"https:\/\/rafalk-elblag.pl\/index.php?rest_route=%2Fwp%2Fv2%2Fcomments&post=5315"}],"version-history":[{"count":6,"href":"https:\/\/rafalk-elblag.pl\/index.php?rest_route=\/wp\/v2\/posts\/5315\/revisions"}],"predecessor-version":[{"id":5355,"href":"https:\/\/rafalk-elblag.pl\/index.php?rest_route=\/wp\/v2\/posts\/5315\/revisions\/5355"}],"wp:featuredmedia":[{"embeddable":true,"href":"https:\/\/rafalk-elblag.pl\/index.php?rest_route=\/wp\/v2\/media\/5317"}],"wp:attachment":[{"href":"https:\/\/rafalk-elblag.pl\/index.php?rest_route=%2Fwp%2Fv2%2Fmedia&parent=5315"}],"wp:term":[{"taxonomy":"category","embeddable":true,"href":"https:\/\/rafalk-elblag.pl\/index.php?rest_route=%2Fwp%2Fv2%2Fcategories&post=5315"},{"taxonomy":"post_tag","embeddable":true,"href":"https:\/\/rafalk-elblag.pl\/index.php?rest_route=%2Fwp%2Fv2%2Ftags&post=5315"}],"curies":[{"name":"wp","href":"https:\/\/api.w.org\/{rel}","templated":true}]}}