{"id":5310,"date":"2023-11-11T13:23:36","date_gmt":"2023-11-11T13:23:36","guid":{"rendered":"http:\/\/rafalk-elblag.pl\/?p=5310"},"modified":"2023-11-11T13:25:13","modified_gmt":"2023-11-11T13:25:13","slug":"12-11-2023-r-xxxii-niedziela-zwykla","status":"publish","type":"post","link":"https:\/\/rafalk-elblag.pl\/?p=5310","title":{"rendered":"12.11.2023 r. XXXII Niedziela Zwyk\u0142a"},"content":{"rendered":"\n<h1 class=\"wp-block-heading\" id=\"block-3f32f9df-907d-4471-9901-26d53ab80b75\">Og\u0142oszenia parafialne<\/h1>\n\n\n\n<ol class=\"wp-block-list\" type=\"1\" id=\"block-6933784b-d104-44b7-8826-5b59fba1a464\">\n<li>W naszej parafii trwa Nowenna do \u015bw. Rafa\u0142a Kalinowskiego, przygotowuj\u0105ca duchowo do<strong> ODPUSTU PARAFIALNEGO.<\/strong> <em><u>Nowenn\u0119 odmawiamy na zako\u0144czenie Mszy \u015bw.<\/u><\/em><\/li>\n\n\n\n<li>Dzisiaj Siostry ze<strong> ZGROMADZENIA SI\u00d3STR \u015aWIETEGO J\u00d3ZEFA czyli J\u00d3ZEFITKI przed ko\u015bcio\u0142em zbieraj\u0105 ofiary na utrzymanie. <\/strong><em>Dzi\u0119kujemy za zrozumienie.<\/em><\/li>\n\n\n\n<li>W listopadzie w spos\u00f3b szczeg\u00f3lny pochylamy si\u0119 nad mogi\u0142ami, w kt\u00f3rych spoczywaj\u0105 nasi bliscy.<strong> Najg\u0142\u0119bszym wyrazem naszej mi\u0142o\u015bci jest nasza modlitwa za nich. Dlatego zapraszamy do wsp\u00f3lnej modlitwy za zmar\u0142ych codziennie o godz. 18:00 na Mszy \u015bw. Zbiorowej a bezpo\u015brednio po na WYPOMINKI po\u0142\u0105czone z Koronk\u0105 do Mi\u0142osierdzia Bo\u017cego.<\/strong><\/li>\n\n\n\n<li><strong>Rodzic\u00f3w dzieci klas III Szko\u0142y Podstawowej<\/strong> przygotowuj\u0105cych si\u0119 do I Spowiedzi i Komunii \u015bw. zapraszam w tym tygodniu wyj\u0105tkowo nie w poniedzia\u0142ek ale w pi\u0105tek (17 listopada) na comiesi\u0119czne spotkanie do ko\u015bcio\u0142a na godz. 19:00.<\/li>\n\n\n\n<li><strong>W TYM TYGODNIU WA\u017bNE WYDARZENIA:<\/strong><br><strong>w czwartek 16 listopada<\/strong> dzie\u0144 spotkania <strong>RODZINY SZKAPLERZNEJ<\/strong>.<br>Serdecznie zapraszamy na Msz\u0119 \u015bw. o godz. 18:00 oraz po Mszy \u015bw. na WYPOMINKI po\u0142\u0105czone z Koronk\u0105 do Bo\u017cego Mi\u0142osierdzia, zako\u0144czon\u0105 NOWENN\u0104 I APELEM&nbsp; MARYJNYM.<br><strong>w pi\u0105tek 17 listopada<\/strong> przypada <strong>5<\/strong> rocznica <strong>KONSEKRACJI NASZEGO KO\u015aCIO\u0141A.<\/strong> W tym dniu w ko\u015bciele b\u0119d\u0105 zapalone ZACHEUSZKI tj. \u015bwieczki na \u015bcianach symbolizuj\u0105ce miejsca namaszczenia olejem \u015bwi\u0119tym mur\u00f3w naszego Ko\u015bcio\u0142a. <em>Zapraszamy w tym dniu na Msze \u015bw. o godz. 8:00 oraz o godz. 18:00<\/em>.<br><strong><em>W TYM DNIU ZAPRASZAMY NA WYJ\u0104TKOWY KONCERT UWIELBIENIA Z OKAZJI 30- LECIA POWSTANIA PARAFII \u015aW. RAFA\u0141A KALINOWSKIEGO. UWIELBIENIE POPROWADZI ZESP\u00d3\u0141 \u201e JAK NAJBARDZIEJ \u2013 B\u00d3G JEST DOBRY\u201d. ZACZYNAMY W PI\u0104TEK (17.XI.) O GODZ. 19:00.<\/em><\/strong><em> <\/em><br><strong>w sobot\u0119 18 listopada<\/strong> wspomnienie b\u0142. Karoliny K\u00f3zk\u00f3wny \u2013 dziewicy i m\u0119czennicy Zapraszamy w tym dniu m\u0142odzie\u017c na spotkanie o godz. 18:00 w ko\u015bciele.<br><strong>w niedziel\u0119 19 listopada<\/strong> obchodzimy <strong>PARAFIALNY DZIE\u0143 OBRONY \u017bYCIA.<\/strong> W tym dniu na Mszy \u015bw. o godz. 18:00 b\u0119dzie mo\u017cliwo\u015b\u0107 podj\u0119cia Duchowej Adopcji Dziecka Pocz\u0119tego, zagro\u017conego ABORCJ\u0104. <em>Zapraszamy wszystkie osoby, pragn\u0105ce w\u0142\u0105czy\u0107 w OBRON\u0118 \u017bYCIA poprzez modlitw<\/em>\u0119.<br><em><strong><u>Przy Biuletynie znajdziemy kartki do wype\u0142nienia w celu podj\u0119cia tego dzie\u0142a.<\/u><\/strong><\/em><\/li>\n\n\n\n<li><strong>UROCZYSTO\u015aCI ODPUSTOWE KU CZCI \u015aW. RAFA\u0141A KALINOWSKIEGO obchodzi\u0107 b\u0119dziemy w poniedzia\u0142ek &#8211; 20 listopada. UROCZYSTE MSZE \u015aW. ODPUSTOWE sprawowana b\u0119d\u0105 o godz.: 8:00,&nbsp; 11:00 (z udzia\u0142em ksi\u0119\u017cy z Dekanatu) oraz o godz. 18:00. <\/strong>Serdecznie zapraszamy do skorzystania z \u0142aski odpustu parafialnego. To r\u00f3wnie\u017c Twoje imieniny &#8211;&nbsp; nie mo\u017ce Ci\u0119 zabrakn\u0105\u0107. <em>Niech \u015bw. Rafa\u0142 Kalinowski wyprasza nam wszelkie potrzebne \u0142aski, umacnia wiar\u0119&nbsp; i dodaje si\u0142&nbsp; w codziennych zmaganiach<\/em>.<\/li>\n\n\n\n<li>Zach\u0119cam w tym tygodniu do korzystania z<strong> Sakramentu Spowiedzi \u015awi\u0119tej codziennie od godz. 7:45 oraz od godz. 17:30.<\/strong><\/li>\n\n\n\n<li>&nbsp;Zach\u0119camy do nabywania nowego numeru \u201eGo\u015bcia Niedzielnego\u201d <strong>z dodatkiem<\/strong> <strong>\u201eGo\u015b\u0107 Elbl\u0105ski<\/strong> w cenie 10 z\u0142 oraz kalendarz na rok 2024 w cenie 15 z\u0142.<\/li>\n<\/ol>\n\n\n\n<p id=\"block-b1c87051-ac83-4c14-a9fd-8d3d184f9906\">\ufeff<\/p>\n\n\n\n<figure class=\"wp-block-image\" id=\"block-d6916f7b-8048-4859-8248-2d07361c975e\"><img decoding=\"async\" src=\"http:\/\/rafalk-elblag.pl\/wp-content\/uploads\/2020\/04\/baner-intencje-mszy.jpg\" alt=\"Obrazek posiada pusty atrybut alt; plik o nazwie baner-intencje-mszy.jpg\"\/><\/figure>\n\n\n\n<h1 class=\"wp-block-heading\" id=\"block-015172e7-4e61-4b27-a5aa-5aa5824827b8\">Intencje mszalne 12.11.2023 r.<\/h1>\n\n\n\n<p><strong>PONIEDZIA\u0141EK \/ 13 listopada 2023 \/<br>\u015bw. Benedytka, Jana, Matusza, Izaaka i Krystyna<\/strong> \/ \u0141k 17,1-6<br>8.00 \u015bp. W\u0142odzimierz Kowalski (w 3 rocznic\u0119 \u015bmierci)<br>18.00 Msza \u015bw. zbiorowa za zmar\u0142ych<\/p>\n\n\n\n<p><strong>WTOREK \/ 14 listopada 2023 <\/strong>\/ \u0141k 17,7-10<br>8.00 \u015bp. Stanis\u0142aw D\u017cugan (w 1 rocznic\u0119 \u015bmierci)<br>18.00 Msza \u015bw. zbiorowa za zmar\u0142ych<\/p>\n\n\n\n<p><strong>\u015aRODA \/ 15 listopada 2023<\/strong> \/ \u0141k 17,11-19<br>8.00 Za dusze w czy\u015b\u0107cu cierpi\u0105ce<br>18.00 \u015bp. Stefania [k] Sakowska (3 rocznica \u015bmierci)<br>18.00 Msza \u015bw. zbiorowa za zmar\u0142ych<\/p>\n\n\n\n<p><strong>CZWARTEK \/ 16 listopada 2023 <\/strong>\/ \u0141k 17,20-25<br>8.00 \u015bp. Bogus\u0142aw Jakubowski (w 3 miesi\u0105c po pogrzebie)<br>18.00 W intencji Rodziny Szkaplerznej oraz os\u00f3b przyjmuj\u0105cych Szkaplerz<br>18.00 Msza \u015bw. zbiorowa za zmar\u0142ych<\/p>\n\n\n\n<p><strong>PI\u0104TEK \/ 17 listopada 2023<\/strong> \/ Uroczysto\u015b\u0107 po\u015bwi\u0119cenia ko\u015bcio\u0142a<br>8.00 \u015bp. Mieczys\u0142aw Pellowski (w 3 miesi\u0105c po pogrzebie)<br>18.00 \u015bp. Leszek Bielski (w 1 rocznic\u0105 \u015bmierci)<br>18.00 Msza \u015bw. zbiorowa za zmar\u0142ych<\/p>\n\n\n\n<p><strong>SOBOTA \/ 18 listopada 2023<\/strong> <strong>\/ b\u0142. Karoliny K\u00f3zk\u00f3wny<\/strong> \/ \u0141k 18,1-8<br>8.00 \u015bp. Kazimierz Polasik (w 2 rocznic\u0119 \u015bmierci \u2013 intencja od VI R\u00f3\u017cy)<br>8.00 \u015bp. Anna Ko\u0142ecka (w 30 dzie\u0144 po pogrzebie)<br>18.00 W dniu imienin Karoliny, z pro\u015bb\u0105 o \u0142ask\u0119 wiary, nadziei i mi\u0142o\u015bci<br>18.00 Msza \u015bw. zbiorowa za zmar\u0142ych<\/p>\n\n\n\n<p><strong>XXXIII NIEDZIELA ZWYK\u0141A \/ 19 listopada 2023<\/strong> \/ Mt 25,14-30<br>8.00 \u015bp. Kazimierz Polasik (w 2 rocznic\u0119 \u015bmierci) i zmarli z rodziny<br>10.00 Dzi\u0119kczynna z okazji 18 urodzin Patryka, z pro\u015bb\u0105 o Bo\u017ce b\u0142., potrzebne \u0142aski i dary Ducha \u015awi\u0119tego w doros\u0142ym \u017cyciu<br>12.00 W intencji Parafian<br>15.00 \u015bp. Leszek Szlendak (w 10 rocznic\u0119 \u015bmierci)<br>18.00 W intencji os\u00f3b podejmuj\u0105cych obron\u0119 \u017cycia poprzez Dzie\u0142o Duchowej Adopcji oraz os\u00f3b krzewi\u0105cych to dzie\u0142o<br>18.00 Msza \u015bw. zbiorowa za zmar\u0142ych<\/p>\n","protected":false},"excerpt":{"rendered":"<p>Og\u0142oszenia parafialne \ufeff Intencje mszalne 12.11.2023 r. PONIEDZIA\u0141EK \/ 13 listopada 2023 \/\u015bw. Benedytka, Jana, Matusza, Izaaka i Krystyna \/ \u0141k 17,1-68.00 \u015bp. W\u0142odzimierz Kowalski (w 3 rocznic\u0119 \u015bmierci)18.00 Msza \u015bw. zbiorowa za zmar\u0142ych WTOREK \/ 14 listopada 2023 \/ \u0141k 17,7-108.00 \u015bp. Stanis\u0142aw D\u017cugan (w 1 rocznic\u0119 \u015bmierci)18.00 Msza \u015bw. zbiorowa za zmar\u0142ych \u015aRODA [&hellip;]<\/p>\n","protected":false},"author":1,"featured_media":5312,"comment_status":"closed","ping_status":"closed","sticky":false,"template":"","format":"standard","meta":{"ngg_post_thumbnail":0,"footnotes":""},"categories":[11,8,4,3],"tags":[],"class_list":["post-5310","post","type-post","status-publish","format-standard","has-post-thumbnail","hentry","category-aktualnosci","category-blog","category-intencje","category-ogloszenia"],"_links":{"self":[{"href":"https:\/\/rafalk-elblag.pl\/index.php?rest_route=\/wp\/v2\/posts\/5310","targetHints":{"allow":["GET"]}}],"collection":[{"href":"https:\/\/rafalk-elblag.pl\/index.php?rest_route=\/wp\/v2\/posts"}],"about":[{"href":"https:\/\/rafalk-elblag.pl\/index.php?rest_route=\/wp\/v2\/types\/post"}],"author":[{"embeddable":true,"href":"https:\/\/rafalk-elblag.pl\/index.php?rest_route=\/wp\/v2\/users\/1"}],"replies":[{"embeddable":true,"href":"https:\/\/rafalk-elblag.pl\/index.php?rest_route=%2Fwp%2Fv2%2Fcomments&post=5310"}],"version-history":[{"count":3,"href":"https:\/\/rafalk-elblag.pl\/index.php?rest_route=\/wp\/v2\/posts\/5310\/revisions"}],"predecessor-version":[{"id":5325,"href":"https:\/\/rafalk-elblag.pl\/index.php?rest_route=\/wp\/v2\/posts\/5310\/revisions\/5325"}],"wp:featuredmedia":[{"embeddable":true,"href":"https:\/\/rafalk-elblag.pl\/index.php?rest_route=\/wp\/v2\/media\/5312"}],"wp:attachment":[{"href":"https:\/\/rafalk-elblag.pl\/index.php?rest_route=%2Fwp%2Fv2%2Fmedia&parent=5310"}],"wp:term":[{"taxonomy":"category","embeddable":true,"href":"https:\/\/rafalk-elblag.pl\/index.php?rest_route=%2Fwp%2Fv2%2Fcategories&post=5310"},{"taxonomy":"post_tag","embeddable":true,"href":"https:\/\/rafalk-elblag.pl\/index.php?rest_route=%2Fwp%2Fv2%2Ftags&post=5310"}],"curies":[{"name":"wp","href":"https:\/\/api.w.org\/{rel}","templated":true}]}}