{"id":5306,"date":"2023-11-04T15:30:29","date_gmt":"2023-11-04T15:30:29","guid":{"rendered":"http:\/\/rafalk-elblag.pl\/?p=5306"},"modified":"2023-11-04T15:30:29","modified_gmt":"2023-11-04T15:30:29","slug":"5-11-2023-r-xxxi-niedziela-zwykla","status":"publish","type":"post","link":"https:\/\/rafalk-elblag.pl\/?p=5306","title":{"rendered":"5.11.2023 r. XXXI Niedziela Zwyk\u0142a"},"content":{"rendered":"\n<h1 class=\"wp-block-heading\" id=\"block-3f32f9df-907d-4471-9901-26d53ab80b75\">Og\u0142oszenia parafialne<\/h1>\n\n\n\n<ol class=\"wp-block-list\" type=\"1\" id=\"block-6933784b-d104-44b7-8826-5b59fba1a464\">\n<li><strong>Dzisiaj indywidualna Adoracja Naj\u015bwi\u0119tszego Sakramentu od godz. 16:00 do godz. 18:00. <\/strong><em>Znajd\u017a czas, aby by\u0107 sam na sam z Twoim Panem.<\/em><\/li>\n\n\n\n<li>W pierwsze niedziele miesi\u0105ca ofiary z\u0142o\u017cone na tac\u0119 przeznaczone s\u0105 na inwestycje parafialne. Obecnie sp\u0142acamy wykonane prace w naszym ko\u015bciele \u2013 malowanie. <em>B\u00f3g zap\u0142a\u0107 za sk\u0142adane ofiary <\/em><em>oraz te przelane na konto parafialne.<\/em><\/li>\n\n\n\n<li><strong>W listopadzie w spos\u00f3b szczeg\u00f3lny pochylamy si\u0119 nad mogi\u0142ami, w kt\u00f3rych spoczywaj\u0105 nasi bliscy. Najg\u0142\u0119bszym wyrazem naszej mi\u0142o\u015bci jest nasza modlitwa za nich. Dlatego zapraszamy do wsp\u00f3lnej modlitwy za zmar\u0142ych codziennie o godz. 18:00 na Mszy \u015bw. zbiorowej a bezpo\u015brednio po niej na WYPOMINKI po\u0142\u0105czone z Koronk\u0105 do Mi\u0142osierdzia Bo\u017cego.<\/strong><\/li>\n\n\n\n<li>Dzieci wraz z rodzicami lub opiekunami zapraszamy na modlitw\u0119 za zmar\u0142ych 7 i 14 listopada (wtorek) na godz. 16:30. Prosimy, aby dzieci przynios\u0142y ze sob\u0105 znicze<a>.<\/a><\/li>\n\n\n\n<li>W \u015brod\u0119 8 listopada br. zapraszamy wszystkich ch\u0119tnych na spotkanie <strong>Kr\u0119gu Biblijnego<\/strong> po Mszy \u015bw. wieczornej \u2013 oko\u0142o godz. 18.45.<\/li>\n\n\n\n<li><strong>W sobot\u0119 (11 listopada), Msza \u015bw. o godz. 11:00, w 105 rocznic\u0119 odzyskania przez Polsk\u0119 niepodleg\u0142o\u015bci. <\/strong>Dzi\u0119kowa\u0107 b\u0119dziemy za dar wolno\u015bci i prosi\u0107 o dary Ducha \u015awi\u0119tego dla wszystkich odpowiedzialnych za losy Polskiego Narodu.&nbsp; Szczeg\u00f3lnie prosi\u0107 b\u0119dziemy o jedno\u015b\u0107 i zgod\u0119 w naszej Ojczy\u017anie oraz o pok\u00f3j na \u015bwiecie.<em> Zapraszamy do wsp\u00f3lnej modlitwy.<\/em><\/li>\n\n\n\n<li>Od <strong>11 do 19 listopada<\/strong> b\u0119dzie trwa\u0142a Nowenna do \u015bw. Rafa\u0142a Kalinowskiego, przygotowuj\u0105ca nas duchowo do<strong> ODPUSTU PARAFIALNEGO. <\/strong><em><u>Nowenn\u0119 b\u0119dziemy odmawia\u0107 na zako\u0144czenie Mszy \u015bw. Zapraszamy do wsp\u00f3lnej modlitwy.<\/u><\/em><\/li>\n\n\n\n<li>Najpi\u0119kniejsz\u0105 modlitw\u0105 Ko\u015bcio\u0142a jest Msza \u015bwi\u0119ta, kt\u00f3r\u0105 mo\u017cna zamawia\u0107 za \u017cywych<br>i umar\u0142ych lub ofiarowa\u0107 jako wspania\u0142y chrze\u015bcija\u0144ski prezent z okazji rocznicy \u015blubu, chrztu, urodzin i imienin prosz\u0105c o \u0142aski lub za nie dzi\u0119kuj\u0105c. <em>Mo\u017cna zamawia\u0107 i rezerwowa\u0107 Msze \u015bw. na rok 2024.<\/em><\/li>\n\n\n\n<li>Przypominamy o funkcjonowaniu przy <strong>CARITAS DIECEZJI ELBL\u0104SKIEJ SPECJALISTYCZNEJ PORADNI RODZINNEJ (NON PROFIT).<\/strong> Poradnia rodzinna dzia\u0142aj\u0105ca przy CARITAS (ul. Zamkowa 17) zapewnia wsparcie pedagogiczne, psychologiczne i duchowe dzieciom, m\u0142odzie\u017cy, doros\u0142ym i rodzinom. Poradnia dzia\u0142a na zasadzie kr\u00f3tkofalowego wsparcia, edukacji i udzielania porad oraz informacji. Poradnia czynna jest w \u015brody\u00a0w godz. 15:00-17:00 tel. 668 541\u00a0102 <em>Spotkania umawiane s\u0105 po wcze\u015bniejszej\u00a0konsultacji telefonicznej.<\/em><\/li>\n\n\n\n<li>Za tydzie\u0144 12 listopada br. podczas Mszy \u015bw. swoje \u015bwiadectwo g\u0142osi\u0107 b\u0119d\u0105 Siostry ze ZGROMADZENIA SI\u00d3STR \u015aWI\u0118TEGO J\u00d3ZEFA czyli <strong>J\u00d3ZEFITKI<\/strong>. Z\u0142o\u017cone w tym dniu ofiary do puszek przeznaczone b\u0119d\u0105 na potrzeby zgromadzenia.<em> <u>Dzi\u0119kuj\u0119 za zrozumienie i wsparcie.<\/u><\/em><\/li>\n\n\n\n<li>Zach\u0119camy do nabywania nowego numeru \u201eGo\u015bcia Niedzielnego\u201d z dodatkiem \u201eGo\u015b\u0107 Elbl\u0105ski\u201d oraz Kalendarz Maryjny na 2024 w cenie 15 z\u0142.\u00a0<\/li>\n\n\n\n<li>Pan powo\u0142a\u0142 do wieczno\u015bci: \u015bp. Jana ZA\u0141UCKIEGO lat 72 z ul. Brzechwy. <em>Wieczny odpoczynek racz mu da\u0107 Panie\u2026<\/em><\/li>\n<\/ol>\n\n\n\n<p id=\"block-b1c87051-ac83-4c14-a9fd-8d3d184f9906\">\ufeff<\/p>\n\n\n\n<figure class=\"wp-block-image\" id=\"block-d6916f7b-8048-4859-8248-2d07361c975e\"><img decoding=\"async\" src=\"http:\/\/rafalk-elblag.pl\/wp-content\/uploads\/2020\/04\/baner-intencje-mszy.jpg\" alt=\"Obrazek posiada pusty atrybut alt; plik o nazwie baner-intencje-mszy.jpg\"\/><\/figure>\n\n\n\n<h1 class=\"wp-block-heading\" id=\"block-015172e7-4e61-4b27-a5aa-5aa5824827b8\">Intencje mszalne 5.11.2023 r.<\/h1>\n\n\n\n<p><strong>PONIEDZIA\u0141EK \/ 6 listopada 2023<\/strong> \/ \u0141k 14,12-14<br>8.00 \u015bp. Stanis\u0142aw Bugajski (intencja od brata J\u00f3zefa z rodzin\u0105)<br>18.00 \u015bp. Krystyna Kondrat (w 6 rocznic\u0119 \u015bmierci) oraz Witold i Zofia Huszczo<br>18.00 Msza \u015bw. zbiorowa za zmar\u0142ych<\/p>\n\n\n\n<p><strong>WTOREK \/ 7 listopada 2023<\/strong> \/ \u0141k 14,15-24<br>8.00 \u015bp. Helena Dudka (w 30 dzie\u0144 po pogrzebie)<br>18.00 \u015bp. W\u0142adys\u0142aw Bajson (41 rocznica \u015bmierci) i zmarli z rodziny<br>18.00 Msza \u015bw. zbiorowa za zmar\u0142ych<\/p>\n\n\n\n<p><strong>\u015aRODA \/ 8 listopada 2023<\/strong> \/ \u0141k 14,25-33<br>8.00 \u015bp. rodzice: Stefania [k] i W\u0142adys\u0142aw, brat Tadeusz i rodzice z obojga stron<br>18.00 \u015bp. Marek Malinowski (w 30 rocznic\u0119 \u015bmierci)<br>18.00 Msza \u015bw. zbiorowa za zmar\u0142ych<\/p>\n\n\n\n<p><strong>CZWARTEK \/ 9 listopada 2023<\/strong> \/ \u015awi\u0119to Po\u015bwi\u0119cenia Bazyliki Latera\u0144skiej \/<br>J 2,13-22<br>8.00 Dzi\u0119kczynna w dniu urodzin ks. Mateusza Ka\u017amierczaka z pro\u015bb\u0105 o Bo\u017ce b\u0142. i potrzebne \u0142aski w codziennym \u017cyciu<br>18.00 Dzi\u0119kczynna w 50 urodziny Izabeli Sielewicz, z pro\u015bb\u0105 o dalsz\u0105 opiek\u0119 Matki Bo\u017cej Szkaplerznej<br>18.00 Msza \u015bw. zbiorowa za zmar\u0142ych<\/p>\n\n\n\n<p><strong>PI\u0104TEK \/ 10 listopada 2023<\/strong> \/ \u015bw. Leona Wielkiego \/ \u0141k 16,1-8<br>8.00 Dzi\u0119kczynna z okazji urodzin ks. Mateusza z pro\u015bb\u0105 o Bo\u017ce b\u0142., dary Ducha \u015awi\u0119tego i opiek\u0119 Matki Bo\u017cej Szkaplerznej (intencja od Margaretki)<br>18.00 Msza \u015bw. zbiorowa za zmar\u0142ych<\/p>\n\n\n\n<p><strong>SOBOTA \/ 11 listopada 2023<\/strong> \/ \u015bw. Marcina z Tours \/ \u0141k 16,9-15<br>8.00 Za Klaudi\u0119 w dniu urodzin, z pro\u015bb\u0105 o Bo\u017ce b\u0142. i dary Ducha \u015awi\u0119tego<br>11.00 W intencji Ojczyzny<br>18.00 Msza \u015bw. zbiorowa za zmar\u0142ych<\/p>\n\n\n\n<p><strong>XXXII NIEDZIELA ZWYK\u0141A \/ 12 listopada 2023<\/strong> \/ Mt 25,1-13<br>8.00 \u015bp. Anastazja, Bernard, Andrzej Huszcza, Emilia i Feliks Songin (w kolejn\u0105 rocznic\u0119 \u015bmierci)<br>10.00 O \u017cywe dzia\u0142anie Ducha \u015awi\u0119tego w codzienno\u015bci dla Nikodema i jego rodziny, Agnieszki i ca\u0142ej rodziny zakonnej oraz Magdaleny i jej rodziny<br>12.00 W intencji Parafian<br>15.00 \u015bp. Kazimierz Kaczor (w 11 rocznic\u0119 \u015bmierci)<br>18.00 Msza \u015bw. zbiorowa za zmar\u0142ych<\/p>\n","protected":false},"excerpt":{"rendered":"<p>Og\u0142oszenia parafialne \ufeff Intencje mszalne 5.11.2023 r. PONIEDZIA\u0141EK \/ 6 listopada 2023 \/ \u0141k 14,12-148.00 \u015bp. Stanis\u0142aw Bugajski (intencja od brata J\u00f3zefa z rodzin\u0105)18.00 \u015bp. Krystyna Kondrat (w 6 rocznic\u0119 \u015bmierci) oraz Witold i Zofia Huszczo18.00 Msza \u015bw. zbiorowa za zmar\u0142ych WTOREK \/ 7 listopada 2023 \/ \u0141k 14,15-248.00 \u015bp. Helena Dudka (w 30 dzie\u0144 [&hellip;]<\/p>\n","protected":false},"author":1,"featured_media":5307,"comment_status":"closed","ping_status":"closed","sticky":false,"template":"","format":"standard","meta":{"ngg_post_thumbnail":0,"footnotes":""},"categories":[11,8,4,3],"tags":[],"class_list":["post-5306","post","type-post","status-publish","format-standard","has-post-thumbnail","hentry","category-aktualnosci","category-blog","category-intencje","category-ogloszenia"],"_links":{"self":[{"href":"https:\/\/rafalk-elblag.pl\/index.php?rest_route=\/wp\/v2\/posts\/5306","targetHints":{"allow":["GET"]}}],"collection":[{"href":"https:\/\/rafalk-elblag.pl\/index.php?rest_route=\/wp\/v2\/posts"}],"about":[{"href":"https:\/\/rafalk-elblag.pl\/index.php?rest_route=\/wp\/v2\/types\/post"}],"author":[{"embeddable":true,"href":"https:\/\/rafalk-elblag.pl\/index.php?rest_route=\/wp\/v2\/users\/1"}],"replies":[{"embeddable":true,"href":"https:\/\/rafalk-elblag.pl\/index.php?rest_route=%2Fwp%2Fv2%2Fcomments&post=5306"}],"version-history":[{"count":2,"href":"https:\/\/rafalk-elblag.pl\/index.php?rest_route=\/wp\/v2\/posts\/5306\/revisions"}],"predecessor-version":[{"id":5311,"href":"https:\/\/rafalk-elblag.pl\/index.php?rest_route=\/wp\/v2\/posts\/5306\/revisions\/5311"}],"wp:featuredmedia":[{"embeddable":true,"href":"https:\/\/rafalk-elblag.pl\/index.php?rest_route=\/wp\/v2\/media\/5307"}],"wp:attachment":[{"href":"https:\/\/rafalk-elblag.pl\/index.php?rest_route=%2Fwp%2Fv2%2Fmedia&parent=5306"}],"wp:term":[{"taxonomy":"category","embeddable":true,"href":"https:\/\/rafalk-elblag.pl\/index.php?rest_route=%2Fwp%2Fv2%2Fcategories&post=5306"},{"taxonomy":"post_tag","embeddable":true,"href":"https:\/\/rafalk-elblag.pl\/index.php?rest_route=%2Fwp%2Fv2%2Ftags&post=5306"}],"curies":[{"name":"wp","href":"https:\/\/api.w.org\/{rel}","templated":true}]}}