{"id":5300,"date":"2023-10-30T19:11:22","date_gmt":"2023-10-30T19:11:22","guid":{"rendered":"https:\/\/rafalk-elblag.pl\/?p=5300"},"modified":"2023-12-04T19:37:49","modified_gmt":"2023-12-04T19:37:49","slug":"koncert-uwielbienia-zaproszenie","status":"publish","type":"post","link":"https:\/\/rafalk-elblag.pl\/?p=5300","title":{"rendered":"Koncert uwielbienia &#8211; galeria zdj\u0119\u0107"},"content":{"rendered":"\n<p>W ramach obchod\u00f3w Jubileuszu 30-lecia powstania naszej parafii, w pi\u0105tek 17 listopada, w naszym ko\u015bciele odby\u0142 si\u0119 Koncert Uwielbienia, kt\u00f3ry poprowadzi\u0142 zesp\u00f3\u0142 <strong>Jak Najbardziej &#8211; B\u00f3g jest dobry!<\/strong> z Radomia.<\/p>\n\n\n\n<p>By\u0142 to czas <strong>uwielbienia Boga za dar naszej wsp\u00f3lnoty parafialnej<\/strong>, za ka\u017cdego parafianina i duszpasterza, <strong>za ka\u017cd\u0105 rodzin\u0119, za osoby starsze, m\u0142odych, dzieci; za 30 lat ewangelizacji i prowadzenia do Boga<\/strong>, za  wszystkie dzie\u0142a, jakie dokonywa\u0142y si\u0119 przez te 30 lat w naszej parafii &#8211; nade wszystko <strong>za budowanie Ko\u015bcio\u0142a tego widzialnego i tego duchowego<\/strong>.<\/p>\n\n\n\n<p>Poni\u017cej galeria zdj\u0119\u0107 z wydarzenia. Zdj\u0119cia: \u0141ukasz Siano\u017c\u0119cki (FOTOGO\u015a\u0106)<\/p>\n\n\n\nngg_shortcode_0_placeholder\n","protected":false},"excerpt":{"rendered":"<p>W ramach obchod\u00f3w Jubileuszu 30-lecia powstania naszej parafii, w pi\u0105tek 17 listopada, w naszym ko\u015bciele odby\u0142 si\u0119 Koncert Uwielbienia, kt\u00f3ry poprowadzi\u0142 zesp\u00f3\u0142 Jak Najbardziej &#8211; B\u00f3g jest dobry! z Radomia. By\u0142 to czas uwielbienia Boga za dar naszej wsp\u00f3lnoty parafialnej, za ka\u017cdego parafianina i duszpasterza, za ka\u017cd\u0105 rodzin\u0119, za osoby starsze, m\u0142odych, dzieci; za 30 [&hellip;]<\/p>\n","protected":false},"author":1,"featured_media":5330,"comment_status":"closed","ping_status":"closed","sticky":false,"template":"","format":"standard","meta":{"ngg_post_thumbnail":0,"footnotes":""},"categories":[1],"tags":[],"class_list":["post-5300","post","type-post","status-publish","format-standard","has-post-thumbnail","hentry","category-uncategorized"],"_links":{"self":[{"href":"https:\/\/rafalk-elblag.pl\/index.php?rest_route=\/wp\/v2\/posts\/5300","targetHints":{"allow":["GET"]}}],"collection":[{"href":"https:\/\/rafalk-elblag.pl\/index.php?rest_route=\/wp\/v2\/posts"}],"about":[{"href":"https:\/\/rafalk-elblag.pl\/index.php?rest_route=\/wp\/v2\/types\/post"}],"author":[{"embeddable":true,"href":"https:\/\/rafalk-elblag.pl\/index.php?rest_route=\/wp\/v2\/users\/1"}],"replies":[{"embeddable":true,"href":"https:\/\/rafalk-elblag.pl\/index.php?rest_route=%2Fwp%2Fv2%2Fcomments&post=5300"}],"version-history":[{"count":4,"href":"https:\/\/rafalk-elblag.pl\/index.php?rest_route=\/wp\/v2\/posts\/5300\/revisions"}],"predecessor-version":[{"id":5347,"href":"https:\/\/rafalk-elblag.pl\/index.php?rest_route=\/wp\/v2\/posts\/5300\/revisions\/5347"}],"wp:featuredmedia":[{"embeddable":true,"href":"https:\/\/rafalk-elblag.pl\/index.php?rest_route=\/wp\/v2\/media\/5330"}],"wp:attachment":[{"href":"https:\/\/rafalk-elblag.pl\/index.php?rest_route=%2Fwp%2Fv2%2Fmedia&parent=5300"}],"wp:term":[{"taxonomy":"category","embeddable":true,"href":"https:\/\/rafalk-elblag.pl\/index.php?rest_route=%2Fwp%2Fv2%2Fcategories&post=5300"},{"taxonomy":"post_tag","embeddable":true,"href":"https:\/\/rafalk-elblag.pl\/index.php?rest_route=%2Fwp%2Fv2%2Ftags&post=5300"}],"curies":[{"name":"wp","href":"https:\/\/api.w.org\/{rel}","templated":true}]}}