{"id":5285,"date":"2023-10-28T20:22:20","date_gmt":"2023-10-28T20:22:20","guid":{"rendered":"https:\/\/rafalk-elblag.pl\/?p=5285"},"modified":"2023-10-28T20:22:20","modified_gmt":"2023-10-28T20:22:20","slug":"29-10-2023r-xxx-niedziela-zwykla","status":"publish","type":"post","link":"https:\/\/rafalk-elblag.pl\/?p=5285","title":{"rendered":"29.10.2023r. XXX Niedziela Zwyk\u0142a"},"content":{"rendered":"\n<p><strong>Czy\u015bciec i modlitwa za zmar\u0142ych<\/strong><\/p>\n\n\n\n<p>Czy\u015bciec, podobnie jak Niebo i piek\u0142o, jest rzeczywisto\u015bci\u0105 po\u015bmiertn\u0105: definiowany jest jako stan kary doczesnej po \u015bmierci, przy czym w&nbsp;tym kontek\u015bcie \u201edoczesny\u201d rozumie si\u0119 jako \u201emaj\u0105cy koniec\u201d. Po przej\u015bciu czy\u015b\u0107ca dusza ludzka trafia do Nieba, nie ma za\u015b mo\u017cliwo\u015bci pot\u0119pienia si\u0119 na wieki. Tak wi\u0119c dusza przebywaj\u0105ca w&nbsp;czy\u015b\u0107cu jest ju\u017c pewna zbawienia, kt\u00f3rego pe\u0142ni oczekuje, zado\u015b\u0107 czyni\u0105c Boskiej Sprawiedliwo\u015bci za nieodpokutowane jeszcze grzechy.<\/p>\n\n\n\n<p>Czy\u015bciec nie jest miejscem takim, jakie znamy z&nbsp;naszego \u017cyciowego do\u015bwiadczenia, kt\u00f3re mia\u0142oby okre\u015blone rozmiary, gdy\u017c wieczno\u015b\u0107 jest poza czasem i&nbsp;przestrzeni\u0105 fizykaln\u0105. Czy\u015bciec jest stanem duszy, kt\u00f3ra poznawszy Boga, sama z&nbsp;siebie cierpi, widz\u0105c, jak jest niegodn\u0105 Boga, cho\u0107 r\u00f3wnocze\u015bnie pragnie Go kocha\u0107 przez ca\u0142\u0105 wieczno\u015b\u0107. Cierpienie to bierze si\u0119 ze \u015bwiadomo\u015bci i&nbsp;poznania, jak wiele \u0142ask cz\u0142owiek za \u017cycia doczesnego zmarnowa\u0142, jak oporny by\u0142 wobec Boskich natchnie\u0144. Niemniej te cierpienia znacz\u0105co r\u00f3\u017cni\u0105 si\u0119 od m\u0105k piekielnych, gdy\u017c cz\u0142owiek przyjmuje je ochotnie, bez szemrania, bo chce sta\u0107 si\u0119 godnym Boga i&nbsp;chce Bogu wynagrodzi\u0107 wszystkie zniewagi wyrz\u0105dzone za \u017cycia.<\/p>\n\n\n\n<p>Czy\u015bciec istnieje, aby cz\u0142owiek nie musia\u0142 by\u0107 pot\u0119piony. Stworzenie przebywaj\u0105ce z&nbsp;Bogiem nie mo\u017ce mie\u0107 nawet cienia grzechu czy niedoskona\u0142o\u015bci: gdyby wi\u0119c nie by\u0142o czy\u015b\u0107ca, to cz\u0142owiek staj\u0105c na s\u0105dzie Bo\u017cym i&nbsp;widz\u0105c swoj\u0105 niedoskona\u0142o\u015b\u0107, m\u00f3g\u0142by jedynie rzuci\u0107 si\u0119 w&nbsp;ogie\u0144 piekielny. B\u00f3g jednak w&nbsp;swoim Mi\u0142osierdziu daje nam mo\u017cliwo\u015b\u0107 oczyszczenia ze skutk\u00f3w grzechu, by\u015bmy mogli stan\u0105\u0107 przed Nim w&nbsp;stanie doskona\u0142o\u015bci. Tak wi\u0119c czy\u015bciec jest przyk\u0142adem, jak Pan B\u00f3g doskonale i&nbsp;istotowo \u0142\u0105czy w&nbsp;sobie doskona\u0142\u0105 Sprawiedliwo\u015b\u0107 z&nbsp;doskona\u0142ym Mi\u0142osierdziem.<\/p>\n\n\n\n<p>Dusze czy\u015b\u0107cowe nale\u017c\u0105 do Ko\u015bcio\u0142a cierpi\u0105cego, st\u0105d te\u017c my mo\u017cemy (a&nbsp;nawet powinni\u015bmy, gdy\u017c jest to uczynek mi\u0142osierdzia wzgl\u0119dem duszy) modli\u0107 si\u0119 za nie. O&nbsp;ile prawd\u0105 wiary jest, \u017ce osoby przebywaj\u0105ce w&nbsp;czy\u015b\u0107cu nie mog\u0105 modli\u0107 si\u0119 za siebie, o&nbsp;tyle prawd\u0105 jest r\u00f3wnie\u017c to, \u017ce nasze modlitwy, uczynki pokutne czy dobre uczynki spe\u0142niane z&nbsp;mi\u0142o\u015bci do Boga i&nbsp;bli\u017aniego mog\u0105 by\u0107 przez nas ofiarowane na spos\u00f3b wstawiennictwa tym\u017ce osobom dla wynagrodzenia Bogu za ich grzechy i&nbsp;w&nbsp;konsekwencji dla skr\u00f3cenia im m\u0105k czy\u015b\u0107cowych. Najwi\u0119ksz\u0105 pomoc\u0105 dla dusz w&nbsp;czy\u015b\u0107cu cierpi\u0105cych jest oczywi\u015bcie Naj\u015bwi\u0119tsza Ofiara Mszy \u015awi\u0119tej, gdy\u017c przez ni\u0105 udzielane s\u0105 zas\u0142ugi i&nbsp;zado\u015b\u0107uczynienia, kt\u00f3re wys\u0142u\u017cy\u0142 na krzy\u017cu sam Syn Bo\u017cy. Za dusze w&nbsp;czy\u015b\u0107cu cierpi\u0105ce mo\u017cna ofiarowa\u0107 tak\u017ce odpusty dane przez Ko\u015bci\u00f3\u0142.<\/p>\n\n\n\n<p>Czy\u015bciec \u2013 jak podkre\u015blaj\u0105 \u015bwi\u0119ci \u2013 jest zwi\u0105zany z&nbsp;cierpieniem daleko bardziej przewy\u017cszaj\u0105cym najwi\u0119ksze nawet cierpienia tej ziemi. Najwi\u0119kszym cierpieniem czy\u015b\u0107ca jest t\u0119sknota za Bogiem, kt\u00f3rego wspania\u0142o\u015b\u0107 cz\u0142owiek pozna\u0142 w&nbsp;momencie \u015bmierci, a&nbsp;z&nbsp;kt\u00f3rym nie mo\u017ce przebywa\u0107 z&nbsp;powodu swoich grzech\u00f3w. Jednak\u017ce pewno\u015b\u0107 przysz\u0142ego zobaczenia Boga sprawia, \u017ce cz\u0142owiek nie popada w&nbsp;rozpacz (jak w przypadku dusz pot\u0119pionych w piekle), ale cierpliwie znosi t\u0119 m\u0119k\u0119. Ta cierpliwo\u015b\u0107 nie sprawia jednak, \u017ce cierpienie znika, dlatego \u015bwi\u0119ci woleli tutaj, na ziemi, cierpie\u0107 najwi\u0119ksze udr\u0119ki, ni\u017c \u017ceby cho\u0107 przez chwil\u0119 do\u015bwiadczy\u0107 czy\u015b\u0107ca. Jest zatem mo\u017cliwe unikni\u0119cie tego stanu, ale warunkiem jest odpokutowanie wszystkich grzech\u00f3w na tej ziemi. Sposoby, kt\u00f3re mo\u017cemy stosowa\u0107, by wynagrodzi\u0107 Bogu za nasze grzechy, s\u0105 nast\u0119puj\u0105ce:<\/p>\n\n\n\n<ul class=\"wp-block-list\">\n<li>zyskiwanie odpust\u00f3w i&nbsp;ofiarowywanie za samych siebie;<\/li>\n\n\n\n<li>zamawianie Mszy \u015awi\u0119tych wynagradzaj\u0105cych za swoje grzechy;<\/li>\n\n\n\n<li>przyjmowanie Komunii \u015awi\u0119tej wynagradzaj\u0105cej za grzechy;<\/li>\n\n\n\n<li>przyjmowanie bez szemrania wszystkich cierpie\u0144 i&nbsp;trudno\u015bci w&nbsp;duchu zado\u015b\u0107uczynienia;<\/li>\n\n\n\n<li>modlitwa i&nbsp;przyjmowanie woli Bo\u017cej.<\/li>\n<\/ul>\n\n\n\n<p>Powy\u017csze praktyki mo\u017cna podejmowa\u0107 ofiaruj\u0105c za siebie lub za dusze w czy\u015b\u0107cu cierpi\u0105ce: nie jest bowiem wol\u0105 Bo\u017c\u0105, by ludzie do\u015bwiadczali tej oczyszczaj\u0105cej co prawda, ale jak\u017ce bolesnej rzeczywisto\u015bci. \u015awi\u0119ta Siostra Faustyna zapisa\u0142a w&nbsp;<em>Dzienniczku<\/em>&nbsp;takie wydarzenie:&nbsp;<em>Ujrza\u0142am Anio\u0142a Str\u00f3\u017ca, kt\u00f3ry mi kaza\u0142 p\u00f3j\u015b\u0107 za sob\u0105. W&nbsp;jednej chwili znalaz\u0142am si\u0119 w&nbsp;miejscu mglistym, nape\u0142nionym ogniem, a&nbsp;w&nbsp;nim ca\u0142e mn\u00f3stwo dusz cierpi\u0105cych. Te dusze modl\u0105 si\u0119 bardzo gor\u0105co, ale bez skutku dla siebie, my tylko mo\u017cemy im przyj\u015b\u0107 z&nbsp;pomoc\u0105&nbsp;<\/em>(\u2026)<em>. Widzia\u0142am Matk\u0119 Bo\u017c\u0105 odwiedzaj\u0105c\u0105 dusze w&nbsp;czy\u015b\u0107cu. Dusze nazywaj\u0105 Maryj\u0119 \u201eGwiazd\u0105 Morza\u201d. Ona im przynosi och\u0142od\u0119. Chcia\u0142am wi\u0119cej z&nbsp;nimi porozmawia\u0107, ale m\u00f3j Anio\u0142 Str\u00f3\u017c da\u0142 mi znak do wyj\u015bcia. Wyszli\u015bmy za drzwi tego wi\u0119zienia cierpi\u0105cego. Us\u0142ysza\u0142am g\u0142os wewn\u0119trzny, kt\u00f3ry powiedzia\u0142:<\/em>&nbsp;<em>\u201eMi\u0142osierdzie moje nie chce tego, ale sprawiedliwo\u015b\u0107 ka\u017ce<\/em>\u201d (Dz. 20).<\/p>\n\n\n\n<h1 class=\"wp-block-heading\" id=\"block-3f32f9df-907d-4471-9901-26d53ab80b75\">Og\u0142oszenia parafialne<\/h1>\n\n\n\n<ol class=\"wp-block-list\" type=\"1\" id=\"block-6933784b-d104-44b7-8826-5b59fba1a464\">\n<li><strong>PA\u0179DZIERNIK TO MIESI\u0104C R\u00d3\u017bA\u0143CA \u015aWI\u0118TEGO.<\/strong> Zapraszamy na ostanie nabo\u017ce\u0144stwa z&nbsp; wystawieniem Naj\u015bwi\u0119tszego Sakramentu doros\u0142ych i m\u0142odzie\u017c <strong>o godz. 17:15<\/strong> <strong><\/strong><\/li>\n\n\n\n<li><strong>Dzisiaj kleryk Amadeusz BABIEL,<\/strong> rozprowadza przed ko\u015bcio\u0142em, seminaryjne kalendarze \u015bcienne na rok <strong>2024<\/strong> za dobrowoln\u0105 ofiar\u0119. <em>Nabywaj\u0105c kalendarz wspieramy Wy\u017csze Seminarium Duchowne w Elbl\u0105gu. Dzi\u0119kuj\u0119 za zrozumienie.<\/em><\/li>\n\n\n\n<li><strong>W listopadzie w spos\u00f3b szczeg\u00f3lny pochylamy si\u0119 nad mogi\u0142ami, w kt\u00f3rych spoczywaj\u0105 nasi bliscy. Najg\u0142\u0119bszym wyrazem naszej mi\u0142o\u015bci jest nasza modlitwa za nich. Dlatego zapraszamy do wsp\u00f3lnej modlitwy za zmar\u0142ych codziennie o godz. 18:00 na Mszy \u015bw. zbiorowej a bezpo\u015brednio po na WYPOMINKI po\u0142\u0105czone z Koronk\u0105 do Mi\u0142osierdzia.<\/strong><\/li>\n\n\n\n<li><strong>UWAGA !!!<\/strong> PROSIMY zaznaczy\u0107 na kartce \u201eMSZA \u015aW. ZBIOROWA ZA ZMAR\u0141YCH\u201d dat\u0119 (dzie\u0144), w kt\u00f3rym imiona i nazwiska naszych drogich zmar\u0142ych podczas Mszy \u015bw. b\u0119d\u0105 polecani Mi\u0142osiernemu Bogu. <strong>Prosimy, by nie wyznacza\u0107 dnia 2 listopada,<\/strong> gdy\u017c jak sta\u0142o si\u0119 tradycj\u0105, ten dzie\u0144 przeznaczony jest na szczeg\u00f3lne nabo\u017ce\u0144stwo za zmar\u0142ych z naszej parafii, kt\u00f3rzy odeszli w ostatnim roku. <em>Rodziny tych zmar\u0142ych zapraszamy do uczestnictwa\u00a0w tym nabo\u017ce\u0144stwie, kt\u00f3re odprawimy 2 listopada o godz. 18:00.<\/em><\/li>\n\n\n\n<li><strong>Porz\u0105dek nabo\u017ce\u0144stw 1 listopada<\/strong> <strong>na cmentarzach<\/strong>: <strong>AGRYKOLA<\/strong> \u2013 Ko\u015bci\u00f3\u0142\u00a0pw. Wszystkich \u015awi\u0119tych \u2013 Msza \u015bw. o godz. 11.30;<strong> <\/strong><strong>D\u0118BICA<\/strong> (Stara Kaplica) \u2013 Msza \u015bw. o 12.00; <strong>ko\u015bci\u00f3\u0142 pw. \u015bw. Wojciecha<\/strong> \u2013 Msza \u015bw. o godz. 13.00, <em>po zako\u0144czeniu Mszy \u015bw. procesje na cmentarzach po\u0142\u0105czone z modlitwami za zmar\u0142ych.<\/em><\/li>\n\n\n\n<li><strong>W \u015brod\u0119 1 listopada &#8211; Uroczysto\u015b\u0107 Wszystkich \u015awi\u0119tych. Msze \u015bw. o godz.: 8:00, 10:00, 12:00 i o godz. 18:00.<\/strong> Msza \u015bw. o godz. 18:00 jest pierwsz\u0105 Msz\u0105 \u015bw. zbiorow\u0105. <strong><\/strong><\/li>\n\n\n\n<li><strong>Pami\u0119tajmy, \u017ce od 1 do 8 listopada w\u0142\u0105cznie mo\u017cna uzyska\u0107 ODPUST ZUPE\u0141NY<\/strong>, kt\u00f3ry mo\u017cemy ofiarowa\u0107 za jedn\u0105 dusze w czy\u015b\u0107cu cierpi\u0105c\u0105.<\/li>\n\n\n\n<li>W czwartek 2 listopada &#8211;<strong> Wspomnienie Wszystkich Wiernych Zmar\u0142ych, czyli Dzie\u0144 Zaduszny<\/strong>. Msze \u015bw. o godz. 8:00, 11:00 i o godz. 18:00. <em>W tym dniu na Msz\u0119 \u015bw. o godz. 18:00 szczeg\u00f3lnie zapraszamy rodziny zmar\u0142ych w ostatnim roku parafian, podczas kt\u00f3rej zostan\u0105 wyczytani i poleceni Bo\u017cemu Mi\u0142osierdziu.<\/em><\/li>\n\n\n\n<li><strong>W tym tygodniu przypada:<\/strong><br><strong>I czwartek miesi\u0105ca (2 XI)<\/strong> &#8211; zapraszamy na Msz\u0119 \u015bw. o godz. 18:00, a po na Adoracj\u0119 Naj\u015bwi\u0119tszego Sakramentu tj. na \u201eGODZIN\u0118 \u015aWI\u0118T\u0104\u201d po\u0142\u0105czon\u0105 z WYPOMINKAMI. Zapraszamy wszystkie osoby modl\u0105ce si\u0119 za kap\u0142an\u00f3w do wsp\u00f3lnej modlitwy,<br><strong>I pi\u0105tek miesi\u0105ca<\/strong> <strong>(3 XI)<\/strong> &#8211; zapraszamy do spowiedzi dzieci z klas IV w tygodniu od godz. 17:30 a w pierwszy pi\u0105tek od godz. 16:00. <strong>Msza \u015bw. dla wszystkich dzieci w \u00a0I pi\u0105tek 3 listopada o godz. 16:30. <\/strong>Natomiast spowied\u017a dla doros\u0142ych i m\u0142odzie\u017cy od godz. 17:30. Msza \u015bw. Wotywna o Naj\u015bwi\u0119tszym Sercu Jezusa o godz. 18:00,<br><strong>I sobota miesi\u0105ca (4 XI) <\/strong>&#8211; zapraszamy wszystkich czcicieli Matki Bo\u017cej na nabo\u017ce\u0144stwo po\u0142\u0105czone z\u00a0Adoracj\u0105 Naj\u015bwi\u0119tszego Sakramentu od godz. 17:00.<\/li>\n\n\n\n<li>W pierwszy pi\u0105tek miesi\u0105ca LISTOPADA <strong>(3 XI) <\/strong>ks. Sylwester uda si\u0119 do chorych od godz. 9:30, r\u00f3wnie\u017c w sobot\u0119 <strong>(4 XI)<\/strong> ks. Mateusz i ks. Sylwester udadz\u0105 si\u0119 do chorych od godz. 9:30.<\/li>\n\n\n\n<li><strong>KOCHANI !<\/strong> Prze\u017cywamy XXX- lecie parafii. Z tej okazji organizowany jest <strong>BAL JUBILEUSZOWY <\/strong>w Restauracji \u201eEDEN\u201d dnia 18 listopada (sobota). Zapraszamy ch\u0119tnych parafian lubi\u0105cych taniec i zabaw\u0119. Koszt: 220 z\u0142. od osoby. <em>ZAPISY W ZAKRYSTII POTRWAJ\u0104 DO 5 LISTOPADA. ZAPRASZAMY.<\/em><\/li>\n\n\n\n<li>Zach\u0119camy do nabywania nowego numeru \u201eGo\u015bcia Niedzielnego\u201d z dodatkiem \u201eGo\u015b\u0107 Elbl\u0105ski\u201d. Prosimy te\u017c o zabrania z sob\u0105 <strong>BIULETYNU PARAFIALNEGO<\/strong>.<\/li>\n\n\n\n<li>Pan powo\u0142a\u0142 do wieczno\u015bci: \u015bp. Stanis\u0142awa BUGAJSKIEGO lat 62 z ul. K\u0142oczowskiego.<\/li>\n<\/ol>\n\n\n\n<p id=\"block-b1c87051-ac83-4c14-a9fd-8d3d184f9906\">\ufeff<\/p>\n\n\n\n<figure class=\"wp-block-image\" id=\"block-d6916f7b-8048-4859-8248-2d07361c975e\"><img decoding=\"async\" src=\"http:\/\/rafalk-elblag.pl\/wp-content\/uploads\/2020\/04\/baner-intencje-mszy.jpg\" alt=\"Obrazek posiada pusty atrybut alt; plik o nazwie baner-intencje-mszy.jpg\"\/><\/figure>\n\n\n\n<h1 class=\"wp-block-heading\" id=\"block-015172e7-4e61-4b27-a5aa-5aa5824827b8\">Intencje mszalne 29.10.2023r.<\/h1>\n\n\n\n<p><strong>PONIEDZIA\u0141EK \/ 30 pa\u017adziernika 2023<\/strong> \/ \u0141k 13,10-17<br>8.00 Za zmar\u0142ych z rodziny Mendalka<br>18.00 \u015bp. Marcin Kurosad (30 greg.)<br>18.00 \u015bp. Adam Grzanowski (intencja od Wsp\u00f3lnoty Publicznej Szko\u0142y Podstawowej im. \u015bw. Franciszka z Asy\u017cu<\/p>\n\n\n\n<p><strong>WTOREK \/ 31 pa\u017adziernika 2023<\/strong> \/ \u0141k 13,18-21<br>8.00 \u015bp. Jadwiga, Stanis\u0142aw, Andrzej, Robert Kiszko<br>18.00 \u015bp. Wies\u0142awa [k] Rutyna<br>18.00 \u015bp. Robert Wi\u015bniewski (w 30 rocznica \u015bmierci) i zmarli rodzice Maria i J\u00f3zef, Zofia i Tadeusz<\/p>\n\n\n\n<p><strong>\u015aRODA \/ 1 listopada 2023<\/strong> \/ Uroczysto\u015b\u0107 Wszystkich \u015awi\u0119tych \/ Mt 5,1-12a<br>8.00 \u015bp. Halina P\u0105czkowska (24 rocznica \u015bmierci), Mariusz P\u0105czkowski<br>10.00 \u015bp. Cecylia Kocemba (w 31 rocznic\u0119 \u015bmierci), Stanis\u0142aw Kocemba (w 35 rocznic\u0119 \u015bmierci), Ewa Kocemba (w 14 rocznic\u0119 \u015bmierci), Franciszek Szott (w 51 rocznic\u0119 \u015bmierci)<br>12.00 W intencji Parafian<br>18.00 Msza \u015bw. zbiorowa za zmar\u0142ych<\/p>\n\n\n\n<p><strong>CZWARTEK \/ 2 listopada 2023<\/strong> \/ Wspomnienie Wszystkich Wiernych Zmar\u0142ych<br>8.00 \u015bp. Leokadia Kwiatkowska (w 30 dzie\u0144 po pogrzebie)<br>11.00 \u015bp. Julianna, Jan, Aneta z rodziny Bartkowskich, Wac\u0142awa [k], Stanis\u0142aw, Jolanta, S\u0142awomir z rodziny Pa\u0142ka, Jan, Aniela, Zofia z rodziny Ciesielskich<br>18.00 O nowe powo\u0142ania z naszej parafii oraz za kap\u0142an\u00f3w tutaj pos\u0142uguj\u0105cych o potrzebne \u0142aski i dary Ducha \u015awietego w pracy duszpasterskiej.<br>18.00 Msza \u015bw. zbiorowa za zmar\u0142ych<\/p>\n\n\n\n<p><strong>I PI\u0104TEK MIESI\u0104CA \/ 3 listopada 2023<\/strong> \/ \u0141k 14,1-6<br>8.00 Dzi\u0119kczynna z pro\u015bb\u0105 o Bo\u017ce b\u0142., potrzebne \u0142aski i zdrowie dla Zofii<br>16.30 W intencji wynagradzaj\u0105cej Naj\u015bwi\u0119tszemu Sercu Pana Jezusa<br>18.00 Msza \u015bw. zbiorowa za zmar\u0142ych<\/p>\n\n\n\n<p><strong>I SOBOTA MIESI\u0104CA \/ 4 listopada 2023<\/strong> \/ \u015bw. Karola Boromeusza \/ \u0141k 14,1.7-11<br>8.00 \u015bp. Lech Szafran (w 10 rocznic\u0119 \u015bmierci) i Janina Wojtyna (w 1 rocznic\u0119 \u015bmierci)<br>18.00 O Bo\u017ce b\u0142. i opiek\u0119 Matki Bo\u017cej Szkaplerznej dla kap\u0142an\u00f3w naszej parafii, cz\u0142onk\u00f3w \u017bywego R\u00f3\u017ca\u0144ca oraz o b\u0142ogos\u0142awione owoce MISJI \u015aWI\u0118TYCH (intencja od II R\u00f3\u017cy -Matki Bo\u017cej Gietrzwa\u0142dzkiej)<br>18.00 Msza \u015bw. zbiorowa za zmar\u0142ych<\/p>\n\n\n\n<p><strong>XXXI NIEDZIELA ZWYK\u0141A \/ 5 listopada 2023<\/strong> \/ Mt 23,1-12<br>8.00 \u015bp. Miros\u0142aw, rodzice i dziadkowie z obojga stron<br>10.00 \u015bp. Lucjan Lasek (w 28 rocznic\u0119 \u015bmierci)<br>12.00 Za ca\u0142\u0105 wsp\u00f3lnot\u0119 parafialn\u0105 a szczeg\u00f3lnie za ofiarodawc\u00f3w<br>15.00 O do\u015bwiadczenie Bo\u017cej mi\u0142o\u015bci dla Karoliny i Sebastiana<br>18.00 Msza \u015bw. zbiorowa za zmar\u0142ych<\/p>\n","protected":false},"excerpt":{"rendered":"<p>Czy\u015bciec i modlitwa za zmar\u0142ych Czy\u015bciec, podobnie jak Niebo i piek\u0142o, jest rzeczywisto\u015bci\u0105 po\u015bmiertn\u0105: definiowany jest jako stan kary doczesnej po \u015bmierci, przy czym w&nbsp;tym kontek\u015bcie \u201edoczesny\u201d rozumie si\u0119 jako \u201emaj\u0105cy koniec\u201d. Po przej\u015bciu czy\u015b\u0107ca dusza ludzka trafia do Nieba, nie ma za\u015b mo\u017cliwo\u015bci pot\u0119pienia si\u0119 na wieki. Tak wi\u0119c dusza przebywaj\u0105ca w&nbsp;czy\u015b\u0107cu jest ju\u017c [&hellip;]<\/p>\n","protected":false},"author":1,"featured_media":5286,"comment_status":"closed","ping_status":"closed","sticky":false,"template":"","format":"standard","meta":{"ngg_post_thumbnail":0,"footnotes":""},"categories":[11,8,4,3],"tags":[],"class_list":["post-5285","post","type-post","status-publish","format-standard","has-post-thumbnail","hentry","category-aktualnosci","category-blog","category-intencje","category-ogloszenia"],"_links":{"self":[{"href":"https:\/\/rafalk-elblag.pl\/index.php?rest_route=\/wp\/v2\/posts\/5285","targetHints":{"allow":["GET"]}}],"collection":[{"href":"https:\/\/rafalk-elblag.pl\/index.php?rest_route=\/wp\/v2\/posts"}],"about":[{"href":"https:\/\/rafalk-elblag.pl\/index.php?rest_route=\/wp\/v2\/types\/post"}],"author":[{"embeddable":true,"href":"https:\/\/rafalk-elblag.pl\/index.php?rest_route=\/wp\/v2\/users\/1"}],"replies":[{"embeddable":true,"href":"https:\/\/rafalk-elblag.pl\/index.php?rest_route=%2Fwp%2Fv2%2Fcomments&post=5285"}],"version-history":[{"count":1,"href":"https:\/\/rafalk-elblag.pl\/index.php?rest_route=\/wp\/v2\/posts\/5285\/revisions"}],"predecessor-version":[{"id":5287,"href":"https:\/\/rafalk-elblag.pl\/index.php?rest_route=\/wp\/v2\/posts\/5285\/revisions\/5287"}],"wp:featuredmedia":[{"embeddable":true,"href":"https:\/\/rafalk-elblag.pl\/index.php?rest_route=\/wp\/v2\/media\/5286"}],"wp:attachment":[{"href":"https:\/\/rafalk-elblag.pl\/index.php?rest_route=%2Fwp%2Fv2%2Fmedia&parent=5285"}],"wp:term":[{"taxonomy":"category","embeddable":true,"href":"https:\/\/rafalk-elblag.pl\/index.php?rest_route=%2Fwp%2Fv2%2Fcategories&post=5285"},{"taxonomy":"post_tag","embeddable":true,"href":"https:\/\/rafalk-elblag.pl\/index.php?rest_route=%2Fwp%2Fv2%2Ftags&post=5285"}],"curies":[{"name":"wp","href":"https:\/\/api.w.org\/{rel}","templated":true}]}}