{"id":5281,"date":"2023-10-21T17:52:52","date_gmt":"2023-10-21T17:52:52","guid":{"rendered":"https:\/\/rafalk-elblag.pl\/?p=5281"},"modified":"2023-10-21T17:52:52","modified_gmt":"2023-10-21T17:52:52","slug":"22-10-2023r-xxix-niedziela-zwykla","status":"publish","type":"post","link":"https:\/\/rafalk-elblag.pl\/?p=5281","title":{"rendered":"22.10.2023r. XXIX Niedziela Zwyk\u0142a"},"content":{"rendered":"\n<h1 class=\"wp-block-heading\"><\/h1>\n\n\n\n<h1 class=\"wp-block-heading\" id=\"block-3f32f9df-907d-4471-9901-26d53ab80b75\">Og\u0142oszenia parafialne<\/h1>\n\n\n\n<ol class=\"wp-block-list\" type=\"1\" id=\"block-6933784b-d104-44b7-8826-5b59fba1a464\">\n<li><strong>PA\u0179DZIERNIK TO MIESI\u0104C R\u00d3\u017bA\u0143CA \u015aWI\u0118TEGO.<\/strong> Zapraszamy na nabo\u017ce\u0144stwa z&nbsp; wystawieniem Naj\u015bwi\u0119tszego Sakramentu. Wierni, kt\u00f3rzy odmawiaj\u0105 cz\u0119\u015b\u0107 R\u00f3\u017ca\u0144ca (5 dziesi\u0105tek) w ko\u015bciele lub rodzinnie mog\u0105 uzyska\u0107 <strong>ODPUST ZUPE\u0141NY<\/strong>. Zapraszamy do wsp\u00f3lnej modlitwy: doros\u0142ych i m\u0142odzie\u017c <strong>o godz. 17:15<\/strong> a&nbsp;dzieci zapraszamy <strong>w \u015brody i czwartki o godz. 16:30. <\/strong><strong><\/strong><\/li>\n\n\n\n<li>Dzisiejsz\u0105 niedziel\u0105 rozpoczynamy <strong>97 TYDZIE\u0143 MISYJNY<\/strong> pod has\u0142em: <strong>\u201eMISJE SERCEM KO\u015aCIO\u0141A\u201d.<\/strong> Pami\u0119tajmy w modlitwie o tych wszystkich, kt\u00f3rzy pracuj\u0105 na misjach a szczeg\u00f3lnie o ks. Arkadiuszu Grabowskim (ROSJA) i o.&nbsp;Dariuszu Marut (MADAGASKAR). Dzisiejsze ofiary z\u0142o\u017cone na tac\u0119 przeznaczone s\u0105 na Misje. <em>Dzi\u0119kuj\u0119 za wsparcie i zrozumienie odpowiedzialno\u015bci za to dzie\u0142o.<\/em><strong><\/strong><\/li>\n\n\n\n<li>Osoby modl\u0105ce si\u0119 za kap\u0142an\u00f3w zapraszamy dzisiaj na wsp\u00f3lny R\u00f3\u017caniec o godz. 17:15 i na Msz\u0119 \u015bw. o godz. 18:00. <em>Po Eucharystii odb\u0119dzie si\u0119 spotkanie przy wsp\u00f3lnym stole na plebanii z okazji 14 rocznicy istnienia <strong>APOSTOLATU<\/strong> <strong>MARGARETKA.<\/strong>.<\/em><\/li>\n\n\n\n<li>Dnia 26 pa\u017adziernika (czwartek) w ramach <strong>DNI PAPIESKICH,<\/strong> odb\u0119dzie si\u0119 kolejna edycja elbl\u0105skich <strong>TUUS\u00d3W<\/strong>. Gwiazd\u0105 uroczystej gali b\u0119dzie <strong>Elbl\u0105ska Orkiestra Kameralna.<\/strong> Koncert odb\u0119dzie si\u0119 hali sportowo-widowiskowej MOSIR ul. Grunwaldzka 135,&nbsp; o godz. 17:00. <em>Dzisiaj przed ko\u015bcio\u0142em mo\u017cna otrzyma\u0107 bezp\u0142atny bilet na powy\u017cszy koncert.&nbsp;Bardzo prosz\u0119, aby osoby bior\u0105ce wej\u015bci\u00f3wki by\u0142y zdecydowane je wykorzysta\u0107.&nbsp; &nbsp;&nbsp;&nbsp;<\/em><\/li>\n\n\n\n<li>Jak ka\u017cdego roku w listopadzie modli\u0107 si\u0119 b\u0119dziemy za naszych zmar\u0142ych. Dlatego dzisiaj przed ko\u015bcio\u0142em b\u0119d\u0105 rozdawane koperty, w kt\u00f3rych s\u0105 kartki na Msz\u0119 \u015bw. zbiorow\u0105 i wypominki. <strong>Prosimy o czytelne wype\u0142nianie kartek. Osoby zmar\u0142e wypisane na kartce z napisem MSZA \u015aW. ZBIOROWA ZA ZMAR\u0141YCH b\u0119d\u0105 polecane we Mszy \u015bw. przez ca\u0142y listopad o godz. 18:00. Druga kartka z napisem WYPOMINKI <\/strong>wyczytywana b\u0119dzie podczas Koronki do Mi\u0142osierdzia Bo\u017cego bezpo\u015brednio po zako\u0144czeniu Mszy \u015bw.<\/li>\n\n\n\n<li><strong>UWAGA !!!<\/strong> PROSIMY zaznaczy\u0107 na kartce \u201eMSZA \u015aW. ZBIOROWA ZA ZMAR\u0141YCH\u201d dat\u0119 (dzie\u0144), w kt\u00f3rym imiona i nazwiska naszych drogich zmar\u0142ych maj\u0105 by\u0107 wyczytane. <strong>Prosimy, by nie wyznacza\u0107 dnia 2 listopada,<\/strong> gdy\u017c jak sta\u0142o si\u0119 tradycj\u0105, ten dzie\u0144 przeznaczony jest na szczeg\u00f3lne nabo\u017ce\u0144stwo za zmar\u0142ych z naszej parafii w ostatnim roku tj. od 1 listopada 2022 r. <em>Rodziny tych zmar\u0142ych zapraszamy do uczestnictwa w tym nabo\u017ce\u0144stwie, kt\u00f3re odprawimy 2 listopada o godz. 18:00.<\/em><\/li>\n\n\n\n<li><strong>Za tydzie\u0144 kleryk Amadeusz BABIEL,<\/strong> b\u0119dzie rozprowadza\u0142 przed ko\u015bcio\u0142em, seminaryjne kalendarze \u015bcienne na rok <strong>2024<\/strong> za dobrowoln\u0105 ofiar\u0119. <em>Nabywaj\u0105c kalendarz wspieramy Wy\u017csze Seminarium Duchowne w Elbl\u0105gu. Dzi\u0119kuj\u0119 za zrozumienie.<\/em><\/li>\n\n\n\n<li><strong>KOCHANI !<\/strong> Prze\u017cywamy XXX- lecie parafii. Z tej okazji organizowany jest <strong>BAL JUBILEUSZOWY <\/strong>w Restauracji \u201eEDEN\u201d dnia 18 listopada (sobota). Zapraszamy ch\u0119tnych parafian lubi\u0105cych taniec i zabaw\u0119. Koszt: 220 z\u0142. od osoby. Zapisy w zakrystii.&nbsp; <strong>ZBYT D\u0141UGO SI\u0118 NIE ZASTANAWIAJ &#8211; ID\u0179 ZA PORYWEM SERCA.<\/strong><strong><\/strong><\/li>\n\n\n\n<li>KANCELARIA PARAFIALNA: czynna w \u015brody&nbsp; od 16:00 do 17:30 oraz w pi\u0105tki po Mszy \u015bw. wieczorowej do 19:30. <em>Zapraszamy.<\/em><\/li>\n\n\n\n<li>&nbsp;Gor\u0105co dzi\u0119kuj\u0119 wszystkim, kt\u00f3rzy wyszli z inicjatyw\u0105, zaanga\u017cowaniem i ofiarno\u015bci\u0105 i postawili d\u0119bowy <strong>KRZY\u017b MISYJNY. <\/strong>B\u0119dzie on przez dziesi\u0105tki lat przypomina\u0142 o przeprowadzanych tutaj Misjach \u015awi\u0119tych, kt\u00f3re umacnia\u0142y wiar\u0119 tutejszych mieszka\u0144c\u00f3w. <strong><u>Niech ten KRZY\u017b b\u0119dzie znakiem chwa\u0142y Boga i nadziej\u0105 zbawienia cz\u0142owieka.&nbsp;&nbsp;&nbsp;<\/u><\/strong><\/li>\n\n\n\n<li><strong>&nbsp;MOI DRODZY <\/strong>Misje \u015awi\u0119te by\u0142 to czas w kt\u00f3rym Pan B\u00f3g zaprasza\u0142 nas do nawi\u0105zania z Nim osobistej relacji. Zaprasza\u0142 do bli\u017cszego poznania si\u0119 z Nim. Je\u017celi B\u00f3g dotkn\u0105\u0142 twojego serca \u2013 a wierz\u0119 \u017ce tak \u2013 i nie nale\u017cysz do \u017cadnej wsp\u00f3lnoty to nie czekaj i p\u00f3jd\u017a za g\u0142osem serca. <strong>Zapraszam Ciebie w poniedzia\u0142ek 23 pa\u017adziernika br. na godz. 19:00 do salki na plebanii. Przyjd\u017a \u201eCiesz\u0119 si\u0119 bo\u2026\u2026.\u201d. Do zobaczenia.<\/strong><\/li>\n\n\n\n<li>&nbsp;Zach\u0119camy do nabywania nowego numeru \u201eGo\u015bcia Niedzielnego\u201d z dodatkiem \u201eGo\u015b\u0107 Elbl\u0105ski\u201d. Prosimy te\u017c o zabrania z sob\u0105 <strong>BIULETYNU PARAFIALNEGO.<\/strong><\/li>\n\n\n\n<li>\u00a0W ostatnim czasie do wieczno\u015bci odesz\u0142a: \u015bp. Anna KO\u0141ECKA lat 66 z ul. \u0141okietka, \u015bp. Marianna G\u00d3RSKA lat 94 z ul. Brzechwy. <em>Wieczny odpoczynek racz im da\u0107 Panie\u2026<\/em><\/li>\n<\/ol>\n\n\n\n<p id=\"block-b1c87051-ac83-4c14-a9fd-8d3d184f9906\">\ufeff<\/p>\n\n\n\n<figure class=\"wp-block-image\" id=\"block-d6916f7b-8048-4859-8248-2d07361c975e\"><img decoding=\"async\" src=\"http:\/\/rafalk-elblag.pl\/wp-content\/uploads\/2020\/04\/baner-intencje-mszy.jpg\" alt=\"Obrazek posiada pusty atrybut alt; plik o nazwie baner-intencje-mszy.jpg\"\/><\/figure>\n\n\n\n<h1 class=\"wp-block-heading\" id=\"block-015172e7-4e61-4b27-a5aa-5aa5824827b8\">Intencje mszalne 22.10.2023r.<\/h1>\n\n\n\n<p><strong>PONIEDZIA\u0141EK \/ 23 pa\u017adziernika 2023<\/strong> \/ \u0141k 12,13-21<br>8.00 \u015bp. Damian Padalis<br>18.00 \u015bp. Marcin Kurosad (23 greg.)<\/p>\n\n\n\n<p><strong>WTOREK \/ 24 pa\u017adziernika 2023<\/strong> \/ \u0141k 12,35-38<br>8.00 \u015bp. Jan Kostrzewa (w 3 rocznic\u0119 \u015bmierci)<br>18.00 \u015bp. Marcin Kurosad (24 greg.)<\/p>\n\n\n\n<p><strong>\u015aRODA \/ 25 pa\u017adziernika 2023<\/strong> \/ \u0141k 12,39-48<br>8.00 \u015bp. Adam Grzanowski (intencja od Stowarzyszenia Przyjaci\u00f3\u0142 Szk\u00f3\u0142 Katolickich)<br>18.00 \u015bp. Marcin Kurosad (25 greg.)<\/p>\n\n\n\n<p><strong>CZWARTEK \/ 26 pa\u017adziernika 2023 <\/strong>\/ \u0141k 12,49-53<br>8.00 \u015bp. Marcin Kurosad (27 greg.)<br>18.00 \u015bp. Adam i Aleksandra [k] Rostek<\/p>\n\n\n\n<p><strong>PI\u0104TEK \/ 27 pa\u017adziernika 2023<\/strong> \/ \u0141k 12,54-59<br>8.00 \u015bp. Jan Sidorowicz (w 30 dzie\u0144 po pogrzebie)<br>18.00 \u015bp. Marcin Kurosad (28 greg.)<\/p>\n\n\n\n<p><strong>SOBOTA \/ 28 pa\u017adziernika 2023<\/strong> \/ \u015bw. Aposto\u0142\u00f3w Szymona i Judy Tadeusza \/ \u0141k 6,12-19<br>8.00 \u015bp. Marcin Kurosad (28 greg.)<br>18.00 \u015bp. Tadeusz Wojtczak o \u0142ask\u0119 nieba<br>18.00 \u015bp. Danuta, Zygmund, Lidia, Pawe\u0142 oraz zmarli z rodzin Czajor\u00f3w, Kami\u0144skich, Danes\u00f3w i Jurkiewicz\u00f3w<\/p>\n\n\n\n<p><strong>XXX NIEDZIELA ZWYK\u0141A \/ 29 pa\u017adziernika 2023<\/strong> \/ Mt 22,34-40<br>8.00 \u015bp. Halina, Genowefa, Stanis\u0142aw, Joanna, Barbara, Jan, J\u00f3zefa [k], Kazimierz, Anna, Stefan, Wera, Feliks, Anna, Mariusz P\u0105czkowski<br>10.00 \u015bp. Marcin Kurosad (29 greg.)<br>10.00 \u015bp. W\u0142odzimierz Purzycki (w 2 rocznic\u0119 \u015bmierci)<br>12.00 W intencji Parafian<br>15.00 Dzi\u0119kczynna za Damiana Bielan w dniu 31 urodzin, z pro\u015bb\u0105 o \u017cyw\u0105 wiar\u0119 oraz opiek\u0119 Matki Bo\u017cej Szkaplerznej<br>18.00 W intencji Ireny Siwek z okazji 96 rocznicy urodzin, o Bo\u017ce b\u0142. i opiek\u0119 Matki Bo\u017cej <\/p>\n","protected":false},"excerpt":{"rendered":"<p>Og\u0142oszenia parafialne \ufeff Intencje mszalne 22.10.2023r. PONIEDZIA\u0141EK \/ 23 pa\u017adziernika 2023 \/ \u0141k 12,13-218.00 \u015bp. Damian Padalis18.00 \u015bp. Marcin Kurosad (23 greg.) WTOREK \/ 24 pa\u017adziernika 2023 \/ \u0141k 12,35-388.00 \u015bp. Jan Kostrzewa (w 3 rocznic\u0119 \u015bmierci)18.00 \u015bp. Marcin Kurosad (24 greg.) \u015aRODA \/ 25 pa\u017adziernika 2023 \/ \u0141k 12,39-488.00 \u015bp. Adam Grzanowski (intencja od [&hellip;]<\/p>\n","protected":false},"author":1,"featured_media":5282,"comment_status":"closed","ping_status":"closed","sticky":false,"template":"","format":"standard","meta":{"ngg_post_thumbnail":0,"footnotes":""},"categories":[11,8,4,3],"tags":[],"class_list":["post-5281","post","type-post","status-publish","format-standard","has-post-thumbnail","hentry","category-aktualnosci","category-blog","category-intencje","category-ogloszenia"],"_links":{"self":[{"href":"https:\/\/rafalk-elblag.pl\/index.php?rest_route=\/wp\/v2\/posts\/5281","targetHints":{"allow":["GET"]}}],"collection":[{"href":"https:\/\/rafalk-elblag.pl\/index.php?rest_route=\/wp\/v2\/posts"}],"about":[{"href":"https:\/\/rafalk-elblag.pl\/index.php?rest_route=\/wp\/v2\/types\/post"}],"author":[{"embeddable":true,"href":"https:\/\/rafalk-elblag.pl\/index.php?rest_route=\/wp\/v2\/users\/1"}],"replies":[{"embeddable":true,"href":"https:\/\/rafalk-elblag.pl\/index.php?rest_route=%2Fwp%2Fv2%2Fcomments&post=5281"}],"version-history":[{"count":1,"href":"https:\/\/rafalk-elblag.pl\/index.php?rest_route=\/wp\/v2\/posts\/5281\/revisions"}],"predecessor-version":[{"id":5283,"href":"https:\/\/rafalk-elblag.pl\/index.php?rest_route=\/wp\/v2\/posts\/5281\/revisions\/5283"}],"wp:featuredmedia":[{"embeddable":true,"href":"https:\/\/rafalk-elblag.pl\/index.php?rest_route=\/wp\/v2\/media\/5282"}],"wp:attachment":[{"href":"https:\/\/rafalk-elblag.pl\/index.php?rest_route=%2Fwp%2Fv2%2Fmedia&parent=5281"}],"wp:term":[{"taxonomy":"category","embeddable":true,"href":"https:\/\/rafalk-elblag.pl\/index.php?rest_route=%2Fwp%2Fv2%2Fcategories&post=5281"},{"taxonomy":"post_tag","embeddable":true,"href":"https:\/\/rafalk-elblag.pl\/index.php?rest_route=%2Fwp%2Fv2%2Ftags&post=5281"}],"curies":[{"name":"wp","href":"https:\/\/api.w.org\/{rel}","templated":true}]}}