{"id":5274,"date":"2023-10-14T19:52:59","date_gmt":"2023-10-14T19:52:59","guid":{"rendered":"https:\/\/rafalk-elblag.pl\/?p=5274"},"modified":"2023-10-14T19:52:59","modified_gmt":"2023-10-14T19:52:59","slug":"15-10-2023r-xxviii-niedziela-zwykla","status":"publish","type":"post","link":"https:\/\/rafalk-elblag.pl\/?p=5274","title":{"rendered":"15.10.2023r. XXVIII Niedziela Zwyk\u0142a"},"content":{"rendered":"\n<h2 class=\"wp-block-heading\">Przes\u0142anie \u015awi\u0119tego<\/h2>\n\n\n\n<p>\u015aw. Jan Pawe\u0142 II by\u0142 cz\u0142owiekiem modlitwy. Warto wspomnie\u0107 cho\u0107by brewiarz, kt\u00f3ry papie\u017c odm\u00f3wi\u0142 w katedrze na Wawelu w 2002 r. podczas adoracji Naj\u015bwi\u0119tszego Sakramentu, a towarzyszy\u0142a mu modlitwa w ciszy, trwaj\u0105ca kilkadziesi\u0105t minut. \u015aw. Jan Pawe\u0142 II z\u0142ama\u0142 wtedy wszystkie limity ustalonego czasu, nigdy w historii telewizje nie transmitowa\u0142y tak d\u0142ugiej modlitewnej ciszy. A w tym samym miejscu w 1997 r. podczas kanonizacji kr\u00f3lowej Jadwigi m\u00f3wi\u0142: <strong>Uczcie si\u0119 w szkole \u015bw. Jadwigi, kt\u00f3rej wszelkie dzia\u0142anie wynika\u0142o z modlitwy przed wawelskim czarnym krucyfiksem.<\/strong> Ukazywa\u0142, \u017ce jej \u201eg\u0142\u0119boka m\u0105dro\u015b\u0107 i szeroka aktywno\u015b\u0107 p\u0142yn\u0119\u0142y z kontemplacji \u2013 z osobistej wi\u0119zi z Ukrzy\u017cowanym\u201d.<\/p>\n\n\n\n<p>\u015aw. Jan Pawe\u0142 II wskazywa\u0142, \u017ce spe\u0142nieniem cz\u0142owiecze\u0144stwa jest \u201ebezinteresowny dar z siebie samego\u201d. Brzmi nadzwyczaj aktualne w obecnym trudnym czasie, kiedy powinni\u015bmy stara\u0107 si\u0119 by\u0107 darem dla innych, tak\u017ce przez modlitw\u0119. Mamy mn\u00f3stwo mo\u017cliwo\u015bci dzia\u0142ania i dzielenia si\u0119 z innymi. Mo\u017cemy dzieli\u0107 si\u0119 czasem, dzieli\u0107 si\u0119 swoimi umiej\u0119tno\u015bciami i talentami, dzieli\u0107 si\u0119 te\u017c i pieni\u0119dzmi.<\/p>\n\n\n\n<p>\u015aw. Jana Paw\u0142a II wzywa\u0142 by by\u0107 cz\u0142owiekiem sumienia. To oznacza, \u017ce mamy uczy\u0107 si\u0119 niekoniunkturalnych zachowa\u0144, umie\u0107 przekroczy\u0107 swoje wahania i l\u0119ki, by by\u0107 wiernym prawdzie i dobru oraz nie\u015b\u0107 dobro innym ludziom. Papie\u017c przypomina\u0142 nam o tym wielokrotnie, a najzwi\u0119\u017alej uj\u0105\u0142 to 1987 roku w Gda\u0144sku, m\u00f3wi\u0105c: <strong>\u201eKa\u017cdy znajduje w \u017cyciu jakie\u015b swoje Westerplatte, jak\u0105\u015b s\u0142uszn\u0105 spraw\u0119, o kt\u00f3r\u0105 nie mo\u017cna nie walczy\u0107, jaki\u015b obowi\u0105zek, powinno\u015b\u0107, od kt\u00f3rej nie mo\u017cna si\u0119 uchyli\u0107, nie mo\u017cna zdezerterowa\u0107\u201d<\/strong>. Dzi\u015b ten apel jest bardzo na czasie.<\/p>\n\n\n\n<p>Dla \u015bw. Jana Paw\u0142a II najwa\u017cniejszym i podstawowym miejscem kszta\u0142towania naszego cz\u0142owiecze\u0144stwa jest rodzina. Jest miejscem \u2013 jak napisa\u0142 w jednej z encyklik \u2013 gdzie cz\u0142owiek uczy si\u0119 \u201ekocha\u0107 i by\u0107 kochanym, a wi\u0119c co to znaczy by\u0107 osob\u0105\u201d. Sp\u0119dzaj\u0105c czas z bliskimi, uczmy si\u0119 ich kocha\u0107 i \u2013 co niemniej wa\u017cne \u2013 by\u0107 kochanymi. Jest to zadanie na ka\u017cdy czas.<\/p>\n\n\n\n<p>\u015aw. Jan Pawe\u0142 II wskazywa\u0142 na \u201ewsp\u00f3\u0142czesne areopagi\u201d, czyli ogromne przestrzenie kultury, polityki i ekonomii, w kt\u00f3rych powinno by\u0107 obecne \u015bwiadectwo chrze\u015bcija\u0144skie. Dzi\u015b chrze\u015bcijanie, tw\u00f3rcy kultury i nauki, zaanga\u017cowani w \u017cycie ekonomiczne i polityczne, powinni nie ba\u0107 si\u0119 inaczej my\u015bl\u0105cych, ale tak jak \u015bw. Pawe\u0142 i\u015b\u0107 na areopagi, w \u015brodowiska trudne i cz\u0119sto nam nieprzychylne, i w\u0142a\u015bnie by\u0107 tam \u015bwiadkami Chrystusa. Ale, co wa\u017cne \u2013 wzorem jest tu \u015bw. Pawe\u0142 \u2013 z g\u0142\u0119bokim zrozumieniem otaczaj\u0105cego \u015bwiata, jego kultury oraz mechanizm\u00f3w ekonomii, polityki.<\/p>\n\n\n\n<p>Wa\u017cne s\u0142owa \u015bw. Jan Pawe\u0142 II przekaza\u0142 nam, kiedy przyby\u0142 do Polski z pierwsz\u0105 pielgrzymk\u0105 w 1979 r. M\u00f3wi\u0142 wtedy, \u017ce prosi nas, \u201eaby\u015bmy to duchowe dziedzictwo, kt\u00f3remu na imi\u0119 Polska, raz jeszcze przyj\u0119li z wiar\u0105, nadziej\u0105 i mi\u0142o\u015bci\u0105\u201d. Przez ca\u0142y czas swego pontyfikatu uczy\u0142 nas g\u0142\u0119bokiego, m\u0105drego i otwartego patriotyzmu. By\u0142 to zreszt\u0105 temat, kt\u00f3ry towarzyszy\u0142 Karolowi Wojtyle ju\u017c od dzieci\u0144stwa, potem jako m\u0142odemu ksi\u0119dzu, metropolicie krakowskiemu, a r\u00f3wnie\u017c w trakcie pontyfikatu, a\u017c do ostatniej jego ksi\u0105\u017cki \u201ePami\u0119\u0107 i to\u017csamo\u015b\u0107\u201d, opublikowanej tu\u017c przed \u015bmierci\u0105. Ukazywa\u0142 nam znaczenie umi\u0142owania rodziny, ma\u0142ej ojczyzny i poprzez du\u017c\u0105 ojczyzn\u0119 \u2013 ca\u0142ej ludzko\u015bci. Podkre\u015bla\u0142 jednak zawsze, \u017ce w tym porz\u0105dku, nies\u0142ychanie wa\u017cne jest umi\u0142owanie swojego kraju, jego kultury, budowanie wsp\u00f3lnoty solidarno\u015bci. Apelowa\u0142: <strong>\u201enie pragnijcie takiej Polski, kt\u00f3ra by nic nie kosztowa\u0142a\u201d<\/strong>. Apelowa\u0142, by\u015bmy budowali Polsk\u0119 jako wsp\u00f3lnot\u0119 ducha, ofiarn\u0105, wsp\u00f3lnot\u0119 troski o s\u0142abszych \u2013 ufundowan\u0105 na solidnych fundamentach moralnych.<\/p>\n\n\n\n<figure class=\"wp-block-image\"><a href=\"http:\/\/rafalk-elblag.pl\/wp-content\/uploads\/2021\/08\/ogloszenia-parafialne-baner-01a.jpg\"><img loading=\"lazy\" decoding=\"async\" width=\"720\" height=\"232\" src=\"http:\/\/rafalk-elblag.pl\/wp-content\/uploads\/2021\/08\/ogloszenia-parafialne-baner-01a.jpg\" alt=\"\" class=\"wp-image-4410\" srcset=\"https:\/\/rafalk-elblag.pl\/wp-content\/uploads\/2021\/08\/ogloszenia-parafialne-baner-01a.jpg 720w, https:\/\/rafalk-elblag.pl\/wp-content\/uploads\/2021\/08\/ogloszenia-parafialne-baner-01a-300x97.jpg 300w\" sizes=\"auto, (max-width: 720px) 100vw, 720px\" \/><\/a><\/figure>\n\n\n\n<h1 class=\"wp-block-heading\">Og\u0142oszenia parafialne 15.10.2023r.<\/h1>\n\n\n\n<ol class=\"wp-block-list\" type=\"1\">\n<li><strong>Wczoraj zako\u0144czyli\u015bmy MISJE \u015aWI\u0118TE, kt\u00f3re mia\u0142y nas zbli\u017cy\u0107 do Boga i do siebie. Czy tak si\u0119 sta\u0142o ? Spr\u00f3bujmy sobie w sercu odpowiedzie\u0107 na to pytanie. Z mojej strony odczuwam g\u0142\u0119bok\u0105 potrzeb\u0119 podzi\u0119kowa\u0144 za czas prze\u017cytych MISJI. <\/strong><br><strong>Dzi\u0119kuj\u0119\u00a0 ks. Przemys\u0142awowi SAWA i Osobom \u015awieckim<\/strong> wspieraj\u0105cym Go w g\u0142oszeniu tych Misji. <em>M\u00f3dlmy si\u0119, by Duch \u015awi\u0119ty nadal Ich prowadzi\u0142 na drodze Szko\u0142y Nowej Ewangelizacji, by ta pos\u0142uga przynosi\u0142a b\u0142ogos\u0142awione owoce.<\/em><br><strong>Dzi\u0119kuj\u0119 Drogim Parafianom<\/strong> za skorzystanie z zaproszenia i aktywny udzia\u0142 w tych spotkaniach.<br>Szczeg\u00f3lnie podzi\u0119kowanie sk\u0142adam <strong>Panu Jerzemu BARTKOWSKIEMU <\/strong>za Jego wielkie zaanga\u017cowanie si\u0119 w sprawy wymiany KRZY\u017bA MISYJNEGO. Dzi\u0119kuj\u0119 wszystkim Panom, kt\u00f3rzy go w tym wspierali i wsp\u00f3lnie ten d\u0119bowy krzy\u017c ustawili.<br><strong>Dzi\u0119kuje kap\u0142anom<\/strong> za pos\u0142ug\u0119 sakramentaln\u0105 i innym osobom kt\u00f3re omadla\u0142y te Misje \u015awi\u0119te, by to by\u0142 czas nawr\u00f3ce\u0144 i umocnienia wiary.<br><strong>Dzi\u0119kuje\u00a0 Rodzinom,<\/strong> kt\u00f3re przyj\u0119\u0142y pod sw\u00f3j dach \u015bwieckich Ewangelizator\u00f3w, przynios\u0142y ciasta i swoimi darami wspar\u0142y \u201ekuchni\u0119\u201d.<br><strong>Dzi\u0119kuj\u0119 wszystkim parafianom,<\/strong> kt\u00f3rzy przyczynili si\u0119 do tych misji i z tego czasu \u0142aski potrafili skorzysta\u0107 dla dobra duchowego.<\/li>\n\n\n\n<li><strong>PA\u0179DZIERNIK TO MIESI\u0104C R\u00d3\u017bA\u0143CA \u015aWI\u0118TEGO.<\/strong> Zapraszamy na nabo\u017ce\u0144stwa z \u00a0wystawieniem Naj\u015bwi\u0119tszego Sakramentu. Wierni, kt\u00f3rzy odmawiaj\u0105 cz\u0119\u015b\u0107 R\u00f3\u017ca\u0144ca (5 dziesi\u0105tek) w ko\u015bciele lub rodzinnie mog\u0105 uzyska\u0107 <strong>ODPUST ZUPE\u0141NY <\/strong>pod zwyk\u0142ymi warunkami. Zapraszamy do wsp\u00f3lnej modlitwy: doros\u0142ych i m\u0142odzie\u017c <strong>o godz. 17:15<\/strong> a\u00a0dzieci zapraszamy <strong>w \u015brody i czwartki o godz. 16:30. <\/strong><\/li>\n\n\n\n<li><strong>Dzisiaj obchodzimy XXIII Dzie\u0144 Papieski pod has\u0142em \u201eCYWILIZACJA \u017bYCIA\u201d.<\/strong> Z tej okazji m\u0142odzie\u017c przed ko\u015bcio\u0142em b\u0119dzie zbiera\u0107 do puszek ofiary na stypendia w ramach Fundacji<em> Dzie\u0142o Nowego Tysi\u0105clecia.<\/em> <em>Dzi\u0119kujemy za zrozumienie i wsparcie<\/em>.<\/li>\n\n\n\n<li>Jutro 16 pa\u017adziernika dzie\u0144 spotkania Bractwa Szkaplerznego i Rodziny Szkaplerznej oraz dzie\u0144 modlitw za wstawiennictwem \u015bw. Jana Paw\u0142a II. <strong>W tym dniu 45 lat temu ca\u0142a Polska <\/strong>us\u0142ysza\u0142a s\u0142owa:<strong> <em>Habemus Papam<\/em> obwieszczaj\u0105ce wyb\u00f3r kard. Karola Wojty\u0142y na Stolic\u0119 Piotrow\u0105<\/strong>. <em>&nbsp;Zapraszamy na wsp\u00f3lny R\u00f3\u017caniec \u015awi\u0119ty o godz. 17:15 i Msz\u0119 \u015bw. o godz. 18:00 z mo\u017cliwo\u015bci\u0105 przyj\u0119cia szkaplerza \u015bwi\u0119tego.<\/em><\/li>\n\n\n\n<li>W \u015brod\u0119 (18 pa\u017adziernika) obchodzimy w liturgii \u015bwi\u0119to \u015bw. \u0141ukasza Ewangelisty, patrona pracownik\u00f3w s\u0142u\u017cby zdrowia. Tego dnia w Katedrze Elbl\u0105skiej o godz. 18:00\u00a0ks. bp Jacek Jezierski wraz z kapelanami szpitali elbl\u0105skich odprawi Msz\u0119 \u015bw. w intencji wszystkich, kt\u00f3rzy lecz\u0105, piel\u0119gnuj\u0105, opiekuj\u0105 si\u0119 i s\u0142u\u017c\u0105 chorym. <em>Wszystkich medyk\u00f3w zapraszamy na wsp\u00f3ln\u0105 modlitw\u0119.<\/em><\/li>\n\n\n\n<li>Przypominamy, \u017ce najpi\u0119kniejsz\u0105 modlitw\u0105 Ko\u015bcio\u0142a jest Msza \u015awi\u0119ta, kt\u00f3r\u0105 mo\u017cna zamawia\u0107 za \u017cywych i umar\u0142ych lub ofiarowa\u0107 jako najwspanialszy chrze\u015bcija\u0144ski prezent z okazji rocznicy \u015blubu, chrztu, urodzin i imienin prosz\u0105c o \u0142aski lub za nie dzi\u0119kuj\u0105c<strong>.<\/strong><br><strong>Uwaga! Mo\u017cna ju\u017c zamawia\u0107 i rezerwowa\u0107 Msze \u015awi\u0119te na rok 2024. <\/strong><em><u>ZAPRASZAMY.<\/u><\/em><\/li>\n\n\n\n<li>&nbsp;Osoby modl\u0105ce si\u0119 za kap\u0142an\u00f3w i tworz\u0105ce Apostolat \u201eMargaretka\u201d zapraszamy za tydzie\u0144 (22 pa\u017adziernika) na wsp\u00f3lny R\u00f3\u017caniec o godz. 17:15 i na Msz\u0119 \u015bw. o godz. 18:00. <em>Po Eucharystii spotkanie na plebanii.<\/em> Jest to 14 rocznica istnienia wsp\u00f3lnoty <strong>\u201eMARGARETKA\u201d<\/strong> przy naszej parafii.<\/li>\n\n\n\n<li><strong>Rozpocz\u0105\u0142 si\u0119 sezon grzewczy<\/strong>, a wraz z nim wzros\u0142o ryzyko pojawienia si\u0119 \u015bmiertelnych przypadk\u00f3w zatru\u0107 tlenkiem w\u0119gla (czadem). Z powodu na niew\u0142a\u015bciwe eksploatowanie urz\u0105dze\u0144 grzewczych. W trosce o w\u0142asne bezpiecze\u0144stwo<br>i bezpiecze\u0144stwo bliskich, warto rozwa\u017cy\u0107 te\u017c zamontowanie w domu czujek dymu<br>i gazu. <em>Koszt zamontowania takich czujek jest niewsp\u00f3\u0142miernie niski do korzy\u015bci, jakie daje zastosowanie tego typu urz\u0105dze\u0144, \u0142\u0105cznie z uratowaniem najwy\u017cszej warto\u015bci, jak\u0105 jest nasze \u017cycie.<\/em><\/li>\n\n\n\n<li><strong>KANCELARIA PARAFIALNA:<\/strong> czynna w \u015brody&nbsp; od 16:00 do 17:30 oraz w pi\u0105tki po Mszy \u015bw. wieczorowej do 19:30. <em>Zapraszamy.<\/em><\/li>\n\n\n\n<li>\u00a0Zach\u0119camy do nabywania nowego numeru \u201eGo\u015bcia Niedzielnego\u201d z dodatkiem \u201eGo\u015b\u0107 Elbl\u0105ski\u201d.\u00a0W cenie 10 z\u0142. Mamy mo\u017cliwo\u015b\u0107\u00a0 nabycia\u00a0 KALENDARZA NA 2024 ROK w cenie 15 z\u0142. Prosimy te\u017c o zabranie z sob\u0105 <strong>BIULETYNU PARAFIALNEGO.<\/strong><\/li>\n<\/ol>\n\n\n\n<p><\/p>\n\n\n\n<figure class=\"wp-block-image\"><img decoding=\"async\" src=\"http:\/\/rafalk-elblag.pl\/wp-content\/uploads\/2020\/04\/baner-intencje-mszy.jpg\" alt=\"\"\/><\/figure>\n\n\n\n<h1 class=\"wp-block-heading\">Intencje mszalne 15.10.2023r.<\/h1>\n\n\n\n<p><strong>PONIEDZIA\u0141EK \/ 16 pa\u017adziernika 2023<\/strong> \/ \u015bw. Jadwigi \/ \u0141k 11,29-32<br>8.00 \u015bp. Marcin Kurosad (16 greg.)<br>18.00 W intencji Rodziny Szkaplerznej<br>18.00 \u015bp. Janina i Eugeniusz Janowicz i zmarli z rodziny<\/p>\n\n\n\n<p><strong>WTOREK \/ 17 pa\u017adziernika 2023<\/strong> \/ \u0141k 11,37-41<br>8.00 \u015bp. Marcin Kurosad (17 greg.)<br>18.00 \u015bp. Mieczys\u0142aw Pellowski (w 2 miesi\u0105c po pogrzebie, intencja od rodziny Lis)<\/p>\n\n\n\n<p><strong>\u015aRODA \/ 18 pa\u017adziernika 2023<\/strong> \/ \u015bw. \u0141ukasza \/ \u0141k 10,1-9<br>8.00 \u015bp. Marcin Kurosad (18 greg.)<br>18.00 \u015bp. Stefania [k], Miros\u0142aw, Iwona, Ryszard, Jan, Janina, Danuta i zmarli z rodzin Nike, Szpak, Jasi\u0144skich<br>18.00 Dzi\u0119kczynna w 75 urodziny El\u017cbiety z pro\u015bb\u0105 o Bo\u017ce b\u0142., potrzebne \u0142aski i opiek\u0119 Matki Bo\u017cej Nieustaj\u0105cej Pomocy dla Jubilatki<\/p>\n\n\n\n<p><strong>CZWARTEK \/ 19 pa\u017adziernika 2023<\/strong> \/ b\u0142. Jerzego Popie\u0142uszki \/ \u0141k 11,47-54<br>8.00 \u015bp. Jan Tomczak (2 miesi\u0105c po pogrzebie, intencja od s\u0105siadki Wies\u0142awy)<br>18.00 \u015bp. Marcin Kurosad (19 greg.)<br>18.00 \u015bp. Jan W\u0142adys\u0142aw Chojnacki (w 30 dzie\u0144 po pogrzebie)<\/p>\n\n\n\n<p><strong>PI\u0104TEK \/ 20 pa\u017adziernika 2023 r.<\/strong> \/ \u015bw. Jana Kantego \/ \u0141k 12,1-7<br>8.00 \u015bp. Irena P\u0142aza (z okazji imienin), Antoni P\u0142aza<br>8.00 \u015bp. Marcin Kurosad (20 greg.)<br>18.00 \u015bp. Henryk Hacik (6 rocznica \u015bmierci) i zmarli z rodziny Hacik i Kit\u00f3w<br>18.00 \u015bp. Irena Wile\u0144ska (z okazji imienin) oraz zmarli z rodzin Wile\u0144skich, Bartosik\u00f3w<\/p>\n\n\n\n<p><strong>SOBOTA \/ 21 pa\u017adziernika 2023<\/strong> \/ \u0141k 12,8-12<br>8.00 \u015bp. Marcin Kurosad (21 greg.)<br>18.00 \u015bp. J\u00f3zef Sejmicki (15 rocznica \u015bmierci)<br>18.00 \u015bp. Adam Grzanowski (w 30 dzie\u0144 po pogrzebie)<\/p>\n\n\n\n<p><strong>XXIX NIEDZIELA ZWYK\u0141A \/ 22 pa\u017adziernika 2023<\/strong> \/ Mt 22,15-21<br>8.00 \u015bp. Stanis\u0142awa [k] i Jan Przyborowscy, J\u00f3zef i Aniela \u015awielec<br>10.00 \u015bp. Marcin Kurosad (22 greg.)<br>12.00 W intencji Parafian<br>15.00 \u015bp. W\u0142adys\u0142awa [k], Wiktor i J\u00f3zef Rutk\u00f3w, Aniela, Henryk, Roman; Franciszek, Leokadia Mr\u00f3z<br>18.00 \u015bp. Stefania [k] Duch (w 25 rocznic\u0119 \u015bmierci), Henryk Groszyk (w 34 rocznic\u0119 \u015bmierci)<\/p>\n","protected":false},"excerpt":{"rendered":"<p>Przes\u0142anie \u015awi\u0119tego \u015aw. Jan Pawe\u0142 II by\u0142 cz\u0142owiekiem modlitwy. Warto wspomnie\u0107 cho\u0107by brewiarz, kt\u00f3ry papie\u017c odm\u00f3wi\u0142 w katedrze na Wawelu w 2002 r. podczas adoracji Naj\u015bwi\u0119tszego Sakramentu, a towarzyszy\u0142a mu modlitwa w ciszy, trwaj\u0105ca kilkadziesi\u0105t minut. \u015aw. Jan Pawe\u0142 II z\u0142ama\u0142 wtedy wszystkie limity ustalonego czasu, nigdy w historii telewizje nie transmitowa\u0142y tak d\u0142ugiej modlitewnej [&hellip;]<\/p>\n","protected":false},"author":1,"featured_media":5275,"comment_status":"closed","ping_status":"closed","sticky":false,"template":"","format":"standard","meta":{"ngg_post_thumbnail":0,"footnotes":""},"categories":[11,8,4,3],"tags":[],"class_list":["post-5274","post","type-post","status-publish","format-standard","has-post-thumbnail","hentry","category-aktualnosci","category-blog","category-intencje","category-ogloszenia"],"_links":{"self":[{"href":"https:\/\/rafalk-elblag.pl\/index.php?rest_route=\/wp\/v2\/posts\/5274","targetHints":{"allow":["GET"]}}],"collection":[{"href":"https:\/\/rafalk-elblag.pl\/index.php?rest_route=\/wp\/v2\/posts"}],"about":[{"href":"https:\/\/rafalk-elblag.pl\/index.php?rest_route=\/wp\/v2\/types\/post"}],"author":[{"embeddable":true,"href":"https:\/\/rafalk-elblag.pl\/index.php?rest_route=\/wp\/v2\/users\/1"}],"replies":[{"embeddable":true,"href":"https:\/\/rafalk-elblag.pl\/index.php?rest_route=%2Fwp%2Fv2%2Fcomments&post=5274"}],"version-history":[{"count":1,"href":"https:\/\/rafalk-elblag.pl\/index.php?rest_route=\/wp\/v2\/posts\/5274\/revisions"}],"predecessor-version":[{"id":5276,"href":"https:\/\/rafalk-elblag.pl\/index.php?rest_route=\/wp\/v2\/posts\/5274\/revisions\/5276"}],"wp:featuredmedia":[{"embeddable":true,"href":"https:\/\/rafalk-elblag.pl\/index.php?rest_route=\/wp\/v2\/media\/5275"}],"wp:attachment":[{"href":"https:\/\/rafalk-elblag.pl\/index.php?rest_route=%2Fwp%2Fv2%2Fmedia&parent=5274"}],"wp:term":[{"taxonomy":"category","embeddable":true,"href":"https:\/\/rafalk-elblag.pl\/index.php?rest_route=%2Fwp%2Fv2%2Fcategories&post=5274"},{"taxonomy":"post_tag","embeddable":true,"href":"https:\/\/rafalk-elblag.pl\/index.php?rest_route=%2Fwp%2Fv2%2Ftags&post=5274"}],"curies":[{"name":"wp","href":"https:\/\/api.w.org\/{rel}","templated":true}]}}