{"id":5268,"date":"2023-10-14T13:54:43","date_gmt":"2023-10-14T13:54:43","guid":{"rendered":"https:\/\/rafalk-elblag.pl\/?p=5268"},"modified":"2023-12-04T19:38:03","modified_gmt":"2023-12-04T19:38:03","slug":"zakonczenie-misji-swietych","status":"publish","type":"post","link":"https:\/\/rafalk-elblag.pl\/?p=5268","title":{"rendered":"Zako\u0144czenie Misji \u015awi\u0119tych &#8211; galeria zdj\u0119\u0107 i film"},"content":{"rendered":"\n<figure class=\"wp-block-image size-large\"><a href=\"https:\/\/rafalk-elblag.pl\/wp-content\/uploads\/2023\/10\/01ec2eb3-cc1a-43b6-bbe6-3b190d4ecaf0.jpg\"><img loading=\"lazy\" decoding=\"async\" width=\"1024\" height=\"576\" src=\"https:\/\/rafalk-elblag.pl\/wp-content\/uploads\/2023\/10\/01ec2eb3-cc1a-43b6-bbe6-3b190d4ecaf0-1024x576.jpg\" alt=\"\" class=\"wp-image-5269\" srcset=\"https:\/\/rafalk-elblag.pl\/wp-content\/uploads\/2023\/10\/01ec2eb3-cc1a-43b6-bbe6-3b190d4ecaf0-1024x576.jpg 1024w, https:\/\/rafalk-elblag.pl\/wp-content\/uploads\/2023\/10\/01ec2eb3-cc1a-43b6-bbe6-3b190d4ecaf0-300x169.jpg 300w, https:\/\/rafalk-elblag.pl\/wp-content\/uploads\/2023\/10\/01ec2eb3-cc1a-43b6-bbe6-3b190d4ecaf0-768x432.jpg 768w, https:\/\/rafalk-elblag.pl\/wp-content\/uploads\/2023\/10\/01ec2eb3-cc1a-43b6-bbe6-3b190d4ecaf0-1536x864.jpg 1536w, https:\/\/rafalk-elblag.pl\/wp-content\/uploads\/2023\/10\/01ec2eb3-cc1a-43b6-bbe6-3b190d4ecaf0.jpg 2000w\" sizes=\"auto, (max-width: 1024px) 100vw, 1024px\" \/><\/a><\/figure>\n\n\n\n<p>Msz\u0105 \u015bwi\u0119t\u0105, o godz. 11.00 zako\u0144czyli\u015bmy dzisiaj, tj. sobota, 14 pa\u017adziernika, Misje \u015awi\u0119te w naszej parafii &#8222;Misja Nad Jarem. Ciesz si\u0119 bo&#8230;&#8221;, kt\u00f3re poprowadzi\u0142 ks. Przemys\u0142aw Sawa wraz z ekip\u0105 ewangelizacyjn\u0105. <\/p>\n\n\n\n<p>Ostatnim akcentem by\u0142o b\u0142ogos\u0142awie\u0144stwo nowego krzy\u017ca misyjnego, kt\u00f3ry stan\u0105\u0142 przy naszym ko\u015bciele. M\u00f3dlmy si\u0119 by ten czas misji, odnowy naszej parafii wyda\u0142 b\u0142ogos\u0142awione owoce. <\/p>\n\n\n\n<p><em><strong>\u015awi\u0119ty Rafale Kalinowski, nasz patronie &#8211; m\u00f3dl si\u0119 za nami!<\/strong><\/em><\/p>\n\n\n\n<div style=\"height:54px\" aria-hidden=\"true\" class=\"wp-block-spacer\"><\/div>\n\n\n\n<h2 class=\"wp-block-heading\"><strong>B\u0142ogos\u0142awie\u0144stwo krzy\u017ca misyjnego<\/strong><\/h2>\n\n\n\n<figure class=\"wp-block-video\"><video height=\"480\" style=\"aspect-ratio: 848 \/ 480;\" width=\"848\" controls src=\"https:\/\/rafalk-elblag.pl\/wp-content\/uploads\/2023\/10\/5fa8b3c1-6ad2-438f-8406-71b35d509ac4.mp4\"><\/video><\/figure>\n\n\n\n<div style=\"height:54px\" aria-hidden=\"true\" class=\"wp-block-spacer\"><\/div>\n\n\n\n<h2 class=\"wp-block-heading\"><strong>Galeria zdj\u0119\u0107<\/strong><\/h2>\n\n\n\nngg_shortcode_0_placeholder\n","protected":false},"excerpt":{"rendered":"<p>Msz\u0105 \u015bwi\u0119t\u0105, o godz. 11.00 zako\u0144czyli\u015bmy dzisiaj, tj. sobota, 14 pa\u017adziernika, Misje \u015awi\u0119te w naszej parafii &#8222;Misja Nad Jarem. Ciesz si\u0119 bo&#8230;&#8221;, kt\u00f3re poprowadzi\u0142 ks. Przemys\u0142aw Sawa wraz z ekip\u0105 ewangelizacyjn\u0105. Ostatnim akcentem by\u0142o b\u0142ogos\u0142awie\u0144stwo nowego krzy\u017ca misyjnego, kt\u00f3ry stan\u0105\u0142 przy naszym ko\u015bciele. M\u00f3dlmy si\u0119 by ten czas misji, odnowy naszej parafii wyda\u0142 b\u0142ogos\u0142awione owoce. [&hellip;]<\/p>\n","protected":false},"author":1,"featured_media":5222,"comment_status":"closed","ping_status":"closed","sticky":false,"template":"","format":"standard","meta":{"ngg_post_thumbnail":0,"footnotes":""},"categories":[1],"tags":[],"class_list":["post-5268","post","type-post","status-publish","format-standard","has-post-thumbnail","hentry","category-uncategorized"],"_links":{"self":[{"href":"https:\/\/rafalk-elblag.pl\/index.php?rest_route=\/wp\/v2\/posts\/5268","targetHints":{"allow":["GET"]}}],"collection":[{"href":"https:\/\/rafalk-elblag.pl\/index.php?rest_route=\/wp\/v2\/posts"}],"about":[{"href":"https:\/\/rafalk-elblag.pl\/index.php?rest_route=\/wp\/v2\/types\/post"}],"author":[{"embeddable":true,"href":"https:\/\/rafalk-elblag.pl\/index.php?rest_route=\/wp\/v2\/users\/1"}],"replies":[{"embeddable":true,"href":"https:\/\/rafalk-elblag.pl\/index.php?rest_route=%2Fwp%2Fv2%2Fcomments&post=5268"}],"version-history":[{"count":8,"href":"https:\/\/rafalk-elblag.pl\/index.php?rest_route=\/wp\/v2\/posts\/5268\/revisions"}],"predecessor-version":[{"id":5356,"href":"https:\/\/rafalk-elblag.pl\/index.php?rest_route=\/wp\/v2\/posts\/5268\/revisions\/5356"}],"wp:featuredmedia":[{"embeddable":true,"href":"https:\/\/rafalk-elblag.pl\/index.php?rest_route=\/wp\/v2\/media\/5222"}],"wp:attachment":[{"href":"https:\/\/rafalk-elblag.pl\/index.php?rest_route=%2Fwp%2Fv2%2Fmedia&parent=5268"}],"wp:term":[{"taxonomy":"category","embeddable":true,"href":"https:\/\/rafalk-elblag.pl\/index.php?rest_route=%2Fwp%2Fv2%2Fcategories&post=5268"},{"taxonomy":"post_tag","embeddable":true,"href":"https:\/\/rafalk-elblag.pl\/index.php?rest_route=%2Fwp%2Fv2%2Ftags&post=5268"}],"curies":[{"name":"wp","href":"https:\/\/api.w.org\/{rel}","templated":true}]}}