{"id":5247,"date":"2023-10-07T16:12:14","date_gmt":"2023-10-07T16:12:14","guid":{"rendered":"https:\/\/rafalk-elblag.pl\/?p=5247"},"modified":"2023-10-07T16:15:04","modified_gmt":"2023-10-07T16:15:04","slug":"08-10-2023r-xxvii-niedziela-zwykla","status":"publish","type":"post","link":"https:\/\/rafalk-elblag.pl\/?p=5247","title":{"rendered":"08.10.2023r. XXVII Niedziela Zwyk\u0142a"},"content":{"rendered":"\n<h2 class=\"wp-block-heading\">Rozwa\u017cania R\u00f3\u017ca\u0144cowe<\/h2>\n\n\n\n<p>Pierwsz\u0105 i najstarsz\u0105 modlitw\u0105 chrze\u015bcijan jest modlitwa, kt\u00f3rej nauczy\u0142 sam Jezus &#8211; \u201eOjcze nasz\u201d. Dlatego te\u017c pierwsze regu\u0142y zakonne zobowi\u0105zywa\u0142y mnich\u00f3w do wielokrotnego powtarzania w\u0142a\u015bnie tej modlitwy.<\/p>\n\n\n\n<p>Od pierwszych wiek\u00f3w chrze\u015bcija\u0144stwa odczuwano tak\u017ce potrzeb\u0119 proszenia o wstawiennictwo Naj\u015bwi\u0119tsz\u0105 Maryj\u0119 Pann\u0119. Dlatego w XII wieku utrwali\u0142 si\u0119 w Ko\u015bciele zwyczaj odmawiania pozdrowienia, kt\u00f3rym w zwiastowaniu Anio\u0142 przywita\u0142 Maryj\u0119. Z czasem dodano do nich s\u0142owa wypowiedziane przez \u015bwi\u0119t\u0105 El\u017cbiet\u0119 w czasie nawiedzenia. Obecna forma \u201eZdrowa\u015b Maryjo\u201d ostatecznie ukszta\u0142towa\u0142a si\u0119 w XV wieku. Zatwierdzi\u0142 j\u0105 Pius V w 1566 roku. Z czasem do modlitwy \u201eOjcze nasz\u201d zacz\u0119to dodawa\u0107 \u201eZdrowa\u015b Maryjo\u201d. I tak te dwie modlitwy da\u0142y pocz\u0105tek R\u00f3\u017ca\u0144cowi.<\/p>\n\n\n\n<p>Je\u015bli Matka Bo\u017ca podczas objawie\u0144 prosi nas o R\u00f3\u017caniec, to prosi nas w\u0142a\u015bnie o poznanie tajemnic wiary i o \u017cycie tymi tajemnicami. Prosi tak\u017ce dlatego, \u017ce Ona jest w R\u00f3\u017ca\u0144cu i chce nam pomaga\u0107 wnika\u0107 w owe tajemnice. To jest \u0142aska R\u00f3\u017ca\u0144ca &#8211; przybli\u017ca\u0107 nam tajemnice wiary i umacnia\u0107 nas w nich.<\/p>\n\n\n\n<p>Praktyka R\u00f3\u017ca\u0144ca wymaga jednak drobnych podpowiedzi: jak si\u0119 modli\u0107, jak rozwa\u017ca\u0107 tajemnice? Przede wszystkim modl\u0105c si\u0119 na R\u00f3\u017ca\u0144cu, nale\u017cy pr\u00f3bowa\u0107 wyobra\u017ca\u0107 je sobie: kto uczestniczy\u0142 w wydarzeniach danej tajemnicy, gdzie to si\u0119 dzia\u0142o i jak to miejsce mog\u0142o wygl\u0105da\u0107. Nast\u0119pnie nale\u017cy zastanowi\u0107 si\u0119, co, dlaczego i po co B\u00f3g uczyni\u0142, co uczyni\u0142y osoby, o kt\u00f3rych mowa w tajemnicach, co mog\u0142y prze\u017cywa\u0107. Wreszcie mo\u017cna por\u00f3wnywa\u0107 si\u0119 z nimi: czy ja tak samo post\u0119puj\u0119, co czyni\u0119 w podobnych sytuacjach; przyr\u00f3wnywa\u0107 swoje post\u0119powanie do Pana Jezusa, Maryi i innych. Rozwa\u017caniom mog\u0105 towarzyszy\u0107 uczucia, mo\u017ce zrodzi\u0107 si\u0119 w sercu skrucha lub uczucie wdzi\u0119czno\u015bci; je\u015bli trzeba, pro\u015bmy, \u017ca\u0142ujmy, przepraszajmy, wyra\u017cajmy nasz\u0105 mi\u0142o\u015b\u0107.&nbsp;<\/p>\n\n\n\n<p>Wydawa\u0107 by&nbsp;si\u0119 mog\u0142o, \u017ce r\u00f3\u017caniec jest modlitw\u0105 wy\u0142\u0105cznie maryjn\u0105. W istocie jednak w jej centrum jest Chrystus, kt\u00f3ry&nbsp;nas do ko\u0144ca umi\u0142owa\u0142. To prawda, \u017ce&nbsp;gdy&nbsp;odmawiamy R\u00f3\u017caniec, Maryja uczy nas odkrywa\u0107 i&nbsp;rozumie\u0107 Bo\u017ce tajemnice. Ewangelista \u0141ukasz umie\u015bci\u0142 w swojej Ewangelii informacj\u0119, \u017ce Maryja zachowywa\u0142a i rozwa\u017ca\u0142a w swoim sercu Bo\u017ce sprawy, czyli czyny i s\u0142owa Pana Jezusa. Modl\u0105c si\u0119 na&nbsp;r\u00f3\u017ca\u0144cu, stajemy si\u0119 jakby na\u015bladowcami Maryi. Ewangelia, stopniowo przenikaj\u0105c nasz\u0105 \u015bwiadomo\u015b\u0107, umacnia nasz\u0105 wiar\u0119 i&nbsp;przybli\u017ca do&nbsp;Boga. W&nbsp;R\u00f3\u017ca\u0144cu Maryja jest z&nbsp;jednej strony or\u0119downiczk\u0105, z&nbsp;drugiej za\u015b T\u0105, kt\u00f3ra&nbsp;jako jedna z nas osi\u0105gn\u0119\u0142a pe\u0142ne zjednoczenie z&nbsp;Bogiem i&nbsp;jest potwierdzeniem, gwarancj\u0105 Bo\u017cych obietnic oraz&nbsp;\u017ar\u00f3d\u0142em naszej nadziei \u2013 zmierzamy tam, gdzie Ona ju\u017c jest.<\/p>\n\n\n\n<p>Pod&nbsp;koniec XIX w. papie\u017c Leon XIII pisa\u0142, \u017ce&nbsp;R\u00f3\u017caniec uczy m\u0105drego prze\u017cywania swojej codzienno\u015bci (cz\u0119\u015b\u0107&nbsp;I), swoich cierpie\u0144 (cz\u0119\u015b\u0107&nbsp;II) oraz&nbsp;nastawia na&nbsp;\u017cycie przysz\u0142e (cz\u0119\u015b\u0107&nbsp;III).<\/p>\n\n\n\n<p><em>Nigdy nie&nbsp;zapomn\u0119 moich&nbsp;dzieci\u0119cych lat, gdy&nbsp;w&nbsp;domu rodzinnym ka\u017cdy wiecz\u00f3r ko\u0144czy\u0142 si\u0119 wsp\u00f3lnym odm\u00f3wieniem cz\u0105stki r\u00f3\u017ca\u0144ca \u015bwi\u0119tego. I&nbsp;to&nbsp;nie&nbsp;tylko&nbsp;w&nbsp;pa\u017adzierniku, ale&nbsp;przez&nbsp;ca\u0142y rok. Mo\u017ce dla nas, dzieci, by\u0142o to&nbsp;nieraz trudne, mo\u017ce chcia\u0142o si\u0119 spa\u0107, ale&nbsp;jednak rodzice nasi czuwali, aby dzie\u0144 ko\u0144czy\u0142 si\u0119 r\u00f3\u017ca\u0144cem.<\/em>                                                                                                           b\u0142. kard. Stefan Wyszy\u0144ski<\/p>\n\n\n\n<figure class=\"wp-block-image\"><a href=\"http:\/\/rafalk-elblag.pl\/wp-content\/uploads\/2021\/08\/ogloszenia-parafialne-baner-01a.jpg\"><img loading=\"lazy\" decoding=\"async\" width=\"720\" height=\"232\" src=\"http:\/\/rafalk-elblag.pl\/wp-content\/uploads\/2021\/08\/ogloszenia-parafialne-baner-01a.jpg\" alt=\"\" class=\"wp-image-4410\" srcset=\"https:\/\/rafalk-elblag.pl\/wp-content\/uploads\/2021\/08\/ogloszenia-parafialne-baner-01a.jpg 720w, https:\/\/rafalk-elblag.pl\/wp-content\/uploads\/2021\/08\/ogloszenia-parafialne-baner-01a-300x97.jpg 300w\" sizes=\"auto, (max-width: 720px) 100vw, 720px\" \/><\/a><\/figure>\n\n\n\n<h1 class=\"wp-block-heading\">Og\u0142oszenia parafialne 08.10.2023r.<\/h1>\n\n\n\n<ol class=\"wp-block-list\" type=\"1\">\n<li><strong>MIESI\u0104C R\u00d3\u017bA\u0143CA \u015aWI\u0118TEGO.<\/strong> Zapraszamy na nabo\u017ce\u0144stwa z\u00a0 wystawieniem Naj\u015bwi\u0119tszego Sakramentu. Wierni, kt\u00f3rzy odmawiaj\u0105 cz\u0119\u015b\u0107 R\u00f3\u017ca\u0144ca (5 dziesi\u0105tek) w ko\u015bciele lub rodzinnie mog\u0105 uzyska\u0107 <strong>ODPUST ZUPE\u0141NY<\/strong>. Zapraszamy do wsp\u00f3lnej modlitwy: doros\u0142ych i m\u0142odzie\u017c o<strong> godz. 17:15<\/strong>.<\/li>\n\n\n\n<li><strong>ZAPRASZAMY DO SKORZYSTANIA<\/strong> <strong>Z MISJI PARAFILNYCH<\/strong> <strong>KT\u00d3RE POTRWAJ\u0104&nbsp; DO 14 PA\u0179DZIERNIKA 2023<\/strong> <br><strong>PLAN OTRZYMA\u0141A KA\u017bDA RODZINA<\/strong><\/li>\n\n\n\n<li>W sobot\u0119 14 pa\u017adziernika obchodzimy <strong>DZIE\u0143 NAUCZYCIELA<\/strong>. Sk\u0142adamy wszystkim pedagogom, katechetom i pracownikom o\u015bwiaty najserdeczniejsze \u017cyczenia cierpliwo\u015bci<br>i rado\u015bci. Niech Pan B\u00f3g b\u0142ogos\u0142awi w pracy. <br><em>Zapraszamy w tym dniu uczni\u00f3w, nauczycieli i katechet\u00f3w na wsp\u00f3lny R\u00f3\u017caniec o godz. 17:15.<\/em><\/li>\n\n\n\n<li><strong>W przysz\u0142\u0105 niedziel\u0119 (15 pa\u017adziernika) obchodzi\u0107 b\u0119dziemy XXIII Dzie\u0144 Papieski pod has\u0142em \u201eCYWILIZACJA \u017bYCIA\u201d. <\/strong>Z tej okazji m\u0142odzie\u017c przed ko\u015bcio\u0142em b\u0119dzie zbiera\u0107 do puszek pieni\u0105dze na stypendia w ramach Fundacji<em> Dzie\u0142o Nowego Tysi\u0105clecia.<\/em><\/li>\n\n\n\n<li>W poniedzia\u0142ek 16 pa\u017adziernika dzie\u0144 spotkania Bractwa Szkaplerznego i Rodziny Szkaplerznej oraz dzie\u0144 modlitw za wstawiennictwem \u015bw. Jana Paw\u0142a II. <strong>W tym dniu 45 lat temu ca\u0142a Polska <\/strong>us\u0142ysza\u0142a s\u0142owa:<strong> <em>Habemus Papam<\/em> obwieszczaj\u0105ce wyb\u00f3r kard. Karola Wojty\u0142y na Stolic\u0119 Piotrow\u0105<\/strong>. <br><em>W tym dniu zapraszamy na wsp\u00f3lny R\u00f3\u017caniec \u015awi\u0119ty o godz. 17:15 i Msz\u0119 \u015bw. o godz. 18:00 z mo\u017cliwo\u015bci\u0105 przyj\u0119cia Szkaplerza \u015bwi\u0119tego.<\/em><\/li>\n\n\n\n<li><strong>KANCELARIA PARAFIALNA:<\/strong> czynna w \u015brody&nbsp; od 16:00 do 17:30 oraz w pi\u0105tki po Mszy \u015bw. wieczorowej do 19:30. <em>Zapraszamy.<\/em><\/li>\n\n\n\n<li>Jest ju\u017c mo\u017cliwo\u015b\u0107 zamawiania i rezerwacji Mszy \u015bwi\u0119tej <strong>na ROK 2024<\/strong>. Informacj\u0119 t\u0119 podajemy dla tych wszystkich, kt\u00f3rzy pragn\u0105 w konkretnym dniu zam\u00f3wi\u0107 intencj\u0119 mszaln\u0105. <em><u>ZAPRASZAMY.<\/u><\/em><\/li>\n\n\n\n<li>Zach\u0119camy do nabywania nowego numeru \u201eGo\u015bcia Niedzielnego\u201d w cenie 10 z\u0142. z dodatkiem \u201eGo\u015b\u0107 Elbl\u0105ski\u201d. Dzi\u015b&nbsp; mamy mo\u017cliwo\u015b\u0107&nbsp; nabycia&nbsp; GO\u015aCIA EXTRA w cenie 14 z\u0142. po\u015bwi\u0119conego Matce Bo\u017cej oraz prosimy o zabranie <strong>BIULETYNU PARAFIALNEGO.<\/strong><\/li>\n\n\n\n<li>&nbsp;Pan powo\u0142a\u0142 do wieczno\u015bci:&nbsp; \u015bp. Helen\u0119 DUTKA lat 88 z ul. Leszczy\u0144skiego<em>. <\/em><br> <em>Wieczny odpoczynek racz jej da\u0107 Panie! A \u015bwiat\u0142o\u015b\u0107 wiekuista niechaj jej \u015bwieci.<\/em><\/li>\n<\/ol>\n\n\n\n<p><\/p>\n\n\n\n<figure class=\"wp-block-image\"><img decoding=\"async\" src=\"http:\/\/rafalk-elblag.pl\/wp-content\/uploads\/2020\/04\/baner-intencje-mszy.jpg\" alt=\"\"\/><\/figure>\n\n\n\n<h1 class=\"wp-block-heading\">Intencje mszalne 08.10.2023r.<\/h1>\n\n\n\n<p><strong>PONIEDZIA\u0141EK \/ 9 pa\u017adziernika 2023 r.<\/strong> \u0141k 10,25-37<br>8.00 \u015bp. Marcinek Wi\u015bniewski (w 33 rocznic\u0119 \u015bmierci)<br>11.00 Za zmar\u0142ych z rodziny Palkowskich<br>18.00 \u015bp. Rodzice, bracia, te\u015bciowie oraz \u015bp. Halina Rajska<br>18.00 \u015bp. Marcin Kurosad (9 greg.)<\/p>\n\n\n\n<p><strong>WTOREK \/ 10 pa\u017adziernika 2023 r.<\/strong> \u0141k 10,38-42<br>8.00 \u015bp. Marcin Kurosad (10 greg.)<br>11.00 Za ks. Grzegorza Wal\u0119, z pro\u015bb\u0105 o \u0142aski i b\u0142ogos\u0142awie\u0144stwo w \u017cyciu kap\u0142a\u0144skim<br>18.00 \u015bp. Krzysztof i Dariusz Morzy<br>18.00 \u015bp. Jan Chojnacki (intencja od rodziny z Witkowa)<\/p>\n\n\n\n<p><strong>\u015aRODA \/ 11 pa\u017adziernika 2023 r.<\/strong> \u0141k 11,1-4<br>8.00 \u015bp. Marcin Kurosad (11 greg.)<br>11.00 \u015bp. Stanis\u0142aw Wi\u015bniewski, rodzice z obojga stron i rodze\u0144stwo<br>18.00 \u015bp. J\u00f3zef Kwiatosz (z okazji urodzin) oraz \u015bp. rodzice z obojga stron<br>18.00 \u015bp. Piotr i Bronis\u0142awa [k] Wawryszuk i zmarli z rodzin Marchalewskich, Korzeniewskich i Nesteruk\u00f3w<\/p>\n\n\n\n<p><strong>CZWARTEK \/ 12 pa\u017adziernika 2023 r.<\/strong> \u0141k 11,5-13<br>8.00 \u015bp. Leszek Szandrach (w 15 rocznic\u0119 \u015bmierci) i zmarli z rodziny<br>11.00 \u015bp. Marcin Kurosad (12 greg.)<br>18.00 \u015bp. Tadeusz (1 rocznica \u015bmierci)<br>18.00 \u015bp. Tomasz Remblewski (w 20 rocznic\u0119 \u015bmierci), Alicja Remblewska (w 18 rocznic\u0119 \u015bmierci), Damian Padalis<\/p>\n\n\n\n<p><strong>PI\u0104TEK \/ 13 pa\u017adziernika 2023 r.<\/strong> \/ \u015bw. Honorata Ko\u017ami\u0144skiego \u0141k 11,15-26<br>8.00 Za dusze w czy\u015b\u0107cu cierpi\u0105ce<br>8.00 \u015bp. Marcin Kurosad (13 greg.)<br>11.00 \u015bp. Jaros\u0142aw Goldberg (w 30 dzie\u0144 po pogrzebie)<br>18.00 \u015bp. W\u0142odzimierz Purzycki (w 2 rocznic\u0119 \u015bmierci)<br>18.00 \u015bp. Jan, Bronis\u0142awa [k] Wo\u015b<\/p>\n\n\n\n<p><strong>SOBOTA \/ 14 pa\u017adziernika 2023 r.<\/strong> \u0141k 10, 27-28<br>8.00 Dzi\u0119kczynna w 18 urodziny Agaty Lasek, z pro\u015bb\u0105 o zdrowie, Bo\u017ce b\u0142. i dary Ducha \u015awi\u0119tego<br>11.00 \u015bp. Marcin Kurosad (14 greg.)<br>11.00 Msza \u015bw. dzi\u0119kczynna na zako\u0144czenie Misji parafialnych<br>18.00 \u015bp. Janusz Krogulec, Teresa Krogulec<br>18.00 \u015bp. Teresa Ma\u0142kowska (z okazji imienin)<\/p>\n\n\n\n<p><strong>XXVIII NIEDZIELA ZWYK\u0141A \/ 15 pa\u017adziernika 2023 r.<\/strong> Mt 22,1-14<br>8.00 Za dusze w czy\u015b\u0107cu cierpi\u0105ce<br>10.00 \u015bp. Mieczys\u0142aw Zygmunt (w 7 rocznic\u0119 \u015bmierci)<br>10.00 \u015bp. Marcin Kurosad (15 greg.)<br>12.00 Dzi\u0119kczynna w 50 rocznic\u0119 \u015blubu Zofii i J\u00f3zefa Lazur, z pro\u015bb\u0105 o Bo\u017ce b\u0142. i potrzebne \u0142aski dla Jubilat\u00f3w<br>15.00 \u015bp. Edmund Go\u0142y\u0144ski (w 19 rocznic\u0119 \u015bmierci) i zmarli z rodziny<br>18.00 W intencji Parafian<\/p>\n","protected":false},"excerpt":{"rendered":"<p>Rozwa\u017cania R\u00f3\u017ca\u0144cowe Pierwsz\u0105 i najstarsz\u0105 modlitw\u0105 chrze\u015bcijan jest modlitwa, kt\u00f3rej nauczy\u0142 sam Jezus &#8211; \u201eOjcze nasz\u201d. Dlatego te\u017c pierwsze regu\u0142y zakonne zobowi\u0105zywa\u0142y mnich\u00f3w do wielokrotnego powtarzania w\u0142a\u015bnie tej modlitwy. Od pierwszych wiek\u00f3w chrze\u015bcija\u0144stwa odczuwano tak\u017ce potrzeb\u0119 proszenia o wstawiennictwo Naj\u015bwi\u0119tsz\u0105 Maryj\u0119 Pann\u0119. Dlatego w XII wieku utrwali\u0142 si\u0119 w Ko\u015bciele zwyczaj odmawiania pozdrowienia, kt\u00f3rym w [&hellip;]<\/p>\n","protected":false},"author":1,"featured_media":5248,"comment_status":"closed","ping_status":"closed","sticky":false,"template":"","format":"standard","meta":{"ngg_post_thumbnail":0,"footnotes":""},"categories":[11,8,4,3],"tags":[],"class_list":["post-5247","post","type-post","status-publish","format-standard","has-post-thumbnail","hentry","category-aktualnosci","category-blog","category-intencje","category-ogloszenia"],"_links":{"self":[{"href":"https:\/\/rafalk-elblag.pl\/index.php?rest_route=\/wp\/v2\/posts\/5247","targetHints":{"allow":["GET"]}}],"collection":[{"href":"https:\/\/rafalk-elblag.pl\/index.php?rest_route=\/wp\/v2\/posts"}],"about":[{"href":"https:\/\/rafalk-elblag.pl\/index.php?rest_route=\/wp\/v2\/types\/post"}],"author":[{"embeddable":true,"href":"https:\/\/rafalk-elblag.pl\/index.php?rest_route=\/wp\/v2\/users\/1"}],"replies":[{"embeddable":true,"href":"https:\/\/rafalk-elblag.pl\/index.php?rest_route=%2Fwp%2Fv2%2Fcomments&post=5247"}],"version-history":[{"count":2,"href":"https:\/\/rafalk-elblag.pl\/index.php?rest_route=\/wp\/v2\/posts\/5247\/revisions"}],"predecessor-version":[{"id":5250,"href":"https:\/\/rafalk-elblag.pl\/index.php?rest_route=\/wp\/v2\/posts\/5247\/revisions\/5250"}],"wp:featuredmedia":[{"embeddable":true,"href":"https:\/\/rafalk-elblag.pl\/index.php?rest_route=\/wp\/v2\/media\/5248"}],"wp:attachment":[{"href":"https:\/\/rafalk-elblag.pl\/index.php?rest_route=%2Fwp%2Fv2%2Fmedia&parent=5247"}],"wp:term":[{"taxonomy":"category","embeddable":true,"href":"https:\/\/rafalk-elblag.pl\/index.php?rest_route=%2Fwp%2Fv2%2Fcategories&post=5247"},{"taxonomy":"post_tag","embeddable":true,"href":"https:\/\/rafalk-elblag.pl\/index.php?rest_route=%2Fwp%2Fv2%2Ftags&post=5247"}],"curies":[{"name":"wp","href":"https:\/\/api.w.org\/{rel}","templated":true}]}}