{"id":5241,"date":"2023-09-30T18:40:52","date_gmt":"2023-09-30T18:40:52","guid":{"rendered":"https:\/\/rafalk-elblag.pl\/?p=5241"},"modified":"2023-09-30T18:48:50","modified_gmt":"2023-09-30T18:48:50","slug":"ogloszenia-01-10-2023r-xxvi-niedziela-zwykla","status":"publish","type":"post","link":"https:\/\/rafalk-elblag.pl\/?p=5241","title":{"rendered":"Og\u0142oszenia 01.10.2023r., XXVI Niedziela Zwyk\u0142a"},"content":{"rendered":"\n<h2 class=\"wp-block-heading\">Misje \u015bwi\u0119te<\/h2>\n\n\n\n<p>S\u0105 to rekolekcje, kt\u00f3re przeprowadza si\u0119 co kilka lat najcz\u0119\u015bciej 10, nie tylko dla wyznaczonej grupy ale s\u0105 to rekolekcje dla ca\u0142ej parafii. Celem misji jest umocnienie i odnowienie \u017cycia wiary.<\/p>\n\n\n\n<p>Zwykle misje trwaj\u0105 ca\u0142y tydzie\u0144. Na zaproszenie ksi\u0119dza proboszcza przyje\u017cd\u017caj\u0105 ksi\u0119\u017ca misjonarze, kt\u00f3rzy g\u0142osz\u0105 wiernym nauki o zasadniczych prawdach wiary i moralno\u015bci. W parafii s\u0105 odprawiane nabo\u017ce\u0144stwa, a na zako\u0144czenie misji wierni maj\u0105 okazj\u0119 do zyskania Odpustu Zupe\u0142nego, odbywa si\u0119 tak\u017ce &nbsp;uroczyste po\u015bwi\u0119cenie krzy\u017ca misyjnego, kt\u00f3ry misjonarze ustanawiaj\u0105 przed ko\u015bcio\u0142em. Korzystaj\u0105c z tego czasu, ka\u017cdy wierny mo\u017ce otworzy\u0107 swoje serce na Boga.<\/p>\n\n\n\n<p>Bogactwo modlitewne tygodnia misyjnego w parafii jest naprawd\u0119 bardzo wielkie.<\/p>\n\n\n\n<p>Wsp\u00f3lnie z ksi\u0119dzem proboszczem, kt\u00f3ry dobrze zna swoj\u0105 parafi\u0119 uk\u0142adany jest plan \u0107wicze\u0144 duchownych. Przed rozpocz\u0119ciem misji parafialnych wierni wraz ze swoim duszpasterzem przez d\u0142u\u017cszy czas modl\u0105 si\u0119 o duchowe owoce misji oraz o dary Ducha \u015awi\u0119tego dla misjonarzy. To bardzo wa\u017cne, aby\u015bmy si\u0119 modlili w ich intencji: indywidualnie, wsp\u00f3lnie w domu ca\u0142\u0105 rodzin\u0105, w czasie nabo\u017ce\u0144stw. Mo\u017cemy nawet podj\u0105\u0107 wyrzeczenia (dobre postanowienia) w ich intencji. Ci z nas, kt\u00f3rzy nios\u0105 krzy\u017c choroby, niech zechc\u0105 swoje cierpienia ofiarowa\u0107 w intencji misji.<\/p>\n\n\n\n<p>Po dokonaniu dzie\u0142a Odkupienia (po m\u0119ce, \u015bmierci i zmartwychwstaniu), Jezus zleci\u0142 g\u0142oszenie S\u0142owa Bo\u017cego za\u0142o\u017conej przez siebie wsp\u00f3lnocie wiernych \u2013 czyli Ko\u015bcio\u0142owi. Pami\u0119tamy na pewno polecenie, jakie Jezus wyda\u0142 aposto\u0142om tu\u017c przed swoim wniebowst\u0105pieniem aby szli i nauczali wszystkie narody, udzielaj\u0105c im chrztu oraz aby uczyli je zachowywa\u0107 wszystko, co Jezus im przekaza\u0142 (por. Mt 28, 19-20). Tak zacz\u0119\u0142a si\u0119 praca misyjna Ko\u015bcio\u0142a.<\/p>\n\n\n\n<p>Chrze\u015bcijanom ci\u0105gle zagra\u017caj\u0105 rozmaite duchowe niebezpiecze\u0144stwa; grozi im upadek obyczaj\u00f3w, a cz\u0119sto podejmuj\u0105 styl \u017cycia sprzeczny z zasadami wynikaj\u0105cymi&nbsp;&nbsp; z Ewangelii. S\u0105 takie sytuacje, kiedy cz\u0142owiek zamyka si\u0119 na Boga. B\u00f3g staje si\u0119 dla niego kim\u015b oboj\u0119tnym. Chrystus jednak chce przyj\u015b\u0107 do ka\u017cdego cz\u0142owieka. W takiej sytuacji Ko\u015bci\u00f3\u0142 posy\u0142a\u0142 do swoich wiernych misjonarzy, kt\u00f3rzy odnawiali i pozyskiwali wielu ludzi na nowo dla Chrystusa.<\/p>\n\n\n\n<p>Wiara rodzi si\u0119 z tego co s\u0142yszymy \u2013 powiedzia\u0142 \u015bw. Pawe\u0142. Podstawowym sposobem budzenia do wiary jest wi\u0119c przepowiadanie s\u0142owa Bo\u017cego. Jest to przepowiadanie polegaj\u0105ce na jasnym, prostym i bezpo\u015brednim ukazaniu osoby Jezusa Chrystusa, kt\u00f3ry zmartwychwsta\u0142 i \u017cyje w swoim Ko\u015bciele. Opiera si\u0119 na przekonaniu, \u017ce osoba Jezusa Chrystusa posiada sama w sobie tak\u0105 moc przyci\u0105gania, a dzia\u0142anie Ducha \u015awi\u0119tego uzdalnia ludzkie serca do przyj\u0119cia Go wiar\u0105. Uczestnicy Misji musz\u0105 wtedy stan\u0105\u0107 wobec zasadniczego wyboru swojego \u017cycia opowiedzenia si\u0119 za Chrystusem.<\/p>\n\n\n\n<p>Nie jest mo\u017cliwym dokonanie oceny efektywno\u015bci pos\u0142ugi misyjnej, gdy\u017c dotyka ona przede wszystkim wymiaru duchowego cz\u0142owieka i dlatego nie da si\u0119 jej zmierzy\u0107 ani zwa\u017cy\u0107. Nie da si\u0119 jej uj\u0105\u0107 w \u017cadne statystyki ani podsumowania. Pozostanie wi\u0119c ona zawsze tajemnic\u0105.&nbsp;<\/p>\n\n\n\n<figure class=\"wp-block-image\"><a href=\"http:\/\/rafalk-elblag.pl\/wp-content\/uploads\/2021\/08\/ogloszenia-parafialne-baner-01a.jpg\"><img loading=\"lazy\" decoding=\"async\" width=\"720\" height=\"232\" src=\"http:\/\/rafalk-elblag.pl\/wp-content\/uploads\/2021\/08\/ogloszenia-parafialne-baner-01a.jpg\" alt=\"\" class=\"wp-image-4410\" srcset=\"https:\/\/rafalk-elblag.pl\/wp-content\/uploads\/2021\/08\/ogloszenia-parafialne-baner-01a.jpg 720w, https:\/\/rafalk-elblag.pl\/wp-content\/uploads\/2021\/08\/ogloszenia-parafialne-baner-01a-300x97.jpg 300w\" sizes=\"auto, (max-width: 720px) 100vw, 720px\" \/><\/a><\/figure>\n\n\n\n<h1 class=\"wp-block-heading\">Og\u0142oszenia parafialne 01.10.2023r.<\/h1>\n\n\n\n<ol class=\"wp-block-list\" type=\"1\">\n<li><strong>PRZED NAMI MIESI\u0104C R\u00d3\u017bA\u0143CA \u015aWI\u0118TEGO.<\/strong> Zapraszamy na nabo\u017ce\u0144stwa z&nbsp; wystawieniem Naj\u015bwi\u0119tszego Sakramentu. Wierni, kt\u00f3rzy odmawiaj\u0105 cz\u0119\u015b\u0107 R\u00f3\u017ca\u0144ca&nbsp;(5 dziesi\u0105tek) w ko\u015bciele lub rodzinnie mog\u0105 uzyska\u0107 <strong>ODPUST ZUPE\u0141NY<\/strong>. Zapraszamy do wsp\u00f3lnej modlitwy: doros\u0142ych i m\u0142odzie\u017c <strong>o godz. 17:15<\/strong>, a&nbsp;dzieci zapraszamy: <strong>w \u015brody i czwartki o godz. 16:30.<\/strong><\/li>\n\n\n\n<li>W dniu dzisiejszym indywidualna<strong> ADORACJA NAJ\u015aWI\u0118TSZEGO SAKRAMENTU <\/strong>od godz. 16:00 do godz. 17:15.<em>&nbsp;Znajd\u017a czas, aby by\u0107 sam na sam z Twoim Panem.<\/em><\/li>\n\n\n\n<li><strong>PAMI\u0118TAJMY:<\/strong> Z\u0142o\u017cone dzisiaj ofiary na tac\u0119 przeznaczone s\u0105 na inwestycje w naszej parafii. Obecnie zbieramy na sp\u0142acenie wykonanych prac w Ko\u015bciele. <em>B\u00f3g zap\u0142a\u0107 za sk\u0142adane ofiary<strong>.<\/strong><\/em><\/li>\n\n\n\n<li>Spotkanie dla rodzic\u00f3w dzieci klasy IV &#8211; przygotowuj\u0105cych si\u0119 do <strong>ROCZNICY KOMUNII \u015aWI\u0118TEJ<\/strong> odb\u0119dzie si\u0119 w poniedzia\u0142ek 2 pa\u017adziernika br. o godz. 19:00&nbsp;w ko\u015bciele. <em><u>Obecno\u015b\u0107 rodzic\u00f3w obowi\u0105zkowa!<\/u><\/em><\/li>\n\n\n\n<li><strong>W tym tygodniu przypada:<\/strong> <br><strong>I czwartek miesi\u0105ca (5 X)<\/strong> \u2013 zapraszamy na Msz\u0119 \u015bw. o godz. 18:00, a po Mszy na Adoracj\u0119 Naj\u015bwi\u0119tszego Sakramentu tj. na \u201eGODZIN\u0118 \u015aWI\u0118T\u0104\u201d<em>&nbsp; Zach\u0119camy wszystkie \u201eMargaretki\u201d do wsp\u00f3lnej modlitwy.<\/em><br><strong>I pi\u0105tek miesi\u0105ca (6 X) <\/strong>spowied\u017a dla dzieci od godz. 16:00 i Msza \u015bw. o godz. 16:30 Natomiast spowied\u017a m\u0142odzie\u017cy i doros\u0142ych w tygodniu od godz. 17:30.&nbsp;<br><strong>I sobota miesi\u0105ca (7 X) <\/strong>W sobot\u0119 7 pa\u017adziernika obchodzimy <strong>\u015aWI\u0118TO MATKI BO\u017bEJ R\u00d3\u017bA\u0143COWEJ<\/strong>. Tego dnia zapraszamy wszystkich parafian a szczeg\u00f3lnie czcicieli Matki Bo\u017cej o specjalne uczczenie tego dnia wsp\u00f3ln\u0105 modlitw\u0105 przed Naj\u015bwi\u0119tszym Sakramentem i Nabo\u017ce\u0144stwem Maryjnym z racji I soboty. Uroczysto\u015b\u0107 nasz\u0105 rozpoczniemy:<br><em>godz. 15:00 &#8211; AGAPA ( kawa i ciasto)<\/em><br><em>godz. 17:00 &#8211; wsp\u00f3lny R\u00f3\u017caniec Parafialny<\/em><br><em>godz.18:00 \u2013 MSZA \u015aWI\u0118TA W INTENCJI CZCICIELI MATKI BO\u017bEJ R\u00d3\u017bA\u0143COWEJ I MISJI \u015aWI\u0118TYCH<\/em>\n<ul class=\"wp-block-list\">\n<li><strong>ROZPOCZ\u0118CIE MISJI PARAFILNYCH<br>KT\u00d3RE POTRWAJ\u0104 OD 7 DO 14 PA\u0179DZIERNIKA 2023<br>ZAPROSZENIE Z PLANEM OTRZYMA\u0141A KA\u017bDA RODZINA<\/strong><\/li>\n<\/ul>\n<\/li>\n\n\n\n<li><strong>W I pi\u0105tek<\/strong> miesi\u0105ca (6 X) z Panem Jezusem udamy si\u0119 do chorych: ks. Proboszcz&nbsp;i ks. Sylwester od godz. 9:30. Ks. Mateusz do swoich chorych uda si\u0119 w sobot\u0119 (7 X) od godz. 10:00. <em>Prosimy zg\u0142asza\u0107 do kap\u0142an\u00f3w chorych pragn\u0105cych rozpocz\u0105\u0107&nbsp; 9 pierwszych pi\u0105tk\u00f3w.<\/em><\/li>\n\n\n\n<li><strong>Wsp\u00f3lnota Odnowy w Duchu \u015awi\u0119tym &#8222;Syjon&#8221;<\/strong> dzia\u0142aj\u0105ca przy parafii \u015bw. Paw\u0142a Aposto\u0142a w Elbl\u0105gu przy ul. Obro\u0144c\u00f3w Pokoju 10, &nbsp;serdecznie zaprasza na <strong>UWIELBIENIE<\/strong> kt\u00f3re odb\u0119dzie si\u0119 w KO\u015aCIELE czwartek 5 pa\u017adziernika 2023 po wieczornej Mszy \u015awi\u0119tej.&nbsp;Przed Msz\u0105 \u015bwi\u0119t\u0105 mo\u017cliwo\u015b\u0107 skorzystania z sakramentu pojednania i pokuty, o 18:00 Msza \u015bwi\u0119ta a po <strong><em>UWIELBIENIE ZAKO\u0143CZONE B\u0141OGOS\u0141AWIE\u0143STWEM NAJ\u015aWI\u0118TSZYM SAKRAMENTEM.<\/em><\/strong><\/li>\n\n\n\n<li>Mamy mo\u017cliwo\u015b\u0107 skorzystanie z<strong> Sakramentu Spowiedzi \u015awi\u0119tej <\/strong>w tygodniu:<br>od godz. 7:45 oraz od godz. 17:30. Prosimy, aby korzysta\u0107 z sakramentu pojednania przed Msz\u0105 \u015bwi\u0119t\u0105. <em><u>Dzi\u0119kujemy<\/u><\/em><\/li>\n\n\n\n<li><strong>KANCELARIA PARAFIALNA:<\/strong> czynna w \u015brody&nbsp; od 16:00 do 17:30 oraz w pi\u0105tki po Mszy \u015bw. wieczorowej do 19:30. <em>Zapraszamy.<\/em><\/li>\n\n\n\n<li>Jest ju\u017c mo\u017cliwo\u015b\u0107 zamawiania i rezerwacji Mszy \u015bwi\u0119tej <strong>na ROK 2024<\/strong>. Informacj\u0119&nbsp;t\u0119 podajemy dla tych wszystkich, kt\u00f3rzy pragn\u0105 w konkretnym dniu zam\u00f3wi\u0107 intencj\u0119 mszaln\u0105. <em><u>ZAPRASZAMY.<\/u><\/em><\/li>\n\n\n\n<li>Zach\u0119cam do nabywania nowego numeru \u201eGo\u015bcia Niedzielnego\u201d w cenie 10 z\u0142. oraz zabrania naszego <strong>BIULETYNU PARAFIALNEGO.<\/strong><\/li>\n\n\n\n<li>Pan powo\u0142a\u0142 do wieczno\u015bci:&nbsp; \u015bp. Leokadi\u0119 KWIATKOWSK\u0104 lat 71 z ul. Leszczy\u0144skiego<br><em>Wieczny odpoczynek racz jej da\u0107 Panie! A \u015bwiat\u0142o\u015b\u0107 wiekuista niechaj jej \u015bwieci.<\/em><\/li>\n<\/ol>\n\n\n\n<p><\/p>\n\n\n\n<figure class=\"wp-block-image\"><img decoding=\"async\" src=\"http:\/\/rafalk-elblag.pl\/wp-content\/uploads\/2020\/04\/baner-intencje-mszy.jpg\" alt=\"\"\/><\/figure>\n\n\n\n<h1 class=\"wp-block-heading\">Intencje mszalne 01.10.2023r.<\/h1>\n\n\n\n<p><strong>PONIEDZIA\u0141EK \/ 2 pa\u017adziernika 2023 r. \/ \u015aw. Anio\u0142\u00f3w Str\u00f3\u017c\u00f3w<\/strong> Mt 18,1-5.10<br><strong>8.00<\/strong> \u015bp. Marcin Kurosad (2 greg.)<br>18.00 \u015bp. ks. Zbigniew Mickiewicz, Anna Mickiewicz<\/p>\n\n\n\n<p><strong>WTOREK \/ 3 pa\u017adziernika 2023 r.<\/strong> \u0141k 9, 51-56<br>8.00 \u015bp. Marcin Kurosad (3 greg.)<br>18.00 Dzi\u0119kczynna z okazji 70 urodzin El\u017cbiety, z pro\u015bb\u0105 o Bo\u017ce b\u0142. i opiek\u0119 Matki Bo\u017cej Szkaplerznej na dalsze lata<br>18.00 \u015bp. Ryszard Sawicki (w 2 rocznic\u0119 \u015bmierci), Zofia, Ryszard, Andrzej, Zbigniew z rodziny Blank<\/p>\n\n\n\n<p><strong>\u015aRODA \/ 4 pa\u017adziernika 2023 r. \/ \u015bw. Franciszka z Asy\u017cu<\/strong> \u0141k 9, 57-62<br>8.00 \u015bp. Bronis\u0142awa [k] Mordas<br>18.00 \u015bp. Marcin Kurosad (4 greg.)<\/p>\n\n\n\n<p><strong>CZWARTEK \/ 5 pa\u017adziernika 2023 r.<\/strong> <strong>\/ \u015bw. Faustyny Kowalskiej<\/strong> \u0141k 10, 1-12<br>8.00 \u015bp. Marcin Kurosad (5 greg.)<br>18.00 \u015bp. Apolonia i Roman Gregorczyk, Danuta i Bogus\u0142aw oraz Danuta Meller<br>18.00 W intencji powo\u0142a\u0144<\/p>\n\n\n\n<p><strong>PI\u0104TEK \/ 6 pa\u017adziernika 2023 r. \/ <em>I pi\u0105tek miesi\u0105ca<\/em><\/strong> J 10, 13-16<br>8.00 \u015bp. Bogdan Kr\u00f3l (w 8 rocznic\u0119 \u015bmierci, intencja od VI R\u00f3\u017cy)<br>16.30 W intencji wynagradzaj\u0105cej Naj\u015bwi\u0119tszemu Sercu Pana Jezusa<br>18.00 \u015bp. Bogdan Kr\u00f3l (w 8 rocznic\u0119 \u015bmierci) oraz zmarli z rodziny<br>18.00 \u015bp. Marcin Kurosad (6 greg.)<\/p>\n\n\n\n<p><strong>SOBOTA \/ 7 pa\u017adziernika 2023 r. \/ Naj\u015bwi\u0119tszej Maryi Panny R\u00f3\u017ca\u0144cowej<\/strong> \u0141k 10, 17-24<br>8.00 \u015bp. Helena Bugojemska (w 10 rocznic\u0119 \u015bmierci)<br>8.00 \u015bp. Marcin Kurosad (7 greg.)<br>18.00 O b\u0142ogos\u0142awione owoce rozpoczynaj\u0105cych si\u0119 Misji \u015awi\u0119tych oraz dary Ducha \u015awi\u0119tego dla prowadz\u0105cych<br>18.00 W intencji Misji Parafialnych i za ca\u0142y zesp\u00f3\u0142 prowadz\u0105cy o \u015bwiat\u0142o Ducha \u015awi\u0119tego<\/p>\n\n\n\n<p><strong>XXVII NIEDZIELA ZWYK\u0141A<br>8 pa\u017adziernika 2023 r. <\/strong>Mt 21, 33-43<br>8.00 \u015bp. rodzice Miko\u0142ajewscy: Regina (16 rocznica \u015bmierci), Szczepan (21 rocznica \u015bmierci), brat Zenon (52 rocznica \u015bmierci), syn Pawe\u0142 (6 rocznica \u015bmierci) oraz zmarli z rodzin: Miko\u0142ajewskich, Roso\u0142owskich, Rybickich<br>10.00 O \u017cywe dzia\u0142anie Ducha \u015awi\u0119tego w codzienno\u015bci dla Nikodema i jego rodziny, Agnieszki i ca\u0142ej rodziny zakonnej oraz Magdaleny i jej rodziny<br>12.00 W intencji Parafian<br>15.00 \u015bp. Marcin Kurosad (8 greg.)<br>18.00 \u015bp. Ludwik Siwek (37 rocznica \u015bmierci) i zmarli z rodziny<\/p>\n\n\n\n<p><\/p>\n","protected":false},"excerpt":{"rendered":"<p>Misje \u015bwi\u0119te S\u0105 to rekolekcje, kt\u00f3re przeprowadza si\u0119 co kilka lat najcz\u0119\u015bciej 10, nie tylko dla wyznaczonej grupy ale s\u0105 to rekolekcje dla ca\u0142ej parafii. Celem misji jest umocnienie i odnowienie \u017cycia wiary. Zwykle misje trwaj\u0105 ca\u0142y tydzie\u0144. Na zaproszenie ksi\u0119dza proboszcza przyje\u017cd\u017caj\u0105 ksi\u0119\u017ca misjonarze, kt\u00f3rzy g\u0142osz\u0105 wiernym nauki o zasadniczych prawdach wiary i moralno\u015bci. [&hellip;]<\/p>\n","protected":false},"author":1,"featured_media":5244,"comment_status":"closed","ping_status":"closed","sticky":false,"template":"","format":"standard","meta":{"ngg_post_thumbnail":0,"footnotes":""},"categories":[11,8,4,3],"tags":[],"class_list":["post-5241","post","type-post","status-publish","format-standard","has-post-thumbnail","hentry","category-aktualnosci","category-blog","category-intencje","category-ogloszenia"],"_links":{"self":[{"href":"https:\/\/rafalk-elblag.pl\/index.php?rest_route=\/wp\/v2\/posts\/5241","targetHints":{"allow":["GET"]}}],"collection":[{"href":"https:\/\/rafalk-elblag.pl\/index.php?rest_route=\/wp\/v2\/posts"}],"about":[{"href":"https:\/\/rafalk-elblag.pl\/index.php?rest_route=\/wp\/v2\/types\/post"}],"author":[{"embeddable":true,"href":"https:\/\/rafalk-elblag.pl\/index.php?rest_route=\/wp\/v2\/users\/1"}],"replies":[{"embeddable":true,"href":"https:\/\/rafalk-elblag.pl\/index.php?rest_route=%2Fwp%2Fv2%2Fcomments&post=5241"}],"version-history":[{"count":2,"href":"https:\/\/rafalk-elblag.pl\/index.php?rest_route=\/wp\/v2\/posts\/5241\/revisions"}],"predecessor-version":[{"id":5245,"href":"https:\/\/rafalk-elblag.pl\/index.php?rest_route=\/wp\/v2\/posts\/5241\/revisions\/5245"}],"wp:featuredmedia":[{"embeddable":true,"href":"https:\/\/rafalk-elblag.pl\/index.php?rest_route=\/wp\/v2\/media\/5244"}],"wp:attachment":[{"href":"https:\/\/rafalk-elblag.pl\/index.php?rest_route=%2Fwp%2Fv2%2Fmedia&parent=5241"}],"wp:term":[{"taxonomy":"category","embeddable":true,"href":"https:\/\/rafalk-elblag.pl\/index.php?rest_route=%2Fwp%2Fv2%2Fcategories&post=5241"},{"taxonomy":"post_tag","embeddable":true,"href":"https:\/\/rafalk-elblag.pl\/index.php?rest_route=%2Fwp%2Fv2%2Ftags&post=5241"}],"curies":[{"name":"wp","href":"https:\/\/api.w.org\/{rel}","templated":true}]}}