{"id":5195,"date":"2023-09-23T19:07:28","date_gmt":"2023-09-23T19:07:28","guid":{"rendered":"http:\/\/rafalk-elblag.pl\/?p=5195"},"modified":"2023-09-25T05:37:37","modified_gmt":"2023-09-25T05:37:37","slug":"ogloszenia-24-09-2023r-xxv-niedziela-zwykla","status":"publish","type":"post","link":"https:\/\/rafalk-elblag.pl\/?p=5195","title":{"rendered":"Og\u0142oszenia 24.09.2023r., XXV Niedziela Zwyk\u0142a"},"content":{"rendered":"\n<h2 class=\"wp-block-heading\"><strong>Anio\u0142owie<\/strong><\/h2>\n\n\n\n<p><strong>&#8222;Anio\u0142owie s\u0105 stworzeniami duchowymi, kt\u00f3re nieustannie wielbi\u0105 Boga i s\u0142u\u017c\u0105 Jego zbawczym zamys\u0142om wobec innych stworze\u0144&#8221;<\/strong> &#8211; wyja\u015bnia Katechizm Ko\u015bcio\u0142a Katolickiego (KKK). Jak pisze \u015bw. Tomasz z Akwinu w Sumie Teologicznej \u2013 &#8222;Anio\u0142owie wsp\u00f3\u0142dzia\u0142aj\u0105 we wszystkim, co dla nas dobre&#8221;. Zgodnie z nauk\u0105 Ko\u015bcio\u0142a istnienie istot duchowych, niecielesnych, kt\u00f3re Pismo \u015bwi\u0119te nazywa zazwyczaj anio\u0142ami, jest prawd\u0105 wiary. \u015aw. Augustyn wyja\u015bnia: \u00abAnio\u0142\u00bb oznacza funkcj\u0119, nie natur\u0119. Pytasz, jak nazywa si\u0119 ta natura? \u2013 Duch. Pytasz o funkcj\u0119? \u2013 Anio\u0142. Przez to, czym jest, jest duchem, a przez to, co wype\u0142nia, jest anio\u0142em&#8221;.<\/p>\n\n\n\n<p><strong>KKK zaznacza, \u017ce jako stworzenia czysto duchowe anio\u0142owie posiadaj\u0105 rozum i wol\u0119: s\u0105 stworzeniami osobowymi i nie\u015bmiertelnymi<\/strong>, <strong>kt\u00f3re przewy\u017cszaj\u0105 doskona\u0142o\u015bci\u0105 wszystkie stworzenia widzialne.<\/strong> &#8222;\u015awiadczy o tym &#8211; jak czytamy w Ksi\u0119dze Daniela Pisma \u015awi\u0119tego &#8222;blask ich chwa\u0142y&#8221;.<\/p>\n\n\n\n<p>Z kolei \u015bw. Pawe\u0142 Aposto\u0142 w li\u015bcie do Hebrajczyk\u00f3w napisa\u0142, \u017ce wszyscy anio\u0142owie s\u0105 duchami przeznaczonymi do us\u0142ug, posy\u0142anymi na pomoc w osi\u0105gni\u0119ciu zbawienia. Biblia wskazuje, \u017ce anio\u0142owie s\u0105 obecni od chwili stworzenia i w ci\u0105gu ca\u0142ej historii zbawienia s\u0142u\u017c\u0105 wype\u0142nieniu zamys\u0142u Bo\u017cego. Czytamy o nich, \u017ce zamykaj\u0105 raj ziemski, ratuj\u0105 Hagar i jej dziecko, powstrzymuj\u0105 r\u0119k\u0119 Abrahama, czy zwiastuj\u0105 narodziny, czego najbardziej znanym przyk\u0142adem jest anio\u0142 Gabriel, kt\u00f3ry zwiastowa\u0142 narodzenie samego Jezusa. &#8222;Ko\u015bci\u00f3\u0142 czci anio\u0142\u00f3w, kt\u00f3rzy pomagaj\u0105 mu w jego ziemskiej pielgrzymce i opiekuj\u0105 si\u0119 wszystkimi lud\u017ami&#8221; &#8211; uczy KKK.<\/p>\n\n\n\n<p>W liturgii Ko\u015bci\u00f3\u0142 wielokrotnie przywo\u0142uje ich obecno\u015b\u0107. Przyk\u0142adem jest Msza \u015bw. pogrzebowa, podczas kt\u00f3rej zawsze \u015bpiewa si\u0119 &#8222;In paradisum deducant te angeli&#8230;&#8221; \u2013 &#8222;Niech anio\u0142owie zawiod\u0105 ci\u0119 do raju&#8230;&#8221;. \u015aw. Bazyli Wielki uczy, \u017ce &#8222;ka\u017cdy wierny ma u swego boku anio\u0142a, jako opiekuna i str\u00f3\u017ca, by prowadzi\u0142 go do \u017cycia&#8221;.<\/p>\n\n\n\n<p>Wielu \u015bwi\u0119tych pisa\u0142o i m\u00f3wi\u0142o o anio\u0142ach. Odnowicielka Karmelu \u015bw. Teresa od Jezusa w &#8222;Ksi\u0119dze \u017bycia&#8221; pisze o wydarzeniu, kt\u00f3re mia\u0142o miejsce w klasztorze w Avili w 1560 r. &#8222;Widzia\u0142am anio\u0142a, stoj\u0105cego tu\u017c przy mnie z lewego boku, w postaci cielesnej (&#8230;). Nie by\u0142 wysokiego wzrostu, raczej ma\u0142y, a bardzo pi\u0119kny. Z twarzy jego p\u0142on\u0105cej niebieskim zapa\u0142em zna\u0107 by\u0142o, \u017ce nale\u017cy do najwy\u017cszego rz\u0119du anio\u0142\u00f3w, ca\u0142kiem jakby w ogie\u0144 przemienionych. Musia\u0142 by\u0107 z rz\u0119du tych, kt\u00f3rych nazywaj\u0105 cherubinami (&#8230;). Ujrza\u0142am <br>w r\u0119ku tego anio\u0142a d\u0142ug\u0105, z\u0142ot\u0105 w\u0142\u00f3czni\u0119, a grot jej \u017celazny u samego ko\u0144ca by\u0142 jakby z ognia\u201d.<\/p>\n\n\n\n<p>\u015aw. s. Faustyna Kowalska, aposto\u0142ka Mi\u0142osierdzia Bo\u017cego, w m\u0142odo\u015bci mia\u0142a objawienia anio\u0142a str\u00f3\u017ca. W jej &#8222;Dzienniczku&#8221; czytamy, \u017ce anio\u0142owie towarzyszyli \u015bwi\u0119tej w podr\u00f3\u017cach, prowadzili j\u0105 przez czy\u015bciec i piek\u0142o, przychodzili do jej celi i wspierali w walce z szatanem.<\/p>\n\n\n\n<p>Tak\u017ce \u015bw. o. Pio z Pietrelciny OFMCap zach\u0119ca\u0142 do kontaktu z anio\u0142ami. <strong><em>&#8222;Nigdy nie m\u00f3w, \u017ce zosta\u0142a\u015b sama ze swoimi trudno\u015bciami; Nigdy nie m\u00f3w, \u017ce nie masz nikogo, dla kogo mo\u017cesz otworzy\u0107 swoje serce <\/em><\/strong><strong><em>i zaufa\u0107. By\u0142aby to ogromna niesprawiedliwo\u015b\u0107 dla niebia\u0144skiego pos\u0142a\u0144ca. Zawsze jest kto\u015b, komu mo\u017cesz powierzy\u0107 swoje problemy&#8221;<\/em><\/strong>.<\/p>\n\n\n\n<p>O anio\u0142ach s\u0142yszymy tak\u017ce w zatwierdzonych przez Ko\u015bci\u00f3\u0142 objawieniach Matki Bo\u017cej w Fatimie. W pierwszym objawieniu w 1916 r. tr\u00f3jce dzieci objawi\u0142 si\u0119 Anio\u0142 Pokoju a latem tego roku Anio\u0142 Portugalii, kt\u00f3ry powiedzia\u0142: &#8222;Jestem Anio\u0142em Str\u00f3\u017cem Portugalii. Przede wszystkim przyjmijcie i zno\u015bcie z pokor\u0105 i poddaniem cierpienia, kt\u00f3re B\u00f3g wam ze\u015ble&#8221;.<\/p>\n\n\n\n<p><strong>Ko\u015bci\u00f3\u0142 w spos\u00f3b szczeg\u00f3lny pami\u0119ta o trzech archanio\u0142ach: \u015bw. Michale, \u015bw. Gabrielu, i \u015bw. Rafale, kt\u00f3rych \u015bwi\u0119to obchodzone jest 29 wrze\u015bnia.<\/strong><\/p>\n\n\n\n<p>W tradycji chrze\u015bcija\u0144skiej Micha\u0142 to pierwszy i najwa\u017cniejszy spo\u015br\u00f3d anio\u0142\u00f3w obdarzony przez Boga szczeg\u00f3lnym zaufaniem. Hebrajskie imi\u0119 Mika&#8217;El znaczy &#8222;Kt\u00f3\u017c jak B\u00f3g&#8221;. W Ksi\u0119gach Nowego Testamentu wspominany jest dwukrotnie &#8211; w Apokalipsie \u015bw. Jana oraz w li\u015bcie Judy Tadeusza.<\/p>\n\n\n\n<p>W latach osiemdziesi\u0105tych XIX wieku powsta\u0142a modlitwa do \u015bw. Micha\u0142a Archanio\u0142a napisana przez papie\u017ca Leona XIII. Poleci\u0142 rozes\u0142a\u0107 j\u0105 do wszystkich ordynariuszy \u015bwiata, aby kap\u0142ani odmawiali j\u0105 wraz z wiernymi, kl\u0119cz\u0105c po ka\u017cdej mszy \u015bw. cichej. Modlitwa ta jest rodzajem egzorcyzmu.<\/p>\n\n\n\n<p>Imi\u0119 Archanio\u0142a Gabriela po hebrajsku Gabri-El mo\u017cna przet\u0142umaczy\u0107, jako &#8222;M\u0105\u017c Bo\u017cy&#8221;, albo &#8222;B\u00f3g jest moc\u0105&#8221;. W Biblii poznajemy go jako przekaziciela Bo\u017cej woli. To on zwiastowa\u0142 Pannie Maryi, \u017ce zostanie Matk\u0105 Syna Bo\u017cego. Ukazuje si\u0119 tak\u017ce Zachariaszowi zapowiadaj\u0105c mu narodziny syna Jana Chrzciciela.<\/p>\n\n\n\n<p>Imi\u0119 Archanio\u0142a Rafa\u0142 mo\u017cna przet\u0142umaczy\u0107 z hebrajskiego &#8222;B\u00f3g uleczy&#8221;. W Ksi\u0119dze Tobiasza w Biblii czytamy, \u017ce towarzyszy m\u0142odemu Tobiaszowi w\u0119druj\u0105cemu z Niniwy do Raga w Medii i opiekowa\u0142 si\u0119 nim, chroni\u0105c go przed demonami. Po powrocie uzdrowi\u0142 jego ojca.<\/p>\n\n\n\n<figure class=\"wp-block-image\"><a href=\"http:\/\/rafalk-elblag.pl\/wp-content\/uploads\/2021\/08\/ogloszenia-parafialne-baner-01a.jpg\"><img loading=\"lazy\" decoding=\"async\" width=\"720\" height=\"232\" src=\"http:\/\/rafalk-elblag.pl\/wp-content\/uploads\/2021\/08\/ogloszenia-parafialne-baner-01a.jpg\" alt=\"\" class=\"wp-image-4410\" srcset=\"https:\/\/rafalk-elblag.pl\/wp-content\/uploads\/2021\/08\/ogloszenia-parafialne-baner-01a.jpg 720w, https:\/\/rafalk-elblag.pl\/wp-content\/uploads\/2021\/08\/ogloszenia-parafialne-baner-01a-300x97.jpg 300w\" sizes=\"auto, (max-width: 720px) 100vw, 720px\" \/><\/a><\/figure>\n\n\n\n<h1 class=\"wp-block-heading\">Og\u0142oszenia parafialne 24.09.2023r.<\/h1>\n\n\n\n<ol class=\"wp-block-list\" type=\"1\">\n<li>Dzisiaj Wolontariusze Caritas zbieraj\u0105 przed ko\u015bcio\u0142em ofiary dla najubo\u017cszych i potrzebuj\u0105cych <br>z naszej parafii. Informujemy, \u017ce<strong> <em>PARAFIALNY ODDZIA\u0141 CARITAS<\/em><\/strong><em> naszej parafii znajduje si\u0119 przy ul. Myliusa 1A i czynny jest w I i&nbsp; III czwartek miesi\u0105ca od 16:00 do godz. 17:00.<\/em><\/li>\n\n\n\n<li>W tym tygodniu spotkania maj\u0105: we wtorek Odnowa w Duchu \u015awi\u0119tym (godz. 18:00), a w \u015brod\u0119 Kr\u0105g Biblijny (godz. 18.45). <em><u>Zapraszamy.<\/u><\/em><\/li>\n\n\n\n<li><strong>Zapraszamy w kolejny czwartek na Adoracj\u0119 Naj\u015bwi\u0119tszego Sakramentu w ciszy. <\/strong>Adoracja rozpoczyna si\u0119 po Mszy \u015bw. wieczornej i trwa\u0142a do godziny 20:00. <em><u>Czekamy.<\/u><\/em><\/li>\n\n\n\n<li>W czwartek (28 wrze\u015bnia) w salce m\u0142odzie\u017cowej spotkanie z kandydatami do <strong>SAKRAMENTU BIERZMOWANIA<\/strong> przygotowuj\u0105cych si\u0119 ju\u017c drugi rok. Ks. Mateusz oczekuje i zaprasza wszystkich kt\u00f3rzy pragn\u0105 kontynuowa\u0107 t\u0119 przygod\u0119 i sta\u0107 si\u0119 dojrza\u0142ymi chrze\u015bcijanami.<\/li>\n\n\n\n<li><strong><u>Trwaj\u0105 jeszcze zapisy do Sakramentu Bierzmowania m\u0142odzie\u017cy <\/u><\/strong>z klas VIII Szko\u0142y Podstawowej. <em>Zg\u0142oszenia przyjmuje ks. Mateusz.<\/em><\/li>\n\n\n\n<li>W liturgii ko\u015bcio\u0142a w tym tygodniu, obchodzi\u0107 b\u0119dziemy: <br>w pi\u0105tek 29 wrze\u015bnia &#8211;&nbsp; \u015awi\u0119to \u015awi\u0119tych Archanio\u0142\u00f3w Micha\u0142a, Gabriela i Rafa\u0142a<br>w sobot\u0119 30 wrze\u015bnia &#8211; wspomnienie \u015bw. Hieronima, kap\u0142ana i doktora Ko\u015bcio\u0142a<br><strong>Zapraszamy na Msze \u015bw. o godz. 8:00 oraz na godz. 18:00.<\/strong><\/li>\n\n\n\n<li>Mo\u017cliwo\u015b\u0107 skorzystanie z<strong> Sakramentu Spowiedzi \u015awi\u0119tej <\/strong>w tygodniu mamy: od godz. 7:45 oraz od godz. 17:30. Prosimy, aby korzysta\u0107 z sakramentu pojednania przed Msz\u0105 \u015bwi\u0119t\u0105. <em><u>Dzi\u0119kujemy.<\/u><\/em><\/li>\n\n\n\n<li><strong>KANCELARIA PARAFIALNA:<\/strong> czynna w \u015brody&nbsp; od 16:00 do 17:30 oraz w pi\u0105tki po Mszy \u015bw. wieczorowej do 19:30. <em>Zapraszamy.<\/em><\/li>\n\n\n\n<li><strong>PAMI\u0118TAJMY:<\/strong> W pierwsze niedziele miesi\u0105ca zbierana taca przeznaczona jest na inwestycje w naszej parafii. Obecnie zbieramy na sp\u0142acenie wykonanych prac w Ko\u015bciele. <em>B\u00f3g zap\u0142a\u0107 za sk\u0142adane ofiary<strong>.<\/strong><\/em><\/li>\n\n\n\n<li>Mamy ju\u017c mo\u017cliwo\u015b\u0107 zamawiania i rezerwacji Mszy \u015bwi\u0119tej <strong>na ROK 2024<\/strong>. Informacj\u0119 t\u0119 podajemy dla tych wszystkich, kt\u00f3rzy pragn\u0105 w konkretnym dniu zam\u00f3wi\u0107 intencj\u0119 mszaln\u0105. <em><u>ZAPRASZAMY.<\/u><\/em><\/li>\n\n\n\n<li>Zach\u0119cam do nabywania nowego numeru \u201eGo\u015bcia Niedzielnego\u201d w cenie 10 z\u0142.&nbsp;oraz zabrania naszego <strong>BIULETYNU PARAFIALNEGO.<\/strong><\/li>\n\n\n\n<li>Pan powo\u0142a\u0142 do wieczno\u015bci:&nbsp; \u015bp. Adama GRZANOWSKIEGO lat 38, \u015bp. Jana SIDOROWICZA lat 85<\/li>\n<\/ol>\n\n\n\n<p><\/p>\n\n\n\n<figure class=\"wp-block-image\"><img decoding=\"async\" src=\"http:\/\/rafalk-elblag.pl\/wp-content\/uploads\/2020\/04\/baner-intencje-mszy.jpg\" alt=\"\"\/><\/figure>\n\n\n\n<h1 class=\"wp-block-heading\">Intencje mszalne 24.09.2023r.<br><\/h1>\n\n\n\n<p><strong>PONIEDZIA\u0141EK \/ 25 wrze\u015bnia 2023 r.<\/strong> \u0141k 8, 16-18<br>8.00 O Bo\u017ce b\u0142. i wszelkie potrzebne dary Ducha \u015awi\u0119tego dla Ani, Micha\u0142a, Tomasza i ich rodzin<br>18.00 \u015bp. Jan Lis (w 100 urodziny) i zmarli z rodziny<br>18.00 \u015bp. Jerzy Ciesielski (25 greg.)<\/p>\n\n\n\n<p><br><strong>WTOREK \/ 26 wrze\u015bnia 2023 r.<\/strong> \u0141k 8, 19-21<br>8.00 \u015bp. Teresa Wojniak (intencja od Agnieszki i Bo\u017ceny Bochenek z Krakowa)<br>18.00 \u015bp. Jan \u017bak (z okazji ziemskich urodzin)<br>18.00 \u015bp. Jerzy Ciesielski (26 greg.)<\/p>\n\n\n\n<p><br><strong>\u015aRODA \/ 27 wrze\u015bnia 2023 r. \/ \u015bw. Wincentego \u00e0 Paulo<\/strong> \u0141k 9, 1-6<br>8.00 \u015bp. Jerzy Ciesielski (27 greg.)<br>18.00 <em>rezerwacja<\/em><br>18.00 \u015bp. Stanis\u0142awa [k] Ciesielska (w 20 rocznic\u0119 \u015bmierci), Krystyna, J\u00f3zef, Tadeusz z rodziny Ciesielskich; Weronika, Stanis\u0142aw, Konstanty z rodziny Ga\u0142aszko<\/p>\n\n\n\n<p><br><strong>CZWARTEK \/ 28 wrze\u015bnia 2023 r. \/ \u015bw. Wac\u0142awa<\/strong> \u0141k 9, 7-9<br>8.00 \u015bp. Jerzy Ciesielski (28 greg.)<br>18.00 \u015bp. Wac\u0142aw Niedzielski (4 rocznica \u015bmierci), Ma\u0142gorzata i Rozalia, rodzice: Kazimiera i W\u0142adys\u0142aw<br>18.00 Dzi\u0119kczynna za s\u0105siad\u00f3w z ul. K\u0142oczowskiego 1-4 z pro\u015bb\u0105 o Bo\u017ce b\u0142., potrzebne \u0142aski (intencja od Teresy)<\/p>\n\n\n\n<p><br><strong>PI\u0104TEK \/ 29 wrze\u015bnia 2023 r.<br>\u015awi\u0119to \u015awi\u0119tych Archanio\u0142\u00f3w Micha\u0142a, Gabriela i Rafa\u0142a<\/strong> J 1, 47-51<br>8.00 \u015bp. Danuta \u017bukowska (intencja od s\u0105siadki)<br>18.00 \u015bp. Maria Rudomina (w 1 rocznic\u0119 \u015bmierci), Jan Rudomina oraz Tadeusz Bielski<br>18.00 \u015bp. Jerzy Ciesielski (29 greg.)<\/p>\n\n\n\n<p><br><strong>SOBOTA \/ 30 wrze\u015bnia 2023 r. \/ \u015bw. Hieronima<\/strong> \u0141k 9, 43b-45<br>8.00 \u015bp. Zofia Zdanowicz (w 30 dzie\u0144 po pogrzebie)<br>18.00 <em>rezerwacja<\/em><br>18.00 \u015bp. Jerzy Ciesielski (30 greg.)<\/p>\n\n\n\n<p><br><strong>XXVI NIEDZIELA ZWYK\u0141A<br>1 pa\u017adziernika 2023 r. <\/strong>Mt 21, 28-32<br>8.00 O do\u015bwiadczenie Bo\u017cej mi\u0142o\u015bci dla Karoliny i Sebastiana<br>10.00 \u015bp. Marcin Kurosad (1 greg.)<br>12.00 Dzi\u0119kczynna w 45 rocznic\u0119 \u015blubu Krystyny i Ryszarda, z pro\u015bb\u0105 o Bo\u017ce b\u0142., potrzebne \u0142aski dla Jubilat\u00f3w<br>12.00 W intencji Parafian<br>15.00 Dzi\u0119kczynna w 1 rocznic\u0119 \u015blubu Ewy i Piotra, z pro\u015bb\u0105 o opiek\u0119 Bo\u017c\u0105 na kolejne lata wsp\u00f3lnego \u017cycia<br>18.00 \u015bp. Ma\u0142gorzata Truszkowska-Pietrzkiewicz (w 1 rocznic\u0119 \u015bmierci)<\/p>\n","protected":false},"excerpt":{"rendered":"<p>Anio\u0142owie &#8222;Anio\u0142owie s\u0105 stworzeniami duchowymi, kt\u00f3re nieustannie wielbi\u0105 Boga i s\u0142u\u017c\u0105 Jego zbawczym zamys\u0142om wobec innych stworze\u0144&#8221; &#8211; wyja\u015bnia Katechizm Ko\u015bcio\u0142a Katolickiego (KKK). Jak pisze \u015bw. Tomasz z Akwinu w Sumie Teologicznej \u2013 &#8222;Anio\u0142owie wsp\u00f3\u0142dzia\u0142aj\u0105 we wszystkim, co dla nas dobre&#8221;. Zgodnie z nauk\u0105 Ko\u015bcio\u0142a istnienie istot duchowych, niecielesnych, kt\u00f3re Pismo \u015bwi\u0119te nazywa zazwyczaj anio\u0142ami, [&hellip;]<\/p>\n","protected":false},"author":1,"featured_media":5198,"comment_status":"closed","ping_status":"closed","sticky":false,"template":"","format":"standard","meta":{"ngg_post_thumbnail":0,"footnotes":""},"categories":[11,8,4,3],"tags":[],"class_list":["post-5195","post","type-post","status-publish","format-standard","has-post-thumbnail","hentry","category-aktualnosci","category-blog","category-intencje","category-ogloszenia"],"_links":{"self":[{"href":"https:\/\/rafalk-elblag.pl\/index.php?rest_route=\/wp\/v2\/posts\/5195","targetHints":{"allow":["GET"]}}],"collection":[{"href":"https:\/\/rafalk-elblag.pl\/index.php?rest_route=\/wp\/v2\/posts"}],"about":[{"href":"https:\/\/rafalk-elblag.pl\/index.php?rest_route=\/wp\/v2\/types\/post"}],"author":[{"embeddable":true,"href":"https:\/\/rafalk-elblag.pl\/index.php?rest_route=\/wp\/v2\/users\/1"}],"replies":[{"embeddable":true,"href":"https:\/\/rafalk-elblag.pl\/index.php?rest_route=%2Fwp%2Fv2%2Fcomments&post=5195"}],"version-history":[{"count":2,"href":"https:\/\/rafalk-elblag.pl\/index.php?rest_route=\/wp\/v2\/posts\/5195\/revisions"}],"predecessor-version":[{"id":5239,"href":"https:\/\/rafalk-elblag.pl\/index.php?rest_route=\/wp\/v2\/posts\/5195\/revisions\/5239"}],"wp:featuredmedia":[{"embeddable":true,"href":"https:\/\/rafalk-elblag.pl\/index.php?rest_route=\/wp\/v2\/media\/5198"}],"wp:attachment":[{"href":"https:\/\/rafalk-elblag.pl\/index.php?rest_route=%2Fwp%2Fv2%2Fmedia&parent=5195"}],"wp:term":[{"taxonomy":"category","embeddable":true,"href":"https:\/\/rafalk-elblag.pl\/index.php?rest_route=%2Fwp%2Fv2%2Fcategories&post=5195"},{"taxonomy":"post_tag","embeddable":true,"href":"https:\/\/rafalk-elblag.pl\/index.php?rest_route=%2Fwp%2Fv2%2Ftags&post=5195"}],"curies":[{"name":"wp","href":"https:\/\/api.w.org\/{rel}","templated":true}]}}