{"id":5120,"date":"2023-09-17T11:39:35","date_gmt":"2023-09-17T11:39:35","guid":{"rendered":"http:\/\/rafalk-elblag.pl\/?p=5120"},"modified":"2023-09-17T11:39:35","modified_gmt":"2023-09-17T11:39:35","slug":"ogloszenia-17-09-2023-xxiv-niedziela-zwykla","status":"publish","type":"post","link":"https:\/\/rafalk-elblag.pl\/?p=5120","title":{"rendered":"Og\u0142oszenia 17.09.2023, XXIV Niedziela Zwyk\u0142a"},"content":{"rendered":"\n<figure class=\"wp-block-embed is-type-video is-provider-youtube wp-block-embed-youtube wp-embed-aspect-16-9 wp-has-aspect-ratio\"><div class=\"wp-block-embed__wrapper\">\n<iframe loading=\"lazy\" title=\"Kazanie w 60 sekund [#12]. 13.09.2020. XXIV Niedziela zwyk\u0142a, rok A. Mt 18, 21-35 - Piotr Kropisz SJ\" width=\"900\" height=\"506\" src=\"https:\/\/www.youtube.com\/embed\/9IgBv679G2k?feature=oembed\" frameborder=\"0\" allow=\"accelerometer; autoplay; clipboard-write; encrypted-media; gyroscope; picture-in-picture; web-share\" allowfullscreen><\/iframe>\n<\/div><\/figure>\n\n\n\n<h2 class=\"wp-block-heading\">Ewangelia (Mt 18, 21-35)<\/h2>\n\n\n\n<h4 class=\"wp-block-heading\"><em>Przebaczenie Boga uwarunkowane przebaczeniem drugiemu cz\u0142owiekowi<\/em><\/h4>\n\n\n\n<p><strong>S\u0142owa Ewangelii wed\u0142ug \u015awi\u0119tego Mateusza<\/strong><\/p>\n\n\n\n<p>Piotr podszed\u0142 do Jezusa i zapyta\u0142: \u00abPanie, ile razy mam przebaczy\u0107, je\u015bli m\u00f3j brat zawini wzgl\u0119dem mnie? Czy a\u017c siedem razy?\u00bb<\/p>\n\n\n\n<p>Jezus mu odrzek\u0142: \u00abNie m\u00f3wi\u0119 ci, \u017ce a\u017c siedem razy, lecz a\u017c siedemdziesi\u0105t siedem razy.<\/p>\n\n\n\n<p>Dlatego podobne jest kr\u00f3lestwo niebieskie do kr\u00f3la, kt\u00f3ry chcia\u0142 si\u0119 rozliczy\u0107 ze swymi s\u0142ugami. Gdy zacz\u0105\u0142 si\u0119 rozlicza\u0107, przyprowadzono mu jednego, kt\u00f3ry by\u0142 mu winien dziesi\u0119\u0107 tysi\u0119cy talent\u00f3w. Poniewa\u017c nie mia\u0142 z czego ich odda\u0107, pan kaza\u0142 sprzeda\u0107 go razem z \u017con\u0105, dzie\u0107mi i ca\u0142ym jego mieniem, aby d\u0142ug w ten spos\u00f3b odzyska\u0107.<\/p>\n\n\n\n<p>Wtedy s\u0142uga pad\u0142 mu do st\u00f3p i prosi\u0142 go: \u201ePanie, oka\u017c mi cierpliwo\u015b\u0107, a wszystko ci oddam\u201d. Pan ulitowa\u0142 si\u0119 nad owym s\u0142ug\u0105, uwolni\u0142 go i d\u0142ug mu darowa\u0142.<\/p>\n\n\n\n<p>Lecz gdy s\u0142uga \u00f3w wyszed\u0142, spotka\u0142 jednego ze wsp\u00f3\u0142s\u0142ug, kt\u00f3ry mu by\u0142 winien sto denar\u00f3w. Chwyci\u0142 go i zacz\u0105\u0142 dusi\u0107, m\u00f3wi\u0105c: \u201eOddaj, co\u015b winien!\u201d Jego wsp\u00f3\u0142s\u0142uga pad\u0142 przed nim i prosi\u0142 go: \u201eOka\u017c mi cierpliwo\u015b\u0107, a oddam tobie\u201d. On jednak nie chcia\u0142, lecz poszed\u0142 i wtr\u0105ci\u0142 go do wi\u0119zienia, dop\u00f3ki nie odda d\u0142ugu.<\/p>\n\n\n\n<p>Wsp\u00f3\u0142s\u0142udzy jego, widz\u0105c, co si\u0119 dzia\u0142o, bardzo si\u0119 zasmucili. Poszli i opowiedzieli swemu panu wszystko, co zasz\u0142o.<\/p>\n\n\n\n<p>Wtedy pan jego, wezwawszy go, rzek\u0142 mu: \u201eS\u0142ugo niegodziwy! Darowa\u0142em ci ca\u0142y ten d\u0142ug, poniewa\u017c mnie prosi\u0142e\u015b. Czy\u017c wi\u0119c i ty nie powiniene\u015b by\u0142 ulitowa\u0107 si\u0119 nad swoim wsp\u00f3\u0142s\u0142ug\u0105, jak ja ulitowa\u0142em si\u0119 nad tob\u0105?\u201d I uni\u00f3s\u0142szy si\u0119 gniewem, pan jego kaza\u0142 wyda\u0107 go katom, dop\u00f3ki mu nie odda ca\u0142ego d\u0142ugu.<\/p>\n\n\n\n<p>Podobnie uczyni wam Ojciec m\u00f3j niebieski, je\u017celi ka\u017cdy z was nie przebaczy z serca swemu bratu\u00bb.<\/p>\n\n\n\n<h2 class=\"wp-block-heading\"><strong><strong>W\u0119dr\u00f3wka do \u015bwi\u0119to\u015bci<\/strong><\/strong><\/h2>\n\n\n\n<p><strong><em>Czy by\u0142 \u015bwi\u0119ty, nie wiem. Ale by\u0142 dobry<\/em> \u2013 tak zezna\u0142 w\u00a0 procesie beatyfikacyjnym Stanis\u0142awa Kostki jego nauczyciel domowy i\u00a0wychowawca Jan Bili\u0144ski. By\u0142 dobry od ma\u0142ego. Urodzi\u0142 si\u0119 w\u00a0bogatej, szlacheckiej rodzinie w Rostkowie, w okolicach Przasnysza na Mazowszu. Mia\u0142 5 rodze\u0144stwa. Po latach jego brat Pawe\u0142 opowie, \u017ce rodzice wychowywali dzieci wed\u0142ug ustalonych zasad, w\u00a0karno\u015bci, pos\u0142usze\u0144stwie oraz w\u00a0wierze katolickiej.\u00a0Ojciec chcia\u0142 by \u015bw. Stanis\u0142aw by\u0142 sukcesorem jego godno\u015bci, dziedzicem maj\u0105tku i\u00a0robi\u0142 dworsk\u0105 karier\u0119. Ale \u015bw. Stanis\u0142aw marzy\u0142, by zosta\u0107 ksi\u0119dzem.\u00a0<\/strong><\/p>\n\n\n\n<p>Rodzice pos\u0142ali jego&nbsp;i brata Paw\u0142a do&nbsp;szko\u0142y ojc\u00f3w jezuit\u00f3w do&nbsp;Wiednia. \u015aw. Stanis\u0142aw mia\u0142 zaledwie 14 lat. Na pocz\u0105tku nauka sz\u0142a mu opornie. Przecie\u017c studiowa\u0142 po \u0142acinie, a&nbsp;wszyscy wok\u00f3\u0142 m\u00f3wili po niemiecku. A do&nbsp;tego to mieszkanie w&nbsp;internacie.&nbsp;Ani jego kolegom, ani nawet bratu nie podoba\u0142o si\u0119, \u017ce tak d\u0142ugo si\u0119 modli albo pilnie odrabia lekcje.&nbsp;Drwili z&nbsp;niego, kpili,&nbsp;p\u0142atali \u017carty i bili. Koniecznie chcieli, \u017ceby by\u0142 taki jak oni. Ale on by\u0142 inny i&nbsp;ta inno\u015b\u0107 dra\u017cni\u0142a. By\u0142 sob\u0105 i&nbsp;nie ugi\u0105\u0142 si\u0119. A gdy mu by\u0142o ci\u0119\u017cko wo\u0142a\u0142:<em><strong>Pocz\u0105tkiem, \u015brodkiem i&nbsp;ko\u0144cem mego \u017cycia rz\u0105d\u017a Chryste!<\/strong><\/em><\/p>\n\n\n\n<p>W 1565 r. zapad\u0142 na ci\u0119\u017ck\u0105 chorob\u0119, w kt\u00f3rej widzia\u0142 ju\u017c drzwi do lepszego \u015bwiata. W\u0142a\u015bciciel stancji, kt\u00f3ry by\u0142 protestantem nie chcia\u0142 wpu\u015bci\u0107 katolickiego ksi\u0119dza. U \u015bw. Stanis\u0142awa pojawi\u0142a si\u0119 wi\u0119c \u015bw. Barbara z Anio\u0142ami a potem sama Maryja Panna z ma\u0142ym Jezusem, kt\u00f3rego m\u00f3g\u0142 nawet potrzyma\u0107. Wr\u00f3ci\u0142a mu Ona zdrowie i poleci\u0142a wst\u0105pi\u0107 do zakonu jezuit\u00f3w. Ale do tego potrzebna by\u0142a zgoda opiekun\u00f3w. A jego rodzice mieli inne plany i nie chcieli odda\u0107 syna w mury klasztorne.<\/p>\n\n\n\n<p>Prawdziw\u0105 udr\u0119k\u0105 by\u0142a dla niego nie dokuczliwo\u015b\u0107 koleg\u00f3w, a&nbsp;trapi\u0105ca go my\u015bl, \u017ce ojcowie jezuici nie przyjm\u0105 go do&nbsp;zakonu bez zgody rodzic\u00f3w. By\u0142 w&nbsp;kropce. Swoim zmartwieniem podzieli\u0142 si\u0119 z&nbsp;zaprzyja\u017anionym ojcem Franciszkiem. Ten poradzi\u0142, by zamiast do Rzymu jak planowa\u0142 \u015bw. Stanis\u0142aw \u2013 uda\u0142&nbsp; si\u0119 do&nbsp;Augsburga, do&nbsp;o. Piotra Kanizjusza \u2013 \u00f3wczesnego prze\u0142o\u017conego niemieckiej prowincji Jezuit\u00f3w. Da\u0142 mu list polecaj\u0105cy.&nbsp;Utrudzony dotar\u0142 do&nbsp;celu, ale zakonnik, kt\u00f3rego poszukiwa\u0142 akurat by\u0142 w Dylindze, w Bawarii. Poszed\u0142 wi\u0119c dalej i&nbsp;wyobra\u017acie sobie, \u017ce przeszed\u0142 a\u017c 650 km z Wiednia.&nbsp; W przebraniu \u017cebraka i&nbsp;b\u00f3lu dotar\u0142 do Dylingi.&nbsp; W \u015bwietle jego poczyna\u0144 wida\u0107 cz\u0142owieka wytrwa\u0142ego, odwa\u017cnego i&nbsp;sprytnego, a&nbsp;przede wszystkim wiernego swoim marzeniom i poleceniu Matki Bo\u017cej. M\u0142odzie\u0144ca z&nbsp;wielk\u0105 pasj\u0105.&nbsp;<\/p>\n\n\n\n<p>W Dylindze przyj\u0119to go i&nbsp;poddano pr\u00f3bie. On otoczony w&nbsp;domu rodzinnym s\u0142u\u017cb\u0105, wykonywa\u0142 teraz najprostsze prace. Po pr\u00f3bie wraz z dwoma m\u0142odymi zakonnikami wys\u0142ano go do jezuit\u00f3w do Rzymu. Przez Alpy na pieszo, czasami tylko kawa\u0142ek na wozie \u2013 szed\u0142 prosto do \u015bwi\u0119to\u015bci. I wreszcie spe\u0142ni\u0142o si\u0119 marzenie \u015bw. Stanis\u0142awa. By\u0142 w&nbsp;nowicjacie Towarzystwa Jezusowego, cho\u0107 nie uko\u0144czy\u0142 jeszcze 17 lat. To by\u0142 jego priorytet.<\/p>\n\n\n\n<p>Magister nowicjatu tak pisa\u0142 o \u015bw. Stanis\u0142awie ju\u017c po jego \u015bmierci:<\/p>\n\n\n\n<p><em>By\u0142 wyj\u0105tkowo pokorny, gardzi\u0142 honorami, \u015bwiatem i samym sob\u0105, spe\u0142niaj\u0105c<br>z wielkim oddaniem najni\u017csze pos\u0142ugi domowe, ukrywaj\u0105c swoje szlachectwo<br>i talenty, kt\u00f3re otrzyma\u0142 od Boga. Jego skromno\u015b\u0107 by\u0142a podziwu godna, jego pos\u0142usze\u0144stwo najbardziej dok\u0142adne, a zawsze by\u0142 radosny i mi\u0142y. Dla innych by\u0142 \u0142agodny, tylko wobec siebie wymagaj\u0105cy i surowy. Nie wypowiedzia\u0142 nigdy \u017cadnego s\u0142owa nierozwa\u017cnego, niepotrzebnego i niew\u0142a\u015bciwego, dostosowuj\u0105c ca\u0142e swoje post\u0119powanie do regu\u0142y. Modli\u0142 si\u0119 nieustannie, \u0142\u0105czy\u0142 prac\u0119 z kontemplacj\u0105, maj\u0105c przed oczyma Boga we wszystkim, co robi\u0142.<\/em><\/p>\n\n\n\n<p>W pierwszych miesi\u0105cach 1568 r. \u015bw. Stanis\u0142aw z\u0142o\u017cy\u0142 \u015bluby zakonne. Mia\u0142 wtedy zaledwie 18 lat. W wigili\u0119, 9 sierpnia, napisa\u0142 list do Matki Bo\u017cej, prosz\u0105c, by go zabra\u0142a do nieba w najbli\u017csze \u015bwi\u0119to Wniebowzi\u0119cia. Podczas Mszy \u015bw. 10 sierpnia przyj\u0105\u0142 pobo\u017cnie Komuni\u0119 \u015bw., maj\u0105c pod sutann\u0105 starannie z\u0142o\u017cony list do Maryi. Do po\u0142udnia pomaga\u0142 w kuchni. Po po\u0142udniu poczu\u0142 si\u0119 \u017ale.<\/p>\n\n\n\n<p>Pojawi\u0142a si\u0119 gor\u0105czka, najpierw niewielka, potem wysoka, w rytmie typowym dla malarii. 14 sierpnia zaopatrzono go na drog\u0119 do wieczno\u015bci. Prosi\u0142, aby go po\u0142o\u017cono na ziemi. Pro\u015bb\u0119 jego spe\u0142niono. Przeprasza\u0142 wszystkich. Kiedy mu dano do r\u0119ki r\u00f3\u017caniec, uca\u0142owa\u0142 go i wyszepta\u0142: <em>To jest w\u0142asno\u015b\u0107 Naj\u015bwi\u0119tszej Matki<\/em>.<\/p>\n\n\n\n<p><br>Nagle w pewnej chwili, jak zezna\u0142 naoczny \u015bwiadek, kiedy Stanis\u0142aw modli\u0142 si\u0119, twarz jego zaja\u015bnia\u0142a tajemniczym blaskiem. Kiedy kto\u015b zbli\u017cy\u0142 si\u0119 do niego, by zapyta\u0107, czy czego\u015b nie potrzebuje, odpar\u0142, \u017ce widzi Matk\u0119 Bo\u017c\u0105 z orszakiem \u015bwi\u0119tych dziewic, kt\u00f3re po niego przychodz\u0105. Po p\u00f3\u0142nocy 15 sierpnia 1568 r. przeszed\u0142 do wieczno\u015bci. Kiedy podano mu obrazek Matki Bo\u017cej, a on nie zareagowa\u0142 na to u\u015bmiechem, przekonano si\u0119, \u017ce cieszy si\u0119 ju\u017c ogl\u0105daniem Naj\u015bwi\u0119tszej Maryi Panny w niebie.<\/p>\n\n\n\n<figure class=\"wp-block-image\"><a href=\"http:\/\/rafalk-elblag.pl\/wp-content\/uploads\/2021\/08\/ogloszenia-parafialne-baner-01a.jpg\"><img loading=\"lazy\" decoding=\"async\" width=\"720\" height=\"232\" src=\"http:\/\/rafalk-elblag.pl\/wp-content\/uploads\/2021\/08\/ogloszenia-parafialne-baner-01a.jpg\" alt=\"\" class=\"wp-image-4410\" srcset=\"https:\/\/rafalk-elblag.pl\/wp-content\/uploads\/2021\/08\/ogloszenia-parafialne-baner-01a.jpg 720w, https:\/\/rafalk-elblag.pl\/wp-content\/uploads\/2021\/08\/ogloszenia-parafialne-baner-01a-300x97.jpg 300w\" sizes=\"auto, (max-width: 720px) 100vw, 720px\" \/><\/a><\/figure>\n\n\n\n<h1 class=\"wp-block-heading\">Og\u0142oszenia parafialne 17.09.2023r<\/h1>\n\n\n\n<ol class=\"wp-block-list\"><li><strong>Zapras<\/strong><strong>zamy dzieci, m\u0142odzie\u017c naszej parafii oraz kandydat\u00f3w do Sakramentu Bierzmowania<\/strong> na Msz\u0119 \u015bw. \u2013 18 wrze\u015bnia (poniedzia\u0142ek) o godz. 18:00 w \u015bwi\u0119to \u015bw. Stanis\u0142awa Kostki \u2013 patrona Polski, dzieci i m\u0142odzie\u017cy.<em>Po Mszy \u015bw.<\/em><em>spotkanie wszystkich kandydat\u00f3w do Sakramentu Bierzmowania z ks. Mateuszem Ka\u017amierczakiem.<\/em><\/li><li><strong>Trwaj\u0105 zapisy do Sakramentu Bierzmowania m\u0142odzie\u017cy <\/strong>z klas VIII Szko\u0142y Podstawowej trwaj\u0105 do ko\u0144ca wrze\u015bnia. <em>Zg\u0142oszenia przyjmuje ks. Mateusz.<\/em><\/li><li>W poniedzia\u0142ek 18 wrze\u015bnia w ko\u015bciele pw. \u201eWszystkich \u015awi\u0119tych\u201d w Elbl\u0105gu dla Zwi\u0105zku Sybirak\u00f3w i Kombatant\u00f3w <strong>z okazji 84 rocznicy napa\u015bci sowieckiej na Polsk\u0119<br>o godz. 9:00 zostanie odprawiona Msza \u015bwi\u0119ta. <\/strong><em>Po niej dalsze uroczysto\u015bci przy Krzy\u017cu Katy\u0144skim na Cmentarzu Komunalnym przy Agrykola. Zapraszamy do wsp\u00f3lnej modlitwy.<\/em><\/li><li><strong>Zapraszamy w ka\u017cdy czwartek na Adoracj\u0119 Naj\u015bwi\u0119tszego Sakramentu w ciszy. <\/strong>Adoracja rozpoczyna\u0107 si\u0119 b\u0119dzie po Mszy \u015bw. wieczornej i b\u0119dzie trwa\u0142a do godziny 20:00.<\/li><li>W liturgii ko\u015bcio\u0142a w tym tygodniu, obchodzi\u0107 b\u0119dziemy:<\/li><\/ol>\n\n\n\n<ul class=\"wp-block-list\"><li>w poniedzia\u0142ek 18 wrze\u015bnia \u2013 \u015bwi\u0119to \u015bw. Stanis\u0142awa Kostki, Patrona Polski<\/li><li>w czwartek 21 wrze\u015bnia &#8211; \u015bwi\u0119to \u015bw. Mateusza Aposto\u0142a i Ewangelisty.<\/li><\/ul>\n\n\n\n<p>Zapraszamy w tym dniu na Msz\u0119 \u015bw. o godz. 18:00 w intencji ks. Mateusza Ka\u017amierczaka solenizanta tego dnia.<\/p>\n\n\n\n<ul class=\"wp-block-list\"><li>w sobot\u0119 23 wrze\u015bnia &#8211; wspomnienie \u015bw. Pio z Pietrelciny, kap\u0142ana<\/li><\/ul>\n\n\n\n<p><strong>Zapraszamy na Msze \u015bw. o godz. 8:00 oraz na godz. 18:00.<\/strong><\/p>\n\n\n\n<ol class=\"wp-block-list\" start=\"6\"><li>Apostolat Mi\u0142osierdzia Bo\u017cego oraz Woluntariuszy Parafialnego Oddzia\u0142u Caritas zapraszamy w przysz\u0142\u0105 niedziel\u0119 (24 wrze\u015bnia) na Msz\u0119 \u015bw. o godz. 15:00, a po Mszy \u015bw. na pierwsze powakacyjne spotkanie na plebanii.<\/li><li>W ostatni\u0105 niedziel\u0119 wrze\u015bnia (24 wrze\u015bnia) Wolontariusze Caritas b\u0119d\u0105 zbiera\u0107 przed ko\u015bcio\u0142em ofiary dla najubo\u017cszych i potrzebuj\u0105cych z naszej parafii. Informujemy, \u017ce<em><strong>PARAFIALNY ODDZIA\u0141 CARITAS<\/strong> naszej parafii znajduje si\u0119 przy ul. Myliusa 1A i czynny jest w I i III czwartek miesi\u0105ca od 16:00 do godz. 17:00.<\/em><\/li><li><strong>KANCELARIA PARAFIALNA:<\/strong> czynna w \u015brody od 16:00 do 17:30 oraz w pi\u0105tki po Mszy \u015bw. wieczorowej do 19:30. <em>Zapraszamy.<\/em><\/li><li>Pan powo\u0142a\u0142 do wieczno\u015bci:<\/li><\/ol>\n\n\n\n<p><strong>\u2020 \u015bp. Jana W\u0142adys\u0142awa CHOJNICKEGO<\/strong> lat 72 z ul. Leszczy\u0144skiego<br><strong>\u2020 \u015bp. Jaros\u0142awa GOLDBERGA<\/strong> lat 54 z ul. Porazi\u0144skiej<\/p>\n\n\n\n<p><em>Wieczny odpoczynek racz im da\u0107 Panie! A \u015bwiat\u0142o\u015b\u0107 wiekuista niechaj im \u015bwieci<\/em><\/p>\n\n\n\n<p><\/p>\n\n\n\n<figure class=\"wp-block-image\"><img decoding=\"async\" src=\"http:\/\/rafalk-elblag.pl\/wp-content\/uploads\/2020\/04\/baner-intencje-mszy.jpg\" alt=\"\"\/><\/figure>\n\n\n\n<h1 class=\"wp-block-heading\">Intencje mszalne 17.09.2023r<br><\/h1>\n\n\n\n<p><strong>PONIEDZIA\u0141EK \/ 18 wrze\u015bnia 2023 r. \/ \u015bw. Stanis\u0142awa Kostki<br>\u0141k 2, 41-52<\/strong><br>8.00 \u015bp. Franciszka [k], Eugeniusz Tolzdorf<br>18.00 \u015bp. Stanis\u0142aw Polonis (1 rocznica \u015bmierci \u2013 intencja od c\u00f3rek)<br>18.00 \u015bp. Jerzy Ciesielski (18 greg.)<\/p>\n\n\n\n<p><strong>WTOREK \/ 19 wrze\u015bnia 2023 r.<br>\u0141k 7, 11-17<\/strong><br>8.00 \u015bp. Teresa Wojniak (intencja od Haliny i Mariana Bochenek z Tuchowa)<br>18.00 \u015bp. Marek \u017buromski (miesi\u0105c po pogrzebie)<br>18.00 \u015bp. Jerzy Ciesielski (19 greg.)<\/p>\n\n\n\n<p><strong>\u015aRODA \/ 20 wrze\u015bnia 2023 r. \/ \u015bw. Andrzeja Kim Taegon, Paw\u0142a Chong Hasang i Towarzyszy<br>\u0141k 7, 31-35<\/strong><br>8.00 \u015bp. Jerzy Ciesielski (20 greg.)<br>8.00 \u015bp. Mieczys\u0142aw Pelewski<br>18.00 \u015bp. Jan Tomczak (w 30 dzie\u0144 po pogrzebie)<br>18.00 \u015bp. Zofia<\/p>\n\n\n\n<p><strong>CZWARTEK \/ 21 wrze\u015bnia 2023 r. \/ \u015bw. Mateusza, Aposto\u0142a i Ewangelisty<br>Mt 9, 9-13<\/strong><br>8.00 \u015bp. Jerzy Ciesielski (21 greg.)<br>18.00 O Bo\u017ce b\u0142. i opiek\u0119 Matki Bo\u017cej oraz potrzebne \u0142aski dla ks. Mateusza z okazji imienin (intencja od Margaretki)<br>18.00 Dzi\u0119kczynna z okazji 30 urodzin Ma\u0142gorzaty, z pro\u015bb\u0105 o Bo\u017ce b\u0142., zdrowie, opiek\u0119 Matki Bo\u017cej<br>18.00 \u015bp. Mieczys\u0142aw Pelewski<\/p>\n\n\n\n<p><strong>PI\u0104TEK \/ 22 wrze\u015bnia 2023 r.<br>\u0141k 8, 1-3<\/strong><br>8.00 Za dusze w czy\u015b\u0107cu cierpi\u0105ce<br>18.00 \u015bp. Mieczys\u0142aw Pelewski<br>18.00 \u015bp. Jerzy Ciesielski (22 greg.)<\/p>\n\n\n\n<p><strong>SOBOTA \/ 23 wrze\u015bnia 2023 r. \/ \u015bw. Pio z Pietrelciny<br>\u0141k 8, 4-15<\/strong><br>8.00 W rocznic\u0119 ziemskich urodzin Marcinka i za zmar\u0142ych z rodziny Wi\u015bniewskich, Filar<br>8.00 O szcz\u0119\u015bliw\u0105 operacj\u0119 dla Marioli oraz \u015bwiat\u0142o Ducha \u015awi\u0119tego dla lekarzy i potrzebne si\u0142y w chorobie<br>18.00 \u015bp. Jerzy Radziszewski (30 rocznica \u015bmierci)<br>18.00 \u015bp. Jerzy Ciesielski (23 greg.)<\/p>\n\n\n\n<p><strong>XXV NIEDZIELA ZWYK\u0141A<br>24 wrze\u015bnia 2023 r.<br>Mt 20, 1-16a<\/strong><br>8.00 \u015bp. Sylwester Ba\u0142dyga (w 5 rocznic\u0119 \u015bmierci) i zmarli z rodziny Lasek i Ba\u0142dyga<br>10.00 Dzi\u0119kczynna w 20 urodziny Mi\u0142osza z pro\u015bb\u0105 o Bo\u017ce b\u0142. oraz opiek\u0119 Matki Bo\u017cej i potrzebne \u0142aski<br>10.00 \u015bp. Jerzy Ciesielski (24 greg.)<br>12.00 W intencji Parafian<br>15.00 \u015bp. Maciej Bo\u017cek (13 rocznica \u015bmierci)<br>15.00 O obfito\u015b\u0107 \u0142ask Bo\u017cych i nieustann\u0105 opiek\u0119 Matki Naj\u015bwi\u0119tszej dla opiekuna ks. Wojciecha Zwolickiego i dla cz\u0142onk\u00f3w Apostolatu Mi\u0142osierdzia i Parafialnego Oddzia\u0142u Caritas<br>18.00 \u015bp. Stefan Kowalczyk (20 rocznica \u015bmierci), Mieczys\u0142aw Kinach (3 rocznica \u015bmierci), Jadwiga, Miko\u0142aj Gorszonowscy i zmarli z rodziny Kowalczyk i Kinach<\/p>\n","protected":false},"excerpt":{"rendered":"<p>Ewangelia (Mt 18, 21-35) Przebaczenie Boga uwarunkowane przebaczeniem drugiemu cz\u0142owiekowi S\u0142owa Ewangelii wed\u0142ug \u015awi\u0119tego Mateusza Piotr podszed\u0142 do Jezusa i zapyta\u0142: \u00abPanie, ile razy mam przebaczy\u0107, je\u015bli m\u00f3j brat zawini wzgl\u0119dem mnie? Czy a\u017c siedem razy?\u00bb Jezus mu odrzek\u0142: \u00abNie m\u00f3wi\u0119 ci, \u017ce a\u017c siedem razy, lecz a\u017c siedemdziesi\u0105t siedem razy. Dlatego podobne jest kr\u00f3lestwo [&hellip;]<\/p>\n","protected":false},"author":1,"featured_media":5121,"comment_status":"closed","ping_status":"closed","sticky":false,"template":"","format":"standard","meta":{"ngg_post_thumbnail":0,"footnotes":""},"categories":[11,8,4,3],"tags":[],"class_list":["post-5120","post","type-post","status-publish","format-standard","has-post-thumbnail","hentry","category-aktualnosci","category-blog","category-intencje","category-ogloszenia"],"_links":{"self":[{"href":"https:\/\/rafalk-elblag.pl\/index.php?rest_route=\/wp\/v2\/posts\/5120","targetHints":{"allow":["GET"]}}],"collection":[{"href":"https:\/\/rafalk-elblag.pl\/index.php?rest_route=\/wp\/v2\/posts"}],"about":[{"href":"https:\/\/rafalk-elblag.pl\/index.php?rest_route=\/wp\/v2\/types\/post"}],"author":[{"embeddable":true,"href":"https:\/\/rafalk-elblag.pl\/index.php?rest_route=\/wp\/v2\/users\/1"}],"replies":[{"embeddable":true,"href":"https:\/\/rafalk-elblag.pl\/index.php?rest_route=%2Fwp%2Fv2%2Fcomments&post=5120"}],"version-history":[{"count":2,"href":"https:\/\/rafalk-elblag.pl\/index.php?rest_route=\/wp\/v2\/posts\/5120\/revisions"}],"predecessor-version":[{"id":5124,"href":"https:\/\/rafalk-elblag.pl\/index.php?rest_route=\/wp\/v2\/posts\/5120\/revisions\/5124"}],"wp:featuredmedia":[{"embeddable":true,"href":"https:\/\/rafalk-elblag.pl\/index.php?rest_route=\/wp\/v2\/media\/5121"}],"wp:attachment":[{"href":"https:\/\/rafalk-elblag.pl\/index.php?rest_route=%2Fwp%2Fv2%2Fmedia&parent=5120"}],"wp:term":[{"taxonomy":"category","embeddable":true,"href":"https:\/\/rafalk-elblag.pl\/index.php?rest_route=%2Fwp%2Fv2%2Fcategories&post=5120"},{"taxonomy":"post_tag","embeddable":true,"href":"https:\/\/rafalk-elblag.pl\/index.php?rest_route=%2Fwp%2Fv2%2Ftags&post=5120"}],"curies":[{"name":"wp","href":"https:\/\/api.w.org\/{rel}","templated":true}]}}