{"id":5096,"date":"2023-09-10T11:41:22","date_gmt":"2023-09-10T11:41:22","guid":{"rendered":"http:\/\/rafalk-elblag.pl\/?p=5096"},"modified":"2023-09-17T12:30:09","modified_gmt":"2023-09-17T12:30:09","slug":"ogloszenia-10-09-2023-xxiii-niedziela-zwykla","status":"publish","type":"post","link":"https:\/\/rafalk-elblag.pl\/?p=5096","title":{"rendered":"Og\u0142oszenia 10.09.2023, XXIII Niedziela Zwyk\u0142a"},"content":{"rendered":"\n<p>Przez wiele stuleci Ko\u015bci\u00f3\u0142 obchodzi\u0142 dwa \u015bwi\u0119ta dla uczczenia cierpie\u0144 Naj\u015bwi\u0119tszej Maryi Panny: w pi\u0105tek przed Niedziel\u0105 Palmow\u0105 &#8211; Matki Bo\u017cej Bolesnej oraz 15 wrze\u015bnia &#8211; Siedmiu Bole\u015bci Maryi.<\/p>\n\n\n\n<p>Oba \u015bwi\u0119ta s\u0105 paralelne do \u015bwi\u0105t M\u0119ki Pa\u0144skiej, s\u0105 w pewnym stopniu ich odpowiednikiem. Pierwsze bowiem \u015bwi\u0119to \u0142\u0105czy si\u0119 bezpo\u015brednio z Wielkim Tygodniem, drugie za\u015b z uroczysto\u015bci\u0105 Podwy\u017cszenia Krzy\u017ca \u015bwi\u0119tego. Ostatnia zmiana kalendarza ko\u015bcielnego znios\u0142a pierwsze \u015bwi\u0119to, obchodzone przed Niedziel\u0105 Palmow\u0105.<\/p>\n\n\n\n<p>Od XIV w. cz\u0119sto pojawia\u0142 si\u0119 motyw <strong>siedmiu bole\u015bci Maryi<\/strong>. S\u0105 nimi:<br><strong>1.<\/strong> <strong>Proroctwo Symeona<\/strong><br><strong>2.<\/strong> <strong>Ucieczka do Egiptu<\/strong><br><strong>3.<\/strong> <strong>Zgubienie Jezusa<\/strong><br><strong>4.<\/strong> <strong>Spotkanie z Jezusem na Drodze Krzy\u017cowej<\/strong><br><strong>5.<\/strong> <strong>Ukrzy\u017cowanie i \u015bmier\u0107 Jezusa<\/strong><br><strong>6.<\/strong> <strong>Zdj\u0119cie Jezusa z krzy\u017ca<\/strong><br><strong>7.<\/strong> <strong>Z\u0142o\u017cenie Jezusa do grobu<\/strong><\/p>\n\n\n\n<p>Maryja nie by\u0142a tylko biernym \u015bwiadkiem cierpie\u0144 Pana Jezusa, ale mia\u0142a w nich najpe\u0142niejszy udzia\u0142. Jest nie do pomy\u015blenia nawet na p\u0142aszczy\u017anie samej natury, aby matka nie doznawa\u0142a cierpie\u0144 na widok umieraj\u0105cego syna. Maryja cierpia\u0142a jak nikt na ziemi z ludzi. Zdawa\u0142a sobie bowiem spraw\u0119 z tego, \u017ce Jej Syn jest Zbawicielem rodzaju ludzkiego.<\/p>\n\n\n\n<p>Cierpienie jest rzeczywisto\u015bci\u0105 nieod\u0142\u0105czn\u0105 od \u017cycia ludzkiego na ziemi. W mniejszym lub wi\u0119kszym stopniu dotyka ka\u017cdego cz\u0142owieka. Jest ono wpisane w nasze \u017cycie od chwili narodzin a\u017c do \u015bmierci.<\/p>\n\n\n\n<p>Kiedy cierpienie nas dotyka, nie\u0142atwo jest je zaakceptowa\u0107. Jest ono trudn\u0105 pr\u00f3b\u0105 wiary. Boimy si\u0119 b\u00f3lu, choroby i w\u0142asnej s\u0142abo\u015bci. Cierpienie upokarza, przygniata ci\u0119\u017carem bolesnych prze\u017cy\u0107. Cz\u0142owiek cierpi\u0105cy przechodzi okresy buntu, kt\u00f3ry os\u0142abia wol\u0119 i czyni go trudnym. Prze\u017cywa chwile bezradno\u015bci, zniech\u0119cenia i samotno\u015bci.&nbsp;Czuje si\u0119 bezu\u017cyteczny, przyt\u0142acza go \u015bwiadomo\u015b\u0107, \u017ce jest ci\u0119\u017carem dla innych. W takich chwilach cz\u0119sto wydaje si\u0119, ze \u015bwiat jest niesprawiedliwy. \u0141atwo w\u00f3wczas o \u017cal i pretensje do Boga i ludzi. Nierzadko cz\u0142owiek zamyka si\u0119 w sobie, traci ochot\u0119 i sens \u017cycia. Traktuje cierpienie jako niezas\u0142u\u017con\u0105 kar\u0119. Przychodzi rezygnacja i rozpacz. Kiedy cz\u0142owiek nie potrafi przyj\u0105\u0107 cierpienia, ono potrafi go przyt\u0142oczy\u0107 i zniszczy\u0107.<\/p>\n\n\n\n<p>Dlatego tak wa\u017cne jest umie\u0107 w\u0142a\u015bciwie prze\u017cywa\u0107 cierpienie. Wielu ludzi cierpi, ale niewielu wie jak cierpie\u0107 dobrze, aby to cierpienie, kt\u00f3rego nie da si\u0119 opanowa\u0107 ludzkimi \u015brodkami, nie marnowa\u0142o si\u0119.<\/p>\n\n\n\n<p><strong>Po pierwsze<\/strong>, nale\u017cy przyj\u0105\u0107 z r\u0105k Boga Ojca z poddaniem si\u0119 Jego woli. Mo\u017cemy, a nawet powinni\u015bmy \u2013 jak Chrystus&nbsp;&nbsp;w Ogr\u00f3jcu \u2013 prosi\u0107 Boga o oddalenie cierpienia, gotowi jednocze\u015bnie \u2013 tak jak On &nbsp;\u2013 przyj\u0105\u0107 je, je\u015bli b\u0119dzie taka wola Ojca. Nie jest to \u0142atwe, szczeg\u00f3lnie, kiedy cierpienie jest wielkie. Wiemy ile ta zgoda na przyj\u0119cie krzy\u017ca kosztowa\u0142a Syna Bo\u017cego. Cz\u0142owiek naznaczony cierpieniem m\u00f3wi\u0105c w cicho\u015bci serca:&nbsp;\u201eJezu ufam Tobie\u201d,&nbsp;wyra\u017ca najg\u0142\u0119bsz\u0105 i najtrudniejsz\u0105 mi\u0142o\u015b\u0107, zawierzaj\u0105c siebie Bogu i przyjmuj\u0105c Jego wol\u0119. Mi\u0142owa\u0107 Jezusa to tak\u017ce ufa\u0107 Mu w godzinie pr\u00f3by, to wierzy\u0107, \u017ce B\u00f3g&nbsp;nie pozwoli kusi\u0107 ponad to, co cz\u0142owiek potrafi znie\u015b\u0107 (1 Kor 10,13). Zaakceptowane cierpienie nadal rani i sprawia b\u00f3l, ale przestaje by\u0107 nieszcz\u0119\u015bciem.<\/p>\n\n\n\n<p><strong>Po drugie<\/strong>: znosi\u0107 i prze\u017cywa\u0107 cierpienie w zjednoczeniu z Chrystusem. L\u017cejszym w\u00f3wczas staje si\u0119 nasz krzy\u017c, a&nbsp;&nbsp;\u017cycie nasze przynosi wiele owoc\u00f3w dla ca\u0142ego Ko\u015bcio\u0142a. Cierpienie z\u0142\u0105czone&nbsp;&nbsp;z M\u0119k\u0105 Chrystusa nabiera szczeg\u00f3lnej warto\u015bci. <em>Je\u017celi cierpienie twoje zdaje ci si\u0119 by\u0107 wielkiem, patrz, co cierpia\u0142 nasz Mistrz i Zbawiciel.<\/em> (\u015bw. bp Sebastian Pelczar)<\/p>\n\n\n\n<p>I wreszcie<strong>&nbsp;trzecim warunkiem<\/strong>&nbsp;wykorzystania w pe\u0142ni cierpienia jest ofiarowanie. Cierpienia nasze mamy ofiarowa\u0107 z mi\u0142o\u015bci\u0105 Bogu w \u0142\u0105czno\u015bci z Chrystusem.<\/p>\n\n\n\n<p><em><strong>Je\u017celi za\u015b krzy\u017c dotkliwie ci\u0119 przygniata i pragniesz ulgi lub och\u0142ody, szukaj tej\u017ce u najs\u0142odszego Zbawiciela; szukaj u&nbsp;<\/strong><\/em><strong><em>Pocieszycielki strapionych Maryi<\/em><\/strong><em><strong>,; szukaj w modlitwie; szukaj w Komunii \u015bwi\u0119tej. <\/strong><\/em><strong>(\u015bw. bp Sebastian Pelczar)<\/strong><\/p>\n\n\n\n<p>Przez wszystko co Matka Bo\u017ca wycierpia\u0142a uczy nas jak nale\u017cy krzy\u017c przyj\u0105\u0107 i go nie\u015b\u0107.<\/p>\n\n\n\n<figure class=\"wp-block-image\"><a href=\"http:\/\/rafalk-elblag.pl\/wp-content\/uploads\/2021\/08\/ogloszenia-parafialne-baner-01a.jpg\"><img loading=\"lazy\" decoding=\"async\" width=\"720\" height=\"232\" src=\"http:\/\/rafalk-elblag.pl\/wp-content\/uploads\/2021\/08\/ogloszenia-parafialne-baner-01a.jpg\" alt=\"\" class=\"wp-image-4410\" srcset=\"https:\/\/rafalk-elblag.pl\/wp-content\/uploads\/2021\/08\/ogloszenia-parafialne-baner-01a.jpg 720w, https:\/\/rafalk-elblag.pl\/wp-content\/uploads\/2021\/08\/ogloszenia-parafialne-baner-01a-300x97.jpg 300w\" sizes=\"auto, (max-width: 720px) 100vw, 720px\" \/><\/a><\/figure>\n\n\n\n<h1 class=\"wp-block-heading\">Og\u0142oszenia parafialne 10.09.2023r<\/h1>\n\n\n\n<ol class=\"wp-block-list\"><li><strong>Zako\u0144czyli\u015bmy malowanie naszej \u015bwi\u0105tyni.<\/strong> Z okazji 30-lecia powstania naszej parafii i zbli\u017caj\u0105cych si\u0119 MISJI PARAFIALNYCH chcemy, by nasz ko\u015bci\u00f3\u0142 napawa\u0142 nas rado\u015bci\u0105 i pobudza\u0142 do wdzi\u0119czno\u015bci Bogu \u017ce mo\u017cemy tu si\u0119 spotyka\u0107. <em>Dzi\u0119kuj\u0119 za wszelkie okazane wsparcie, pomoc, zrozumienie i modlitw\u0119.<\/em><\/li><li><strong>UWAGA!<\/strong> Od wrze\u015bnia powracamy do Mszy \u015bwi\u0119tej niedzielnej o godzinie 15:00, kt\u00f3ra rozpoczyna si\u0119 Koronk\u0105 do Mi\u0142osierdzia Bo\u017cego.<\/li><li><strong>Rozpocz\u0105\u0142 si\u0119 Nowy Rok Szkolny i Katechetyczny.<\/strong> Zatroszczmy si\u0119 o dobre wychowanie m\u0142odego pokolenia. Postarajmy si\u0119 znale\u017a\u0107 czas dla naszych dzieci i zadbajmy o ich udzia\u0142 w lekcjach religii. <em><strong>Przypominamy ponadto, \u017ce przygotowanie do przyj\u0119cia sakrament\u00f3w \u015bwi\u0119tych tj. do pierwszej Spowiedzi i Komunii \u015awi\u0119tej oraz do Sakramentu Bierzmowania odbywa si\u0119 r\u00f3wnie\u017c w Ko\u015bciele.<\/strong><\/em><\/li><li>W tym tygodniu na plebanii odb\u0119d\u0105 si\u0119 spotkania rodzic\u00f3w dzieci przygotowuj\u0105cych si\u0119 w tym roku szkolnym do Pierwszej Spowiedzi i Komunii \u015awi\u0119tej wed\u0142ug nast\u0119puj\u0105cego porz\u0105dku:<\/li><\/ol>\n\n\n\n<ul class=\"wp-block-list\"><li><strong>poniedzia\u0142ek (11 wrze\u015bnia) o godz. 19:00 rodzice klas III a i III b<\/strong><\/li><li><strong>wtorek (12 wrze\u015bnia) o godz. 19:00 rodzice klas III c i III d <\/strong>oraz rodzice dzieci ucz\u0105cych si\u0119 w innych szko\u0142ach. <strong>OBECNO\u015a\u0106 RODZIC\u00d3W OBOWI\u0104ZKOWA.<\/strong><\/li><\/ul>\n\n\n\n<ol class=\"wp-block-list\" start=\"5\"><li><strong>UWAGA!!! <\/strong><strong>Zapisy do bierzmowania m\u0142odzie\u017cy <\/strong>z klas VIII Szko\u0142y Podstawowej trwaj\u0105 do ko\u0144ca wrze\u015bnia. <em>Zg\u0142oszenia przyjmuje ks. Mateusza.<\/em><\/li><li><strong>Od wrze\u015bnia w ka\u017cdy czwartek zapraszamy na Adoracj\u0119 Naj\u015bwi\u0119tszego Sakramentu w ciszy. Adoracja rozpoczyna\u0107 si\u0119 b\u0119dzie po Mszy \u015bw. wieczornej i b\u0119dzie trwa\u0142a do godziny 20:00.<\/strong><\/li><li>W sobot\u0119 16 wrze\u015bnia br. dzie\u0144 spotkania i formacji<strong> BRACTWA SZKAPLERZNEGO<\/strong>. Serdecznie zapraszamy na Msz\u0119 \u015aw. o godz. 18:00, a po niej na Nabo\u017ce\u0144stwo do Matki Bo\u017cej Szkaplerznej.<\/li><li>W poniedzia\u0142ek 18 wrze\u015bnia w ko\u015bciele pw. \u201eWszystkich \u015awi\u0119tych\u201d w Elbl\u0105gu dla Zwi\u0105zku Sybirak\u00f3w i Kombatant\u00f3w <strong>z okazji 84 rocznicy napa\u015bci sowieckiej na Polsk\u0119 o godz. 9:00 zostanie odprawiona Msza \u015bwi\u0119ta. <\/strong><em>Po niej dalsze uroczysto\u015bci przy Krzy\u017cu Katy\u0144skim na Cmentarzu Komunalnym przy Agrykola. Zapraszamy do wsp\u00f3lnej modlitwy.<\/em><\/li><li><strong>W TYM TYGODNIU KOLEJNY ROK PRACY FORMACYJNEJ INAUGURUJE:<\/strong><\/li><\/ol>\n\n\n\n<ul class=\"wp-block-list\"><li><strong>ODNOWA W DUCHU \u015aWI\u0118TYM<\/strong> \u201eKana Galilejska\u201d we wtorek 12 wrze\u015bnia br. &#8211; Msz\u0105 \u015bw. o godz. 18:00, a po Mszy \u015bw. Adoracja Naj\u015bwi\u0119tszego Sakramentu.<\/li><\/ul>\n\n\n\n<ol class=\"wp-block-list\" start=\"10\"><li><strong>Wy\u017csze Seminarium Duchowne w Elbl\u0105gu <\/strong>czeka na pragn\u0105cych podj\u0105\u0107 w tym roku drog\u0119 przygotowania do kap\u0142a\u0144stwa i studia teologiczne. II termin rekrutacji to okres: od 5 wrze\u015bnia do 13 wrze\u015bnia. Ten sam termin rekrutacji dotyczy student\u00f3w Wydzia\u0142u Teologii UWM w Olsztynie, kt\u00f3ry kszta\u0142ci przysz\u0142ych nauczycieli religii oraz specjalist\u00f3w ds. rodziny.<\/li><li><strong>KANCELARIA PARAFIALNA:<\/strong> czynna w \u015brody od 16:00 do 17:30 oraz w pi\u0105tki po Mszy \u015bw. wieczorowej do 19:30. <em>Zapraszamy.<\/em><\/li><li>Zach\u0119cam do nabywania nowego numeru \u201eGo\u015bcia Niedzielnego\u201d <strong>w cenie 10 z\u0142.<\/strong> oraz naszego <strong>BIULETYNU PARAFIALNEGO.<\/strong><\/li><\/ol>\n\n\n\n<p><\/p>\n\n\n\n<figure class=\"wp-block-image\"><img decoding=\"async\" src=\"http:\/\/rafalk-elblag.pl\/wp-content\/uploads\/2020\/04\/baner-intencje-mszy.jpg\" alt=\"\"\/><\/figure>\n\n\n\n<h1 class=\"wp-block-heading\">Intencje mszalne 10.09.2023r<br><\/h1>\n\n\n\n<p><strong>XXIII Niedziala Zwyk\u0142a 10 wrze\u015bnia 2023 r.<\/strong><br>8.00 \u015bp. Bronis\u0142awa [k], W\u0142adys\u0142aw, Stanis\u0142aw, Jan z rodziny Kowalskich<br>10.00 O \u017cywe dzia\u0142ania Ducha \u015awi\u0119tego w codzienno\u015bci dla Nikodema i jego rodziny, Agnieszki<br>i ca\u0142ej rodziny zakonnej oraz Magdaleny i jej rodziny<br>12.00 W intencji Parafian<br>15.00 \u015bp. J\u00f3zef Wyloci\u0144ski (w 1 rocznic\u0119 \u015bmierci)<br>18.00 \u015bp. Jerzy Ciesielski (10 greg.)<br><\/p>\n\n\n\n<p><strong>PONIEDZIA\u0141EK \/ 11 wrze\u015bnia 2023 r.<\/strong><br>8.00 \u015bp. Jerzy Ciesielski (11 greg.)<br>18.00 \u015bp. Kazimierz Zwoli\u0144ski i zmarli z rodziny Zwoli\u0144skich i G\u00f3rskich<br>18.00 \u015bp. Alicja \u0141ozowska (w 10 miesi\u0105c po \u015bmierci)<br><\/p>\n\n\n\n<p><strong>WTOREK \/ 12 wrze\u015bnia 2023 r. \/ Naj\u015bwi\u0119tszego Imienia Maryi<\/strong><br>8.00 \u015bp. Regina Hipsz, Franciszek, Lech, W\u0142odzimierz &#8211; bracia<br>18.00 \u015bp. Teresa Wojniak (30 dzie\u0144 po \u015bmierci)<br>18.00 \u015bp. Jerzy Ciesielski (12 greg.)<br><\/p>\n\n\n\n<p><strong>\u015aRODA \/ 13 wrze\u015bnia 2023 r. \/ \u015bw. Jana Chryzostoma<\/strong><br>8.00 \u015bp. Jerzy Ciesielski (13 greg.)<br>18.00 Dzi\u0119kczynna za otrzymane \u0142aski przez rodzin\u0119 Brzozowskich<br>18.00 O Bo\u017ce b\u0142., opiek\u0119 Matki Bo\u017cej i dary Ducha \u015awi\u0119tego dla Miko\u0142aja Florkowskiego z okazji 18 urodzin<br><\/p>\n\n\n\n<p><strong>CZWARTEK \/ 14 wrze\u015bnia 2023 r. \/ \u015awi\u0119to Podwy\u017cszenia Krzy\u017ca \u015awi\u0119tego<\/strong><br>8.00 \u015bp. Beata Taraszkiewicz (w 2 miesi\u0105c po pogrzebie, intencja od chrzestnego)<br>18.00 \u015bp. Jerzy Ciesielski (14 greg.)<br>18.00 \u015bp. Szczepan \u017by\u0142a (w 6 rocznic\u0119 \u015bmierci) oraz zmarli z rodzin \u017by\u0142a i Korolko<br><\/p>\n\n\n\n<p><strong>PI\u0104TEK \/ 15 wrze\u015bnia 2023 r. \/ Naj\u015bwi\u0119tszej Maryi Panny Bolesnej<\/strong><br>8.00 Za dusze w czy\u015b\u0107cu cierpi\u0105ce<br>18.00 \u015bp. Jerzy Ciesielski (15 greg.)<br>18.00 \u015bp. Bogus\u0142aw Jakubowski (w 30 dzie\u0144 po pogrzebie)<br><\/p>\n\n\n\n<p><strong>SOBOTA \/ 16 wrze\u015bnia 2023 r. \/ \u015bw. Korneliusza i Cypriana<\/strong><br>8.00 \u015bp. Jerzy Ciesielski (16 greg.)<br>18.00 \u015bp. Barbara Petrycha (21 rocznica \u015bmierci) oraz rodzice z obojga stron: Maria i Stanis\u0142aw, Maria i Franciszek oraz brat Alfred<br>18.00 W intencji Rodziny i Bractwa Szkaplerznego<br><\/p>\n","protected":false},"excerpt":{"rendered":"<p>Przez wiele stuleci Ko\u015bci\u00f3\u0142 obchodzi\u0142 dwa \u015bwi\u0119ta dla uczczenia cierpie\u0144 Naj\u015bwi\u0119tszej Maryi Panny: w pi\u0105tek przed Niedziel\u0105 Palmow\u0105 &#8211; Matki Bo\u017cej Bolesnej oraz 15 wrze\u015bnia &#8211; Siedmiu Bole\u015bci Maryi. Oba \u015bwi\u0119ta s\u0105 paralelne do \u015bwi\u0105t M\u0119ki Pa\u0144skiej, s\u0105 w pewnym stopniu ich odpowiednikiem. Pierwsze bowiem \u015bwi\u0119to \u0142\u0105czy si\u0119 bezpo\u015brednio z Wielkim Tygodniem, drugie za\u015b z [&hellip;]<\/p>\n","protected":false},"author":1,"featured_media":5099,"comment_status":"closed","ping_status":"closed","sticky":false,"template":"","format":"standard","meta":{"ngg_post_thumbnail":0,"footnotes":""},"categories":[11,8,4,3],"tags":[],"class_list":["post-5096","post","type-post","status-publish","format-standard","has-post-thumbnail","hentry","category-aktualnosci","category-blog","category-intencje","category-ogloszenia"],"_links":{"self":[{"href":"https:\/\/rafalk-elblag.pl\/index.php?rest_route=\/wp\/v2\/posts\/5096","targetHints":{"allow":["GET"]}}],"collection":[{"href":"https:\/\/rafalk-elblag.pl\/index.php?rest_route=\/wp\/v2\/posts"}],"about":[{"href":"https:\/\/rafalk-elblag.pl\/index.php?rest_route=\/wp\/v2\/types\/post"}],"author":[{"embeddable":true,"href":"https:\/\/rafalk-elblag.pl\/index.php?rest_route=\/wp\/v2\/users\/1"}],"replies":[{"embeddable":true,"href":"https:\/\/rafalk-elblag.pl\/index.php?rest_route=%2Fwp%2Fv2%2Fcomments&post=5096"}],"version-history":[{"count":6,"href":"https:\/\/rafalk-elblag.pl\/index.php?rest_route=\/wp\/v2\/posts\/5096\/revisions"}],"predecessor-version":[{"id":5123,"href":"https:\/\/rafalk-elblag.pl\/index.php?rest_route=\/wp\/v2\/posts\/5096\/revisions\/5123"}],"wp:featuredmedia":[{"embeddable":true,"href":"https:\/\/rafalk-elblag.pl\/index.php?rest_route=\/wp\/v2\/media\/5099"}],"wp:attachment":[{"href":"https:\/\/rafalk-elblag.pl\/index.php?rest_route=%2Fwp%2Fv2%2Fmedia&parent=5096"}],"wp:term":[{"taxonomy":"category","embeddable":true,"href":"https:\/\/rafalk-elblag.pl\/index.php?rest_route=%2Fwp%2Fv2%2Fcategories&post=5096"},{"taxonomy":"post_tag","embeddable":true,"href":"https:\/\/rafalk-elblag.pl\/index.php?rest_route=%2Fwp%2Fv2%2Ftags&post=5096"}],"curies":[{"name":"wp","href":"https:\/\/api.w.org\/{rel}","templated":true}]}}