{"id":5037,"date":"2023-09-03T07:30:00","date_gmt":"2023-09-03T07:30:00","guid":{"rendered":"http:\/\/rafalk-elblag.pl\/?p=5037"},"modified":"2023-09-14T13:53:17","modified_gmt":"2023-09-14T13:53:17","slug":"ogloszenia-03-09-2023-xxii-niedziela-zwykla","status":"publish","type":"post","link":"https:\/\/rafalk-elblag.pl\/?p=5037","title":{"rendered":"Og\u0142oszenia 03.09.2023, XXII Niedziela Zwyk\u0142a"},"content":{"rendered":"\n<figure class=\"wp-block-embed is-type-video is-provider-youtube wp-block-embed-youtube wp-embed-aspect-16-9 wp-has-aspect-ratio\"><div class=\"wp-block-embed__wrapper\">\n<iframe loading=\"lazy\" title=\"Modlitwa o uzdrowienie i wylanie dar\u00f3w Ducha \u015aw. - ks Piotr Glas\" width=\"900\" height=\"506\" src=\"https:\/\/www.youtube.com\/embed\/RBuwb4I3TZI?feature=oembed\" frameborder=\"0\" allow=\"accelerometer; autoplay; clipboard-write; encrypted-media; gyroscope; picture-in-picture; web-share\" allowfullscreen><\/iframe>\n<\/div><\/figure>\n\n\n\n<h2 class=\"wp-block-heading\">Ewangelia (Mt 16, 21-27)<\/h2>\n\n\n\n<h4 class=\"wp-block-heading\"><em>Je\u015bli kto\u015b chce p\u00f3j\u015b\u0107 za Mn\u0105, niech si\u0119 zaprze samego siebie<\/em><\/h4>\n\n\n\n<p><strong>S\u0142owa Ewangelii wed\u0142ug \u015awi\u0119tego Mateusza<\/strong><\/p>\n\n\n\n<p>Jezus zacz\u0105\u0142 wskazywa\u0107 swoim uczniom na to, \u017ce musi uda\u0107 si\u0119 do Jerozolimy i wiele wycierpie\u0107 od starszych i arcykap\u0142an\u00f3w oraz uczonych w Pi\u015bmie; \u017ce b\u0119dzie zabity i trzeciego dnia zmartwychwstanie. A Piotr wzi\u0105\u0142 Go na bok i pocz\u0105\u0142 robi\u0107 Mu wyrzuty: \u00abPanie, niech Ci\u0119 B\u00f3g broni! Nie przyjdzie to nigdy na Ciebie\u00bb. Lecz On odwr\u00f3ci\u0142 si\u0119 i rzek\u0142 do Piotra: \u00abZejd\u017a Mi z oczu, szatanie! Jeste\u015b Mi zawad\u0105, bo nie my\u015blisz po Bo\u017cemu, lecz po ludzku\u00bb.<\/p>\n\n\n\n<p>Wtedy Jezus rzek\u0142 do swoich uczni\u00f3w: \u00abJe\u015bli kto\u015b chce p\u00f3j\u015b\u0107 za Mn\u0105, niech si\u0119 zaprze samego siebie, niech we\u017amie krzy\u017c sw\u00f3j i niech Mnie na\u015bladuje. Bo kto chce zachowa\u0107 swoje \u017cycie, straci je; a kto straci swe \u017cycie z mego powodu, znajdzie je. C\u00f3\u017c bowiem za korzy\u015b\u0107 odniesie cz\u0142owiek, cho\u0107by ca\u0142y \u015bwiat zyska\u0142, a na swej duszy szkod\u0119 poni\u00f3s\u0142? Albo co da cz\u0142owiek w zamian za swoj\u0105 dusz\u0119?<\/p>\n\n\n\n<p>Albowiem Syn Cz\u0142owieczy przyjdzie w chwale Ojca swego razem z anio\u0142ami swoimi i wtedy odda ka\u017cdemu wed\u0142ug jego post\u0119powania\u00bb.<\/p>\n\n\n\n<h2 class=\"wp-block-heading\"><strong>Adoracja Naj\u015bwi\u0119tszego Sakramentu<\/strong><\/h2>\n\n\n\n<p>Adoracja Pana Jezusa poza Msz\u0105 \u015awi\u0119t\u0105 jest wspania\u0142\u0105 form\u0105 spotkania z Bogiem, obecnym rzeczywi\u015bcie, realnie, substancjalnie pod postaci\u0105 Chleba.<\/p>\n\n\n\n<p>Wielu \u015bwi\u0119tych da\u0142o przyk\u0142ad tej praktyki, wielokrotnie chwalonej i zalecanej przez Magisterium. W spos\u00f3b szczeg\u00f3lny wyr\u00f3\u017cnia\u0142 si\u0119 w tym \u015bw. Alfons Maria Liguori, kt\u00f3ry pisa\u0142: <strong>\u201eW\u015br\u00f3d r\u00f3\u017cnych praktyk pobo\u017cnych adoracja Jezusa sakramentalnego jest pierwsza po sakramentach, najbardziej mi\u0142a Bogu i najbardziej po\u017cyteczna dla nas\u201d. <\/strong>Eucharystia jest nieocenionym skarbem: nie tylko jej sprawowanie, lecz tak\u017ce jej adoracja poza Msz\u0105 \u015bw. pozwala zaczerpn\u0105\u0107 z samego \u017ar\u00f3d\u0142a \u0142aski. (\u2026)\u201d.&nbsp;<em>(Jan Pawe\u0142 II, Ecclesia de Eucharistia, 25)<\/em><\/p>\n\n\n\n<p><strong>Adoracja jest jedyn\u0105 w swym rodzaju modlitw\u0105 obecno\u015bci. Przychodzimy, gdy\u017c Kto\u015b na nas czeka. Zostajemy, bo jest tu Kto\u015b, kto pragnie, by\u015bmy z Nim pozostali. Jedna z os\u00f3b tak opowiada o swojej adoracji: \u201eNie potrzeba wtedy za\u0142atwia\u0107 \u017cadnych spraw z&nbsp;Jeusem. Dzieje si\u0119 co\u015b dziwnego, jakby podczas tego spotkania be\u017c \u017cadnej mojej aktywno\u015bci uspokaja\u0142o si\u0119 serce, wszelkie burze nik\u0142y, cisza zalega w&nbsp;duszy. (\u2026) Jest to naprawd\u0119 fascynuj\u0105ce spotkanie, zawsze za nim t\u0119skni\u0119. Podczas adoracji \u0142atwo zapomnie\u0107 o&nbsp;ca\u0142ym \u015bwiecie, up\u0142ywaj\u0105cym czasie. Jest to niesamowity odpoczynek. Zach\u0119cam Ci\u0119 do adoracji w&nbsp;ciszy.\u201d<\/strong><\/p>\n\n\n\n<p>Bardzo wa\u017cna podczas adoracji jest cisza, podobnie jak w rozmowie, by us\u0142ysze\u0107, co kto\u015b chce powiedzie\u0107, trzeba przerwa\u0107 potok w\u0142asnej mowy i my\u015bli. Trwanie w ciszy adoracji tworzy przestrze\u0144, w kt\u00f3rej mo\u017cna do\u015bwiadczy\u0107, \u017ce jest si\u0119 kochanym.<\/p>\n\n\n\n<p>To do\u015bwiadczenie dokonuje si\u0119 na g\u0142\u0119bszym poziomie ni\u017c s\u0142owa. Pozostawanie w adoracji w milczeniu wyra\u017ca cze\u015b\u0107, kt\u00f3rej nie s\u0105 w stanie wyrazi\u0107 s\u0142owa. S\u0142owa s\u0105 za ma\u0142e. Trwanie w ciszy pozwala wej\u015b\u0107 w najbardziej duchowy wymiar modlitwy. Najg\u0142\u0119bszy kontakt z Bogiem dokonuje si\u0119 bez s\u0142\u00f3w, w spotkaniu serca z sercem. Patrzenie ze czci\u0105 na Hosti\u0119 oczyszcza ludzkiego ducha z tego, co jest w nim skalane czczeniem bo\u017ck\u00f3w. Przede wszystkim jednak oznacza zgod\u0119 na przebaczenie i pojednanie.<\/p>\n\n\n\n<p>G\u0142\u00f3wnym problemem na&nbsp;pocz\u0105tku modlitwy w&nbsp;ciszy mo\u017ce by\u0107 to&nbsp;co&nbsp;dzieje si\u0119 w&nbsp;naszej g\u0142owie. Zauwa\u017camy, \u017ce&nbsp;nasze my\u015bli odbiegaj\u0105 daleko od&nbsp;modlitwy. Co&nbsp;wtedy robi\u0107? Wytrwa\u0107. Nie&nbsp;przejmowa\u0107 si\u0119 my\u015blami. Modli\u0107 si\u0119 dalej.&nbsp; Decyduj\u0105ca w&nbsp;tym czasie jest wiara. Je\u017celi uwierzymy, \u017ce&nbsp;wtedy, gdy&nbsp;B\u00f3g nie&nbsp;daje nam odczuwa\u0107 swej obecno\u015bci jest jeszcze&nbsp; bli\u017cej ni\u017c wtedy gdy&nbsp;j\u0105&nbsp;czujemy, mo\u017cemy z&nbsp;t\u0105&nbsp;wiar\u0105 robi\u0107 cuda.<\/p>\n\n\n\n<p>Adoracja wymaga wiary. Bez wiary nie spos\u00f3b wytrzyma\u0107 na adoracji nawet pi\u0119ciu minut. Dlatego te\u017c Ko\u015bci\u00f3\u0142 udziela odpustu cz\u0105stkowego wiernemu, kt\u00f3ry nawiedza Naj\u015bwi\u0119tszy Sakrament w celu adoracji. Je\u017celi adoracja trwa co najmniej p\u00f3\u0142 godziny, odpust b\u0119dzie zupe\u0142ny, pod zwyk\u0142ymi warunkami. Adoracja daje te\u017c wiar\u0119, tworzy atmosfer\u0119, w kt\u00f3rym Duch \u015awi\u0119ty mo\u017ce dzia\u0142a\u0107.&nbsp;<\/p>\n\n\n\n<p><strong>Podczas adoracji Jezus dotyka serca w jego najtajniejszej g\u0142\u0119bi. Dotyka tego, co jest b\u00f3lem, trudem, niezgod\u0105, z czym sobie nie radzimy, dotyka trudnych relacji, rozdarcia z powodu choroby czy innej niemocy, wszystkiego, co nie pozwala nam pe\u0142ni\u0107 tego, co jawi si\u0119 jako Jego wola. Dotyka nieprzebaczenia, \u017calu, l\u0119ku, konflikt\u00f3w, sytuacji, kt\u00f3rych nie mo\u017cemy zmieni\u0107, naszej bezsilno\u015bci. Dotyka te\u017c zm\u0119czenia, zam\u0119tu i wypalenia.<\/strong><\/p>\n\n\n\n<p>Wielu ludzi stwierdza, \u017ce po godzinie adoracji Naj\u015bwi\u0119tszego Sakramentu<br>w ciszy s\u0105 jak odrodzeni i trudno im wyobrazi\u0107 sobie skuteczniejszy odpoczynek. By\u0107 mo\u017ce dzieje si\u0119 tak dlatego, \u017ce B\u00f3g leczy na \u201eg\u0142\u0119boko\u015bciach\u201d (por. Ps 130,1), do kt\u00f3rych nie maj\u0105 dost\u0119pu inni lekarze ani my sami.<\/p>\n\n\n\n<p>Jeden z liturgist\u00f3w trafnie napisa\u0142: \u201eJakie to dla nas szcz\u0119\u015bcie m\u00f3c przyj\u015b\u0107 do \u015bwi\u0105tyni, gdzie zawsze trwa \u015bwi\u0119ta obecno\u015b\u0107 Chrystusa. Mo\u017cna Mu powiedzie\u0107 wszystkie swoje rado\u015bci i smutki. Z takiej cichej adoracji odchodzimy umocnieni<br>i uspokojeni. Pan jest blisko. Trzeba o Nim pami\u0119ta\u0107\u201d. Przy Chrystusie eucharystycznym, ukrytym w tabernakulum czy wystawionym w monstrancji, nabieraj\u0105 coraz wi\u0119kszej aktualno\u015bci s\u0142owa Pana, w kt\u00f3rych zach\u0119ca\u0142 wszystkich utrudzonych i obci\u0105\u017conych aby przychodzili do Niego (Mt 11,28). Nie przestawajmy Go nawiedza\u0107. On czeka na nas i pragnie ofiarowa\u0107 nam swe liczne dobra.<\/p>\n\n\n\n<p>Ka\u017cdy z nas mo\u017ce osobi\u015bcie do\u015bwiadczy\u0107 owoc\u00f3w adoracji. B\u0119dziemy mieli tak\u0105 mo\u017cliwo\u015b\u0107 w ka\u017cdy czwartek po zako\u0144czeniu Mszy \u015bw. wieczornej do godziny 20.00. Pan Jezus w Eucharystii zostawi\u0142 siebie dla nas, czy my b\u0119dziemy potrafili zostawi\u0107 nasze sprawy dla Niego?<\/p>\n\n\n\n<figure class=\"wp-block-image\"><a href=\"http:\/\/rafalk-elblag.pl\/wp-content\/uploads\/2021\/08\/ogloszenia-parafialne-baner-01a.jpg\"><img loading=\"lazy\" decoding=\"async\" width=\"720\" height=\"232\" src=\"http:\/\/rafalk-elblag.pl\/wp-content\/uploads\/2021\/08\/ogloszenia-parafialne-baner-01a.jpg\" alt=\"\" class=\"wp-image-4410\" srcset=\"https:\/\/rafalk-elblag.pl\/wp-content\/uploads\/2021\/08\/ogloszenia-parafialne-baner-01a.jpg 720w, https:\/\/rafalk-elblag.pl\/wp-content\/uploads\/2021\/08\/ogloszenia-parafialne-baner-01a-300x97.jpg 300w\" sizes=\"auto, (max-width: 720px) 100vw, 720px\" \/><\/a><\/figure>\n\n\n\n<h1 class=\"wp-block-heading\">Og\u0142oszenia parafialne 03.09.2023r<\/h1>\n\n\n\n<ol class=\"wp-block-list\"><li><strong>Trwa malowanie naszego ko\u015bcio\u0142a.<\/strong> Z okazji 30-lecia powstania naszej parafiichcemy, by nasza \u015bwi\u0105tynia nabra\u0142a blasku i pi\u0119kna. Ofiary z\u0142o\u017cone dzisiaj przeznaczone s\u0105 na ten cel. <em>Dzi\u0119kuj\u0119 za wsparcie i modlitw\u0119.<\/em><\/li><li><strong>UWAGA!<\/strong> Od wrze\u015bnia powracamy do Mszy \u015bwi\u0119tej niedzielnej o godzinie 15:00, kt\u00f3ra rozpoczyna si\u0119 Koronk\u0105 do Mi\u0142osierdzia Bo\u017cego.<\/li><li>Dzi\u015b w pierwsz\u0105 niedziel\u0119 miesi\u0105ca zapraszamy na <strong>Adoracj\u0119 Naj\u015bwi\u0119tszego Sakramentu <\/strong>od godz. 16:00 do 18:00. <em><u>Chciejmy szczeg\u00f3lnie modli\u0107 za dzieci i m\u0142odzie\u017c naszej parafii.<\/u><\/em><\/li><li><strong>Msza \u015bw. inauguruj\u0105ca kolejny rok szkolny i katechetyczny 2023\/2024 odprawiona zostanie<\/strong> dla Szko\u0142y Podstawowej nr 11 w niedziel\u0119<strong> 10<\/strong><em><strong> wrze\u015bnia o godz. 10:00 dla kla 0 \u2013 VI, a o godz. 18:00 klas VII \u2013 VIII<\/strong><\/em> oraz dla wszystkich przygotowuj\u0105cych si\u0119 do SAKRAMENTU BIERZMOWANIA. Zapraszamy do wsp\u00f3lnej modlitwy uczni\u00f3w, rodzic\u00f3w i nauczycieli. <em>SKORZYSTAJMY Z \u0141ASK SAKRAMENT\u00d3W \u015aWI\u0118TYCH.<\/em><br><strong>Od jutra zach\u0119camy dzieci i m\u0142odzie\u017c do spowiedzi \u015bwi\u0119tej od godz. 17:30.<\/strong><\/li><\/ol>\n\n\n\n<ol class=\"wp-block-list\" start=\"5\"><li>B\u0142ogos\u0142awie\u0144stwo dzieci klas I z po\u015bwi\u0119ceniem przybor\u00f3w szkolnych odb\u0119dzie si\u0119 za tydzie\u0144 tj. 10 wrze\u015bnia br. podczas Mszy \u015bw. o godz. 10:00. <em>ZAPRASZAMY DZIECI Z RODZICAMI.<\/em><\/li><\/ol>\n\n\n\n<ol class=\"wp-block-list\" start=\"6\"><li><strong>Rozpoczyna si\u0119 Nowy Rok Szkolny i Katechetyczny.<\/strong> Zatroszczmy si\u0119 o dobre wychowanie m\u0142odego pokolenia. Postarajmy si\u0119 znale\u017a\u0107 czas dla naszych dzieci i zadbajmy o ich udzia\u0142 w lekcjach religii. <em><strong>Przypominamy ponadto, \u017ce przygotowanie do przyj\u0119cia sakrament\u00f3w \u015bwi\u0119tych tj. do pierwszej Spowiedzi i Komunii \u015awi\u0119tej oraz do Sakramentu Bierzmowania odbywa si\u0119 r\u00f3wnie\u017c w Ko\u015bciele.<\/strong><\/em><\/li><li><strong>W TYM TYGODNIU KOLEJNY ROK PRACY FORMACYJNEJ INAUGURUJE:<\/strong><\/li><\/ol>\n\n\n\n<ul class=\"wp-block-list\"><li><strong>KR\u0104G BIBLIJNY<\/strong> w \u015brod\u0119 6 wrze\u015bnia o godz. 18.45. Zapraszamy osoby pragn\u0105ce bardziej pochyli\u0107 si\u0119 nad Ksi\u0119g\u0105 \u017bycia<\/li><li><strong>WSP\u00d3LNOTA KRWI CHRYSTUSA<\/strong> w \u015brod\u0119 6 wrze\u015bnia na plebanii o godz. 18:45<\/li><li><strong>PARAFIALNY ODDZIA\u0141 CARITAS &#8211; <\/strong>w I i III czwartek miesi\u0105ca w godzinach od 16:00 do 17:00 przy ul. Myliusa 1A. Z<em>apraszamy osoby potrzebuj\u0105ce pomocy<\/em><\/li><li><strong>Apostolat Margaretka &#8211;<\/strong> czwartek 7 wrze\u015bnia br. o godz. 18:00 Msz\u0105 \u015bw. i ADORACJA<\/li><li><strong>ARKA RODZIN <\/strong>w niedziele 10 wrze\u015bnia br. po Mszy \u015bw. o godz. 10:00 w salce na plebanii. Wej\u015bcie od szczytu budynku. Zapraszamy.<\/li><\/ul>\n\n\n\n<ol class=\"wp-block-list\" start=\"8\"><li>W tym tygodniu przypada pierwszy czwartek miesi\u0105ca.<br><strong>W pierwszy czwartek<\/strong> b\u0119dziemy modli\u0107 si\u0119 wsp\u00f3lnie za Ojca \u015awi\u0119tego Franciszka i ca\u0142y Ko\u015bci\u00f3\u0142. <em><strong>Zapraszamy na Msz\u0119 \u015bw. o godz. 18:00, po kt\u00f3rej w powy\u017cszych intencjach odb\u0119dzie si\u0119 ADORACJA przed Naj\u015bwi\u0119tszym Sakramentem.<\/strong><\/em><\/li><\/ol>\n\n\n\n<ol class=\"wp-block-list\" start=\"9\"><li><strong>Od wrze\u015bnia w ka\u017cdy czwartek zapraszamy na Adoracj\u0119 Naj\u015bwietszego Sakramnetu w ciszy. Adoracja rozpoczyna\u0107 si\u0119 b\u0119dzie po Mszy \u015bw. wieczornej i b\u0119dzie trwa\u0142a do godziny 20.00. Wi\u0119cej o Adoracji mo\u017cemy przeczyta\u0107 w naszym Biuletynie Parafianym.<\/strong><\/li><li>Nasza parafia organizuje <strong>pielgrzymk\u0119 autokarow\u0105 do SANKTUARIUM MATKI BO\u017bEJ GIETRZWA\u0141DZKIEJ na obchody 146 Rocznicy Objawie\u0144.<\/strong> <em>Wyjazd 10 wrze\u015bnia (niedziela) o godz. 7:30. <strong>Koszt 45 z\u0142. <\/strong>Zapisy w zakrystii<strong>.<\/strong><\/em><\/li><\/ol>\n\n\n\n<ol class=\"wp-block-list\" start=\"11\"><li>Zach\u0119cam do nabywania nowego numeru \u201eGo\u015bcia Niedzielnego\u201d<strong> w cenie 10 z\u0142.<\/strong> Jest te\u017c wy\u0142o\u017cony<strong> BIULETYN PARAFIALNY<\/strong> na stolikach przy wej\u015bciu do ko\u015bcio\u0142a. Zach\u0119camy do zabrania dla siebie i s\u0105siad\u00f3w<em><u>.<\/u><\/em><\/li><li>Pan powo\u0142a\u0142 do wieczno\u015bci: <br><br><strong>\u2020 \u015bp. Zofi\u0119 ZDANOWICZ<\/strong> lat 95 z ul. Broniewskiego<br>\u2020<strong> \u015bp. Danut\u0119 \u017bUKOWSKA <\/strong>lat 89 z ul. Broniewskiego<\/li><\/ol>\n\n\n\n<p><em>Wieczny odpoczynek racz im da\u0107 Panie! A \u015bwiat\u0142o\u015b\u0107 wiekuista niechaj im \u015bwieci<\/em><\/p>\n\n\n\n<p><\/p>\n\n\n\n<figure class=\"wp-block-image\"><img decoding=\"async\" src=\"http:\/\/rafalk-elblag.pl\/wp-content\/uploads\/2020\/04\/baner-intencje-mszy.jpg\" alt=\"\"\/><\/figure>\n\n\n\n<h1 class=\"wp-block-heading\">Intencje mszalne 03.09.2023r<br><\/h1>\n\n\n\n<p><strong>PONIEDZIA\u0141EK \/ 4 wrze\u015bnia 2023 r.<br>\u0141k 4,16-30<\/strong><br>8.00 \u015bp. Jerzy Ciesielski (4 greg.)<br>18.00 \u015bp. Bronis\u0142awa Wawryszuk (z okazji imienin), Piotr oraz zmarli z rodziny: Wawryszuk, Marchalewskich, Korzeniewskich, Nesterowicz<br>18.00 \u015bp. Stanis\u0142aw Starzy\u0144ski (w 6 rocznic\u0119 \u015bmierci) i zmarli z rodziny<\/p>\n\n\n\n<p><strong>WTOREK \/ 5 wrze\u015bnia 2023 r.<br>\u0141k 4,31-37<\/strong><br>8.00 \u015bp. Jerzy Ciesielski (5 greg.)<br>18.00 \u015bp. Edward Korzeniowski (w 22 rocznic\u0119 \u015bmierci)<br>18.00 Dzi\u0119kczynna z okazji 4 rocznicy urodzin Oliwii, z pro\u015bb\u0105 o Bo\u017ce b\u0142. i potrzebne \u0142aski dla niej i jej rodziny<\/p>\n\n\n\n<p><strong>\u015aRODA \/ 6 wrze\u015bnia 2023 r. \/<br>\u0141k 4,38-44<\/strong><br>8.00 \u015bp. Jerzy Ciesielski (6 greg.)<br>18.00 \u015bp. Robert Bogdanowicz (w 10 rocznic\u0119 \u015bmierci), Krystyna Bogdanowicz<br>18.00 \u015bp. Rodzice, brat i dziadkowie z obojga stron<\/p>\n\n\n\n<p><strong>CZWARTEK \/ 7 wrze\u015bnia 2023 r. \/ I czwartek miesi\u0105ca<br>\u0141k 5,1-11<\/strong><br>8.00 rezerwacja<br>18.00 O nowe \u015bwi\u0119te powo\u0142ania kap\u0142a\u0144skie, zakonne i misyjne, w spos\u00f3b szczeg\u00f3lny do naszego Seminarium Elbl\u0105skiego<br>18.00 \u015bp. Jerzy Ciesielski (7 greg.)<\/p>\n\n\n\n<p><strong>PI\u0104TEK \/ 8 wrze\u015bnia 2023 r. \/ \u015awi\u0119to Narodzenia Naj\u015bwi\u0119tszej Maryi Panny<br>Mt 1,1-16.18-23<\/strong><br>8.00 \u015bp. Andrzej w rocznic\u0119 \u015bmierci i zmarli z rodziny Bi\u0144kowskich<br>18.00 \u015bp. Jerzy Ciesielski (8 greg.)<br>18.00 Dzi\u0119kczynna za prze\u017cyte lata, z pro\u015bb\u0105 o Bo\u017ce b\u0142., opiek\u0119 Matki Bo\u017cej dla Teresy i Mieczys\u0142awa, ich syn\u00f3w, ich synowych oraz wnuk\u00f3w<\/p>\n\n\n\n<p><strong>SOBOTA \/ 9 wrze\u015bnia 2023 r. \/ I sobota miesi\u0105ca<br>\u0141k 6,1-15<\/strong><br>8.00 \u015bp. Jerzy Ciesielski (9 greg.)<br>18.00 \u015bp. rodzice: Jadwiga i Aleksander Urbanowscy, Stefania i J\u00f3zef Polma\u0144scy, Antoni Szwarc, dziadkowie i rodzice chrzestni z obojga stron<br>18.00 \u015bp. Janina Michalska oraz zmarli z tej rodziny, Roman \u017belazny i zmarli z tej rodziny<\/p>\n\n\n\n<p><strong>XXIII Niedziala Zwyk\u0142a<br>10 wrze\u015bnia 2023 r.<br>Mt 18,15-20<\/strong><br>8.00 \u015bp. Bronis\u0142awa [k], W\u0142adys\u0142aw, Stanis\u0142aw, Jan z rodziny Kowalskich<br>10.00 O \u017cywe dzia\u0142ania Ducha \u015awi\u0119tego w codzienno\u015bci dla Nikodema i jego rodziny, Agnieszki i ca\u0142ej rodziny zakonnej oraz Magdaleny i jej rodziny<br>12.00 W intencji Parafian<br>15.00 \u015bp. J\u00f3zef Wyloci\u0144ski (w 1 rocznic\u0119 \u015bmierci)<br>18.00 \u015bp. Jerzy Ciesielski (10 greg.)<\/p>\n","protected":false},"excerpt":{"rendered":"<p>Ewangelia (Mt 16, 21-27) Je\u015bli kto\u015b chce p\u00f3j\u015b\u0107 za Mn\u0105, niech si\u0119 zaprze samego siebie S\u0142owa Ewangelii wed\u0142ug \u015awi\u0119tego Mateusza Jezus zacz\u0105\u0142 wskazywa\u0107 swoim uczniom na to, \u017ce musi uda\u0107 si\u0119 do Jerozolimy i wiele wycierpie\u0107 od starszych i arcykap\u0142an\u00f3w oraz uczonych w Pi\u015bmie; \u017ce b\u0119dzie zabity i trzeciego dnia zmartwychwstanie. A Piotr wzi\u0105\u0142 Go [&hellip;]<\/p>\n","protected":false},"author":1,"featured_media":5040,"comment_status":"closed","ping_status":"closed","sticky":false,"template":"","format":"standard","meta":{"ngg_post_thumbnail":0,"footnotes":""},"categories":[11,8,4,3],"tags":[],"class_list":["post-5037","post","type-post","status-publish","format-standard","has-post-thumbnail","hentry","category-aktualnosci","category-blog","category-intencje","category-ogloszenia"],"_links":{"self":[{"href":"https:\/\/rafalk-elblag.pl\/index.php?rest_route=\/wp\/v2\/posts\/5037","targetHints":{"allow":["GET"]}}],"collection":[{"href":"https:\/\/rafalk-elblag.pl\/index.php?rest_route=\/wp\/v2\/posts"}],"about":[{"href":"https:\/\/rafalk-elblag.pl\/index.php?rest_route=\/wp\/v2\/types\/post"}],"author":[{"embeddable":true,"href":"https:\/\/rafalk-elblag.pl\/index.php?rest_route=\/wp\/v2\/users\/1"}],"replies":[{"embeddable":true,"href":"https:\/\/rafalk-elblag.pl\/index.php?rest_route=%2Fwp%2Fv2%2Fcomments&post=5037"}],"version-history":[{"count":2,"href":"https:\/\/rafalk-elblag.pl\/index.php?rest_route=\/wp\/v2\/posts\/5037\/revisions"}],"predecessor-version":[{"id":5114,"href":"https:\/\/rafalk-elblag.pl\/index.php?rest_route=\/wp\/v2\/posts\/5037\/revisions\/5114"}],"wp:featuredmedia":[{"embeddable":true,"href":"https:\/\/rafalk-elblag.pl\/index.php?rest_route=\/wp\/v2\/media\/5040"}],"wp:attachment":[{"href":"https:\/\/rafalk-elblag.pl\/index.php?rest_route=%2Fwp%2Fv2%2Fmedia&parent=5037"}],"wp:term":[{"taxonomy":"category","embeddable":true,"href":"https:\/\/rafalk-elblag.pl\/index.php?rest_route=%2Fwp%2Fv2%2Fcategories&post=5037"},{"taxonomy":"post_tag","embeddable":true,"href":"https:\/\/rafalk-elblag.pl\/index.php?rest_route=%2Fwp%2Fv2%2Ftags&post=5037"}],"curies":[{"name":"wp","href":"https:\/\/api.w.org\/{rel}","templated":true}]}}