{"id":5032,"date":"2023-08-27T07:43:36","date_gmt":"2023-08-27T07:43:36","guid":{"rendered":"http:\/\/rafalk-elblag.pl\/?p=5032"},"modified":"2023-09-04T07:50:53","modified_gmt":"2023-09-04T07:50:53","slug":"ogloszenia-27-08-2023-xxi-niedziela-zwykla","status":"publish","type":"post","link":"https:\/\/rafalk-elblag.pl\/?p=5032","title":{"rendered":"Og\u0142oszenia 27.08.2023, XXI Niedziela Zwyk\u0142a"},"content":{"rendered":"\n<figure class=\"wp-block-embed is-type-video is-provider-youtube wp-block-embed-youtube wp-embed-aspect-16-9 wp-has-aspect-ratio\"><div class=\"wp-block-embed__wrapper\">\n<iframe loading=\"lazy\" title=\"Rozwala\u0107 bramy piekie\u0142 | kard. Grzegorz Ry\u015b | Oaza Rzymska IV | Bazylika \u015bw. Piotra\" width=\"900\" height=\"506\" src=\"https:\/\/www.youtube.com\/embed\/ZUcX8Rkfbsg?feature=oembed\" frameborder=\"0\" allow=\"accelerometer; autoplay; clipboard-write; encrypted-media; gyroscope; picture-in-picture; web-share\" allowfullscreen><\/iframe>\n<\/div><\/figure>\n\n\n\n<h2 class=\"wp-block-heading\">Ewangelia (Mt 16, 13-20)<\/h2>\n\n\n\n<h4 class=\"wp-block-heading\"><em>Ty jeste\u015b Piotr i tobie dam klucze kr\u00f3lestwa niebieskiego<\/em><\/h4>\n\n\n\n<p><strong>S\u0142owa Ewangelii wed\u0142ug \u015awi\u0119tego Mateusza<\/strong><\/p>\n\n\n\n<p>Gdy Jezus przyszed\u0142 w okolice Cezarei Filipowej, pyta\u0142 swych uczni\u00f3w: \u00abZa kogo ludzie uwa\u017caj\u0105 Syna Cz\u0142owieczego?\u00bb<\/p>\n\n\n\n<p>A oni odpowiedzieli: \u00abJedni za Jana Chrzciciela, inni za Eliasza, jeszcze inni za Jeremiasza albo za jednego z prorok\u00f3w\u00bb.<\/p>\n\n\n\n<p>Jezus zapyta\u0142 ich: \u00abA wy za kogo Mnie uwa\u017cacie?\u00bb<\/p>\n\n\n\n<p>Odpowiedzia\u0142 Szymon Piotr: \u00abTy jeste\u015b Mesjasz, Syn Boga \u017cywego\u00bb.<\/p>\n\n\n\n<p>Na to Jezus mu rzek\u0142: \u00abB\u0142ogos\u0142awiony jeste\u015b, Szymonie, synu Jony. Albowiem nie objawi\u0142y ci tego cia\u0142o i krew, lecz Ojciec m\u00f3j, kt\u00f3ry jest w niebie. Ot\u00f3\u017c i Ja tobie powiadam: Ty jeste\u015b Piotr, czyli Opoka, i na tej opoce zbuduj\u0119 Ko\u015bci\u00f3\u0142 m\u00f3j, a bramy piekielne go nie przemog\u0105. I tobie dam klucze kr\u00f3lestwa niebieskiego; cokolwiek zwi\u0105\u017cesz na ziemi, b\u0119dzie zwi\u0105zane w niebie, a co rozwi\u0105\u017cesz na ziemi, b\u0119dzie rozwi\u0105zane w niebie\u00bb.<\/p>\n\n\n\n<p>Wtedy surowo zabroni\u0142 uczniom, aby nikomu nie m\u00f3wili, \u017ce On jest Mesjaszem.<\/p>\n\n\n\n<p><\/p>\n\n\n\n<figure class=\"wp-block-image\"><a href=\"http:\/\/rafalk-elblag.pl\/wp-content\/uploads\/2021\/08\/ogloszenia-parafialne-baner-01a.jpg\"><img loading=\"lazy\" decoding=\"async\" width=\"720\" height=\"232\" src=\"http:\/\/rafalk-elblag.pl\/wp-content\/uploads\/2021\/08\/ogloszenia-parafialne-baner-01a.jpg\" alt=\"\" class=\"wp-image-4410\" srcset=\"https:\/\/rafalk-elblag.pl\/wp-content\/uploads\/2021\/08\/ogloszenia-parafialne-baner-01a.jpg 720w, https:\/\/rafalk-elblag.pl\/wp-content\/uploads\/2021\/08\/ogloszenia-parafialne-baner-01a-300x97.jpg 300w\" sizes=\"auto, (max-width: 720px) 100vw, 720px\" \/><\/a><\/figure>\n\n\n\n<h1 class=\"wp-block-heading\">Og\u0142oszenia parafialne 27.08.2023r<\/h1>\n\n\n\n<ol class=\"wp-block-list\"><li>Witamy w naszej wsp\u00f3lnocie ks. Przemys\u0142awa SAW\u0118, odpowiedzialnego za przeprowadzenie tegorocznych <strong>MISJI \u015aWI\u0118TYCH w dniach 7 -14 pa\u017adziernika br.,<\/strong> kt\u00f3ry dzisiaj dzieli si\u0119 swoim do\u015bwiadczeniem i g\u0142osi S\u0142owo Bo\u017ce.<\/li><li>W pi\u0105tek przypada 84 rocznica wybuchu II Wojny \u015awiatowej. Pami\u0119tajmy w modlitwie o wszystkich, kt\u00f3rzy oddali \u017cycie w obronie Ojczyzny oraz pro\u015bmy o pok\u00f3j na \u015bwiecie.<\/li><li><strong>UWAGA!<\/strong> Od wrze\u015bnia powracamy do Mszy \u015bwi\u0119tej niedzielnej o godzinie 15:00, kt\u00f3ra rozpoczyna si\u0119 Koronk\u0105 do Mi\u0142osierdzia Bo\u017cego. <em>Dzi\u0119kuj\u0119 osobom z Apostolatu Bo\u017cego Mi\u0142osierdzia za prowadzenie Koronki w czasie wakacji.<\/em><\/li><li>W tym tygodniu przypada pierwszy pi\u0105tek i sobota miesi\u0105ca.<\/li><\/ol>\n\n\n\n<ul class=\"wp-block-list\"><li><strong>w pierwszy pi\u0105tek<\/strong> spowied\u017a dla dzieci, m\u0142odzie\u017cy i doros\u0142ych od godz. 17:30. Msza \u015bw. ku czci Naj\u015bwi\u0119tszego Serca Pana Jezusa o godz.18:00<\/li><li><strong>pierwsza sobota miesi\u0105ca<\/strong> \u2013 zapraszamy na Nabo\u017ce\u0144stwo Wynagradzaj\u0105ce Niepokalanemu Sercu Maryi o godz. 17:00<\/li><\/ul>\n\n\n\n<ol class=\"wp-block-list\" start=\"5\"><li>Po przerwie wakacyjnej w I pi\u0105tek miesi\u0105ca z Panem Jezusem kap\u0142ani udadz\u0105 si\u0119 do chorych od godz. 9:30. <em>Prosimy zg\u0142asza\u0107 do kap\u0142an\u00f3w chorych pragn\u0105cych rozpocz\u0105\u0107 praktyk\u0119 dziewi\u0119ciu pierwszych pi\u0105tk\u00f3w.<\/em><\/li><li><strong>W TYM TYGODNIU KOLEJNY ROK PRACY FORMACYJNEJ INAUGURUJE:<\/strong><\/li><\/ol>\n\n\n\n<ul class=\"wp-block-list\"><li><strong>S\u0142u\u017cba Liturgiczna O\u0142tarza. \u2013 <\/strong>sobota 2 wrze\u015bnia o godz. 10:00. Zapraszam na zbi\u00f3rk\u0119 wszystkich lektor\u00f3w, ministrant\u00f3w oraz wszystkich ch\u0142opc\u00f3w pragn\u0105cych s\u0142u\u017cy\u0107 Panu Bogu przy o\u0142tarzu<strong>.<\/strong><\/li><li><strong>Scholka Dzieci\u0119ca \u201eRAFAEL\u201d <\/strong>&#8211; niedziela 3 wrze\u015bnia br. o godz. 9:00 na plebanii.<\/li><\/ul>\n\n\n\n<ol class=\"wp-block-list\" start=\"7\"><li><strong>IX \u017bU\u0141AWSKA PIELGRZYMKA PIESZA Z MIKOSZEWA DO GIETRZWA\u0141DU<\/strong>, wyrusza 6 wrze\u015bnia, aby 10 wrze\u015bnia, wzi\u0105\u0107 udzia\u0142 o godz. 11:00 we Mszy \u015bw. Odpustowej ku czci Naj\u015bwi\u0119tszej Maryi Panny Gietrzwa\u0142dzkiej. <em>Zapisy u ks. Marka tel. 733&nbsp;872 988. Dok\u0142adny plan umieszczony jest w gablocie.<\/em><\/li><\/ol>\n\n\n\n<ol class=\"wp-block-list\" start=\"8\"><li>Nasza parafia tradycyjnie organizuje <strong>pielgrzymk\u0119 autokarow\u0105 do SANKTUARIUM MATKI BO\u017bEJ GIETRZWA\u0141DZKIEJ na obchody 146 Rocznicy Objawie\u0144.<\/strong> <em>Wyjazd 10 wrze\u015bnia (niedziela) o godz. 7:30. <\/em><em><strong>Koszt 45 z\u0142. <\/strong><\/em><em>Zapisy w zakrystii<\/em><em><strong>.<\/strong><\/em><\/li><li><strong>Trwa malowanie naszego ko\u015bcio\u0142a.<\/strong> Z okazji 30-lecia powstania naszej parafiichcemy, by nasza \u015bwi\u0105tynia nabra\u0142a blasku i pi\u0119kna. Ofiary, kt\u00f3re z\u0142o\u017cymy za tydzie\u0144 (3 wrze\u015bnia) przeznaczone s\u0105 na ten cel. <em>Dzi\u0119kuj\u0119 za wsparcie i modlitw\u0119.<\/em><\/li><li>Spowied\u017a \u015bwi\u0119ta w tygodniu: rano od godz. 7:45, oraz wieczorem od godz. 17:30 <em>Zapraszamy do korzystania z sakramentu pokuty i pojednania.<\/em><\/li><li>Parafia \u015bw. Rodziny i nasza parafia organizuje pielgrzymk\u0119 samolotow\u0105 do ZIEMI \u015aWI\u0118TEJ w dniach od 4 do 10 czerwca 2024 roku. Koszt 5590 z\u0142. plus 200 USD. Zapisy w parafiach u ksi\u0119\u017cy Proboszcz\u00f3w.<\/li><\/ol>\n\n\n\n<p><\/p>\n\n\n\n<figure class=\"wp-block-image\"><img decoding=\"async\" src=\"http:\/\/rafalk-elblag.pl\/wp-content\/uploads\/2020\/04\/baner-intencje-mszy.jpg\" alt=\"\"\/><\/figure>\n\n\n\n<h1 class=\"wp-block-heading\">Intencje mszalne 27.08.2023r<br><\/h1>\n\n\n\n<p><strong>XXI Niedziela Zwyk\u0142a \/ 27 sierpnia 2023 r.<\/strong><br>8.00 Dzi\u0119kczynna za dar Pierwszej Komunii \u015bw. Marysi i Aleksandra(m) z pro\u015bb\u0105 o Bo\u017ce b\u0142ogos\u0142awie\u0144stwo i dary Ducha \u015awi\u0119tego na nowy Rok Szkolny dla wnuk\u00f3w Aleksandra(m), Maksymiliana, Marii, Franciszka i Tomasza<br>10.00 \u2020 Julia KATA w 9 rocz. \u015bmierci, + Helena APANOWICZ w 7 rocz. \u015bmierci<br>12.00 W intencji Parafian<br>18.00 Rodzice: + Albina i Tadeusz LESZCZY\u0143SCY<\/p>\n\n\n\n<p><strong>PONIEDZIA\u0141EK \/ 28 sierpnia 2023 r.<br>Wspomnienie \u015bw. Augustyna, biskupa i doktora Ko\u015bcio\u0142a<\/strong><br>8.00 O \u0142ask\u0119 \u017cywej wiary i do\u015bwiadczenie Bo\u017cej Mi\u0142o\u015bci i \u017cycie zgodne z wol\u0105 Bo\u017c\u0105 dla Jakuba i Katarzyny<br>18.00 Dzi\u0119kczynna w dzie\u0144 urodzin Aleksandry (roczek) z pro\u015bb\u0105 o Bo\u017ce b\u0142ogos\u0142awie\u0144stwo i opiek\u0119 Matki Bo\u017cej<br>18.00 + Katarzyna i J\u00f3zef CICHOWLAS, + Stanis\u0142awa(k) i Adam PIETRUSZKA<\/p>\n\n\n\n<p><strong>WTOREK \/ 29 sierpnia 2023 r.<br>M\u0119cze\u0144stwo \u015bw. Jana Chrzciciela &#8211; wspomnienie<\/strong><br>8.00 + Helena SYLWESTRZAK w 1 rocznice \u015bmierci o \u017cycie wieczne w rado\u015bci, mi\u0142o\u015bci i Bo\u017cym pokoju<br>18.00 Dzi\u0119kczynna za dar \u017cycia Jakuba w dniu urodzin z pro\u015bb\u0105 o Bo\u017ce b\u0142ogos\u0142awie\u0144stwo oraz o \u017cywa wiar\u0119<br>18.00 + Stefan WOLA\u0143SKI<\/p>\n\n\n\n<p><strong>\u015aRODA \/ 30 sierpnia 2023 r.<\/strong><br>8.00 + Helena KALINOWSKA w 3 rocznic\u0119 \u015bmierci i + W\u0142adys\u0142aw(m) KALINOWSKI<br>18.00 + ks. kan. Tadeusz SZPARAGA<br>18.00 Z okazji imienin Lilianny z pro\u015bba o Bo\u017ce b\u0142ogos\u0142awie\u0144stwo, opiek\u0119 Matki Bo\u017cej dla niej i ca\u0142ej rodziny<\/p>\n\n\n\n<p><strong>CZWARTEK \/ 31 sierpnia 2023 r.<\/strong><br>8.00 + Marian i Marek Pietrzak, siostry: Cecylia MAKAREWICZ, Irena MI\u0141OSZEWSKA, Natalia KOZIATEK, Halina G\u00d3RSKA oraz rodzice Jan i Stefania G\u00d3RSCY<br>18.00 Dzi\u0119kczynna z okazji 19 urodzin Jakuba i za Wiktori\u0119 z pro\u015bb\u0105 o Bo\u017ce b\u0142ogos\u0142. i opiek\u0119 Matki Bo\u017cej oraz za rodzic\u00f3w Ew\u0119 i Arkadiusza<\/p>\n\n\n\n<p><strong>PI\u0104TEK \/ 1 wrze\u015bnia 2023 r. PIERWSZY PI\u0104TEK MIESI\u0104CA<\/strong><br>8.00 + Jerzy CIESIELSKI 1 greg.<br>16.30 W intencji czcicieli Naj\u015bwi\u0119tszego Serca Pana Jezusa<br>18.00 + Jolanta w dniu urodzin i zmar\u0142ych z rodziny KARMAN<\/p>\n\n\n\n<p><strong>SOBOTA \/ 2 wrze\u015bnia 2023 r. PIERWSZA SOBOTA MIESI\u0104CA<\/strong><br>8.00 + Jerzy CIESIELSKI 2 greg.<br>18.00 W intencjach \u017bYWEGO R\u00d3\u017bANCA<br>18.00 + Marcin KUROSAD \u2013 intencja od pracownik\u00f3w GOPSu z Milejewa<\/p>\n\n\n\n<p><strong>XXII Niedziela Zwyk\u0142a \/ 3 wrze\u015bnia 2023 r.<\/strong><br>8.00 O do\u015bwiadczenie Bo\u017cej mi\u0142o\u015bci dla Karoliny i Sebastiana<br>10.00 + Jerzy CIESIELSKI 3 greg.<br>10.00 + Anna DARCZUK w3 rocznic\u0119 \u015bmierci i Piotr DARCZUK<br>12.00 W intencji Parafian<br>15.00 + Stefania(k) Aleksy(m) Stefania(k) i Florian<br>18.00 + Bronis\u0142aw SOSNOWSKI z okazji imienin<\/p>\n","protected":false},"excerpt":{"rendered":"<p>Ewangelia (Mt 16, 13-20) Ty jeste\u015b Piotr i tobie dam klucze kr\u00f3lestwa niebieskiego S\u0142owa Ewangelii wed\u0142ug \u015awi\u0119tego Mateusza Gdy Jezus przyszed\u0142 w okolice Cezarei Filipowej, pyta\u0142 swych uczni\u00f3w: \u00abZa kogo ludzie uwa\u017caj\u0105 Syna Cz\u0142owieczego?\u00bb A oni odpowiedzieli: \u00abJedni za Jana Chrzciciela, inni za Eliasza, jeszcze inni za Jeremiasza albo za jednego z prorok\u00f3w\u00bb. Jezus zapyta\u0142 [&hellip;]<\/p>\n","protected":false},"author":1,"featured_media":5041,"comment_status":"closed","ping_status":"closed","sticky":false,"template":"","format":"standard","meta":{"ngg_post_thumbnail":0,"footnotes":""},"categories":[11,8,4,3],"tags":[],"class_list":["post-5032","post","type-post","status-publish","format-standard","has-post-thumbnail","hentry","category-aktualnosci","category-blog","category-intencje","category-ogloszenia"],"_links":{"self":[{"href":"https:\/\/rafalk-elblag.pl\/index.php?rest_route=\/wp\/v2\/posts\/5032","targetHints":{"allow":["GET"]}}],"collection":[{"href":"https:\/\/rafalk-elblag.pl\/index.php?rest_route=\/wp\/v2\/posts"}],"about":[{"href":"https:\/\/rafalk-elblag.pl\/index.php?rest_route=\/wp\/v2\/types\/post"}],"author":[{"embeddable":true,"href":"https:\/\/rafalk-elblag.pl\/index.php?rest_route=\/wp\/v2\/users\/1"}],"replies":[{"embeddable":true,"href":"https:\/\/rafalk-elblag.pl\/index.php?rest_route=%2Fwp%2Fv2%2Fcomments&post=5032"}],"version-history":[{"count":2,"href":"https:\/\/rafalk-elblag.pl\/index.php?rest_route=\/wp\/v2\/posts\/5032\/revisions"}],"predecessor-version":[{"id":5042,"href":"https:\/\/rafalk-elblag.pl\/index.php?rest_route=\/wp\/v2\/posts\/5032\/revisions\/5042"}],"wp:featuredmedia":[{"embeddable":true,"href":"https:\/\/rafalk-elblag.pl\/index.php?rest_route=\/wp\/v2\/media\/5041"}],"wp:attachment":[{"href":"https:\/\/rafalk-elblag.pl\/index.php?rest_route=%2Fwp%2Fv2%2Fmedia&parent=5032"}],"wp:term":[{"taxonomy":"category","embeddable":true,"href":"https:\/\/rafalk-elblag.pl\/index.php?rest_route=%2Fwp%2Fv2%2Fcategories&post=5032"},{"taxonomy":"post_tag","embeddable":true,"href":"https:\/\/rafalk-elblag.pl\/index.php?rest_route=%2Fwp%2Fv2%2Ftags&post=5032"}],"curies":[{"name":"wp","href":"https:\/\/api.w.org\/{rel}","templated":true}]}}