{"id":5024,"date":"2023-08-20T19:26:57","date_gmt":"2023-08-20T19:26:57","guid":{"rendered":"http:\/\/rafalk-elblag.pl\/?p=5024"},"modified":"2023-08-20T19:29:52","modified_gmt":"2023-08-20T19:29:52","slug":"ogloszenia-20-08-2023-xviii-niedziela-zwykla","status":"publish","type":"post","link":"https:\/\/rafalk-elblag.pl\/?p=5024","title":{"rendered":"Og\u0142oszenia 20.08.2023, XX Niedziela Zwyk\u0142a"},"content":{"rendered":"\n<figure class=\"wp-block-embed is-type-video is-provider-youtube wp-block-embed-youtube wp-embed-aspect-16-9 wp-has-aspect-ratio\"><div class=\"wp-block-embed__wrapper\">\n<iframe loading=\"lazy\" title=\"Cz\u0142owiek jak pies.\" width=\"900\" height=\"506\" src=\"https:\/\/www.youtube.com\/embed\/Ry_MF0EzhZY?feature=oembed\" frameborder=\"0\" allow=\"accelerometer; autoplay; clipboard-write; encrypted-media; gyroscope; picture-in-picture; web-share\" allowfullscreen><\/iframe>\n<\/div><\/figure>\n\n\n\n<h2 class=\"wp-block-heading\">Ewangelia (Mt 15, 21-28)<\/h2>\n\n\n\n<h4 class=\"wp-block-heading\"><em>Wiara niewiasty kananejskiej<\/em><\/h4>\n\n\n\n<p><strong>S\u0142owa Ewangelii wed\u0142ug \u015awi\u0119tego Mateusza<\/strong><\/p>\n\n\n\n<p>Jezus pod\u0105\u017cy\u0142 w okolice Tyru i Sydonu. A oto kobieta kananejska, wyszed\u0142szy z tamtych stron, wo\u0142a\u0142a: \u00abUlituj si\u0119 nade mn\u0105, Panie, Synu Dawida! Moja c\u00f3rka jest ci\u0119\u017cko n\u0119kana przez z\u0142ego ducha\u00bb. Lecz On nie odezwa\u0142 si\u0119 do niej ani s\u0142owem.<\/p>\n\n\n\n<p>Na to podeszli Jego uczniowie i prosili Go: \u00abOdpraw j\u0105, bo krzyczy za nami\u00bb.<\/p>\n\n\n\n<p>Lecz On odpowiedzia\u0142: \u00abJestem pos\u0142any tylko do owiec, kt\u00f3re pogin\u0119\u0142y z domu Izraela\u00bb.<\/p>\n\n\n\n<p>A ona przysz\u0142a, pad\u0142a Mu do n\u00f3g i prosi\u0142a: \u00abPanie, dopom\u00f3\u017c mi\u00bb.<\/p>\n\n\n\n<p>On jednak odpar\u0142: \u00abNiedobrze jest zabiera\u0107 chleb dzieciom, a rzuca\u0107 szczeni\u0119tom\u00bb.<\/p>\n\n\n\n<p>A ona odrzek\u0142a: \u00abTak, Panie, lecz i szczeni\u0119ta jedz\u0105 okruchy, kt\u00f3re spadaj\u0105 ze sto\u0142u ich pan\u00f3w\u00bb.<\/p>\n\n\n\n<p>Wtedy Jezus jej odpowiedzia\u0142: \u00abO niewiasto, wielka jest twoja wiara; niech ci si\u0119 stanie, jak pragniesz!\u00bb Od tej chwili jej c\u00f3rka by\u0142a zdrowa.<\/p>\n\n\n\n<p><\/p>\n\n\n\n<figure class=\"wp-block-image\"><a href=\"http:\/\/rafalk-elblag.pl\/wp-content\/uploads\/2021\/08\/ogloszenia-parafialne-baner-01a.jpg\"><img loading=\"lazy\" decoding=\"async\" width=\"720\" height=\"232\" src=\"http:\/\/rafalk-elblag.pl\/wp-content\/uploads\/2021\/08\/ogloszenia-parafialne-baner-01a.jpg\" alt=\"\" class=\"wp-image-4410\" srcset=\"https:\/\/rafalk-elblag.pl\/wp-content\/uploads\/2021\/08\/ogloszenia-parafialne-baner-01a.jpg 720w, https:\/\/rafalk-elblag.pl\/wp-content\/uploads\/2021\/08\/ogloszenia-parafialne-baner-01a-300x97.jpg 300w\" sizes=\"auto, (max-width: 720px) 100vw, 720px\" \/><\/a><\/figure>\n\n\n\n<h1 class=\"wp-block-heading\">Og\u0142oszenia parafialne 20.08.2023r<\/h1>\n\n\n\n<ol class=\"wp-block-list\"><li>Przed ko\u015bcio\u0142em <strong>kleryk Amadeusz<\/strong> zbiera ofiary do puszki na utrzymanie naszego Wy\u017cszego Seminarium Duchownego w Elbl\u0105gu. <em><strong>Pami\u0119tajmy: m\u00f3dlmy si\u0119 o nowe powo\u0142ania do kap\u0142a\u0144stwa i \u017cycia zakonnego.<\/strong><\/em><\/li><li><strong>MOI DRODZY<\/strong> od 16 sierpnia br. rozpocz\u0119\u0142o si\u0119 malowanie naszego ko\u015bcio\u0142a. Z okazji 30-lecia powstania naszej parafii chcemy przygotowa\u0107 si\u0119 do obchod\u00f3w <strong>JUBILEUSZU.<\/strong> Duchowo przygotowuj\u0105 nas MISJE \u015aWI\u0118TE (7-14.X.2023) a nasza \u015bwi\u0105tynia niech nabierze blasku i pi\u0119kna. <em>Dzi\u0119kuj\u0119 za wsparcie i modlitw\u0119.<\/em><\/li><li>Za tydzie\u0144 (27 sierpnia) go\u015bci\u0107 w naszej wsp\u00f3lnocie b\u0119dziemy ks. Przemys\u0142awa SAW\u0118, odpowiedzialnego za przeprowadzenie tegorocznych MISJI \u015aWI\u0118TYCH.<\/li><li><strong>SIERPIE\u0143 MIESI\u0104CEM ABSTYNENCJI<\/strong>. Przez pami\u0119\u0107 o wielkich dzie\u0142ach, kt\u00f3re B\u00f3g dokona\u0142 w naszym narodzie w tym miesi\u0105cu, powstrzymajmy si\u0119 od spo\u017cywania napoj\u00f3w alkoholowych.<\/li><\/ol>\n\n\n\n<p><em>Pod ch\u00f3rem wy\u0142o\u017cona jest KSI\u0118GA ABSTYNENCJI.<\/em><\/p>\n\n\n\n<ol class=\"wp-block-list\" start=\"5\"><li><strong>Dzisiaj przypada XI rocznica NAWIEDZENIA NASZEJ PARAFII PRZEZ MATK\u0118 BO\u017b\u0104 W JASNOG\u00d3RSKIEM WIZERUNKU. <\/strong>Bogu niech b\u0119d\u0105 dzi\u0119ki i Tobie Matko za Twoj\u0105 obecno\u015b\u0107 w naszej wsp\u00f3lnocie. Niech ta rocznica Nawiedzenia rozpala nadal nasze serca i przynosi b\u0142ogos\u0142awione owoce w \u017cyciu ka\u017cdego z nas i ca\u0142ej naszej wsp\u00f3lnoty parafialnej. <em>\u201eMaryjo, kt\u00f3ra\u015b uwierzy\u0142a, prowad\u017a nas do Jezusa.\u201d<\/em><\/li><li>Nasza parafia tradycyjnie organizuje <strong>pielgrzymk\u0119 autokarow\u0105 do SANKTUARIUM MATKI BO\u017bEJ GIETRZWA\u0141DZKIEJ na obchody 146 Rocznicy Objawie\u0144.<\/strong> <em>Wyjazd 10 wrze\u015bnia (niedziela) o godz. 7:30. <\/em><em><strong>Koszt 45 z\u0142. <\/strong><\/em><em>Zapisy w zakrystii<\/em><em><strong>.<\/strong><\/em><\/li><li>Spowied\u017a \u015bwi\u0119ta w tygodniu: rano od godz. 7:45, oraz wieczorem od godz. 17:30 <em>Zapraszamy do korzystania z sakramentu pokuty i pojednania.<\/em><\/li><li>W tym tygodniu w liturgii Ko\u015bcio\u0142a wspominamy:<\/li><\/ol>\n\n\n\n<ul class=\"wp-block-list\"><li>we wtorek<strong> wspomnienie Naj\u015bwi\u0119tszej Maryi Panny Kr\u00f3lowej<\/strong><\/li><li>w czwartek<strong> \u015awi\u0119to \u015bw. Bart\u0142omieja, Aposto\u0142a<\/strong><\/li><li>w sobot\u0119<strong> Uroczysto\u015b\u0107 Naj\u015bwi\u0119tszej Maryi Panny Cz\u0119stochowskiej,<\/strong><\/li><\/ul>\n\n\n\n<p><em><strong>Pami\u0119tajmy w modlitwie o czcigodnym solenizancie.<\/strong><\/em><\/p>\n\n\n\n<p><em><u>Zapraszamy do udzia\u0142u w Mszach \u015bw. o godz. 8:00 lub o godz. 18:00<\/u><\/em><em>.<\/em><\/p>\n\n\n\n<ol class=\"wp-block-list\" start=\"9\"><li><strong>Kancelaria parafialna, przez ca\u0142y okres wakacji, czynna jest <\/strong><strong>w \u015brody i pi\u0105tki po Mszy \u015bw. wieczorowej do godziny 19:30.<\/strong><em><strong>Zapraszamy.<\/strong><\/em><\/li><li>Parafia \u015bw. Rodziny i nasza parafia organizuje pielgrzymk\u0119 samolotow\u0105 do ZIEMI \u015aWI\u0118TEJ w dniach od 4 do 10 czerwca 2024 roku. Koszt 5590 z\u0142. plus 200 USD. Zapisy w parafiach u ksi\u0119\u017cy Proboszcz\u00f3w.<\/li><li><strong>Wszystkim parafianom i go\u015bciom \u017cyczymy <\/strong>udanego wypoczynku b\u0142ogos\u0142awie\u0144stwa Bo\u017cego oraz opieki Matki Bo\u017cej Szkaplerznej.<\/li><li>Zach\u0119cam do nabywania nowego numeru \u201eGo\u015bcia Niedzielnego\u201d <strong>w cenie 10 z\u0142.<\/strong><\/li><li>Pan powo\u0142a\u0142 do wieczno\u015bci :<\/li><\/ol>\n\n\n\n<p><strong>\u2020 \u015bp. Mieczys\u0142awa PELLOWSKIEGO<\/strong> lat 73 z ul. Brzechwy<\/p>\n\n\n\n<p><strong>\u2020 \u015bp. Jana TOMCZAKA<\/strong> lat 88 z ul. Broniewskiego<\/p>\n\n\n\n<p><em>Wieczny odpoczynek racz im da\u0107 Panie! A \u015bwiat\u0142o\u015b\u0107 wiekuista niechaj im \u015bwieci<\/em><\/p>\n\n\n\n<p><\/p>\n\n\n\n<figure class=\"wp-block-image\"><img decoding=\"async\" src=\"http:\/\/rafalk-elblag.pl\/wp-content\/uploads\/2020\/04\/baner-intencje-mszy.jpg\" alt=\"\"\/><\/figure>\n\n\n\n<h1 class=\"wp-block-heading\">Intencje mszalne 20.08.2023r<br><\/h1>\n\n\n\n<p><strong>XX Niedziela Zwyk\u0142a \/ 20 sierpnia 2023 r.<\/strong><br>8.00 + Ignacy CZESZEJKO &#8211; SOCHACKI<br>10.00 + Irena ZASADA w 15 rocz. \u015bmierci , + Stanis\u0142aw PIWNIKIEWICZ w 21 rocz. \u015bmierci<br>12.00 W intencji Parafian<br>18.00 \u2020 Tadeusz MALINOWSKI w 11 rocznic\u0119 \u015bmierci<\/p>\n\n\n\n<p><strong>PONIEDZIA\u0141EK \/ 21 sierpnia 2023 r.<\/strong><br><strong>Wspomnienie \u015bw. PIUSA X, papie\u017ca<\/strong><br>8.00 \u2020 Janina, Bronis\u0142aw i Stanis\u0142aw BROWKO, + Maria i Tadeusz ONYSZCZUK<br>18.00 Dzi\u0119kczynna w 15 rocznic\u0119 \u015blubu El\u017cbiety i Marka MALINOWSKICH z pro\u015bb\u0105 o Bo\u017ce b\u0142ogos\u0142awie\u0144stwo, potrzebne \u0142aski dla Kryszta\u0142owych Jubilat\u00f3w<\/p>\n\n\n\n<p><strong>WTOREK \/ 22 sierpnia 2023 r.<\/strong><br><strong>Wspomnienie Naj\u015bwi\u0119tszej Maryi Panny Kr\u00f3lowej<\/strong><br>8.00 \u2020 Andrzej TYKARSKI w 6 miesi\u0105c po \u015bmierci, + Jacek TRUSZKOWSKI w 1 rocz. \u015bmierci<br>18.00 \u2020 Dziadkowie Stanis\u0142aw i Stanis\u0142awa(k) D\u0104BROWSCY<\/p>\n\n\n\n<p><strong>\u015aRODA \/ 23 sierpnia 2023 r.<\/strong><br>8.00 O \u0142ask\u0119 \u017cywej wiary i do\u015bwiadczenie Bo\u017cej mi\u0142o\u015bci i \u017cycie zgodne z wola Bo\u017c\u0105 dla Krzysztofa i jego rodziny<br>18.00 O Bo\u017ce b\u0142ogos\u0142awie\u0144stwo, potrzebne \u0142aski i dary Ducha \u015awi\u0119tego dla Wiktorii z okazji 18 urodzin oraz dla Grzegorza z okazji 40 urodzin<\/p>\n\n\n\n<p><strong>CZWARTEK \/ 24 sierpnia 2023 r.<br>\u015bwi\u0119to \u015bw. Bart\u0142omieja, Aposto\u0142a<\/strong><br>8.00 \u2020 Marianna LIS w 1 rocz. \u015bmierci i Jan LIS oraz zmarli z rodziny<br>18.00 \u2020 Tadeusz PIPCZY\u0143SKI w 3 rocznice \u015bmierci i zmar\u0142ych z rodzin z obojga stron<\/p>\n\n\n\n<p><strong>PI\u0104TEK \/ 25 sierpnia 2023 r.<\/strong><br>8.00 O \u0142ask\u0119 \u017cywej wiary i do\u015bwiadczenie Bo\u017cej mi\u0142o\u015bci i \u017cycie zgodne z wola Bo\u017c\u0105 dla Moniki jej rodziny<br>18.00 Dzi\u0119kczynna w 5 rocznic\u0119 \u015blubu Bogdana i Martyny Sowijak\u00f3w z pro\u015bb\u0105 o Bo\u017ce b\u0142ogos\u0142awie\u0144stwo i potrzebne \u0142aski<\/p>\n\n\n\n<p><strong>SOBOTA \/ 26 sierpnia 2023 r.<\/strong><br>UROCZYSTO\u015a\u0106 NAJ\u015aWIETSZEJ MARYI PANNY CZ\u0118STOCHOWSKIEJ<br>8.00 + Stanis\u0142aw RASZEWSKI i zmarli z rodziny<br>18.00 \u2020 Kazimierz(m), Jadwiga i Norbert<\/p>\n\n\n\n<p><strong>XXI Niedziela Zwyk\u0142a \/ 27 sierpnia 2023 r.<\/strong><br>8.00 Dzi\u0119kczynna za dar Pierwszej Komunii \u015bw. Marysi i Aleksandra(m) z pro\u015bb\u0105 o Bo\u017ce b\u0142ogos\u0142awie\u0144stwo i dary Ducha \u015awi\u0119tego na nowy Rok Szkolny dla wnuk\u00f3w Aleksandra(m), Maksymiliana, Marii, Franciszka i Tomasza<br>10.00 \u2020 Julia KATA w 9 rocz. \u015bmierci, + Helena APANOWICZ w 7 rocz. \u015bmierci<br>12.00 W intencji Parafian<br>18.00 Rodzice: + Albina i Tadeusz LESZCZY\u0143SCY<\/p>\n","protected":false},"excerpt":{"rendered":"<p>Ewangelia (Mt 15, 21-28) Wiara niewiasty kananejskiej S\u0142owa Ewangelii wed\u0142ug \u015awi\u0119tego Mateusza Jezus pod\u0105\u017cy\u0142 w okolice Tyru i Sydonu. A oto kobieta kananejska, wyszed\u0142szy z tamtych stron, wo\u0142a\u0142a: \u00abUlituj si\u0119 nade mn\u0105, Panie, Synu Dawida! Moja c\u00f3rka jest ci\u0119\u017cko n\u0119kana przez z\u0142ego ducha\u00bb. Lecz On nie odezwa\u0142 si\u0119 do niej ani s\u0142owem. Na to podeszli [&hellip;]<\/p>\n","protected":false},"author":1,"featured_media":5029,"comment_status":"closed","ping_status":"closed","sticky":false,"template":"","format":"standard","meta":{"ngg_post_thumbnail":0,"footnotes":""},"categories":[11,8,4,3],"tags":[],"class_list":["post-5024","post","type-post","status-publish","format-standard","has-post-thumbnail","hentry","category-aktualnosci","category-blog","category-intencje","category-ogloszenia"],"_links":{"self":[{"href":"https:\/\/rafalk-elblag.pl\/index.php?rest_route=\/wp\/v2\/posts\/5024","targetHints":{"allow":["GET"]}}],"collection":[{"href":"https:\/\/rafalk-elblag.pl\/index.php?rest_route=\/wp\/v2\/posts"}],"about":[{"href":"https:\/\/rafalk-elblag.pl\/index.php?rest_route=\/wp\/v2\/types\/post"}],"author":[{"embeddable":true,"href":"https:\/\/rafalk-elblag.pl\/index.php?rest_route=\/wp\/v2\/users\/1"}],"replies":[{"embeddable":true,"href":"https:\/\/rafalk-elblag.pl\/index.php?rest_route=%2Fwp%2Fv2%2Fcomments&post=5024"}],"version-history":[{"count":3,"href":"https:\/\/rafalk-elblag.pl\/index.php?rest_route=\/wp\/v2\/posts\/5024\/revisions"}],"predecessor-version":[{"id":5033,"href":"https:\/\/rafalk-elblag.pl\/index.php?rest_route=\/wp\/v2\/posts\/5024\/revisions\/5033"}],"wp:featuredmedia":[{"embeddable":true,"href":"https:\/\/rafalk-elblag.pl\/index.php?rest_route=\/wp\/v2\/media\/5029"}],"wp:attachment":[{"href":"https:\/\/rafalk-elblag.pl\/index.php?rest_route=%2Fwp%2Fv2%2Fmedia&parent=5024"}],"wp:term":[{"taxonomy":"category","embeddable":true,"href":"https:\/\/rafalk-elblag.pl\/index.php?rest_route=%2Fwp%2Fv2%2Fcategories&post=5024"},{"taxonomy":"post_tag","embeddable":true,"href":"https:\/\/rafalk-elblag.pl\/index.php?rest_route=%2Fwp%2Fv2%2Ftags&post=5024"}],"curies":[{"name":"wp","href":"https:\/\/api.w.org\/{rel}","templated":true}]}}