{"id":5021,"date":"2023-08-13T19:48:00","date_gmt":"2023-08-13T19:48:00","guid":{"rendered":"http:\/\/rafalk-elblag.pl\/?p=5021"},"modified":"2023-08-20T19:20:12","modified_gmt":"2023-08-20T19:20:12","slug":"ogloszenia-13-08-2023-xviii-niedziela-zwykla","status":"publish","type":"post","link":"https:\/\/rafalk-elblag.pl\/?p=5021","title":{"rendered":"Og\u0142oszenia 13.08.2023, XVIII Niedziela Zwyk\u0142a"},"content":{"rendered":"\n<figure class=\"wp-block-embed is-type-video is-provider-youtube wp-block-embed-youtube wp-embed-aspect-16-9 wp-has-aspect-ratio\"><div class=\"wp-block-embed__wrapper\">\n<iframe loading=\"lazy\" title=\"zna\u0142em niewierz\u0105cego ksi\u0119dza\" width=\"900\" height=\"506\" src=\"https:\/\/www.youtube.com\/embed\/tU6zYmNpLok?feature=oembed\" frameborder=\"0\" allow=\"accelerometer; autoplay; clipboard-write; encrypted-media; gyroscope; picture-in-picture; web-share\" allowfullscreen><\/iframe>\n<\/div><\/figure>\n\n\n\n<h2 class=\"wp-block-heading\">Ewangelia (Mt 14, 22-33)<\/h2>\n\n\n\n<h4 class=\"wp-block-heading\"><em>Jezus chodzi po jeziorze<\/em><\/h4>\n\n\n\n<p><strong>S\u0142owa Ewangelii wed\u0142ug \u015awi\u0119tego Mateusza<\/strong><\/p>\n\n\n\n<p>Gdy t\u0142um zosta\u0142 nasycony, zaraz Jezus przynagli\u0142 uczni\u00f3w, \u017ceby wsiedli do \u0142odzi i wyprzedzili Go na drugi brzeg, zanim odprawi t\u0142umy. Gdy to uczyni\u0142, wyszed\u0142 sam jeden na g\u00f3r\u0119, aby si\u0119 modli\u0107. Wiecz\u00f3r zapad\u0142, a On sam tam przebywa\u0142.<\/p>\n\n\n\n<p>\u0141\u00f3d\u017a za\u015b by\u0142a ju\u017c o wiele stadi\u00f3w oddalona od brzegu, miotana falami, bo wiatr by\u0142 przeciwny. Lecz o czwartej stra\u017cy nocnej przyszed\u0142 do nich, krocz\u0105c po jeziorze. Uczniowie, zobaczywszy Go krocz\u0105cego po jeziorze, zl\u0119kli si\u0119, my\u015bl\u0105c, \u017ce to zjawa, i ze strachu krzykn\u0119li.<\/p>\n\n\n\n<p>Jezus zaraz przem\u00f3wi\u0142 do nich: \u00abOdwagi! To Ja jestem, nie b\u00f3jcie si\u0119!\u00bb<\/p>\n\n\n\n<p>Na to odezwa\u0142 si\u0119 Piotr: \u00abPanie, je\u015bli to Ty jeste\u015b, ka\u017c mi przyj\u015b\u0107 do siebie po wodzie!\u00bb<\/p>\n\n\n\n<p>A On rzek\u0142: \u00abPrzyjd\u017a!\u00bb Piotr wyszed\u0142 z \u0142odzi i krocz\u0105c po wodzie, podszed\u0142 do Jezusa. Lecz na widok silnego wiatru ul\u0105k\u0142 si\u0119 i gdy zacz\u0105\u0142 ton\u0105\u0107, krzykn\u0105\u0142: \u00abPanie, ratuj mnie!\u00bb<\/p>\n\n\n\n<p>Jezus natychmiast wyci\u0105gn\u0105\u0142 r\u0119k\u0119 i chwyci\u0142 go, m\u00f3wi\u0105c: \u00abCzemu zw\u0105tpi\u0142e\u015b, cz\u0142owiecze ma\u0142ej wiary?\u00bb<\/p>\n\n\n\n<p>Gdy wsiedli do \u0142odzi, wiatr si\u0119 uciszy\u0142. Ci za\u015b, kt\u00f3rzy byli w \u0142odzi, upadli przed Nim, m\u00f3wi\u0105c: \u00abPrawdziwie jeste\u015b Synem Bo\u017cym\u00bb.<\/p>\n\n\n\n<p><\/p>\n\n\n\n<figure class=\"wp-block-image\"><a href=\"http:\/\/rafalk-elblag.pl\/wp-content\/uploads\/2021\/08\/ogloszenia-parafialne-baner-01a.jpg\"><img loading=\"lazy\" decoding=\"async\" width=\"720\" height=\"232\" src=\"http:\/\/rafalk-elblag.pl\/wp-content\/uploads\/2021\/08\/ogloszenia-parafialne-baner-01a.jpg\" alt=\"\" class=\"wp-image-4410\" srcset=\"https:\/\/rafalk-elblag.pl\/wp-content\/uploads\/2021\/08\/ogloszenia-parafialne-baner-01a.jpg 720w, https:\/\/rafalk-elblag.pl\/wp-content\/uploads\/2021\/08\/ogloszenia-parafialne-baner-01a-300x97.jpg 300w\" sizes=\"auto, (max-width: 720px) 100vw, 720px\" \/><\/a><\/figure>\n\n\n\n<h1 class=\"wp-block-heading\">Og\u0142oszenia parafialne 13.08.2023r<\/h1>\n\n\n\n<ol class=\"wp-block-list\"><li><strong>PAMI\u0118TAJMY \u2013 SIERPIE\u0143 MIESI\u0104CEM ABSTYNENCJI<\/strong>. Przez pami\u0119\u0107 o wielkich dzie\u0142ach, kt\u00f3re B\u00f3g dokona\u0142 w naszym narodzie w tym miesi\u0105cu, powstrzymajmy si\u0119 od spo\u017cywania napoj\u00f3w alkoholowych.<\/li><\/ol>\n\n\n\n<p><em>Pod ch\u00f3rem wy\u0142o\u017cona jest KSI\u0118GA ABSTYNENCJI. Zach\u0119camy do wpisywania si\u0119 by w ten spos\u00f3b podj\u0105\u0107 APEL KO\u015aCIO\u0141A.<\/em><\/p>\n\n\n\n<ol class=\"wp-block-list\" start=\"2\"><li><strong>We wtorek 15 sierpnia prze\u017cywa\u0107 b\u0119dziemy Uroczysto\u015b\u0107 Wniebowzi\u0119cia Naj\u015bwi\u0119tszej Maryi Panny<\/strong>. <strong>Msze \u015bwi\u0119te jak w niedziel\u0119, tj. 8:00, 10:00, 12:00 i 18:00<\/strong><em><strong>. <\/strong><\/em><em>Przypominamy, \u017ce tego dnia jest po\u015bwi\u0119cenie zi\u00f3\u0142, kwiat\u00f3w i owoc\u00f3w.<\/em><\/li><li>W \u015brod\u0119 16 dzie\u0144 miesi\u0105ca &#8211; spotkanie i modlitwy <strong>Rodziny Karmelita\u0144skiej i Bractwa Szkaplerza \u015awi\u0119tego.<\/strong> Zapraszam na Msze \u015awi\u0119t\u0105 o godz. 18:00, z mo\u017cliwo\u015bci\u0105 przyj\u0119cia szkaplerza karmelita\u0144skiego oraz na nabo\u017ce\u0144stwo po Mszy \u015bwi\u0119tej.<\/li><li><strong>Za tydzie\u0144 przypada XI rocznica NAWIEDZENIA NASZEJ PARAFII PRZEZ MATK\u0118 BO\u017b\u0104 W JASNOG\u00d3RSKIEM WIZERUNKU. <\/strong>Bogu niech b\u0119d\u0105 dzi\u0119ki i Tobie Matko za Twoj\u0105 obecno\u015b\u0107 w naszej wsp\u00f3lnocie. Niech ta rocznica Nawiedzenia rozpala nadal nasze serca i przynosi b\u0142ogos\u0142awione owoce w \u017cyciu ka\u017cdego z nas i ca\u0142ej naszej wsp\u00f3lnoty parafialnej. <em>\u201eMaryjo, kt\u00f3ra\u015b uwierzy\u0142a, prowad\u017a nas do Jezusa.\u201d<\/em><\/li><li>W tym tygodniu w liturgii Ko\u015bcio\u0142a wspominamy:<\/li><\/ol>\n\n\n\n<ul class=\"wp-block-list\"><li><strong>w czwartek \u015bw. Jacka, kap\u0142ana \u2013 imieniny Jego Ekscelencji ks. dr Jacka Jezierskiego \u2013 Biskupa Elbl\u0105skiego.<\/strong><\/li><\/ul>\n\n\n\n<p><em><strong>Pami\u0119tajmy w modlitwie o czcigodnym solenizancie.<\/strong><\/em><\/p>\n\n\n\n<p><em><u>Zapraszamy do udzia\u0142u w Mszach \u015bw. o godz. 8:00 lub o godz. 18:00<\/u><\/em><em>.<\/em><\/p>\n\n\n\n<ol class=\"wp-block-list\" start=\"6\"><li><strong>Kancelaria parafialna, przez ca\u0142y okres wakacji, czynna jest <\/strong><strong>w \u015brody i pi\u0105tki po Mszy \u015bw. wieczorowej do godziny 19:30.<\/strong><em><strong>Zapraszamy.<\/strong><\/em><\/li><li><strong>Parafia \u015bw.<\/strong> <strong>Rodziny<\/strong> i nasza parafia organizuje pielgrzymk\u0119 samolotow\u0105 do <strong>ZIEMI \u015aWI\u0118TEJ <\/strong>w dniach od 4 do 10 czerwca <strong>2024<\/strong> roku.<strong> Koszt 5590 z\u0142. plus 200 USD. Zapisy w parafiach u ksi\u0119\u017cy Proboszcz\u00f3w.<\/strong><\/li><li>W niedziel\u0119 20 sierpnia br. b\u0119d\u0105 zbierane ofiary do puszek na utrzymanie naszego Wy\u017cszego Seminarium Duchownego w Elbl\u0105gu. <em>M\u00f3dlmy si\u0119 o nowe powo\u0142ania do kap\u0142a\u0144stwa i \u017cycia zakonnego.<\/em><\/li><li><em>Zapraszamy do wzi\u0119cia udzia\u0142u w UROCZYSTO\u015aCIACH ODPUSTOWYCH w <\/em><em><strong>Sanktuarium \u015awi\u0119tej Rodziny w Ryjewie<\/strong><\/em><em> dnia 20 sierpnia br. Wi\u0119cej informacji na plakacie.<\/em><\/li><li><strong>Wszystkim parafianom i go\u015bciom \u017cyczymy udanego wypoczynku b\u0142ogos\u0142awie\u0144stwa Bo\u017cego oraz opieki Matki Bo\u017cej Szkaplerznej.<\/strong><\/li><li>Zach\u0119cam do nabywania nowego numeru \u201eGo\u015bcia Niedzielnego\u201d <strong>w cenie 10 z\u0142.<\/strong> <strong>z dodatkiem<\/strong> <strong>\u201eGo\u015bcia Elbl\u0105skiego\u201d<\/strong>.<\/li><li>Pan powo\u0142a\u0142 do wieczno\u015bci :<\/li><\/ol>\n\n\n\n<p><strong>\u2020 \u015bp. Bogus\u0142awa(m) JAKUBOWSKIEGO<\/strong> lat 70 z ul. Leszczy\u0144skiego<\/p>\n\n\n\n<p><em>Wieczny odpoczynek racz mu da\u0107 Panie! A \u015bwiat\u0142o\u015b\u0107 wiekuista niechaj mu \u015bwieci<\/em><\/p>\n\n\n\n<p><\/p>\n\n\n\n<figure class=\"wp-block-image\"><img decoding=\"async\" src=\"http:\/\/rafalk-elblag.pl\/wp-content\/uploads\/2020\/04\/baner-intencje-mszy.jpg\" alt=\"\"\/><\/figure>\n\n\n\n<h1 class=\"wp-block-heading\">Intencje mszalne 13.08.2023r<br><\/h1>\n\n\n\n<p><strong>PONIEDZIA\u0141EK \/ 14 sierpnia 2023 r.<br>\u015bw. Maksymiliana Marii Kolbego<br>Mt 17,22-27<\/strong><br>8.00 \u015bp. Kazimiera D\u0105bkowska (11 rocznica \u015bmierci) i zmarli z rodziny<br>18.00 \u015bp. Beata Taraszkiewicz (w 30 dzie\u0144 po pogrzebie)<\/p>\n\n\n\n<p><strong>WTOREK \/ 15 sierpnia 2023 r.<br>Uroczysto\u015b\u0107 Wniebowzi\u0119cia Naj\u015bwi\u0119tszej Maryi Panny<br>\u0141k 1,39-56<\/strong><br>8.00 Za dusze w czy\u015b\u0107cu cierpi\u0105ce<br>10.00 \u015bp. Franciszek Kara\u017aniewicz (1 rocznica \u015bmierci)<br>12.00 W intencji Parafian<br>18.00 \u015bp. ks. Franciszek Bokuniewicz (w 20 rocznic\u0119 \u015bmierci)<\/p>\n\n\n\n<p><strong>\u015aRODA \/ 16 sierpnia 2023 r.<br>\u015bw. Stefana<br>18,15-20<\/strong><br>8.00 \u015bp. Mieczys\u0142aw, W\u0142odzimierz Wile\u0144scy i zmarli z rodziny Wile\u0144skich<br>i Handukiewicz\u00f3w<br>18.00 W intencji Bractwa Szkaplerznego, ca\u0142ej Rodziny Szkaplerznej i os\u00f3b, kt\u00f3re przyjm\u0105 Szkaplerz Karmelita\u0144ski<\/p>\n\n\n\n<p><strong>CZWARTEK \/ 17 sierpnia 2023 r.<br>\u015bw. Jacka<br>Mt 18,21-19<\/strong><br>8.00 O \u0142ask\u0119 \u017cywej wiary i do\u015bwiadczenie Bo\u017cej mi\u0142o\u015bci dla Piotra<br>18.00 \u015bp. Helena Majkowska, J\u00f3zef Sulecki<\/p>\n\n\n\n<p><strong>PI\u0104TEK \/ 18 sierpnia 2023 r.<br>Mt 19,3-12<\/strong><br>8.00 O \u0142ask\u0119 \u017cywej wiary i do\u015bwiadczenie Bo\u017cej mi\u0142o\u015bci oraz pojednanie w rodzinie dla Piotra<br>18.00 \u015bp. Rajmund Duljan (w 2 rocznic\u0119 \u015bmierci)<\/p>\n\n\n\n<p><strong>SOBOTA \/ 19 sierpnia 2023 r.<br>Mt 19,13-15<\/strong><br>8.00 \u015bp. Rodzice: J\u00f3zefa [k] i Micha\u0142 Jackiewicz, by Pan przyj\u0105\u0142 ich do Kr\u00f3lestwa Bo\u017cego<br>18.00 \u015bp. Stefania Bajson (34 rocznica \u015bmierci) i zmarli z rodziny<\/p>\n\n\n\n<p><strong>XX NIEDZIELA ZWYK\u0141A<br>20 sierpnia 2023 r.<br>Mt 15,21-28<\/strong><br>8.00 \u015bp. Ignacy Czeszejko-Sochacki<br>10.00 \u015bp. Irena Zasada (w 15 rocznic\u0119 \u015bmierci), Stanis\u0142aw Piwnikiewicz (w 21 rocznic\u0119 \u015bmierci)<br>12.00 W intencji Parafian<br>18.00 \u015bp. Tadeusz Malinowski (w 11 rocznic\u0119 \u015bmierci)<\/p>\n","protected":false},"excerpt":{"rendered":"<p>Ewangelia (Mt 14, 22-33) Jezus chodzi po jeziorze S\u0142owa Ewangelii wed\u0142ug \u015awi\u0119tego Mateusza Gdy t\u0142um zosta\u0142 nasycony, zaraz Jezus przynagli\u0142 uczni\u00f3w, \u017ceby wsiedli do \u0142odzi i wyprzedzili Go na drugi brzeg, zanim odprawi t\u0142umy. Gdy to uczyni\u0142, wyszed\u0142 sam jeden na g\u00f3r\u0119, aby si\u0119 modli\u0107. Wiecz\u00f3r zapad\u0142, a On sam tam przebywa\u0142. \u0141\u00f3d\u017a za\u015b by\u0142a [&hellip;]<\/p>\n","protected":false},"author":1,"featured_media":5022,"comment_status":"closed","ping_status":"closed","sticky":false,"template":"","format":"standard","meta":{"ngg_post_thumbnail":0,"footnotes":""},"categories":[11,8,4,3],"tags":[],"class_list":["post-5021","post","type-post","status-publish","format-standard","has-post-thumbnail","hentry","category-aktualnosci","category-blog","category-intencje","category-ogloszenia"],"_links":{"self":[{"href":"https:\/\/rafalk-elblag.pl\/index.php?rest_route=\/wp\/v2\/posts\/5021","targetHints":{"allow":["GET"]}}],"collection":[{"href":"https:\/\/rafalk-elblag.pl\/index.php?rest_route=\/wp\/v2\/posts"}],"about":[{"href":"https:\/\/rafalk-elblag.pl\/index.php?rest_route=\/wp\/v2\/types\/post"}],"author":[{"embeddable":true,"href":"https:\/\/rafalk-elblag.pl\/index.php?rest_route=\/wp\/v2\/users\/1"}],"replies":[{"embeddable":true,"href":"https:\/\/rafalk-elblag.pl\/index.php?rest_route=%2Fwp%2Fv2%2Fcomments&post=5021"}],"version-history":[{"count":3,"href":"https:\/\/rafalk-elblag.pl\/index.php?rest_route=\/wp\/v2\/posts\/5021\/revisions"}],"predecessor-version":[{"id":5026,"href":"https:\/\/rafalk-elblag.pl\/index.php?rest_route=\/wp\/v2\/posts\/5021\/revisions\/5026"}],"wp:featuredmedia":[{"embeddable":true,"href":"https:\/\/rafalk-elblag.pl\/index.php?rest_route=\/wp\/v2\/media\/5022"}],"wp:attachment":[{"href":"https:\/\/rafalk-elblag.pl\/index.php?rest_route=%2Fwp%2Fv2%2Fmedia&parent=5021"}],"wp:term":[{"taxonomy":"category","embeddable":true,"href":"https:\/\/rafalk-elblag.pl\/index.php?rest_route=%2Fwp%2Fv2%2Fcategories&post=5021"},{"taxonomy":"post_tag","embeddable":true,"href":"https:\/\/rafalk-elblag.pl\/index.php?rest_route=%2Fwp%2Fv2%2Ftags&post=5021"}],"curies":[{"name":"wp","href":"https:\/\/api.w.org\/{rel}","templated":true}]}}