{"id":5017,"date":"2023-08-06T11:51:00","date_gmt":"2023-08-06T11:51:00","guid":{"rendered":"http:\/\/rafalk-elblag.pl\/?p=5017"},"modified":"2023-08-07T11:59:05","modified_gmt":"2023-08-07T11:59:05","slug":"ogloszenia-06-08-2023-xviii-niedziela-zwykla","status":"publish","type":"post","link":"https:\/\/rafalk-elblag.pl\/?p=5017","title":{"rendered":"Og\u0142oszenia 06.08.2023, XVIII Niedziela Zwyk\u0142a"},"content":{"rendered":"\n<figure class=\"wp-block-embed is-type-video is-provider-youtube wp-block-embed-youtube wp-embed-aspect-16-9 wp-has-aspect-ratio\"><div class=\"wp-block-embed__wrapper\">\n<iframe loading=\"lazy\" title=\"G\u00f3ra Przemienienia - ks. Piotr Pawlukiewicz (audio)\" width=\"900\" height=\"506\" src=\"https:\/\/www.youtube.com\/embed\/2PK8c7yed_c?feature=oembed\" frameborder=\"0\" allow=\"accelerometer; autoplay; clipboard-write; encrypted-media; gyroscope; picture-in-picture; web-share\" allowfullscreen><\/iframe>\n<\/div><\/figure>\n\n\n\n<h2 class=\"wp-block-heading\">Ewangelia (Mt 17, 1-9)<\/h2>\n\n\n\n<h4 class=\"wp-block-heading\"><em>Twarz Jego zaja\u015bnia\u0142a jak s\u0142o\u0144ce<\/em><\/h4>\n\n\n\n<p><strong>S\u0142owa Ewangelii wed\u0142ug \u015awi\u0119tego Mateusza<\/strong><\/p>\n\n\n\n<p>Jezus wzi\u0105\u0142 z sob\u0105 Piotra, Jakuba oraz brata jego, Jana, i zaprowadzi\u0142 ich na g\u00f3r\u0119 wysok\u0105, osobno. Tam przemieni\u0142 si\u0119 wobec nich: twarz Jego zaja\u015bnia\u0142a jak s\u0142o\u0144ce, odzienie za\u015b sta\u0142o si\u0119 bia\u0142e jak \u015bwiat\u0142o. A oto ukazali si\u0119 im Moj\u017cesz i Eliasz, rozmawiaj\u0105cy z Nim.<\/p>\n\n\n\n<p>Wtedy Piotr rzek\u0142 do Jezusa: \u00abPanie, dobrze, \u017ce tu jeste\u015bmy; je\u015bli chcesz, postawi\u0119 tu trzy namioty: jeden dla Ciebie, jeden dla Moj\u017cesza i jeden dla Eliasza\u00bb.<\/p>\n\n\n\n<p>Gdy on jeszcze m\u00f3wi\u0142, oto ob\u0142ok \u015bwietlany os\u0142oni\u0142 ich, a z ob\u0142oku odezwa\u0142 si\u0119 g\u0142os: \u00abTo jest m\u00f3j Syn umi\u0142owany, w kt\u00f3rym mam upodobanie, Jego s\u0142uchajcie!\u00bb Uczniowie, s\u0142ysz\u0105c to, upadli na twarz i bardzo si\u0119 zl\u0119kli.<\/p>\n\n\n\n<p>A Jezus zbli\u017cy\u0142 si\u0119 do nich, dotkn\u0105\u0142 ich i rzek\u0142: \u00abWsta\u0144cie, nie l\u0119kajcie si\u0119!\u00bb Gdy podnie\u015bli oczy, nikogo nie widzieli, tylko samego Jezusa.<\/p>\n\n\n\n<p>A gdy schodzili z g\u00f3ry, Jezus przykaza\u0142 im, m\u00f3wi\u0105c: \u00abNie opowiadajcie nikomu o tym widzeniu, a\u017c Syn Cz\u0142owieczy zmartwychwstanie\u00bb.<\/p>\n\n\n\n<p><\/p>\n\n\n\n<figure class=\"wp-block-image\"><a href=\"http:\/\/rafalk-elblag.pl\/wp-content\/uploads\/2021\/08\/ogloszenia-parafialne-baner-01a.jpg\"><img loading=\"lazy\" decoding=\"async\" width=\"720\" height=\"232\" src=\"http:\/\/rafalk-elblag.pl\/wp-content\/uploads\/2021\/08\/ogloszenia-parafialne-baner-01a.jpg\" alt=\"\" class=\"wp-image-4410\" srcset=\"https:\/\/rafalk-elblag.pl\/wp-content\/uploads\/2021\/08\/ogloszenia-parafialne-baner-01a.jpg 720w, https:\/\/rafalk-elblag.pl\/wp-content\/uploads\/2021\/08\/ogloszenia-parafialne-baner-01a-300x97.jpg 300w\" sizes=\"auto, (max-width: 720px) 100vw, 720px\" \/><\/a><\/figure>\n\n\n\n<h1 class=\"wp-block-heading\">Og\u0142oszenia parafialne 06.08.2023r<\/h1>\n\n\n\n<ol class=\"wp-block-list\"><li>Zapraszamy dzi\u015b w I Niedziel\u0119 miesi\u0105ca na <strong>Adoracj\u0119 Naj\u015bwi\u0119tszego Sakramentu od godz. 15:00 do godz. 18:00. <\/strong><em>Rozpocznie si\u0119 Koronk\u0105 do Bo\u017cego Mi\u0142osierdzia.<\/em><\/li><li>Ofiary sk\u0142adane dzisiaj na tac\u0119 przeznaczone s\u0105 na inwestycje w naszej parafii.(<em>zosta\u0142y wykonane prace: nowe schody na plebani\u0119, pomalowana zakrystia, pomieszczenie dla ministrant\u00f3w, korytarz, \u0142azienka oraz umyta dach\u00f3wka na ko\u015bciele od strony wschodniej).<\/em> <em>B\u00f3g zap\u0142a\u0107 za zrozumienie<\/em><em> i z\u0142o\u017cone ofiary.<\/em><\/li><li><strong>PAMI\u0118TAJMY \u2013 SIERPIE\u0143 MIESI\u0104CEM ABSTYNENCJI<\/strong>. Przez pami\u0119\u0107 o wielkich dzie\u0142ach, kt\u00f3re B\u00f3g dokona\u0142 w naszym narodzie w tym miesi\u0105cu, powstrzymajmy si\u0119 od spo\u017cywania napoj\u00f3w alkoholowych.<\/li><\/ol>\n\n\n\n<p><em>Pod ch\u00f3rem wy\u0142o\u017cona jest KSI\u0118GA ABSTYNENCJI. Zach\u0119camy do wpisywania si\u0119 by w ten spos\u00f3b podj\u0105\u0107 APEL KO\u015aCIO\u0141A.<\/em><\/p>\n\n\n\n<ol class=\"wp-block-list\" start=\"4\"><li><strong>Przy naszej parafii dzia\u0142a grupa rodzinna Al-Anon (\u201e\u015amieszki\u201d), <\/strong>kt\u00f3ra zaprasza zainteresowanych problemem picia bliskiej osoby. <em>Grupa spotyka si\u0119 w ka\u017cdy czwartek na plebanii o godz. 17:00.<\/em><\/li><li><strong>Parafia \u015bw. Wojciecha<\/strong> w Elbl\u0105gu organizuje wyjazd autokarowy do Cz\u0119stochowy 11 sierpnia br. o godz. 5:00 na spotkanie i wej\u015bcie pielgrzym\u00f3w Diecezji Elbl\u0105skiej.<\/li><\/ol>\n\n\n\n<p><em><strong>Koszt 150 z\u0142. Zapisy w parafii lub tel. 514&nbsp;538&nbsp;971 u ks. Adama Gapysa.<\/strong><\/em><\/p>\n\n\n\n<p><em><strong>Zapraszamy \u2013 zapisy do 10 sierpnia br.<\/strong><\/em><\/p>\n\n\n\n<ol class=\"wp-block-list\" start=\"6\"><li><strong>W pi\u0105tek 11 sierpnia 2023 roku, XXXI Elbl\u0105ska Pielgrzymka Piesza wchodzi na Jasn\u0105 G\u00f3r\u0119.<\/strong> Zapraszamy parafian na Msz\u0119 \u015bwi\u0119t\u0105 o godz. 18:00 i <strong>Apel Jasnog\u00f3rski.<\/strong> Duchowo b\u0119dziemy si\u0119 \u0142\u0105czy\u0107 z pielgrzymami, trwaj\u0105cymi na modlitwie w Kaplicy Cudownego Obrazu. <em>Wdzi\u0119czny jestem osobom, kt\u00f3re wspiera\u0142y pielgrzym\u00f3w swoj\u0105 ofiar\u0105, modlitw\u0105 i w inny spos\u00f3b Panu Bogu wiadomy. B\u00f3g zap\u0142a\u0107<\/em><em>.<\/em><\/li><li>W tym tygodniu w liturgii Ko\u015bcio\u0142a wspominamy:<\/li><\/ol>\n\n\n\n<ul class=\"wp-block-list\"><li>we wtorek wspomnienie <strong>\u015bw. Dominika,<\/strong> kap\u0142ana,<\/li><li>w \u015brod\u0119 \u015bwi\u0119to <strong>\u015bw. Teresy Benedykty<\/strong> od Krzy\u017ca, dziewicy,<\/li><li>w czwartek \u015bwi\u0119to <strong>\u015bw. Wawrzy\u0144ca<\/strong>, diakona i m\u0119czennika,<\/li><li>w pi\u0105tek wspomnienie <strong>\u015bw. Klary<\/strong>, dziewicy.<\/li><\/ul>\n\n\n\n<p><em><strong>Zapraszamy na Msze \u015bw. o godz. 8:00 i o godz. 18:00.<\/strong><\/em><\/p>\n\n\n\n<ol class=\"wp-block-list\" start=\"8\"><li><strong>Kancelaria parafialna, przez ca\u0142y okres wakacji, czynna jest w \u015brody i pi\u0105tki po Mszy \u015bw. wieczorowej do godziny 19:30.<\/strong><em><strong>Zapraszamy.<\/strong><\/em><\/li><li><strong>Parafia \u015bw.<\/strong> <strong>Rodziny<\/strong> i nasza parafia organizuje pielgrzymk\u0119 samolotow\u0105 do <strong>ZIEMI \u015aWI\u0118TEJ <\/strong>w dniach od 4 do 10 czerwca <strong>2024<\/strong> roku.<strong> Nawiedzimy takie miejsca jak: <\/strong>TABGHA \u2013 G\u00d3RA B\u0141OGOS\u0141AWIE\u0143STW &#8211; KAFARNAUM &#8211; JEZIORO GENEZARET \u2013 HAJFA &#8211; NAZARET &#8211; KANA GALILEJSKA &#8211; G\u00d3RA TABOR \u2013 JERYCHO \u2013 DOLINA JORDANU &#8211; BETLEJEM &#8211; JEROZOLIMA \u2013 MORZE MARTWE<strong>. Koszt 5590 z\u0142. plus 200 USD. Zapisy w parafiach u ksi\u0119\u017cy Proboszcz\u00f3w.<\/strong><\/li><li><strong>Wszystkim parafianom i go\u015bciom \u017cyczymy udanego wypoczynku b\u0142ogos\u0142awie\u0144stwa Bo\u017cego oraz opieki Matki Bo\u017cej Szkaplerznej.<\/strong><\/li><li>Zach\u0119cam do nabywania nowego numeru \u201eGo\u015bcia Niedzielnego\u201d <strong>w cenie 10 z\u0142.<\/strong> <strong>z dodatkiem<\/strong> <strong>\u201eGo\u015bcia Elbl\u0105skiego\u201d<\/strong>.<\/li><li>Pan powo\u0142a\u0142 do wieczno\u015bci : <br><strong>\u2020 \u015bp. Teres\u0119 WOJNIAK<\/strong> lat 62 z ul. Leszczy\u0144skiego<\/li><\/ol>\n\n\n\n<p><\/p>\n\n\n\n<figure class=\"wp-block-image\"><img decoding=\"async\" src=\"http:\/\/rafalk-elblag.pl\/wp-content\/uploads\/2020\/04\/baner-intencje-mszy.jpg\" alt=\"\"\/><\/figure>\n\n\n\n<h1 class=\"wp-block-heading\">Intencje mszalne 06.08.2023r<br><\/h1>\n\n\n\n<p><strong>PONIEDZIA\u0141EK \/ 7 sierpnia 2023 r.<br>Mt 14,13-21<\/strong><br>8.00 \u015bp. Boles\u0142aw Zembrzycki (w 4 rocznic\u0119 \u015bmierci), Kazimiera i Tadeusz Zembrzyccy<br>18.00 \u015bp. Stanis\u0142aw Podg\u00f3rski (22 rocznica \u015bmierci) i zmarli rodzice z obojga stron Genowefa, Franciszek, Marianna, Wac\u0142aw<\/p>\n\n\n\n<p><strong>WTOREK \/ 8 sierpnia 2023 r.<br>\u015bw. Dominika<\/strong><br><strong>Mt 14,22-26<\/strong><br>8.00 \u015bp. Marcin Kurosad w 30 dzie\u0144 po pogrzebie<br>18.00 \u015bp. Romuald (w rocznic\u0119 \u015bmierci) i zmarli z rodziny Karman<\/p>\n\n\n\n<p><strong>\u015aRODA \/ 9 sierpnia 2023 r.<br>\u015bw. Teresy Benedykty od Krzy\u017ca<br>Mt 14,25-31<\/strong><br>8.00 \u015bp. Mariusz Piotrowski (w 30 dzie\u0144 po pogrzebie)<br>18.00 \u015bp. Teresa Kotkowska (w 11 rocznic\u0119 \u015bmierci)<\/p>\n\n\n\n<p><strong>CZWARTEK \/ 10 sierpnia 2023 r.<br>\u015bw. Wawrzy\u0144ca<br>J 12,24-26<\/strong><br>8.00 \u015bp. Gra\u017cyna Ko\u015bciewicz (w 2 rocznic\u0119 \u015bmierci)<br>18.00 \u015bp. Tadeusz Cz\u0119\u015bcik (15 rocznica \u015bmierci), Eugenia, Henryk, Andrzej Grabowscy<\/p>\n\n\n\n<p><strong>PI\u0104TEK \/ 11 sierpnia 2023 r.<br>\u015bw. Klary<br>Mt 16,24-28<\/strong><br>8.00 \u015bp. Anna Brzozowska (5 rocznica \u015bmierci)<br>18.00 Dzi\u0119kczynna z okazji 10 urodzin Stasia z pro\u015bb\u0105 o Bo\u017ce b\u0142. i potrzebne \u0142aski na dalsze lata \u017cycia oraz opiek\u0119 Matki Bo\u017cej dla ca\u0142ej rodziny<\/p>\n\n\n\n<p><strong>SOBOTA \/ 12 sierpnia 2023 r.<br>Mt 17,14-20<\/strong><br>8.00 Dzi\u0119kczynno-b\u0142agalna o Bo\u017ce b\u0142., obfite \u0142aski, zgod\u0119, zdrowie i mi\u0142o\u015b\u0107 wzajemn\u0105 dla Marty i Konrada w 1 rocznic\u0119 sakramentalnego ma\u0142\u017ce\u0144stwa<br>18.00 \u015bp. Bogdan Grzyma\u0142a (w 3 rocznic\u0119 \u015bmierci), Krystyna, J\u00f3zef, Henryk Redkiewicz<\/p>\n\n\n\n<p><strong>XIX NIEDZIELA ZWYK\u0141A<br>13 sierpnia 2023 r.<br>Mt 14,22-23<\/strong><br>8.00 \u015bp. Katarzyna, J\u00f3zef, Zofia z rodziny Kozaczuk, Jan, Jadwiga, Ryszard Wysoccy<br>10.00 O \u017cywe dzia\u0142anie Ducha \u015awi\u0119tego w codzienno\u015bci dla Nikodema i jego rodziny, Agnieszki i ca\u0142ej rodziny zakonnej oraz Magdaleny i jej rodziny<br>12.00 W intencji Parafian<br>18.00 \u015bp. Stanis\u0142aw Wi\u015bniewski, rodzice: Apolonia i Stefan Cejko oraz rodze\u0144stwo: Kazimierz, Maria, Hanna i Stefan<\/p>\n","protected":false},"excerpt":{"rendered":"<p>Ewangelia (Mt 17, 1-9) Twarz Jego zaja\u015bnia\u0142a jak s\u0142o\u0144ce S\u0142owa Ewangelii wed\u0142ug \u015awi\u0119tego Mateusza Jezus wzi\u0105\u0142 z sob\u0105 Piotra, Jakuba oraz brata jego, Jana, i zaprowadzi\u0142 ich na g\u00f3r\u0119 wysok\u0105, osobno. Tam przemieni\u0142 si\u0119 wobec nich: twarz Jego zaja\u015bnia\u0142a jak s\u0142o\u0144ce, odzienie za\u015b sta\u0142o si\u0119 bia\u0142e jak \u015bwiat\u0142o. A oto ukazali si\u0119 im Moj\u017cesz i [&hellip;]<\/p>\n","protected":false},"author":1,"featured_media":5019,"comment_status":"closed","ping_status":"closed","sticky":false,"template":"","format":"standard","meta":{"ngg_post_thumbnail":0,"footnotes":""},"categories":[11,8,4,3],"tags":[],"class_list":["post-5017","post","type-post","status-publish","format-standard","has-post-thumbnail","hentry","category-aktualnosci","category-blog","category-intencje","category-ogloszenia"],"_links":{"self":[{"href":"https:\/\/rafalk-elblag.pl\/index.php?rest_route=\/wp\/v2\/posts\/5017","targetHints":{"allow":["GET"]}}],"collection":[{"href":"https:\/\/rafalk-elblag.pl\/index.php?rest_route=\/wp\/v2\/posts"}],"about":[{"href":"https:\/\/rafalk-elblag.pl\/index.php?rest_route=\/wp\/v2\/types\/post"}],"author":[{"embeddable":true,"href":"https:\/\/rafalk-elblag.pl\/index.php?rest_route=\/wp\/v2\/users\/1"}],"replies":[{"embeddable":true,"href":"https:\/\/rafalk-elblag.pl\/index.php?rest_route=%2Fwp%2Fv2%2Fcomments&post=5017"}],"version-history":[{"count":1,"href":"https:\/\/rafalk-elblag.pl\/index.php?rest_route=\/wp\/v2\/posts\/5017\/revisions"}],"predecessor-version":[{"id":5018,"href":"https:\/\/rafalk-elblag.pl\/index.php?rest_route=\/wp\/v2\/posts\/5017\/revisions\/5018"}],"wp:featuredmedia":[{"embeddable":true,"href":"https:\/\/rafalk-elblag.pl\/index.php?rest_route=\/wp\/v2\/media\/5019"}],"wp:attachment":[{"href":"https:\/\/rafalk-elblag.pl\/index.php?rest_route=%2Fwp%2Fv2%2Fmedia&parent=5017"}],"wp:term":[{"taxonomy":"category","embeddable":true,"href":"https:\/\/rafalk-elblag.pl\/index.php?rest_route=%2Fwp%2Fv2%2Fcategories&post=5017"},{"taxonomy":"post_tag","embeddable":true,"href":"https:\/\/rafalk-elblag.pl\/index.php?rest_route=%2Fwp%2Fv2%2Ftags&post=5017"}],"curies":[{"name":"wp","href":"https:\/\/api.w.org\/{rel}","templated":true}]}}