{"id":5009,"date":"2023-07-30T11:40:00","date_gmt":"2023-07-30T11:40:00","guid":{"rendered":"http:\/\/rafalk-elblag.pl\/?p=5009"},"modified":"2023-08-07T11:50:37","modified_gmt":"2023-08-07T11:50:37","slug":"ogloszenia-30-07-2023-xvii-niedziela-zwykla","status":"publish","type":"post","link":"https:\/\/rafalk-elblag.pl\/?p=5009","title":{"rendered":"Og\u0142oszenia 30.07.2023, XVII Niedziela Zwyk\u0142a"},"content":{"rendered":"\n<figure class=\"wp-block-embed is-type-video is-provider-youtube wp-block-embed-youtube wp-embed-aspect-16-9 wp-has-aspect-ratio\"><div class=\"wp-block-embed__wrapper\">\n<iframe loading=\"lazy\" title=\"Ks. Piotr Pawlukiewicz - Przypowie\u015b\u0107 o Perle\" width=\"900\" height=\"506\" src=\"https:\/\/www.youtube.com\/embed\/K9j0q3IBMgM?feature=oembed\" frameborder=\"0\" allow=\"accelerometer; autoplay; clipboard-write; encrypted-media; gyroscope; picture-in-picture; web-share\" allowfullscreen><\/iframe>\n<\/div><\/figure>\n\n\n\n<h2 class=\"wp-block-heading\">Ewangelia (Mt 13, 44-52)<\/h2>\n\n\n\n<h4 class=\"wp-block-heading\"><em>Przypowie\u015bci o skarbie, o perle i o sieci<\/em><\/h4>\n\n\n\n<p><strong>S\u0142owa Ewangelii wed\u0142ug \u015awi\u0119tego Mateusza<\/strong><\/p>\n\n\n\n<p>Jezus opowiedzia\u0142 t\u0142umom tak\u0105 przypowie\u015b\u0107:<\/p>\n\n\n\n<p>\u00abKr\u00f3lestwo niebieskie podobne jest do skarbu ukrytego w roli. Znalaz\u0142 go pewien cz\u0142owiek i ukry\u0142 ponownie. Uradowany poszed\u0142, sprzeda\u0142 wszystko, co mia\u0142, i kupi\u0142 t\u0119 rol\u0119.<\/p>\n\n\n\n<p>Dalej, podobne jest kr\u00f3lestwo niebieskie do kupca poszukuj\u0105cego pi\u0119knych pere\u0142. Gdy znalaz\u0142 jedn\u0105 drogocenn\u0105 per\u0142\u0119, poszed\u0142, sprzeda\u0142 wszystko, co mia\u0142, i kupi\u0142 j\u0105\u00bb.<\/p>\n\n\n\n<p>\u00abDalej, podobne jest kr\u00f3lestwo niebieskie do sieci, zarzuconej w morze i zagarniaj\u0105cej ryby wszelkiego rodzaju. Gdy si\u0119 nape\u0142ni\u0142a, wyci\u0105gn\u0119li j\u0105 na brzeg i usiad\u0142szy, dobre zebrali w naczynia, a z\u0142e odrzucili. Tak b\u0119dzie przy ko\u0144cu \u015bwiata: wyjd\u0105 anio\u0142owie, wy\u0142\u0105cz\u0105 z\u0142ych spo\u015br\u00f3d sprawiedliwych i wrzuc\u0105 ich w piec rozpalony; tam b\u0119dzie p\u0142acz i zgrzytanie z\u0119b\u00f3w.<\/p>\n\n\n\n<p>Zrozumieli\u015bcie to wszystko?\u00bb Odpowiedzieli Mu: \u00abTak\u00bb.<\/p>\n\n\n\n<p>A On rzek\u0142 do nich: \u00abDlatego ka\u017cdy uczony w Pi\u015bmie, kt\u00f3ry sta\u0142 si\u0119 uczniem kr\u00f3lestwa niebieskiego, podobny jest do ojca rodziny, kt\u00f3ry ze swego skarbca wydobywa rzeczy nowe i stare\u00bb.<\/p>\n\n\n\n<p><\/p>\n\n\n\n<figure class=\"wp-block-image\"><a href=\"http:\/\/rafalk-elblag.pl\/wp-content\/uploads\/2021\/08\/ogloszenia-parafialne-baner-01a.jpg\"><img loading=\"lazy\" decoding=\"async\" width=\"720\" height=\"232\" src=\"http:\/\/rafalk-elblag.pl\/wp-content\/uploads\/2021\/08\/ogloszenia-parafialne-baner-01a.jpg\" alt=\"\" class=\"wp-image-4410\" srcset=\"https:\/\/rafalk-elblag.pl\/wp-content\/uploads\/2021\/08\/ogloszenia-parafialne-baner-01a.jpg 720w, https:\/\/rafalk-elblag.pl\/wp-content\/uploads\/2021\/08\/ogloszenia-parafialne-baner-01a-300x97.jpg 300w\" sizes=\"auto, (max-width: 720px) 100vw, 720px\" \/><\/a><\/figure>\n\n\n\n<h1 class=\"wp-block-heading\">Og\u0142oszenia parafialne 30.07.2023r<\/h1>\n\n\n\n<ol class=\"wp-block-list\"><li><strong>We wtorek rozpoczynamy miesi\u0105c abstynencji<\/strong>. Przez pami\u0119\u0107 o wielkich dzie\u0142ach, kt\u00f3re B\u00f3g dokona\u0142 w naszym narodzie w tym miesi\u0105cu, a tak\u017ce odpowiadaj\u0105c na Apel Ko\u015bcio\u0142a, powstrzymajmy si\u0119 od spo\u017cywania napoj\u00f3w alkoholowych.<\/li><li><strong>Przy naszej parafii dzia\u0142a grupa rodzinna Al-Anon (\u201e\u015amieszki\u201d), <\/strong>kt\u00f3ra zaprasza zainteresowanych problemem nadu\u017cywania alkoholu bliskiej osoby. <em>Grupa spotyka si\u0119 w ka\u017cdy czwartek na plebanii o godz. 17:00, natomiast w pierwsze czwartki miesi\u0105ca jest spotkanie otwarte dla zainteresowanych t\u0105 wsp\u00f3lnot\u0105.<\/em><\/li><li><strong>Trwaj\u0105c w jedno\u015bci modlitewnej z pielgrzymami zmierzaj\u0105cymi do Cz\u0119stochowy <\/strong>zach\u0119camy do udzia\u0142u (w czasie trwania pielgrzymki) w Mszach \u015bw. wieczornych zako\u0144czonych APELEM JASNOG\u00d3RSKIM.<\/li><li>W tym tygodniu przypada pierwszy czwartek, pi\u0105tek i sobota miesi\u0105ca sierpnia.<\/li><\/ol>\n\n\n\n<ul class=\"wp-block-list\"><li><strong>w pierwszy czwartek (3 sierpnia)<\/strong>&nbsp;modli\u0107 si\u0119 b\u0119dziemy o \u015bwi\u0119to\u015b\u0107 kap\u0142an\u00f3w, nowe powo\u0142ania kap\u0142a\u0144skie oraz za Seminarium Elbl\u0105skie. Zapraszamy po Mszy \u015bw. wieczornej na&nbsp;adoracj\u0119 Naj\u015bwi\u0119tszego Sakramentu w powy\u017cszych intencjach.<\/li><li><strong>w pierwszy pi\u0105tek (4 sierpnia)<\/strong>&nbsp;spowied\u017a od godz. 7:45 i 17:30.<\/li><li><strong>w pierwsz\u0105 sobot\u0119 (5 sierpnia) <\/strong>nabo\u017ce\u0144stwo o godz. 17:00.<\/li><\/ul>\n\n\n\n<ol class=\"wp-block-list\" start=\"5\"><li><strong>W tygodniu przypada:<\/strong><\/li><\/ol>\n\n\n\n<ul class=\"wp-block-list\"><li>w poniedzia\u0142ek \u2013 wspomnienie \u015bw. Ignacego z Loyoli, prezbitera<\/li><\/ul>\n\n\n\n<ul class=\"wp-block-list\"><li>we wtorek &#8211; wspomnienie \u015bw. Alfonsa Marii Liguoriego, biskupa i doktora Ko\u015bcio\u0142a<\/li><li>w pi\u0105tek &#8211; wspomnienie \u015bw. Jana Marii Vianneya, prezbitera. \u015aw. Jan Maria Vianney jest patornem proboszcz\u00f3w, dlatego w tym dniu pami\u0119tajmy<br>w naszych modlitwach o naszym proboszczu ks. kan. Wojciechu Zwolickim.<\/li><\/ul>\n\n\n\n<ol class=\"wp-block-list\" start=\"6\"><li>W przysz\u0142\u0105 niedziel\u0119 6 sierpnia obchodzi\u0107 b\u0119dziemy \u015awi\u0119to Przemienienia Pa\u0144skiego.<\/li><li><strong>Kancelaria parafialna, przez ca\u0142y okres wakacji, czynna jest <\/strong><strong>w \u015brody i pi\u0105tki po Mszy \u015bw. wieczornej do godziny 19:30.<\/strong><em><strong>Zapraszamy.<\/strong><\/em><\/li><li><strong>Dzi\u0119kujemy za stosowny ubi\u00f3r w ko\u015bciele w okresie wakacji. <\/strong>Msza \u015bw. jest uroczyst\u0105 celebracj\u0105, kt\u00f3ra domaga si\u0119 swego pi\u0119kna, szacunku i najwy\u017cszej kultury.<\/li><li><strong>Wszystkim parafianom i go\u015bciom \u017cyczymy udanego wypoczynku, b\u0142ogos\u0142awie\u0144stwa Bo\u017cego oraz opieki Matki Bo\u017cej Szkaplerznej.<\/strong><\/li><li>Miesi\u0105c lipiec by\u0142 po\u015bwi\u0119cony kontemplacji Naj\u015bwi\u0119tszej Krwi Chrystusa. <em>Dzi\u0119kuj\u0119 Wsp\u00f3lnocie Krwi Chrystusa za prowadzenie modlitw przed wieczorn\u0105 Msz\u0105 \u015aw.<\/em><\/li><\/ol>\n\n\n\n<p><\/p>\n\n\n\n<figure class=\"wp-block-image\"><img decoding=\"async\" src=\"http:\/\/rafalk-elblag.pl\/wp-content\/uploads\/2020\/04\/baner-intencje-mszy.jpg\" alt=\"\"\/><\/figure>\n\n\n\n<h1 class=\"wp-block-heading\">Intencje mszalne 30.07.2023r<br><\/h1>\n\n\n\n<p><strong>PONIEDZIA\u0141EK \/ 31 lipca 2023 r.<br>\u015bw. Ignacego z Loyoli<\/strong><br>Mt 13,31-35<br>8.00 Dzi\u0119kczynna za wszystkie osoby modl\u0105ce si\u0119 w ko\u015bciele za Zuzi\u0119, z pro\u015bb\u0105 o opiek\u0119 Matki Bo\u017cej Szkaplerznej i potrzebne \u0142aski dla nich<br>18.00 \u015bp. Jolanta Romanowska (w 8 rocznic\u0119 \u015bmierci), o \u0142ask\u0119 nieba<\/p>\n\n\n\n<p><strong>WTOREK \/ 1 sierpnia 2023 r.<br>\u015bw. Alfonsa Marii Liguoriego<\/strong><br>Mt 13,36-43<br>8.00<br>18.00 \u015bp. Stanis\u0142awa [k] i Pawe\u0142 Zgirscy, Stefania i Ryszard Sienkiewicz<\/p>\n\n\n\n<p><strong>\u015aRODA \/ 2 sierpnia 2023 r.<br>Mt 13,44-46<\/strong><br>8.00<br>18.00 \u015bp. Marek Razmuk (w 5 rocznic\u0119 \u015bmierci)<\/p>\n\n\n\n<p><strong>CZWARTEK \/ 3 sierpnia 2023 r.<br>Mt 13,47-53<\/strong><br>8.00<br>18.00 W intencji powo\u0142a\u0144 , szczeg\u00f3lnie do seminarium elbl\u0105skiego<\/p>\n\n\n\n<p><strong>PI\u0104TEK \/ 4 sierpnia 2023 r.<br>\u015bw. Jana Marii Vianneya<\/strong><br>Mt 13,54-58<br>8.00 Za dusze w czy\u015b\u0107cu cierpi\u0105ce<br>18.00 W intencji czcicieli Naj\u015bwi\u0119tszego Serca Pana Jezusa<\/p>\n\n\n\n<p><strong>SOBOTA \/ 5 sierpnia 2023 r.<br>Mt 14,1-12<\/strong><br>8.00 Msza \u015bw. dzi\u0119kczynna z pro\u015bb\u0105 o Bo\u017ce b\u0142. na dalsze lata wsp\u00f3lnego \u017cycia i opiek\u0119 Matki Bo\u017cej Szkaplerznej dla: Iwony i Marcina Sieradz (18 r. \u015blubu), Anety i Grzegorza Zielka (19 r. \u015blubu), Agnieszki i Tomasza Gr\u0105dzik (21 r. \u015blubu), Jadwigi i Leszka Gr\u0105dzik (45 r. \u015blubu), oraz z okazji 40 rocznicy urodzin Iwony Sieradz<br>18.00 rezerwacja<\/p>\n\n\n\n<p><strong>\u015aWI\u0118TO PRZEMIENIENIA PA\u0143SKIEGO<br>6 sierpnia 2023 r.<br>Mt 17,1-9<\/strong><br>8.00 O do\u015bwiadczenie Bo\u017cej mi\u0142o\u015bci dla Karoliny i Sebastiana<br>10.00 \u015bp. Iwona Wi\u015bniewska (w 8 rocznic\u0119 \u015bmierci)<br>12.00 W intencji Parafian<br>18.00 \u015bp. Czes\u0142awa [k] (w 25 rocznic\u0119 \u015bmierci), Stefan (w 3 rocznic\u0119 \u015bmierci) Mieczkowscy<\/p>\n","protected":false},"excerpt":{"rendered":"<p>Ewangelia (Mt 13, 44-52) Przypowie\u015bci o skarbie, o perle i o sieci S\u0142owa Ewangelii wed\u0142ug \u015awi\u0119tego Mateusza Jezus opowiedzia\u0142 t\u0142umom tak\u0105 przypowie\u015b\u0107: \u00abKr\u00f3lestwo niebieskie podobne jest do skarbu ukrytego w roli. Znalaz\u0142 go pewien cz\u0142owiek i ukry\u0142 ponownie. Uradowany poszed\u0142, sprzeda\u0142 wszystko, co mia\u0142, i kupi\u0142 t\u0119 rol\u0119. Dalej, podobne jest kr\u00f3lestwo niebieskie do kupca [&hellip;]<\/p>\n","protected":false},"author":1,"featured_media":5010,"comment_status":"closed","ping_status":"closed","sticky":false,"template":"","format":"standard","meta":{"ngg_post_thumbnail":0,"footnotes":""},"categories":[11,8,4,3],"tags":[],"class_list":["post-5009","post","type-post","status-publish","format-standard","has-post-thumbnail","hentry","category-aktualnosci","category-blog","category-intencje","category-ogloszenia"],"_links":{"self":[{"href":"https:\/\/rafalk-elblag.pl\/index.php?rest_route=\/wp\/v2\/posts\/5009","targetHints":{"allow":["GET"]}}],"collection":[{"href":"https:\/\/rafalk-elblag.pl\/index.php?rest_route=\/wp\/v2\/posts"}],"about":[{"href":"https:\/\/rafalk-elblag.pl\/index.php?rest_route=\/wp\/v2\/types\/post"}],"author":[{"embeddable":true,"href":"https:\/\/rafalk-elblag.pl\/index.php?rest_route=\/wp\/v2\/users\/1"}],"replies":[{"embeddable":true,"href":"https:\/\/rafalk-elblag.pl\/index.php?rest_route=%2Fwp%2Fv2%2Fcomments&post=5009"}],"version-history":[{"count":2,"href":"https:\/\/rafalk-elblag.pl\/index.php?rest_route=\/wp\/v2\/posts\/5009\/revisions"}],"predecessor-version":[{"id":5012,"href":"https:\/\/rafalk-elblag.pl\/index.php?rest_route=\/wp\/v2\/posts\/5009\/revisions\/5012"}],"wp:featuredmedia":[{"embeddable":true,"href":"https:\/\/rafalk-elblag.pl\/index.php?rest_route=\/wp\/v2\/media\/5010"}],"wp:attachment":[{"href":"https:\/\/rafalk-elblag.pl\/index.php?rest_route=%2Fwp%2Fv2%2Fmedia&parent=5009"}],"wp:term":[{"taxonomy":"category","embeddable":true,"href":"https:\/\/rafalk-elblag.pl\/index.php?rest_route=%2Fwp%2Fv2%2Fcategories&post=5009"},{"taxonomy":"post_tag","embeddable":true,"href":"https:\/\/rafalk-elblag.pl\/index.php?rest_route=%2Fwp%2Fv2%2Ftags&post=5009"}],"curies":[{"name":"wp","href":"https:\/\/api.w.org\/{rel}","templated":true}]}}