{"id":5003,"date":"2023-07-23T17:20:00","date_gmt":"2023-07-23T17:20:00","guid":{"rendered":"http:\/\/rafalk-elblag.pl\/?p=5003"},"modified":"2023-08-07T11:50:57","modified_gmt":"2023-08-07T11:50:57","slug":"ogloszenia-23-07-2023-xvi-niedziela-zwykla","status":"publish","type":"post","link":"https:\/\/rafalk-elblag.pl\/?p=5003","title":{"rendered":"Og\u0142oszenia 23.07.2023, XVI Niedziela Zwyk\u0142a"},"content":{"rendered":"\n<figure class=\"wp-block-embed is-type-video is-provider-youtube wp-block-embed-youtube wp-embed-aspect-16-9 wp-has-aspect-ratio\"><div class=\"wp-block-embed__wrapper\">\n<iframe loading=\"lazy\" title=\"[KAZANIE NA 23 LIPCA 2023] Nasze chwasty: strach,perfekcjonizm, upokorzenie - ks. Piotr Pawlukiewicz\" width=\"900\" height=\"506\" src=\"https:\/\/www.youtube.com\/embed\/A4a--SyaddA?feature=oembed\" frameborder=\"0\" allow=\"accelerometer; autoplay; clipboard-write; encrypted-media; gyroscope; picture-in-picture; web-share\" allowfullscreen><\/iframe>\n<\/div><\/figure>\n\n\n\n<h2 class=\"wp-block-heading\">Ewangelia (Mt 13, 24-30)<\/h2>\n\n\n\n<p><strong>S\u0142owa Ewangelii wed\u0142ug \u015awi\u0119tego Mateusza<\/strong><\/p>\n\n\n\n<p>Jezus opowiedzia\u0142 t\u0142umom t\u0119 przypowie\u015b\u0107:<\/p>\n\n\n\n<p>\u00abKr\u00f3lestwo niebieskie podobne jest do cz\u0142owieka, kt\u00f3ry posia\u0142 dobre nasienie na swojej roli. Lecz gdy ludzie spali, przyszed\u0142 jego nieprzyjaciel, nasia\u0142 chwastu mi\u0119dzy pszenic\u0119 i odszed\u0142.<\/p>\n\n\n\n<p>A gdy zbo\u017ce wyros\u0142o i wypu\u015bci\u0142o k\u0142osy, wtedy pojawi\u0142 si\u0119 i chwast. S\u0142udzy gospodarza przyszli i zapytali go: \u201ePanie, czy nie posia\u0142e\u015b dobrego nasienia na swej roli? Sk\u0105d wi\u0119c wzi\u0105\u0142 si\u0119 na niej chwast?\u201d Odpowiedzia\u0142 im: \u201eNieprzyjazny cz\u0142owiek to sprawi\u0142\u201d. Rzekli mu s\u0142udzy: \u201eChcesz wi\u0119c, \u017ceby\u015bmy poszli i zebrali go?\u201d<\/p>\n\n\n\n<p>A on im odrzek\u0142: \u201eNie, by\u015bcie zbieraj\u0105c chwast, nie wyrwali razem z nim i pszenicy. Pozw\u00f3lcie obojgu r\u00f3\u015b\u0107 a\u017c do \u017cniwa; a w czasie \u017cniwa powiem \u017ce\u0144com: Zbierzcie najpierw chwast i powi\u0105\u017ccie go w snopki na spalenie; pszenic\u0119 za\u015b zwie\u017acie do mego spichlerza\u201d\u00bb.<\/p>\n\n\n\n<p><\/p>\n\n\n\n<figure class=\"wp-block-image\"><a href=\"http:\/\/rafalk-elblag.pl\/wp-content\/uploads\/2021\/08\/ogloszenia-parafialne-baner-01a.jpg\"><img loading=\"lazy\" decoding=\"async\" width=\"720\" height=\"232\" src=\"http:\/\/rafalk-elblag.pl\/wp-content\/uploads\/2021\/08\/ogloszenia-parafialne-baner-01a.jpg\" alt=\"\" class=\"wp-image-4410\" srcset=\"https:\/\/rafalk-elblag.pl\/wp-content\/uploads\/2021\/08\/ogloszenia-parafialne-baner-01a.jpg 720w, https:\/\/rafalk-elblag.pl\/wp-content\/uploads\/2021\/08\/ogloszenia-parafialne-baner-01a-300x97.jpg 300w\" sizes=\"auto, (max-width: 720px) 100vw, 720px\" \/><\/a><\/figure>\n\n\n\n<h1 class=\"wp-block-heading\">Og\u0142oszenia parafialne 23.07.2023r<\/h1>\n\n\n\n<ol class=\"wp-block-list\"><li><strong>UWAGA KIEROWCY<\/strong> &#8211; we wtorek 25 lipca przypada liturgiczne wspomnienie \u015bw. Krzysztofa \u2013 patrona kierowc\u00f3w. <strong>Po Mszy \u015bw. o godz. 8:00 i 18:00 odb\u0119dzie si\u0119<\/strong> <strong>po\u015bwi\u0119cenie pojazd\u00f3w<\/strong> i wr\u0119czenie pami\u0105tkowego obrazka. <em>Ofiary zebrane przy tej okazji zostan\u0105 przekazane jak co roku na \u015brodki transportu dla misjonarzy<\/em><\/li><li>Pami\u0119tajmy, \u017ce 26 lipca to dzie\u0144 wdzi\u0119czno\u015bci rodzicom, dziadkom i emerytom. Pro\u015bmy, by \u015bwi\u0119ci Anna i Joachim patronowie tego dnia wypraszali dla nich potrzebne \u0142aski.<\/li><li>W pi\u0105tek 28 lipca wyrusza<strong> XXXI Piesza<\/strong> <strong>Pielgrzymka na Jasn\u0105 G\u00f3r\u0119<\/strong> pod has\u0142em: <strong>\u201eNIE L\u0118KAJCIE SI\u0118\u201d.<\/strong> Grupa Elbl\u0105g &#8211; P\u00f3\u0142noc wyrusza razem z grup\u0105 Katedraln\u0105. Pielgrzymka rozpocznie si\u0119 Msz\u0105 \u015bw. w Katedrze \u015bw. Miko\u0142aja o godz. 7:00 na kt\u00f3r\u0105 serdecznie zapraszamy. Jest to ostatnia szansa aby z\u0142o\u017cy\u0107 intencje do skrzynki w kt\u00f3rych b\u0119d\u0105 si\u0119 modli\u0107 pielgrzymi w czasie drogi. <em>Dzi\u0119kujemy za wszelkie ofiary i modlitw\u0119, aby to dzie\u0142o mog\u0142o by\u0107 szcz\u0119\u015bliwie zrealizowane.<\/em><\/li><li><em><strong>JUTRO (24 lipca) OSTATNIE SPOTKANIE PRZEDPIELGRZYMKOWE O GODZ. 19:00 W PARAFII \u015aW. WOJCIECHA W ELBL\u0104GU (ul. Wiejska4).<\/strong><\/em><\/li><\/ol>\n\n\n\n<p><em>WSZYSTKICH CH\u0118TNYCH ZAPRASZAMY<\/em><em><strong>.<\/strong><\/em><\/p>\n\n\n\n<ol class=\"wp-block-list\" start=\"5\"><li><strong>Trwaj\u0105c w jedno\u015bci modlitewnej z pielgrzymami zmierzaj\u0105cymi do Cz\u0119stochowy <\/strong>zach\u0119camy do udzia\u0142u (w czasie trwania pielgrzymki) w Mszach \u015bw. wieczornych.<\/li><li>W tygodniu przypada:<\/li><\/ol>\n\n\n\n<ul class=\"wp-block-list\"><li>poniedzia\u0142ek wspomnienie \u015bw. Kingi<\/li><li>wtorek \u015bwi\u0119to Jakuba, Aposto\u0142a i \u015bw. Krzysztofa \u2013 patrona kierowc\u00f3w<\/li><li>\u015broda wspomnienie \u015bw. Joachima i Anny<\/li><li>pi\u0105tek \u015bw. Szarbela Makhluf<\/li><li>sobota wspomnienie \u015bw. Marty, Marii i \u0141azarza<\/li><\/ul>\n\n\n\n<ol class=\"wp-block-list\" start=\"7\"><li><strong>Lipiec jest miesi\u0105cem po\u015bwi\u0119conym kontemplacji Naj\u015bwi\u0119tszej Krwi Chrystusa. <\/strong>Krew Chrystusa jest niezbitym dowodem mi\u0142o\u015bci Niebieskiego Ojca do ka\u017cdego cz\u0142owieka bez wyj\u0105tku. <em>Zach\u0119cam Wsp\u00f3lnot\u0119 Krwi Chrystusa do prowadzenia modlitw przed Msz\u0105 \u015bw. wieczorow\u0105 o godz. 17:30.<\/em><\/li><li><strong>Kancelaria parafialna, przez ca\u0142y okres wakacji, czynna jest w \u015brody i pi\u0105tki po Mszy \u015bw. wieczorowej do godziny 19:30. Zapraszamy.<\/strong><\/li><li><strong>Dzi\u0119kujemy za stosowny ubi\u00f3r w ko\u015bciele w okresie wakacji. <\/strong>Msza \u015bw. jest uroczyst\u0105 celebracj\u0105, kt\u00f3ra domaga si\u0119 swego pi\u0119kna, szacunku i najwy\u017cszej kultury.<\/li><li>M\u00f3dlmy si\u0119 za dzieci, m\u0142odzie\u017c i wszystkich wypoczywaj\u0105cych na wakacjach. Pro\u015bmy o Bo\u017ce b\u0142ogos\u0142awie\u0144stwo i bezpieczny wypoczynek.<\/li><li>Wszystkim Jubilatom i Solenizantom tego tygodnia \u017cyczymy wszelkiego dobra w \u017cyciu i b\u0142ogos\u0142awie\u0144stwa Bo\u017cego.<\/li><\/ol>\n\n\n\n<p><\/p>\n\n\n\n<figure class=\"wp-block-image\"><img decoding=\"async\" src=\"http:\/\/rafalk-elblag.pl\/wp-content\/uploads\/2020\/04\/baner-intencje-mszy.jpg\" alt=\"\"\/><\/figure>\n\n\n\n<h1 class=\"wp-block-heading\">Intencje mszalne 23.07.2023r<br><\/h1>\n\n\n\n<p><strong>PONIEDZIA\u0141EK \/ 24 lipca 2023 r.<br>\u015bw. Kingi<\/strong><br>Mt 12,38-42<br>8.00 \u015bp. Bogus\u0142awa [k] Regus (w 9 rocznic\u0119 \u015bmierci); Stanis\u0142awa [k] i Kazimierz Jarka<br>18.00 O Bo\u017ce b\u0142., potrzebne \u0142aski dla Joanny i Bartosza w kolejn\u0105 rocznic\u0119 \u015blubu<\/p>\n\n\n\n<p><strong>WTOREK \/ 25 lipca 2023 r.<br>\u015awi\u0119to \u015bw. Jakuba Aposto\u0142a<\/strong><br>Mt 20,20-28<br>8.00 Dzi\u0119kczynna z okazji 75 urodzin ks. Stanis\u0142awa Borowieckiego, z pro\u015bb\u0105 o Bo\u017ce b\u0142. i opiek\u0119 Matki Bo\u017cej na ka\u017cdy dzie\u0144 \u017cycia<br>18.00 \u015bp. Jerzy i zmarli z rodzice z obu stron<\/p>\n\n\n\n<p><strong>\u015aRODA \/ 26 lipca 2023 r.<br>\u015bw. Joachima i Anny<\/strong><br>Mt 13,1-9<br>8.00 Dzi\u0119kczynna w dniu imienin Anny z pro\u015bb\u0105 o Bo\u017ce b\u0142. i potrzebne \u0142aski<br>18.00 Dzi\u0119kczynna za 40 lat \u017cycia Grzegorza i z okazji imienin Krzysztofa, o \u0142ask\u0119 wiary, nadziei i mi\u0142o\u015bci<\/p>\n\n\n\n<p><strong>CZWARTEK \/ 27 lipca 2023 r.<br>Mt 13,10-17<\/strong><br>8.00 \u015bp. Zuzanna Albercka (1 rocznica \u015bmierci) i zmarli z rodziny<br>18.00 Dzi\u0119kczynna w 80 urodziny Natalii Gutowskiej z pro\u015bb\u0105 o Bo\u017ce b\u0142., potrzebne \u0142aski dla Jubilatki<\/p>\n\n\n\n<p><strong>PI\u0104TEK \/ 28 lipca 2023 r.<br>Mt 13,18-23<\/strong><br>8.00 O dary Ducha \u015awi\u0119tego, zdrowie duszy i cia\u0142a oraz wszelkie potrzebne \u0142aski dla Anny<br>18.00 \u015bp. J\u00f3zef [m] Tubilewicz (w 32 rocznic\u0119 \u015bmierci)<\/p>\n\n\n\n<p><strong>SOBOTA \/ 29 lipca 2023 r.<br>\u015bw. Marty, Marii i \u0141azarza<\/strong><br>J 11,19-27<br>8.00 \u015bp. Wies\u0142aw Olszewski (11 rocznica \u015bmierci) i zmarli rodzice z obu stron<br>18.00 \u015bp. Edmund i Anna Kwas<\/p>\n\n\n\n<p><strong>XVII Niedziala Zwyk\u0142a<br>30 lipca 2023 r.<\/strong><br>Mt 13,44-52<br>8.00 Za dusze pomordowanych Polak\u00f3w na Wo\u0142yniu i w Ma\u0142opolsce wschodniej<br>10.00 \u015bp. Stanis\u0142aw i Stanis\u0142awa D\u0105browscy<br>12.00 W intencji Parafian<br>18.00 \u015bp. Tomasz Dembler (2 rocznica \u015bmierci), Ryszard Dembler (6 rocznica \u015bmierci) i rodzice z obojga stron<\/p>\n","protected":false},"excerpt":{"rendered":"<p>Ewangelia (Mt 13, 24-30) S\u0142owa Ewangelii wed\u0142ug \u015awi\u0119tego Mateusza Jezus opowiedzia\u0142 t\u0142umom t\u0119 przypowie\u015b\u0107: \u00abKr\u00f3lestwo niebieskie podobne jest do cz\u0142owieka, kt\u00f3ry posia\u0142 dobre nasienie na swojej roli. Lecz gdy ludzie spali, przyszed\u0142 jego nieprzyjaciel, nasia\u0142 chwastu mi\u0119dzy pszenic\u0119 i odszed\u0142. A gdy zbo\u017ce wyros\u0142o i wypu\u015bci\u0142o k\u0142osy, wtedy pojawi\u0142 si\u0119 i chwast. S\u0142udzy gospodarza przyszli [&hellip;]<\/p>\n","protected":false},"author":1,"featured_media":5004,"comment_status":"closed","ping_status":"closed","sticky":false,"template":"","format":"standard","meta":{"ngg_post_thumbnail":0,"footnotes":""},"categories":[11,8,4,3],"tags":[],"class_list":["post-5003","post","type-post","status-publish","format-standard","has-post-thumbnail","hentry","category-aktualnosci","category-blog","category-intencje","category-ogloszenia"],"_links":{"self":[{"href":"https:\/\/rafalk-elblag.pl\/index.php?rest_route=\/wp\/v2\/posts\/5003","targetHints":{"allow":["GET"]}}],"collection":[{"href":"https:\/\/rafalk-elblag.pl\/index.php?rest_route=\/wp\/v2\/posts"}],"about":[{"href":"https:\/\/rafalk-elblag.pl\/index.php?rest_route=\/wp\/v2\/types\/post"}],"author":[{"embeddable":true,"href":"https:\/\/rafalk-elblag.pl\/index.php?rest_route=\/wp\/v2\/users\/1"}],"replies":[{"embeddable":true,"href":"https:\/\/rafalk-elblag.pl\/index.php?rest_route=%2Fwp%2Fv2%2Fcomments&post=5003"}],"version-history":[{"count":2,"href":"https:\/\/rafalk-elblag.pl\/index.php?rest_route=\/wp\/v2\/posts\/5003\/revisions"}],"predecessor-version":[{"id":5013,"href":"https:\/\/rafalk-elblag.pl\/index.php?rest_route=\/wp\/v2\/posts\/5003\/revisions\/5013"}],"wp:featuredmedia":[{"embeddable":true,"href":"https:\/\/rafalk-elblag.pl\/index.php?rest_route=\/wp\/v2\/media\/5004"}],"wp:attachment":[{"href":"https:\/\/rafalk-elblag.pl\/index.php?rest_route=%2Fwp%2Fv2%2Fmedia&parent=5003"}],"wp:term":[{"taxonomy":"category","embeddable":true,"href":"https:\/\/rafalk-elblag.pl\/index.php?rest_route=%2Fwp%2Fv2%2Fcategories&post=5003"},{"taxonomy":"post_tag","embeddable":true,"href":"https:\/\/rafalk-elblag.pl\/index.php?rest_route=%2Fwp%2Fv2%2Ftags&post=5003"}],"curies":[{"name":"wp","href":"https:\/\/api.w.org\/{rel}","templated":true}]}}