{"id":5000,"date":"2023-07-16T17:05:00","date_gmt":"2023-07-16T17:05:00","guid":{"rendered":"http:\/\/rafalk-elblag.pl\/?p=5000"},"modified":"2023-08-07T11:51:08","modified_gmt":"2023-08-07T11:51:08","slug":"ogloszenia-16-07-2023-xv-niedziela-zwykla","status":"publish","type":"post","link":"https:\/\/rafalk-elblag.pl\/?p=5000","title":{"rendered":"Og\u0142oszenia 16.07.2023, XV Niedziela Zwyk\u0142a"},"content":{"rendered":"\n<figure class=\"wp-block-embed is-type-video is-provider-youtube wp-block-embed-youtube wp-embed-aspect-16-9 wp-has-aspect-ratio\"><div class=\"wp-block-embed__wrapper\">\n<iframe loading=\"lazy\" title=\"24. &quot;Oka\u017c sobie cierpliwo\u015b\u0107&quot; - przypowie\u015b\u0107 o siewcy - o. Marcin Ciechanowski (Jasna G\u00f3ra)\" width=\"900\" height=\"506\" src=\"https:\/\/www.youtube.com\/embed\/LqKqaQOpGpQ?feature=oembed\" frameborder=\"0\" allow=\"accelerometer; autoplay; clipboard-write; encrypted-media; gyroscope; picture-in-picture; web-share\" allowfullscreen><\/iframe>\n<\/div><\/figure>\n\n\n\n<h2 class=\"wp-block-heading\">Ewangelia (Mt 13, 1-23)<\/h2>\n\n\n\n<h4 class=\"wp-block-heading\"><em>Przypowie\u015b\u0107 o siewcy<\/em><\/h4>\n\n\n\n<p><strong>S\u0142owa Ewangelii wed\u0142ug \u015awi\u0119tego Mateusza<\/strong><\/p>\n\n\n\n<p>Owego dnia Jezus wyszed\u0142 z domu i usiad\u0142 nad jeziorem. Wnet zebra\u0142y si\u0119 ko\u0142o Niego t\u0142umy tak wielkie, \u017ce wszed\u0142 do \u0142odzi i usiad\u0142, a ca\u0142y lud sta\u0142 na brzegu. I m\u00f3wi\u0142 im wiele w przypowie\u015bciach tymi s\u0142owami:<\/p>\n\n\n\n<p>\u00abOto siewca wyszed\u0142 sia\u0107. A gdy sia\u0142, jedne ziarna pad\u0142y na drog\u0119, nadlecia\u0142y ptaki i wydzioba\u0142y je. Inne pad\u0142y na grunt skalisty, gdzie niewiele mia\u0142y ziemi; i wnet powschodzi\u0142y, bo gleba nie by\u0142a g\u0142\u0119boka. Lecz gdy s\u0142o\u0144ce wzesz\u0142o, przypali\u0142y si\u0119 i usch\u0142y, bo nie mia\u0142y korzenia. Inne znowu pad\u0142y mi\u0119dzy ciernie, a ciernie wybuja\u0142y i zag\u0142uszy\u0142y je. Inne wreszcie pad\u0142y na ziemi\u0119 \u017cyzn\u0105 i plon wyda\u0142y, jedno stokrotny, drugie sze\u015b\u0107dziesi\u0119ciokrotny, a inne trzydziestokrotny.<\/p>\n\n\n\n<p>Kto ma uszy, niechaj s\u0142ucha!\u00bb<\/p>\n\n\n\n<p>Przyst\u0105pili do Niego uczniowie i zapytali: \u00abDlaczego m\u00f3wisz do nich w przypowie\u015bciach?\u00bb<\/p>\n\n\n\n<p>On im odpowiedzia\u0142: \u00abWam dano pozna\u0107 tajemnice kr\u00f3lestwa niebieskiego, im za\u015b nie dano. Bo kto ma, temu b\u0119dzie dodane, i w nadmiarze mie\u0107 b\u0119dzie; kto za\u015b nie ma, temu zabior\u0105 nawet to, co ma. Dlatego m\u00f3wi\u0119 do nich w przypowie\u015bciach, \u017ce patrz\u0105c, nie widz\u0105, i s\u0142uchaj\u0105c, nie s\u0142ysz\u0105 ani nie rozumiej\u0105. Tak spe\u0142nia si\u0119 na nich przepowiednia Izajasza:<\/p>\n\n\n\n<p>\u201eS\u0142ucha\u0107 b\u0119dziecie, a nie zrozumiecie, patrze\u0107 b\u0119dziecie, a nie zobaczycie. Bo stwardnia\u0142o serce tego ludu, ich uszy st\u0119pia\u0142y i oczy swe zamkn\u0119li, \u017ceby oczami nie widzieli ani uszami nie s\u0142yszeli, ani swym sercem nie rozumieli, i nie nawr\u00f3cili si\u0119, abym ich uzdrowi\u0142\u201d.<\/p>\n\n\n\n<p>Lecz szcz\u0119\u015bliwe oczy wasze, \u017ce widz\u0105, i uszy wasze, \u017ce s\u0142ysz\u0105. Bo zaprawd\u0119, powiadam wam: Wielu prorok\u00f3w i sprawiedliwych pragn\u0119\u0142o ujrze\u0107 to, na co wy patrzycie, a nie ujrzeli; i us\u0142ysze\u0107 to, co wy s\u0142yszycie, a nie us\u0142yszeli.<\/p>\n\n\n\n<p>Wy zatem pos\u0142uchajcie przypowie\u015bci o siewcy. Do ka\u017cdego, kto s\u0142ucha s\u0142owa o kr\u00f3lestwie, a nie rozumie go, przychodzi Z\u0142y i porywa to, co zasiane jest w jego sercu. Takiego cz\u0142owieka oznacza ziarno posiane na drodze.<\/p>\n\n\n\n<p>Posiane na grunt skalisty oznacza tego, kto s\u0142ucha s\u0142owa i natychmiast z rado\u015bci\u0105 je przyjmuje; ale nie ma w sobie korzenia i jest niesta\u0142y. Gdy przyjdzie ucisk lub prze\u015bladowanie z powodu s\u0142owa, zaraz si\u0119 za\u0142amuje.<\/p>\n\n\n\n<p>Posiane mi\u0119dzy ciernie oznacza tego, kto s\u0142ucha s\u0142owa, lecz troski doczesne i u\u0142uda bogactwa zag\u0142uszaj\u0105 s\u0142owo, tak \u017ce zostaje bezowocne.<\/p>\n\n\n\n<p>Posiane wreszcie na ziemi\u0119 \u017cyzn\u0105 oznacza tego, kto s\u0142ucha s\u0142owa i rozumie je. On te\u017c wydaje plon: jeden stokrotny, drugi sze\u015b\u0107dziesi\u0119ciokrotny, inny trzydziestokrotny\u00bb.<\/p>\n\n\n\n<p><\/p>\n\n\n\n<figure class=\"wp-block-image\"><a href=\"http:\/\/rafalk-elblag.pl\/wp-content\/uploads\/2021\/08\/ogloszenia-parafialne-baner-01a.jpg\"><img loading=\"lazy\" decoding=\"async\" width=\"720\" height=\"232\" src=\"http:\/\/rafalk-elblag.pl\/wp-content\/uploads\/2021\/08\/ogloszenia-parafialne-baner-01a.jpg\" alt=\"\" class=\"wp-image-4410\" srcset=\"https:\/\/rafalk-elblag.pl\/wp-content\/uploads\/2021\/08\/ogloszenia-parafialne-baner-01a.jpg 720w, https:\/\/rafalk-elblag.pl\/wp-content\/uploads\/2021\/08\/ogloszenia-parafialne-baner-01a-300x97.jpg 300w\" sizes=\"auto, (max-width: 720px) 100vw, 720px\" \/><\/a><\/figure>\n\n\n\n<h1 class=\"wp-block-heading\">Og\u0142oszenia parafialne 16.07.2023r<br><strong>ODPUST PARAFIALNY \u2013 MATKI BO\u017bEJ SZKAPLERZNEJ<\/strong><\/h1>\n\n\n\n<ol class=\"wp-block-list\"><li><strong>Prze\u017cywamy dzisiaj szczeg\u00f3lny dzie\u0144 po\u015bwi\u0119cony Matce Bo\u017cej Szkaplerznej \u2013 patronki naszego ko\u015bcio\u0142a. UROCZYSTA MSZA \u015aW. ODPUSTOWA zostanie odprawiona o godz. 18:00. Przewodniczy\u0142 jej b\u0119dzie ks. kan. Dariusz KU\u0141AKOWSKI, proboszcz parafii \u015bw. J\u00f3zefa w Pas\u0142\u0119ku. Zapraszamy od godz. 17:15 wszystkich pragn\u0105cych wsp\u00f3lnie \u015bwi\u0119towa\u0107 i za dar SZKAPLERZA \u015aWI\u0118TEGO DZI\u0118KOWA\u0106.<\/strong><\/li><li>W zwi\u0105zku z pielgrzymk\u0105 na Jasn\u0105 G\u00f3r\u0119 ju\u017c tradycyjnie przy wej\u015bciu do ko\u015bcio\u0142a wystawione jest pude\u0142ko na intencje modlitewne, kt\u00f3re zabior\u0105 w Waszym imieniu pielgrzymi w\u0119druj\u0105cy na Jasn\u0105 G\u00f3r\u0119.<\/li><li>W tygodniu przypada wsobot\u0119 \u015bwi\u0119to \u015bw. Marii Magdaleny. <em>Zapraszamy na Msze \u015bw. o godz. 8:00 lub o godz. 18:00.<\/em><\/li><li><strong>Lipiec jest miesi\u0105cem po\u015bwi\u0119conym kontemplacji Naj\u015bwi\u0119tszej Krwi Chrystusa. <\/strong>Krew Chrystusa jest niezbitym dowodem mi\u0142o\u015bci Niebieskiego Ojca do ka\u017cdego cz\u0142owieka bez wyj\u0105tku. <em>Zach\u0119cam Wsp\u00f3lnot\u0119 Krwi Chrystusa do prowadzenia modlitw przed Msz\u0105 \u015bw. wieczorow\u0105 o godz. 17:30.<\/em><\/li><li><strong>Kancelaria parafialna, przez ca\u0142y okres wakacji, czynna jest w \u015brody i pi\u0105tki<br>po Mszy \u015bw. wieczorowej do godziny 19:30. Zapraszamy.<\/strong><\/li><li><strong>Dzi\u0119kujemy za stosowny ubi\u00f3r w ko\u015bciele w okresie wakacji. <\/strong>Msza \u015bw. jest uroczyst\u0105 celebracj\u0105, kt\u00f3ra domaga si\u0119 swego pi\u0119kna, szacunku i najwy\u017cszej kultury.<\/li><li>M\u00f3dlmy si\u0119 za dzieci, m\u0142odzie\u017c i wszystkich wypoczywaj\u0105cych na wakacjach. Pro\u015bmy o Bo\u017ce b\u0142ogos\u0142awie\u0144stwo i bezpieczny wypoczynek.<\/li><li>Wszystkim Jubilatom i Solenizantom tego tygodnia \u017cyczymy wszelkiego dobra w \u017cyciu i b\u0142ogos\u0142awie\u0144stwa Bo\u017cego.<\/li><li>Pan powo\u0142a\u0142 do wieczno\u015bci: <br><strong>\u2020 \u015bp. Beat\u0119 TARASZKIEWICZ<\/strong> lat 50 z ul. Myliusa<\/li><\/ol>\n\n\n\n<p><\/p>\n\n\n\n<figure class=\"wp-block-image\"><img decoding=\"async\" src=\"http:\/\/rafalk-elblag.pl\/wp-content\/uploads\/2020\/04\/baner-intencje-mszy.jpg\" alt=\"\"\/><\/figure>\n\n\n\n<h1 class=\"wp-block-heading\">Intencje mszalne 16.07.2023r<br><\/h1>\n\n\n\n<p><strong>XV Niedziela Zwyk\u0142a<br>16 lipca 2023 r.<\/strong><br>8.00 + Anna NADOLSKA, J\u00f3zef, Marianna M\u0141YNARSCY, Zbigniew, S\u0142awomir, Danuta<br>10.00 + Teofil i Jadwiga<br>12.00 Za parafian<br>18.00 Za RODZIN\u0118 SZKAPLERZN\u0104 i tych kt\u00f3rzy przyjm\u0105 Szkaplerz Karmelita\u0144ski i przyst\u0105pi\u0105 do Bractwa Szkaplerznego<br>18.00 Dzi\u0119kczynna za dar ks. Proboszcza jako Moderatora Rodziny Szkaplerznej z pro\u015bb\u0105 o dary Ducha \u015awi\u0119tego oraz o wszelkie potrzebne \u0142aski.<\/p>\n\n\n\n<p><strong>PONIEDZIA\u0141EK \/ 17 lipca 2023 r.<\/strong><br>8.00 O Bo\u017ce b\u0142ogos\u0142awie\u0144stwo, dary Ducha \u015awi\u0119tego i opiek\u0119 Matki Bo\u017cej dla Marianny SPODAREK i ca\u0142ej jej rodziny<br>18.00 + Helena OSYF<\/p>\n\n\n\n<p><strong>WTOREK \/ 18 lipca 2023 r.<\/strong><br>Wspomnienie \u015bw. Szymona z Lipnicy, kap\u0142ana<br>8.00 W intencji uzale\u017cnionych od gier komputerowych o ich uwolnienie<br>18.00 + Wiktoria(k), Teofil, Edward, Henryk<\/p>\n\n\n\n<p><strong>\u015aRODA \/ 19 lipca 2023 r.<\/strong><br>8.00 Za dusze z czy\u015b\u0107cu cierpi\u0105ce<br>18.00 + Tadeusz i zmar\u0142ych z rodziny KOWALSKICH I WALOCH\u00d3W<\/p>\n\n\n\n<p><strong>CZWARTEK \/ 20 lipca 2023 r.<\/strong><br>Wspomnienie b\u0142. Czes\u0142awa, kap\u0142ana<br>8.00 + Marek Jerzy PACHO w 30 dzie\u0144 po pogrzebie<br>18.00 Za dusze zmar\u0142ych rodzic\u00f3w i rodze\u0144stwo z rodziny JEZIERSKICH<\/p>\n\n\n\n<p><strong>PI\u0104TEK \/ 21 lipca 2023 r.<\/strong><br>8.00 + Zofia MAZUR w 30 dzie\u0144 po pogrzebie<br>18.00 + Maria STACHEWICZ<\/p>\n\n\n\n<p><strong>SOBOTA \/ 22 lipca 2023 r.<\/strong><br><strong>\u015awi\u0119to Marii Magdaleny<\/strong><br>8.00 + Marcin KUROSAD &#8211; intencja od rodziny Stawarz<br>18.00 + Krzysztof i Dariusz MORZY<\/p>\n\n\n\n<p><\/p>\n","protected":false},"excerpt":{"rendered":"<p>Ewangelia (Mt 13, 1-23) Przypowie\u015b\u0107 o siewcy S\u0142owa Ewangelii wed\u0142ug \u015awi\u0119tego Mateusza Owego dnia Jezus wyszed\u0142 z domu i usiad\u0142 nad jeziorem. Wnet zebra\u0142y si\u0119 ko\u0142o Niego t\u0142umy tak wielkie, \u017ce wszed\u0142 do \u0142odzi i usiad\u0142, a ca\u0142y lud sta\u0142 na brzegu. I m\u00f3wi\u0142 im wiele w przypowie\u015bciach tymi s\u0142owami: \u00abOto siewca wyszed\u0142 sia\u0107. A [&hellip;]<\/p>\n","protected":false},"author":1,"featured_media":5001,"comment_status":"closed","ping_status":"closed","sticky":false,"template":"","format":"standard","meta":{"ngg_post_thumbnail":0,"footnotes":""},"categories":[11,8,4,3],"tags":[],"class_list":["post-5000","post","type-post","status-publish","format-standard","has-post-thumbnail","hentry","category-aktualnosci","category-blog","category-intencje","category-ogloszenia"],"_links":{"self":[{"href":"https:\/\/rafalk-elblag.pl\/index.php?rest_route=\/wp\/v2\/posts\/5000","targetHints":{"allow":["GET"]}}],"collection":[{"href":"https:\/\/rafalk-elblag.pl\/index.php?rest_route=\/wp\/v2\/posts"}],"about":[{"href":"https:\/\/rafalk-elblag.pl\/index.php?rest_route=\/wp\/v2\/types\/post"}],"author":[{"embeddable":true,"href":"https:\/\/rafalk-elblag.pl\/index.php?rest_route=\/wp\/v2\/users\/1"}],"replies":[{"embeddable":true,"href":"https:\/\/rafalk-elblag.pl\/index.php?rest_route=%2Fwp%2Fv2%2Fcomments&post=5000"}],"version-history":[{"count":3,"href":"https:\/\/rafalk-elblag.pl\/index.php?rest_route=\/wp\/v2\/posts\/5000\/revisions"}],"predecessor-version":[{"id":5014,"href":"https:\/\/rafalk-elblag.pl\/index.php?rest_route=\/wp\/v2\/posts\/5000\/revisions\/5014"}],"wp:featuredmedia":[{"embeddable":true,"href":"https:\/\/rafalk-elblag.pl\/index.php?rest_route=\/wp\/v2\/media\/5001"}],"wp:attachment":[{"href":"https:\/\/rafalk-elblag.pl\/index.php?rest_route=%2Fwp%2Fv2%2Fmedia&parent=5000"}],"wp:term":[{"taxonomy":"category","embeddable":true,"href":"https:\/\/rafalk-elblag.pl\/index.php?rest_route=%2Fwp%2Fv2%2Fcategories&post=5000"},{"taxonomy":"post_tag","embeddable":true,"href":"https:\/\/rafalk-elblag.pl\/index.php?rest_route=%2Fwp%2Fv2%2Ftags&post=5000"}],"curies":[{"name":"wp","href":"https:\/\/api.w.org\/{rel}","templated":true}]}}