{"id":4995,"date":"2023-07-09T18:29:00","date_gmt":"2023-07-09T18:29:00","guid":{"rendered":"http:\/\/rafalk-elblag.pl\/?p=4995"},"modified":"2023-08-07T11:51:14","modified_gmt":"2023-08-07T11:51:14","slug":"ogloszenia-09-07-2023-xiv-niedziela-zwykla","status":"publish","type":"post","link":"https:\/\/rafalk-elblag.pl\/?p=4995","title":{"rendered":"Og\u0142oszenia 09.07.2023, XIV Niedziela Zwyk\u0142a"},"content":{"rendered":"\n<figure class=\"wp-block-embed is-type-video is-provider-youtube wp-block-embed-youtube wp-embed-aspect-16-9 wp-has-aspect-ratio\"><div class=\"wp-block-embed__wrapper\">\n<iframe loading=\"lazy\" title=\"&quot;Przyjd\u017acie do Mnie...&quot; -  ks. S\u0142awomir Kostrzewa\" width=\"900\" height=\"506\" src=\"https:\/\/www.youtube.com\/embed\/c7W5jurdGQU?feature=oembed\" frameborder=\"0\" allow=\"accelerometer; autoplay; clipboard-write; encrypted-media; gyroscope; picture-in-picture; web-share\" allowfullscreen><\/iframe>\n<\/div><\/figure>\n\n\n\n<h2 class=\"wp-block-heading\">Ewangelia (Mt 11, 25-30)<\/h2>\n\n\n\n<h4 class=\"wp-block-heading\"><em>Jezus cichy i pokornego serca<\/em><\/h4>\n\n\n\n<p><strong>S\u0142owa Ewangelii wed\u0142ug \u015awi\u0119tego Mateusza<\/strong><\/p>\n\n\n\n<p>W owym czasie Jezus przem\u00f3wi\u0142 tymi s\u0142owami: \u00abWys\u0142awiam Ci\u0119, Ojcze, Panie nieba i ziemi, \u017ce zakry\u0142e\u015b te rzeczy przed m\u0105drymi i roztropnymi, a objawi\u0142e\u015b je prostaczkom. Tak, Ojcze, gdy\u017c takie by\u0142o Twoje upodobanie.<\/p>\n\n\n\n<p>Wszystko przekaza\u0142 Mi Ojciec m\u00f3j. Nikt te\u017c nie zna Syna, tylko Ojciec, ani Ojca nikt nie zna, tylko Syn i ten, komu Syn zechce objawi\u0107.<\/p>\n\n\n\n<p>Przyjd\u017acie do Mnie wszyscy, kt\u00f3rzy utrudzeni i obci\u0105\u017ceni jeste\u015bcie, a Ja was pokrzepi\u0119. We\u017acie na siebie moje jarzmo i uczcie si\u0119 ode Mnie, bo jestem cichy i pokornego serca, a znajdziecie ukojenie dla dusz waszych. Albowiem s\u0142odkie jest moje jarzmo, a moje brzemi\u0119 lekkie\u00bb.<\/p>\n\n\n\n<p><\/p>\n\n\n\n<figure class=\"wp-block-image\"><a href=\"http:\/\/rafalk-elblag.pl\/wp-content\/uploads\/2021\/08\/ogloszenia-parafialne-baner-01a.jpg\"><img loading=\"lazy\" decoding=\"async\" width=\"720\" height=\"232\" src=\"http:\/\/rafalk-elblag.pl\/wp-content\/uploads\/2021\/08\/ogloszenia-parafialne-baner-01a.jpg\" alt=\"\" class=\"wp-image-4410\" srcset=\"https:\/\/rafalk-elblag.pl\/wp-content\/uploads\/2021\/08\/ogloszenia-parafialne-baner-01a.jpg 720w, https:\/\/rafalk-elblag.pl\/wp-content\/uploads\/2021\/08\/ogloszenia-parafialne-baner-01a-300x97.jpg 300w\" sizes=\"auto, (max-width: 720px) 100vw, 720px\" \/><\/a><\/figure>\n\n\n\n<h1 class=\"wp-block-heading\">Og\u0142oszenia parafialne 09.07.2023r<\/h1>\n\n\n\n<ol class=\"wp-block-list\"><li>Dzisiaj przedstawiciele <strong>Rodziny Szkaplerznej<\/strong> przed ko\u015bcio\u0142em zbieraj\u0105 ofiary do puszek na wsparcie organizacji ODPUSTU PARAFIALNEGO KU CZCI MATKI BO\u017bEJ<strong> SZKAPLERZNEJ<\/strong>. Do wsp\u00f3lnego \u015bwi\u0119towania zapraszamy w niedziel\u0119 16 lipca br. od godz. 17:15. <em>Dzi\u0119kujemy tym wszystkim kt\u00f3rzy tworz\u0105 Rodzin\u0119 i Bractwo Szkaplerzne i wszystkim parafianom za wsparcie.<\/em><\/li><li>B\u0119d\u0119 wdzi\u0119czny osobom, kt\u00f3re chc\u0105 w\u0142\u0105czy\u0107 si\u0119 w przygotowania poprzez przyniesienie ciast na wsp\u00f3lny st\u00f3\u0142 odpustowy. Wypieki mo\u017cna przynosi\u0107 w dniu ODPUSTU PARAFIALNEGO tj. w niedziel\u011916 lipca, od godziny 16:00 do 17:00<em> do salki parafialnej &#8211; wej\u015bcie od szczytu plebanii.<\/em><\/li><li>Po Mszy \u015bwi\u0119tej wieczorowej odmawiana jest <strong>Nowenna przed \u015awi\u0119tem Matki Bo\u017cej Szkaplerznej (16 lipca). <\/strong><em>Zapraszamy wszystkich, a szczeg\u00f3lnie tych, kt\u00f3rzy przyj\u0119li szkaplerz karmelita\u0144ski i tworz\u0105 Rodzin\u0119 Karmelita\u0144sk\u0105 i Bractwo Szkaplerzne.<\/em><\/li><li><strong>UWAGA OSOBY NOSZACE SZKAPLERZ !!!<\/strong> W zakrystii mo\u017cna odebra\u0107 deklaracj\u0119 o przyst\u0105pieniu do Bractwa Szkaplerznego, kt\u00f3r\u0105 nale\u017cy wype\u0142ni\u0107 i przynie\u015b\u0107 do zakrystii.<\/li><li><strong>W NIEDZIEL\u0118 16 LIPCA PRZYPADA UROCZYSTO\u015a\u0106 NAJ\u015aWI\u0118TSZEJ MARYI PANNY Z G\u00d3RY KARMEL. UROCZYSTA MSZA \u015aW. ODPUSTOWA zostanie odprawiona o godz. 18:00. <\/strong>S\u0142owo Bo\u017cewyg\u0142osi ks. kan. Dariusz KU\u0141OKOWSKI \u2013 proboszcz parafii \u015bw. J\u00f3zefa w Pas\u0142\u0119ku. <em>W tym dniu mo\u017cemy przyj\u0105\u0107 SZKAPLERZ KARMELITANSKI.<\/em><br><strong>Program uroczysto\u015bci:<\/strong><br>godz. 17:15 \u2013 \u015aPIEWANE GODZINKI KU CZCI M.B. SZKAPLERZNEJ<br>godz. 17:45 \u2013 \u015bwiadectwo i przygotowanie do Eucharystii<br>godz. 18:00 &#8211; MSZA \u015aWI\u0118TA z<em><strong> mo\u017cliwo\u015bci\u0105 przyj\u0119cia SZKAPLERZA<\/strong><\/em><br>godz. 19:30 \u2013 AGAPA czyli pocz\u0119stunek dla wszystkich<br><strong>godz. 20:15 \u2013 MODLITWA UWIELBIENIA zako\u0144czona Apelem Jasnog\u00f3rskim<\/strong><br><em><u>Dok\u0142adny plan uroczysto\u015bci umieszczony na plakacie.<\/u><\/em><\/li><li><strong>Lipiec jest miesi\u0105cem po\u015bwi\u0119conym kontemplacji Naj\u015bwi\u0119tszej Krwi Chrystusa. <\/strong>Krew Chrystusa jest niezbitym dowodem mi\u0142o\u015bci Niebieskiego Ojca do ka\u017cdego cz\u0142owieka bez wyj\u0105tku. <em>Zach\u0119cam Wsp\u00f3lnot\u0119 Krwi Chrystusa do prowadzenia modlitw przed Msz\u0105 \u015bw. wieczorow\u0105 o godz. 17:30.<\/em><\/li><li><strong>Kancelaria parafialna, przez ca\u0142y okres wakacji, czynna b\u0119dzie w \u015brody i pi\u0105tki<br>po Mszy \u015bw. wieczorowej do godziny 19:30. Zapraszamy.<\/strong><\/li><li><strong>Dzi\u0119kujemy za stosowny ubi\u00f3r w ko\u015bciele w okresie wakacji. <\/strong>Msza \u015bw. jest uroczyst\u0105 celebracj\u0105, kt\u00f3ra domaga si\u0119 swego pi\u0119kna, szacunku i najwy\u017cszej kultury.<\/li><li>Zach\u0119cam do nabywania nowego numeru \u201eGo\u015bcia Niedzielnego\u201d <strong>z dodatkiem<\/strong> <strong>\u201eGo\u015b\u0107 Elbl\u0105ski\u201d<\/strong> a w nim wydarzenia z naszej diecezji. Cena 10 z\u0142.<\/li><li>Pan powo\u0142a\u0142 do wieczno\u015bci: <br><strong>\u2020 \u015bp. Mariusza PIOTROWSKIEGO<\/strong> lat 51 z Anglii<br><strong>\u2020 \u015bp. Marcina KUROSADA<\/strong> lat 67 z ul. Korczaka<\/li><\/ol>\n\n\n\n<p><\/p>\n\n\n\n<figure class=\"wp-block-image\"><img decoding=\"async\" src=\"http:\/\/rafalk-elblag.pl\/wp-content\/uploads\/2020\/04\/baner-intencje-mszy.jpg\" alt=\"\"\/><\/figure>\n\n\n\n<h1 class=\"wp-block-heading\">Intencje mszalne 09.07.2023r<br><\/h1>\n\n\n\n<p><strong>PONIEDZIA\u0141EK \/ 10 lipca 2023 r.<\/strong><br>8.00 Dzi\u0119kczynna w 78 urodziny Edwarda (m) z pro\u015bb\u0105 o zdrowie, Bo\u017ce b\u0142ogos\u0142awie\u0144stwo i potrzebne \u0142aski<br>18.00 Za zmar\u0142ych rodzic\u00f3w + Henryk Pruszko (100 rocznica urodzin) i + Krystyna Pruszko (90 rocznica urodzin)<\/p>\n\n\n\n<p><strong>WTOREK \/ 11 lipca 2023 r.<br>\u015awi\u0119to \u015bw. Benedykta, opata, patrona Europy<\/strong><br>8.00 + Zdzis\u0142aw Paj\u0105k (14 rocznica \u015bmierci)<br>18.00 Dzi\u0119kczynna w dniu urodzin Karoliny (k) za dar \u017cycia, z pro\u015bb\u0105 o Bo\u017ce b\u0142ogos\u0142awie\u0144stwo i \u017cyw\u0105 wiar\u0119<\/p>\n\n\n\n<p><strong>\u015aRODA \/ 12 lipca 2023 r.<br>Wspomnienie \u015bw. Brunona Bonifacego z Kwerfurtu, biskupa i m\u0119czennika<\/strong><br>8.00 + Nadzieja Cudejko (1 rocznica \u015bmierci) + Kazimierz Cudejko (35 rocznica \u015bmierci)<br>18.00 + Wiktoria \u017bendarska (9 rocznica \u015bmierci) oraz zmar\u0142ych z rodziny<\/p>\n\n\n\n<p><strong>CZWARTEK \/ 13 lipca 2023 r.<br>Wspomnienie \u015bw. Andrzeja \u015awierada i Benedykta, pustelnik\u00f3w<\/strong><br>8.00 Dzi\u0119kczynna w 70 urodziny i imieniny Gra\u017cyny \u015aled\u017a z pro\u015bb\u0105 o Bo\u017ce b\u0142ogos\u0142awie\u0144stwo oraz opiek\u0119 Matki Bo\u017cej Szkaplerznej na dalsze lata<br>18.00 + Katarzyna Wojenkowska (5 rocznica \u015bmierci)<br>18.00 Dzi\u0119kczynna w 25 rocznic\u0119 \u015blubu Jacka i Alicji Kowalskich z pro\u015bb\u0105 o Bo\u017ce b\u0142ogos\u0142awie\u0144stwo i potrzebne \u0142aski dla srebrnych Jubilat\u00f3w<\/p>\n\n\n\n<p><strong>PI\u0104TEK \/ 14 lipca 2023 r.<\/strong><br>8.00 + W\u0142odzimierz(m) Lauda\u0144ski (19 rocz. \u015bmierci) i zmar\u0142ych rodzic\u00f3w z obojga stron<br>18.00 + Jan \u0141ukaszewski (10 rocz. \u015bmierci) i zmarli z rodziny<\/p>\n\n\n\n<p><strong>SOBOTA \/ 15 lipca 2023 r.<\/strong><br>Wspomnienie \u015bw. Bonawentury, biskupa i doktora ko\u015bcio\u0142a<br>8.00 + Roman i za dusze w czy\u015b\u0107cu cierpi\u0105ce<br>18.00 + Henryk Czapiewski( 2 rocz. \u015bmierci) i zmarli z rodziny Czapiewskich i Falkowskich<\/p>\n\n\n\n<p><strong>XV Niedziela Zwyk\u0142a<br>9 lipca 2023 r.<\/strong><br>8.00 + Agnieszka Traczyk, Kazimierz, Zenon Traczyk<br>10.00 O \u017cywe dzia\u0142anie Ducha \u015awi\u0119tego w codzienno\u015bci dla Nikodema i jego rodziny, Agnieszki i ca\u0142ej rodziny zakonnej oraz Magdaleny i jej rodziny<br>12.00 W intencji Parafian<br>18.00 + Zdzis\u0142aw Urba\u0144ski i Halina Urba\u0144ska<\/p>\n","protected":false},"excerpt":{"rendered":"<p>Ewangelia (Mt 11, 25-30) Jezus cichy i pokornego serca S\u0142owa Ewangelii wed\u0142ug \u015awi\u0119tego Mateusza W owym czasie Jezus przem\u00f3wi\u0142 tymi s\u0142owami: \u00abWys\u0142awiam Ci\u0119, Ojcze, Panie nieba i ziemi, \u017ce zakry\u0142e\u015b te rzeczy przed m\u0105drymi i roztropnymi, a objawi\u0142e\u015b je prostaczkom. Tak, Ojcze, gdy\u017c takie by\u0142o Twoje upodobanie. Wszystko przekaza\u0142 Mi Ojciec m\u00f3j. Nikt te\u017c nie [&hellip;]<\/p>\n","protected":false},"author":1,"featured_media":4996,"comment_status":"closed","ping_status":"closed","sticky":false,"template":"","format":"standard","meta":{"ngg_post_thumbnail":0,"footnotes":""},"categories":[11,8,4,3],"tags":[],"class_list":["post-4995","post","type-post","status-publish","format-standard","has-post-thumbnail","hentry","category-aktualnosci","category-blog","category-intencje","category-ogloszenia"],"_links":{"self":[{"href":"https:\/\/rafalk-elblag.pl\/index.php?rest_route=\/wp\/v2\/posts\/4995","targetHints":{"allow":["GET"]}}],"collection":[{"href":"https:\/\/rafalk-elblag.pl\/index.php?rest_route=\/wp\/v2\/posts"}],"about":[{"href":"https:\/\/rafalk-elblag.pl\/index.php?rest_route=\/wp\/v2\/types\/post"}],"author":[{"embeddable":true,"href":"https:\/\/rafalk-elblag.pl\/index.php?rest_route=\/wp\/v2\/users\/1"}],"replies":[{"embeddable":true,"href":"https:\/\/rafalk-elblag.pl\/index.php?rest_route=%2Fwp%2Fv2%2Fcomments&post=4995"}],"version-history":[{"count":2,"href":"https:\/\/rafalk-elblag.pl\/index.php?rest_route=\/wp\/v2\/posts\/4995\/revisions"}],"predecessor-version":[{"id":5015,"href":"https:\/\/rafalk-elblag.pl\/index.php?rest_route=\/wp\/v2\/posts\/4995\/revisions\/5015"}],"wp:featuredmedia":[{"embeddable":true,"href":"https:\/\/rafalk-elblag.pl\/index.php?rest_route=\/wp\/v2\/media\/4996"}],"wp:attachment":[{"href":"https:\/\/rafalk-elblag.pl\/index.php?rest_route=%2Fwp%2Fv2%2Fmedia&parent=4995"}],"wp:term":[{"taxonomy":"category","embeddable":true,"href":"https:\/\/rafalk-elblag.pl\/index.php?rest_route=%2Fwp%2Fv2%2Fcategories&post=4995"},{"taxonomy":"post_tag","embeddable":true,"href":"https:\/\/rafalk-elblag.pl\/index.php?rest_route=%2Fwp%2Fv2%2Ftags&post=4995"}],"curies":[{"name":"wp","href":"https:\/\/api.w.org\/{rel}","templated":true}]}}