{"id":4991,"date":"2023-07-02T20:04:00","date_gmt":"2023-07-02T20:04:00","guid":{"rendered":"http:\/\/rafalk-elblag.pl\/?p=4991"},"modified":"2023-08-07T11:51:18","modified_gmt":"2023-08-07T11:51:18","slug":"ogloszenia-02-07-2023-xiii-niedziela-zwykla","status":"publish","type":"post","link":"https:\/\/rafalk-elblag.pl\/?p=4991","title":{"rendered":"Og\u0142oszenia 02.07.2023, XIII Niedziela Zwyk\u0142a"},"content":{"rendered":"\n<figure class=\"wp-block-embed is-type-video is-provider-youtube wp-block-embed-youtube wp-embed-aspect-16-9 wp-has-aspect-ratio\"><div class=\"wp-block-embed__wrapper\">\n<iframe loading=\"lazy\" title=\"[EWK #10] ZGIN\u0104\u0106 jest \u0141ATWO\" width=\"900\" height=\"506\" src=\"https:\/\/www.youtube.com\/embed\/yxQD94_DUKA?feature=oembed\" frameborder=\"0\" allow=\"accelerometer; autoplay; clipboard-write; encrypted-media; gyroscope; picture-in-picture; web-share\" allowfullscreen><\/iframe>\n<\/div><\/figure>\n\n\n\n<h2 class=\"wp-block-heading\">Ewangelia (Mt 10, 37-42)<\/h2>\n\n\n\n<h4 class=\"wp-block-heading\"><em>Kto was przyjmuje, Mnie przyjmuje<\/em><\/h4>\n\n\n\n<p><strong>S\u0142owa Ewangelii wed\u0142ug \u015awi\u0119tego Mateusza<\/strong><\/p>\n\n\n\n<p>Jezus powiedzia\u0142 do swoich aposto\u0142\u00f3w:<\/p>\n\n\n\n<p>\u00abKto kocha ojca lub matk\u0119 bardziej ni\u017c Mnie, nie jest Mnie godzien. I kto kocha syna lub c\u00f3rk\u0119 bardziej ni\u017c Mnie, nie jest Mnie godzien. Kto nie bierze swego krzy\u017ca, a idzie za Mn\u0105, nie jest Mnie godzien. Kto chce znale\u017a\u0107 swe \u017cycie, straci je, a kto straci swe \u017cycie z mego powodu, znajdzie je.<\/p>\n\n\n\n<p>Kto was przyjmuje, Mnie przyjmuje; a kto Mnie przyjmuje, przyjmuje Tego, kt\u00f3ry Mnie pos\u0142a\u0142.<\/p>\n\n\n\n<p>Kto przyjmuje proroka jako proroka, nagrod\u0119 proroka otrzyma. Kto przyjmuje sprawiedliwego jako sprawiedliwego, nagrod\u0119 sprawiedliwego otrzyma.<\/p>\n\n\n\n<p>Kto poda kubek \u015bwie\u017cej wody do picia jednemu z tych najmniejszych, dlatego \u017ce jest uczniem, zaprawd\u0119, powiadam wam, nie utraci swojej nagrody\u00bb.<\/p>\n\n\n\n<p><\/p>\n\n\n\n<figure class=\"wp-block-image\"><a href=\"http:\/\/rafalk-elblag.pl\/wp-content\/uploads\/2021\/08\/ogloszenia-parafialne-baner-01a.jpg\"><img loading=\"lazy\" decoding=\"async\" width=\"720\" height=\"232\" src=\"http:\/\/rafalk-elblag.pl\/wp-content\/uploads\/2021\/08\/ogloszenia-parafialne-baner-01a.jpg\" alt=\"\" class=\"wp-image-4410\" srcset=\"https:\/\/rafalk-elblag.pl\/wp-content\/uploads\/2021\/08\/ogloszenia-parafialne-baner-01a.jpg 720w, https:\/\/rafalk-elblag.pl\/wp-content\/uploads\/2021\/08\/ogloszenia-parafialne-baner-01a-300x97.jpg 300w\" sizes=\"auto, (max-width: 720px) 100vw, 720px\" \/><\/a><\/figure>\n\n\n\n<h1 class=\"wp-block-heading\">Og\u0142oszenia parafialne 02.07.2023r<\/h1>\n\n\n\n<ol class=\"wp-block-list\"><li>Zapraszamy dzi\u015b w I Niedziel\u0119 miesi\u0105ca na <strong>Adoracj\u0119 Naj\u015bwi\u0119tszego Sakramentu od godz. 15:00 do godz. 18:00. <\/strong><em>Rozpocznie si\u0119 Koronk\u0105 do Bo\u017cego Mi\u0142osierdzia.<\/em><\/li><li>Ofiary sk\u0142adane dzisiaj na tac\u0119 przeznaczone s\u0105 na inwestycje w naszej parafii.(zosta\u0142y wykonane prace: nowe schody na plebani\u0119, pomalowana zakrystia, pomieszczenie dla ministrant\u00f3w, korytarz i \u0142azienka). <em>B\u00f3g zap\u0142a\u0107 za zrozumienie<\/em><em> i z\u0142o\u017cone ofiary.<\/em><\/li><li><strong>Witamy w naszej wsp\u00f3lnocie parafialnej Neoprezbitera ks. mgr Mateusza KA\u0179MIERCZAKA. <\/strong><em>Otoczmy modlitw\u0105 nowego kap\u0142ana, by Jego pos\u0142uga przynios\u0142a b\u0142ogos\u0142awione owoce. <\/em>Za tydzie\u0144 tj. 9 lipca (niedziela) o godz. 12:00 ks. Mateusz b\u0119dzie celebrowa\u0142 Msz\u0119 \u015bw. i udzieli <strong>PRYMICYJNEGO B\u0141OGOS\u0141AWIE\u0143STWA.<\/strong><\/li><li>W tym tygodniu przypada pierwszy czwartek i pi\u0105tek miesi\u0105ca.<\/li><\/ol>\n\n\n\n<ul class=\"wp-block-list\"><li><strong>w pierwszy czwartek miesi\u0105ca (6.07.) <\/strong>po Mszy \u015bw. o godz. 18:00 zapraszamy na Godzin\u0119 \u015awi\u0119t\u0105 \u2013 modlitw\u0119 w intencji powo\u0142a\u0144 z naszej parafii oraz o \u015bwi\u0119to\u015b\u0107 dla kap\u0142an\u00f3w,<\/li><li><strong>w pierwszy pi\u0105tek miesi\u0105ca (7.07.) <\/strong>spowied\u017a i Adoracja Naj\u015bwi\u0119tszego Sakramentu od godz. 17:30. Zapraszamy wszystkich na Msz\u0119 \u015bw. Wotywn\u0105 ku czci Naj\u015bwi\u0119tszego Serca Pana Jezusa o godz. 18:00.<\/li><\/ul>\n\n\n\n<ol class=\"wp-block-list\" start=\"5\"><li>Od 7 lipca (pi\u0105tek) do 15 lipca (sobota) po Mszy \u015bwi\u0119tej wieczorowej odmawiana b\u0119dzie <strong>Nowenna przed \u015awi\u0119tem Matki Bo\u017cej Szkaplerznej (16 lipca). <\/strong><em>Zapraszamy wszystkich, a szczeg\u00f3lnie tych, kt\u00f3rzy przyj\u0119li Szkaplerz Karmelita\u0144ski i tworz\u0105 Rodzin\u0119 Karmelita\u0144sk\u0105.<\/em><\/li><li>W przysz\u0142\u0105 niedziele tj. 9 lipca br. <strong>Rodzina Szkaplerzna<\/strong> przed ko\u015bcio\u0142em zbiera\u0107 b\u0119dzie ofiary do puszek na przygotowanie <strong>ODPUSTU KU CZCI MATKI BO\u017bEJ SZKAPLERZNEJ.<\/strong> Do wsp\u00f3lnego \u015bwi\u0119towania zapraszamy w niedziel\u0119 16 lipca br. od godz. 17:15. <em>Dzi\u0119kujemy tym wszystkim kt\u00f3rzy tworz\u0105 Rodzin\u0119 i Bractwo Szkaplerzne i wszystkim parafianom za wsparcie.<\/em><\/li><li>B\u0119d\u0119 wdzi\u0119czny osobom, kt\u00f3re chc\u0105 w\u0142\u0105czy\u0107 si\u0119 w przygotowania poprzez przyniesienie ciast na wsp\u00f3lny st\u00f3\u0142 odpustowy. Mo\u017cna wypieki przynosi\u0107 w dniu <strong>ODPUSTU PARAFIALNEGO <\/strong>tj. w niedziel\u0119 16 lipca &#8211; od godziny 16:00 do 17:00 do salki parafialnej \u2013 wej\u015bcie boczne.<\/li><li><strong>UWAGA OSOBY NOSZACE SZKAPLERZ !!!<\/strong> W zakrystii mo\u017cna odebra\u0107 deklaracj\u0119 o przyst\u0105pieniu do Bractwa Szkaplerznego, kt\u00f3r\u0105 nale\u017cy wype\u0142ni\u0107 i przynie\u015b\u0107 do zakrystii.<\/li><li><strong>Lipiec jest miesi\u0105cem po\u015bwi\u0119conym kontemplacji Naj\u015bwi\u0119tszej Krwi Chrystusa. <\/strong>Krew Chrystusa jest niezbitym dowodem mi\u0142o\u015bci Niebieskiego Ojca do ka\u017cdego cz\u0142owieka bez wyj\u0105tku. <em>Zach\u0119cam Wsp\u00f3lnot\u0119 Krwi Chrystusa do prowadzenia modlitw przed Msz\u0105 \u015bw. wieczorow\u0105 o godz. 17:30.<\/em><\/li><li><strong>Kancelaria parafialna, przez ca\u0142y okres wakacji, czynna b\u0119dzie w \u015brody i pi\u0105tki po Mszy \u015bw. wieczorowej.<\/strong><\/li><li><strong>Dzi\u0119kujemy za stosowny ubi\u00f3r w ko\u015bciele w okresie wakacji. <\/strong>Msza \u015bw. jest uroczyst\u0105 celebracj\u0105, kt\u00f3ra domaga si\u0119 swego pi\u0119kna, szacunku i najwy\u017cszej kultury.<\/li><li>IDZIEMY DO MULTIKINA \u2013 OGRODY na film <strong>\u201eHISTORIA JEDNEJ ZBRODNI\u201d<\/strong> w re\u017cyserii Mariusza Pilisa. Jest to dokument, kt\u00f3ry nie tylko przypomina zbrodni\u0119 z 24 marca 1944 roku w Markowej, ale pokazuje te\u017c niemieck\u0105 niepami\u0119\u0107 o tamtych tragicznych wydarzeniach. <em><u>Zapraszamy do wsp\u00f3lnego wyj\u015bcia 10 lipca(poniedzia\u0142ek) na godz. 19:30. Tradycyjnie trzeba mie\u0107 przygotowane 13 z\u0142 (cena biletu).<\/u><\/em> Beatyfikacja RODZINY ULM\u00d3W odb\u0119dzie si\u0119 w tym roku &#8211; 10 wrze\u015bnia 2023.<\/li><\/ol>\n\n\n\n<p><\/p>\n\n\n\n<figure class=\"wp-block-image\"><img decoding=\"async\" src=\"http:\/\/rafalk-elblag.pl\/wp-content\/uploads\/2020\/04\/baner-intencje-mszy.jpg\" alt=\"\"\/><\/figure>\n","protected":false},"excerpt":{"rendered":"<p>Ewangelia (Mt 10, 37-42) Kto was przyjmuje, Mnie przyjmuje S\u0142owa Ewangelii wed\u0142ug \u015awi\u0119tego Mateusza Jezus powiedzia\u0142 do swoich aposto\u0142\u00f3w: \u00abKto kocha ojca lub matk\u0119 bardziej ni\u017c Mnie, nie jest Mnie godzien. I kto kocha syna lub c\u00f3rk\u0119 bardziej ni\u017c Mnie, nie jest Mnie godzien. Kto nie bierze swego krzy\u017ca, a idzie za Mn\u0105, nie jest [&hellip;]<\/p>\n","protected":false},"author":1,"featured_media":4992,"comment_status":"closed","ping_status":"closed","sticky":false,"template":"","format":"standard","meta":{"ngg_post_thumbnail":0,"footnotes":""},"categories":[11,8,4,3],"tags":[],"class_list":["post-4991","post","type-post","status-publish","format-standard","has-post-thumbnail","hentry","category-aktualnosci","category-blog","category-intencje","category-ogloszenia"],"_links":{"self":[{"href":"https:\/\/rafalk-elblag.pl\/index.php?rest_route=\/wp\/v2\/posts\/4991","targetHints":{"allow":["GET"]}}],"collection":[{"href":"https:\/\/rafalk-elblag.pl\/index.php?rest_route=\/wp\/v2\/posts"}],"about":[{"href":"https:\/\/rafalk-elblag.pl\/index.php?rest_route=\/wp\/v2\/types\/post"}],"author":[{"embeddable":true,"href":"https:\/\/rafalk-elblag.pl\/index.php?rest_route=\/wp\/v2\/users\/1"}],"replies":[{"embeddable":true,"href":"https:\/\/rafalk-elblag.pl\/index.php?rest_route=%2Fwp%2Fv2%2Fcomments&post=4991"}],"version-history":[{"count":2,"href":"https:\/\/rafalk-elblag.pl\/index.php?rest_route=\/wp\/v2\/posts\/4991\/revisions"}],"predecessor-version":[{"id":5016,"href":"https:\/\/rafalk-elblag.pl\/index.php?rest_route=\/wp\/v2\/posts\/4991\/revisions\/5016"}],"wp:featuredmedia":[{"embeddable":true,"href":"https:\/\/rafalk-elblag.pl\/index.php?rest_route=\/wp\/v2\/media\/4992"}],"wp:attachment":[{"href":"https:\/\/rafalk-elblag.pl\/index.php?rest_route=%2Fwp%2Fv2%2Fmedia&parent=4991"}],"wp:term":[{"taxonomy":"category","embeddable":true,"href":"https:\/\/rafalk-elblag.pl\/index.php?rest_route=%2Fwp%2Fv2%2Fcategories&post=4991"},{"taxonomy":"post_tag","embeddable":true,"href":"https:\/\/rafalk-elblag.pl\/index.php?rest_route=%2Fwp%2Fv2%2Ftags&post=4991"}],"curies":[{"name":"wp","href":"https:\/\/api.w.org\/{rel}","templated":true}]}}