{"id":4987,"date":"2023-06-25T18:43:52","date_gmt":"2023-06-25T18:43:52","guid":{"rendered":"http:\/\/rafalk-elblag.pl\/?p=4987"},"modified":"2023-06-25T18:43:52","modified_gmt":"2023-06-25T18:43:52","slug":"ogloszenia-25-06-2023-xii-niedziela-zwykla","status":"publish","type":"post","link":"https:\/\/rafalk-elblag.pl\/?p=4987","title":{"rendered":"Og\u0142oszenia 25.06.2023, XII Niedziela Zwyk\u0142a"},"content":{"rendered":"\n<figure class=\"wp-block-embed is-type-video is-provider-youtube wp-block-embed-youtube wp-embed-aspect-16-9 wp-has-aspect-ratio\"><div class=\"wp-block-embed__wrapper\">\n<iframe loading=\"lazy\" title=\"23 minuty w piekle. Cz\u0119\u015b\u0107 1.\" width=\"900\" height=\"506\" src=\"https:\/\/www.youtube.com\/embed\/OMyhwD-Rcmk?feature=oembed\" frameborder=\"0\" allow=\"accelerometer; autoplay; clipboard-write; encrypted-media; gyroscope; picture-in-picture; web-share\" allowfullscreen><\/iframe>\n<\/div><\/figure>\n\n\n\n<h2 class=\"wp-block-heading\">Ewangelia (Mt 10, 26-33)<\/h2>\n\n\n\n<h4 class=\"wp-block-heading\"><em>Nie b\u00f3jcie si\u0119 tych, kt\u00f3rzy zabijaj\u0105 cia\u0142o<\/em><\/h4>\n\n\n\n<p><strong>S\u0142owa Ewangelii wed\u0142ug \u015awi\u0119tego Mateusza<\/strong><\/p>\n\n\n\n<p>Jezus powiedzia\u0142 do swoich aposto\u0142\u00f3w:<\/p>\n\n\n\n<p>\u00abNie b\u00f3jcie si\u0119 ludzi! Nie ma bowiem nic skrytego, co by nie mia\u0142o by\u0107 wyjawione, ani nic tajemnego, o czym by si\u0119 nie miano dowiedzie\u0107. Co m\u00f3wi\u0119 wam w ciemno\u015bci, powtarzajcie w \u015bwietle, a co s\u0142yszycie na ucho, rozg\u0142aszajcie na dachach.<\/p>\n\n\n\n<p>Nie b\u00f3jcie si\u0119 tych, kt\u00f3rzy zabijaj\u0105 cia\u0142o, lecz duszy zabi\u0107 nie mog\u0105. B\u00f3jcie si\u0119 raczej Tego, kt\u00f3ry dusz\u0119 i cia\u0142o mo\u017ce zatraci\u0107 w piekle. Czy\u017c nie sprzedaj\u0105 dw\u00f3ch wr\u00f3bli za asa? A przecie\u017c bez woli Ojca waszego \u017caden z nich nie spadnie na ziemi\u0119. U was za\u015b policzone s\u0105 nawet wszystkie w\u0142osy na g\u0142owie. Dlatego nie b\u00f3jcie si\u0119: jeste\u015bcie wa\u017cniejsi ni\u017c wiele wr\u00f3bli.<\/p>\n\n\n\n<p>Do ka\u017cdego wi\u0119c, kto si\u0119 przyzna do Mnie przed lud\u017ami, przyznam si\u0119 i Ja przed moim Ojcem, kt\u00f3ry jest w niebie. Lecz kto si\u0119 Mnie zaprze przed lud\u017ami, tego zapr\u0119 si\u0119 i Ja przed moim Ojcem, kt\u00f3ry jest w niebie\u00bb.<\/p>\n\n\n\n<p><\/p>\n\n\n\n<h2 class=\"wp-block-heading\"><strong><strong><strong><strong><strong><strong>Chrze\u015bcija\u0144ski odpoczynek<\/strong><\/strong><\/strong><\/strong><\/strong><\/strong><\/h2>\n\n\n\n<p>Cz\u0142owiek powinien na\u015bladowa\u0107 Boga zar\u00f3wno pracuj\u0105c, jak i odpoczywaj\u0105c \u2014 skoro B\u00f3g sam zechcia\u0142 przedstawi\u0107 mu swoje stw\u00f3rcze dzia\u0142anie pod postaci\u0105&nbsp;pracy&nbsp;i&nbsp;odpoczynku. Jak B\u00f3g odpocz\u0105\u0142 dnia si\u00f3dmego po ca\u0142ym swym trudzie, jaki podj\u0105\u0142 (Rdz 2, 2), tak r\u00f3wnie\u017c \u017cycie ludzkie sk\u0142ada si\u0119 z pracy i odpoczynku.<\/p>\n\n\n\n<p>Cz\u0142owiekowi przypada przed\u0142u\u017canie dzie\u0142a stw\u00f3rczego poprzez prac\u0119, ale bez zapominania o odpoczynku. Przes\u0142anie \u015bw. Josemar\u00edi Escriva bardzo ceni prac\u0119, ale r\u00f3wnocze\u015bnie wyznacza jej granic\u0119. Nie uwielbia jej, jak gdyby by\u0142a celem ostatecznym, ani tym bardziej nie przedstawia sukcesu zawodowego jako bo\u017cka, kt\u00f3remu cz\u0142owiek powinien po\u015bwi\u0119ci\u0107 \u017cycie. Odpoczynek nie jest opcjonaln\u0105 ewentualno\u015bci\u0105, jest obowi\u0105zkiem moralnego prawa i nakazem Ko\u015bcio\u0142a, ustanowionym jako konstytutywna cz\u0119\u015b\u0107 u\u015bwi\u0119cenia \u015bwi\u0105t.<\/p>\n\n\n\n<p>Gdyby kto\u015b sp\u0119dzi\u0142 \u017cycie zanurzony w trudach pracy, jakby wszystko zale\u017ca\u0142o od jego zada\u0144, m\u00f3g\u0142by zapomnie\u0107, \u017ce to B\u00f3g jest Stw\u00f3rc\u0105, od kt\u00f3rego wszystko zale\u017cy. <strong>Chrze\u015bcijanin musi robi\u0107 wszystko dla chwa\u0142y Boga, za\u015b owo \u201ewszystko\u201d obejmuje r\u00f3wnie\u017c odpoczynek, kt\u00f3ry jest cz\u0119\u015bci\u0105 drogi u\u015bwi\u0119cenia. Wszystko jest \u015brodkiem \u015bwi\u0119to\u015bci: praca i odpoczynek: we wszystkim powinni\u015bmy mi\u0142owa\u0107 i spe\u0142nia\u0107 Wol\u0119 Bo\u017c\u0105.<\/strong><\/p>\n\n\n\n<p>B\u00f3g jest Ojcem, kt\u00f3ry doskonale zna swoje dzieci. R\u00f3wnocze\u015bnie zaprasza nas do wsp\u00f3\u0142pracy w doskonaleniu stworzenia poprzez prac\u0119, ale nakazuje nam odpoczywa\u0107, \u017ceby nam przypomnie\u0107, \u017ce praca nie jest ostatecznym celem naszego \u017cycia i \u017ceby\u015bmy nie zapomnieli o naszych ograniczeniach i s\u0142abo\u015bci. <strong>Bo\u017ce wezwanie do pracy obejmuje obowi\u0105zek przerywania pracy, obowi\u0105zek odpoczynku.<\/strong> <strong>Cykl pracy i odpoczynku, wpisany w ludzkie \u017cycie, jest bowiem zgodny z wol\u0105 samego Boga.<\/strong><\/p>\n\n\n\n<p>Przecenianie w\u0142asnych si\u0142 mog\u0142oby spowodowa\u0107 szkody dla zdrowia fizycznego i psychicznego. Szkody, kt\u00f3rych B\u00f3g nie chce i kt\u00f3re by\u0142yby przeszkod\u0105, \u017ceby s\u0142u\u017cy\u0107 innym.<\/p>\n\n\n\n<p>\u015awi\u0119ty Josemar\u00eda zach\u0119ca\u0142 intensywnie do pracy, zwalczaj\u0105c lenistwo<br>i nieporz\u0105dek, ale dodawa\u0142: \u201ejak pracowa\u0142by osio\u0142, gdyby nie dano mu paszy, odpoczynku?\u201d.<\/p>\n\n\n\n<p>Odpoczynek nie polega na zwyk\u0142ym nic nie robieniu, w sensie gnu\u015bno\u015bci. Nie nale\u017cy rozumie\u0107 odpoczynku w znaczeniu negatywnym, ale jako pozytywn\u0105 dzia\u0142alno\u015b\u0107. Odpoczynek nie oznacza bezczynno\u015bci, ale szukanie wytchnienia w zaj\u0119ciach wymagaj\u0105cych mniejszego wysi\u0142ku.<\/p>\n\n\n\n<p>Racj\u0105 dla odpoczynku jest praca, nie za\u015b odwrotnie. Odpoczywa si\u0119, \u017ceby pracowa\u0107, a nie pracuje, \u017ceby odpoczywa\u0107 albo zdobywa\u0107 \u015brodki finansowe pozwalaj\u0105ce na oddawanie si\u0119 bezczynno\u015bci. Odpoczynek nale\u017cy rozumie\u0107 jako oderwanie si\u0119 od codziennych zaj\u0119\u0107, nigdy za\u015b jako dni pr\u00f3\u017cnowania. Odpoczynek oznacza zmian\u0119 zaj\u0119cia, aby powr\u00f3ci\u0107 potem \u2014 z nowym zapa\u0142em \u2014 do zwyk\u0142ych zada\u0144.<\/p>\n\n\n\n<p><strong>Odpoczynek ma by\u0107 czasem naszego u\u015bwi\u0119cenia.<\/strong> Jak chrze\u015bcijanin musi pracowa\u0107 w Chrystusie \u2014 \u017cy\u0107 \u017cyciem Chrystusa w pracy \u2014 powinien r\u00f3wnie\u017c odpoczywa\u0107 w Chrystusie. To wyra\u017cenie mo\u017ce odnosi\u0107 si\u0119 do odpoczynku wiecznego, ale stosuje si\u0119 r\u00f3wnie\u017c do odpoczynku na tej ziemi. Odpoczywa\u0107 w Chrystusie oznacza z jednej strony z\u0142o\u017cy\u0107 w Chrystusie wszystkie troski, to za\u015b jest mo\u017cliwe w ka\u017cdej chwili, nawet po\u015br\u00f3d pracy. Z drugiej strony okre\u015blenie to mo\u017cna odnosi\u0107 do czasu po\u015bwi\u0119conego szczeg\u00f3lnie odpoczynkowi, a w\u00f3wczas odpoczywa\u0107 w Chrystusie oznacza poszukiwanie w tych chwilach zjednoczenia z Chrystusem, do kt\u00f3rego zach\u0119ci\u0142 sam Pan, kiedy powiedzia\u0142 do Aposto\u0142\u00f3w, aby poszli sami osobno na miejsce pustynne i wypocz\u0119li nieco. Jezus chcia\u0142, \u017ceby Jego bliscy odpoczywali z Nim i nie odmawia\u0142 proponowanego Mu przez przyjaci\u00f3\u0142 odpoczynku. Zjednoczenie z Chrystusem nie powinno zna\u0107 przerw. Aby tak si\u0119 sta\u0142o cz\u0142owiek zawsze musi wybiera\u0107 to, co b\u0119dzie prowadzi\u0142o go do Jezusa i umacia\u0142o jego wiar\u0119.<\/p>\n\n\n\n<p>Czas urlopu mo\u017ce si\u0119 wi\u0119c sta\u0107 okazj\u0105 do pog\u0142\u0119bienia swojej wi\u0119zi<br>z Jezusem. Mo\u017cna to uczyni\u0107 poprzez po\u015bwi\u0119cenie wi\u0119cej czasu na modlitw\u0119, odwiedzenie jakiego\u015b sanktuarium albo podj\u0119cie lektury duchowej, dzi\u0119ki kt\u00f3rej zg\u0142\u0119bimy dogmaty wiary, na nowo zachwycimy si\u0119 \u017cyciem Pana Jezusa lub \u015bwiadectwem \u015bwi\u0119tych. Warto podj\u0119\u0107 jak\u0105\u015b rzecz, kt\u00f3ra przybli\u017cy nas do Boga, aby urlop by\u0142 czasem, po kt\u00f3rym wr\u00f3cimy do naszej codzienno\u015bci nie tylko pe\u0142ni si\u0142, ale tak\u017ce bardziej \u015bwi\u0119ci, uduchowieni, z wi\u0119ksz\u0105 mi\u0142o\u015bci\u0105 do Boga i bli\u017aniego.<\/p>\n\n\n\n<p><\/p>\n\n\n\n<figure class=\"wp-block-image\"><a href=\"http:\/\/rafalk-elblag.pl\/wp-content\/uploads\/2021\/08\/ogloszenia-parafialne-baner-01a.jpg\"><img loading=\"lazy\" decoding=\"async\" width=\"720\" height=\"232\" src=\"http:\/\/rafalk-elblag.pl\/wp-content\/uploads\/2021\/08\/ogloszenia-parafialne-baner-01a.jpg\" alt=\"\" class=\"wp-image-4410\" srcset=\"https:\/\/rafalk-elblag.pl\/wp-content\/uploads\/2021\/08\/ogloszenia-parafialne-baner-01a.jpg 720w, https:\/\/rafalk-elblag.pl\/wp-content\/uploads\/2021\/08\/ogloszenia-parafialne-baner-01a-300x97.jpg 300w\" sizes=\"auto, (max-width: 720px) 100vw, 720px\" \/><\/a><\/figure>\n\n\n\n<h1 class=\"wp-block-heading\">Og\u0142oszenia parafialne 25.06.2023r<\/h1>\n\n\n\n<ol class=\"wp-block-list\"><li><strong>Przed nami ostatnie Nabo\u017ce\u0144stwa ku czci Naj\u015bwi\u0119tszego Serca Pana Jezusa. Do udzia\u0142u w nich zapraszamy<\/strong> szczeg\u00f3lnie tych, kt\u00f3rym jeszcze w tym miesi\u0105cu nie uda\u0142o si\u0119 wybra\u0107 na Msz\u0119 \u015bw. o godz. 18:00, a po Mszy \u015bw. pozosta\u0107 na NABO\u017bE\u0143STWIE.<\/li><li><strong>W czwartek (29 czerwca) przypada UROCZYSTO\u015a\u0106 \u015aWI\u0118TYCH APOSTO\u0141\u00d3W PIOTRA I PAW\u0141A \u2013 dzie\u0144 imienin pana Piotra \u2013 organisty. <\/strong><em><u>\u017byczymy Drogiemu Solenizantowi, by Pan B\u00f3g Mu b\u0142ogos\u0142awi\u0142, a Maryja zawsze mia\u0142a Go w opiece.<\/u><\/em> <em>Taca z tego dnia przeznaczona jest na potrzeby Stolicy Apostolskiej tzw.<\/em><strong> \u015bwi\u0119topietrze.<\/strong><\/li><\/ol>\n\n\n\n<ol class=\"wp-block-list\" start=\"3\"><li>W tym tygodniu przypada pierwsza sobota miesi\u0105ca.<\/li><\/ol>\n\n\n\n<ul class=\"wp-block-list\"><li><strong>zapraszamy o <\/strong>godz. 17:00, na <strong>NABO\u017bE\u0143STWO WYNAGRADZAJ\u0104CE <\/strong>w ramach nabo\u017ce\u0144stwa pierwszych pi\u0119ciu sob\u00f3t, o kt\u00f3re prosi\u0142a Matka Bo\u017ca w FATIMIE. <em>Tego dnia zmiana tajemnic dla \u017bywego R\u00f3\u017ca\u0144ca.<\/em><\/li><\/ul>\n\n\n\n<ol class=\"wp-block-list\" start=\"4\"><li><strong>Decyzj\u0105 Biskupa Elbl\u0105skiego pos\u0142ug\u0119 w naszej parafii ko\u0144czy ks. mgr Marian Ja\u017cd\u017cewski, kt\u00f3ry od 1 lipca br. zosta\u0142 wikariuszem w parafii b\u0142. Doroty z M\u0105t\u00f3w w Elbl\u0105gu. Z dniem 1 lipca swoj\u0105 pos\u0142ug\u0119 kap\u0142a\u0144ska naszej parafii rozpoczyna ks. neoprezbiter mgr Mateusz Ka\u017amierczak.<\/strong> <em><u>Otoczmy modlitw\u0105 nowego kap\u0142ana, by jego pos\u0142uga przynios\u0142a b\u0142ogos\u0142awione owoce.<\/u><\/em><\/li><\/ol>\n\n\n\n<ol class=\"wp-block-list\" start=\"5\"><li>Wy\u017csze Seminarium Duchowne Diecezji Elbl\u0105skiej zaprasza m\u0142odzie\u017c m\u0119sk\u0105 szk\u00f3\u0142 \u015brednich i student\u00f3w na <strong>REKOLEKCJE POWO\u0141ANIOWE,<\/strong> kt\u00f3re odb\u0119d\u0105 si\u0119 w dniach od 24 do 27 czerwca 2023 roku. <em>Wi\u0119cej informacji na stronie internetowej: www.wsdelblag.pl. Zg\u0142oszenia na adres email: <\/em><a href=\"mailto:kolopowolaniowe@gmail.com\"><em>kolopowolaniowe@gmail.com<\/em><\/a><em>.<\/em><\/li><li><strong>UWAGA OSOBY NOSZACE SZKAPLERZ !!!<\/strong> W zakrystii mo\u017cna odebra\u0107 deklaracj\u0119 o przyst\u0105pieniu do Bractwa Szkaplerznego, kt\u00f3r\u0105 nale\u017cy wype\u0142ni\u0107 i przynie\u015b\u0107 do zakrystii.<\/li><li><strong>Lipiec jest miesi\u0105cem po\u015bwi\u0119conym kontemplacji Naj\u015bwi\u0119tszej Krwi Chrystusa. <\/strong>Krew Chrystusa jest niezbitym dowodem mi\u0142o\u015bci Niebieskiego Ojca do ka\u017cdego cz\u0142owieka bez wyj\u0105tku. <em>Zach\u0119cam Wsp\u00f3lnot\u0119 Krwi Chrystusa do prowadzenia modlitw przed Msz\u0105 \u015bw. wieczorow\u0105 o godz. 17:30.<\/em><\/li><li><em>Dzieciom i m\u0142odzie\u017cy \u017cyczymy udanych i bezpiecznych wakacji, polecaj\u0105c ich opiece Anio\u0142\u00f3w Str\u00f3\u017c\u00f3w. Szcz\u0119\u015b\u0107 Wam Bo\u017ce.<\/em><\/li><li><strong>Kancelaria parafialna, przez ca\u0142y okres wakacji, czynna b\u0119dzie w \u015brody i pi\u0105tki po Mszy \u015bw. wieczorowej.<\/strong><\/li><li><strong>Informujemy, <\/strong>\u017ce w miesi\u0105cach: czerwiec, lipiec i sierpie\u0144 Msza \u015bw. w niedziel\u0119 o godz.10:00 &#8211; b\u0119dzie nag\u0142o\u015bniana na zewn\u0105trz. <em>W ten spos\u00f3b chcemy szczeg\u00f3lnie zaprosi\u0107 na t\u0119 Msz\u0119 \u015bw. rodziny z ma\u0142ymi dzie\u0107mi.<\/em><\/li><\/ol>\n\n\n\n<ol class=\"wp-block-list\" start=\"11\"><li><strong>Dzi\u0119kujemy za stosowny ubi\u00f3r w ko\u015bciele w okresie wakacji. <\/strong>Msza \u015bw. jest uroczyst\u0105 celebracj\u0105, kt\u00f3ra domaga si\u0119 swego pi\u0119kna, szacunku i najwy\u017cszej kultury.<\/li><li>W czasie wakacji Parafialny Oddzia\u0142 Caritas mieszcz\u0105cy si\u0119 przy ul. Myliusa 1A b\u0119dzie nieczynny.<\/li><li>Zach\u0119cam do nabywania \u201eGo\u015bcia Niedzielnego\u201d <strong>z dodatkiem<\/strong> <strong>\u201eGo\u015b\u0107 Elbl\u0105ski\u201d<\/strong> a w nim wydarzenia z diecezji.<\/li><li><strong>Informujemy, \u017ce w czasie wakacji nie b\u0119dzie wydawany Biuletyn Parafialny.<\/strong><\/li><\/ol>\n\n\n\n<p><\/p>\n\n\n\n<figure class=\"wp-block-image\"><img decoding=\"async\" src=\"http:\/\/rafalk-elblag.pl\/wp-content\/uploads\/2020\/04\/baner-intencje-mszy.jpg\" alt=\"\"\/><\/figure>\n\n\n\n<h1 class=\"wp-block-heading\">Intencje mszalne 25.06.2023r<br><\/h1>\n\n\n\n<p><strong>PONIEDZIA\u0141EK \/ 26 czerwca 2023 r. \/ \u015bw. Zygmunta Gorazdowskiego<br>Mt 7,1-5<\/strong><br>8.00 \u015bp. Zofia Rynkowska-Hipsz (w 4 rocznic\u0119 \u015bmierci)<br>18.00 \u015bp. Ryszard Klach (22 greg.)<br>18.00 \u015bp. Stanis\u0142awa [k] w rocznic\u0119 \u015bmierci i zmarli z rodziny Adamowicz<\/p>\n\n\n\n<p><strong>WTOREK \/ 27 czerwca 2023 r.<br>Wspomnienie Naj\u015bwi\u0119tszej Maryi Panny Nieustaj\u0105cej Pomocy<br>Mt 7,6.12-17<\/strong><br>8.00 Za dusze w czy\u015b\u0107cu cierpi\u0105ce<br>8.00 Dzi\u0119kczynno-b\u0142agalna z okazji 21 urodzin Kacpra<br>18.00 \u015bp. Ryszard Klach (23 greg.)<br>18.00 \u015bp. Bronis\u0142awa [k] i Stanis\u0142aw Zaskalscy; Henryk, Syanis\u0142awa [k], Wilhelm Gli\u0144scy<\/p>\n\n\n\n<p><strong>\u015aRODA \/ 28 czerwca 2023 r. \/ \u015bw. Ireneusza<br>Mt 7,15-20<\/strong><br>8.00 \u015bp. Ryszard Klach (24 greg.)<br>18.00 \u015bp. Anna, Janina i Wac\u0142aw Klepaccy i zmarli z rodziny Gli\u0144skich<br>18.00 Dzi\u0119kczynna z pro\u015bb\u0105 o Bo\u017ce b\u0142., potrzebne \u0142aski, zdrowie, opiek\u0119 Matki Bo\u017cej dla Zdzis\u0142awa, z okazji 70 rocznicy urodzin<\/p>\n\n\n\n<p><strong>CZWARTEK \/ 29 czerwca 2023 r.<br>Uroczysto\u015b\u0107 \u015bw. Aposto\u0142\u00f3w Piotra i Paw\u0142a<br>Mt 16,13-19<\/strong><br>8.00 \u015bp. Piotr, Pawe\u0142 i zmarli z rodziny Barcikowskich<br>8.00 \u015bp. Ryszard Klach (25 greg.)<br>18.00 \u015bp. Rodzice Jan, Cecylia; zmarli z rodziny Hochleitner, Jan Ostrowski<\/p>\n\n\n\n<p><strong>PI\u0104TEK \/ 30 czerwca 2023 r. \/ Pierwszych M\u0119czennik\u00f3w \u015bw. Ko\u015bcio\u0142a Rzymskiego<br>Mt 9,1-8<\/strong><br>8.00 \u015bp. Ryszard Klach (26 greg.)<br>18.00 Dzi\u0119kczynna z okazji 66 rocznicy urodzin, z pro\u015bb\u0105 o Bo\u017ce b\u0142., opiek\u0119 Matki Bo\u017cej dla Lecha Gr\u0105dzik<br>18.00 Dzi\u0119kczynna, w dniu urodzin Sebastiana, za dar \u017cycia, z pro\u015bb\u0105 o Bo\u017ce b\u0142. i \u017cyw\u0105 wiar\u0119 oraz za Natali\u0119 i ich syna Maksymiliana<\/p>\n\n\n\n<p><strong>SOBOTA \/ 1 lipca 2023 r. \/ \u015bw. Ottona<br>Mt 8,5-17<\/strong><br>8.00 Dzi\u0119kczynna z okazji urodzin ks. Grzegorza, z pro\u015bb\u0105 o Bo\u017ce b\u0142., potrzebne \u0142aski i opiek\u0119 Matki Bo\u017cej (intencja od Margaretki)<br>8.00 \u015bp. Ryszard Klach (27 greg.)<br>18.00 \u015bp. Halina Krawczyk (z okazji imienin)<br>18.00 rezerwacja<\/p>\n\n\n\n<p>XIII Niedziala Zwyk\u0142a<br>2 lipca 2023 r.<br>Mt 10,37-42<br>8.00 \u015bp. Wiktoria (w 6 rocznic\u0119 \u015bmierci) i Bronis\u0142aw Janiccy; Wiktoria, Jan, Halina Szcz\u0119snych; Marta, Antoni, Tomasz Janiccy; Hermenegilda Molda<br>10.00 \u015bp. Zygfryd Dobrzaniecki (w 8 rocznic\u0119 \u015bmierci)<br>10.00 \u015bp. Ryszard Klach (28 greg.)<br>12.00 W intencji Parafian<br>18.00 O do\u015bwiadczenie Bo\u017cej mi\u0142o\u015bci dla Karoliny i Sebastiana<\/p>\n","protected":false},"excerpt":{"rendered":"<p>Ewangelia (Mt 10, 26-33) Nie b\u00f3jcie si\u0119 tych, kt\u00f3rzy zabijaj\u0105 cia\u0142o S\u0142owa Ewangelii wed\u0142ug \u015awi\u0119tego Mateusza Jezus powiedzia\u0142 do swoich aposto\u0142\u00f3w: \u00abNie b\u00f3jcie si\u0119 ludzi! Nie ma bowiem nic skrytego, co by nie mia\u0142o by\u0107 wyjawione, ani nic tajemnego, o czym by si\u0119 nie miano dowiedzie\u0107. Co m\u00f3wi\u0119 wam w ciemno\u015bci, powtarzajcie w \u015bwietle, a [&hellip;]<\/p>\n","protected":false},"author":1,"featured_media":4988,"comment_status":"closed","ping_status":"closed","sticky":false,"template":"","format":"standard","meta":{"ngg_post_thumbnail":0,"footnotes":""},"categories":[11,8,4,3],"tags":[],"class_list":["post-4987","post","type-post","status-publish","format-standard","has-post-thumbnail","hentry","category-aktualnosci","category-blog","category-intencje","category-ogloszenia"],"_links":{"self":[{"href":"https:\/\/rafalk-elblag.pl\/index.php?rest_route=\/wp\/v2\/posts\/4987","targetHints":{"allow":["GET"]}}],"collection":[{"href":"https:\/\/rafalk-elblag.pl\/index.php?rest_route=\/wp\/v2\/posts"}],"about":[{"href":"https:\/\/rafalk-elblag.pl\/index.php?rest_route=\/wp\/v2\/types\/post"}],"author":[{"embeddable":true,"href":"https:\/\/rafalk-elblag.pl\/index.php?rest_route=\/wp\/v2\/users\/1"}],"replies":[{"embeddable":true,"href":"https:\/\/rafalk-elblag.pl\/index.php?rest_route=%2Fwp%2Fv2%2Fcomments&post=4987"}],"version-history":[{"count":1,"href":"https:\/\/rafalk-elblag.pl\/index.php?rest_route=\/wp\/v2\/posts\/4987\/revisions"}],"predecessor-version":[{"id":4989,"href":"https:\/\/rafalk-elblag.pl\/index.php?rest_route=\/wp\/v2\/posts\/4987\/revisions\/4989"}],"wp:featuredmedia":[{"embeddable":true,"href":"https:\/\/rafalk-elblag.pl\/index.php?rest_route=\/wp\/v2\/media\/4988"}],"wp:attachment":[{"href":"https:\/\/rafalk-elblag.pl\/index.php?rest_route=%2Fwp%2Fv2%2Fmedia&parent=4987"}],"wp:term":[{"taxonomy":"category","embeddable":true,"href":"https:\/\/rafalk-elblag.pl\/index.php?rest_route=%2Fwp%2Fv2%2Fcategories&post=4987"},{"taxonomy":"post_tag","embeddable":true,"href":"https:\/\/rafalk-elblag.pl\/index.php?rest_route=%2Fwp%2Fv2%2Ftags&post=4987"}],"curies":[{"name":"wp","href":"https:\/\/api.w.org\/{rel}","templated":true}]}}