{"id":4984,"date":"2023-06-18T16:51:00","date_gmt":"2023-06-18T16:51:00","guid":{"rendered":"http:\/\/rafalk-elblag.pl\/?p=4984"},"modified":"2023-06-19T16:52:41","modified_gmt":"2023-06-19T16:52:41","slug":"ogloszenia-18-06-2023-xi-niedziela-zwykla","status":"publish","type":"post","link":"https:\/\/rafalk-elblag.pl\/?p=4984","title":{"rendered":"Og\u0142oszenia 18.06.2023, XI Niedziela Zwyk\u0142a"},"content":{"rendered":"\n<figure class=\"wp-block-embed is-type-video is-provider-youtube wp-block-embed-youtube wp-embed-aspect-16-9 wp-has-aspect-ratio\"><div class=\"wp-block-embed__wrapper\">\n<iframe loading=\"lazy\" title=\"Id\u017a! Posy\u0142am Ci\u0119... | abp Grzegorz Ry\u015b\" width=\"900\" height=\"506\" src=\"https:\/\/www.youtube.com\/embed\/TcTbnH4LgcE?feature=oembed\" frameborder=\"0\" allow=\"accelerometer; autoplay; clipboard-write; encrypted-media; gyroscope; picture-in-picture; web-share\" allowfullscreen><\/iframe>\n<\/div><\/figure>\n\n\n\n<h2 class=\"wp-block-heading\">Ewangelia (Mt 9, 36 \u2013 10, 8)<\/h2>\n\n\n\n<h4 class=\"wp-block-heading\"><em>Rozes\u0142anie Dwunastu<\/em><\/h4>\n\n\n\n<p><strong>S\u0142owa Ewangelii wed\u0142ug \u015awi\u0119tego Mateusza<\/strong><\/p>\n\n\n\n<p>Jezus, widz\u0105c t\u0142umy, litowa\u0142 si\u0119 nad nimi, bo byli zn\u0119kani i porzuceni, jak owce niemaj\u0105ce pasterza. Wtedy rzek\u0142 do swych uczni\u00f3w: \u00ab\u017bniwo wprawdzie wielkie, ale robotnik\u00f3w ma\u0142o. Pro\u015bcie Pana \u017cniwa, \u017ceby wyprawi\u0142 robotnik\u00f3w na swoje \u017cniwo\u00bb.<\/p>\n\n\n\n<p>Wtedy przywo\u0142a\u0142 do siebie dwunastu swoich uczni\u00f3w i udzieli\u0142 im w\u0142adzy nad duchami nieczystymi, aby je wyp\u0119dzali i leczyli wszystkie choroby i wszelkie s\u0142abo\u015bci.<\/p>\n\n\n\n<p>A oto imiona dwunastu aposto\u0142\u00f3w: pierwszy \u2013 Szymon, zwany Piotrem, i brat jego Andrzej, potem Jakub, syn Zebedeusza, i brat jego Jan, Filip i Bart\u0142omiej, Tomasz i celnik Mateusz, Jakub, syn Alfeusza, i Tadeusz, Szymon Gorliwy i Judasz Iskariota, ten, kt\u00f3ry Go zdradzi\u0142.<\/p>\n\n\n\n<p>Tych to Dwunastu wys\u0142a\u0142 Jezus i da\u0142 im takie wskazania: \u00abNie id\u017acie do pogan i nie wst\u0119pujcie do \u017cadnego miasta samaryta\u0144skiego. Id\u017acie raczej do owiec, kt\u00f3re pogin\u0119\u0142y z domu Izraela. Id\u017acie i g\u0142o\u015bcie: Bliskie ju\u017c jest kr\u00f3lestwo niebieskie. Uzdrawiajcie chorych, wskrzeszajcie umar\u0142ych, oczyszczajcie tr\u0119dowatych, wyp\u0119dzajcie z\u0142e duchy. Darmo otrzymali\u015bcie, darmo dawajcie\u00bb.<\/p>\n\n\n\n<p><\/p>\n\n\n\n<h2 class=\"wp-block-heading\"><strong><strong><strong><strong><strong>Jak czci\u0107 Naj\u015bwi\u0119tsze Serce Jezusa?<\/strong><\/strong><\/strong><\/strong><\/strong><\/h2>\n\n\n\n<p>Chrystus objawiaj\u0105c \u015bw. \u015bw. Ma\u0142gorzacie Alacoque swoje przebite Serce chcia\u0142 przypomnie\u0107, \u017ce do ko\u0144ca nas umi\u0142owa\u0142. Jezus szuka mi\u0142o\u015bci, chce \u017ceby ludzie nie tylko byli mu pos\u0142uszni ale \u017ceby Go tak\u017ce kochali.<\/p>\n\n\n\n<p>We wsp\u00f3\u0142czesnym \u015bwiecie, w kt\u00f3rym coraz szybciej rozwija si\u0119 technika i informatyka, w kt\u00f3rym poch\u0142oni\u0119ci jeste\u015bmy r\u00f3\u017cnymi d\u0105\u017ceniami, mo\u017cna zagubi\u0107 centrum samego siebie. Mo\u017cna zagubi\u0107 swoje serce. Dlatego Jezus przychodzi i ukazuj\u0105c swoje serce pragnie odnale\u017a\u0107 nasze serca.<\/p>\n\n\n\n<p><strong>Najwa\u017cniejsze<\/strong> <strong>wezwania nabo\u017ce\u0144stwa do Serca Jezusowego, to wezwanie do ufno\u015bci, na\u015bladowania, wynagradzania i po\u015bwi\u0119cenia si\u0119 Temu Sercu.<\/strong><\/p>\n\n\n\n<p><strong>Ufno\u015b\u0107<\/strong><br>Jezus pragnie przede wszystkim aby\u015bmy Jego Sercu, Jego mi\u0142o\u015bci bezgranicznie ufali. Ufamy tym, kogo znamy, o kim wiemy, \u017ce nas bardzo kocha. Ca\u0142a Biblia opowiada o Mi\u0142o\u015bci Bo\u017cej: o stworzeniu, Wcieleniu, odkupieniu. Cz\u0142owiek tej mi\u0142o\u015bci Bo\u017cej cz\u0119sto nie rozumie, nie przyjmuje. <strong>B\u00f3g oczekuje, \u017ce pozwolimy si\u0119 kocha\u0107 jak dzieci i pokochamy Go jak dzieci. <\/strong>Ta mi\u0142o\u015b\u0107 Boga jest delikatna, czu\u0142a, wyra\u017ca si\u0119 w trosce o nas. Niestety cz\u0119sto jest tak, im bardziej B\u00f3g stara si\u0119 poci\u0105gn\u0105\u0107 ludzi ku sobie, tym bardziej oni tego nie rozumiej\u0105 i zwracaj\u0105 si\u0119 ku fa\u0142szywym bo\u017ckom, odchodz\u0105. <strong>Poci\u0105gn\u0105\u0142 nas do siebie wi\u0119zami ludzkimi, a s\u0105 to wi\u0119zi mi\u0142o\u015bci.<\/strong> Trzeba pyta\u0107 si\u0119: Jakimi wi\u0119zami ja jestem z Bogiem zwi\u0105zany? L\u0119ku? Obowi\u0105zku? Czy mi\u0142o\u015bci?<\/p>\n\n\n\n<p><strong>Aby nas przekona\u0107 o swojej mi\u0142o\u015bci Serce Jezusa zosta\u0142o otwarte w\u0142\u00f3czni\u0105 \u017co\u0142nierza.<\/strong> <strong>Z tego Serca nie wysz\u0142y gromy kary za ludzkie grzechy, ale wytrysn\u0119\u0142y strumienie mi\u0142osierdzia.<\/strong> Sercem mo\u017cna przyci\u0105gn\u0105\u0107 serce cz\u0142owieka \u2013 powiedzia\u0142 \u015bw. Augustyn. Jezus na krzy\u017cu poci\u0105ga nas swoim kochaj\u0105cym Sercem. Otwiera swoje ramiona i pragnie nas wszystkich przygarn\u0105\u0107 do swego Boskiego Serca.<\/p>\n\n\n\n<p><strong>Na\u015bladowanie<\/strong><br>Nabo\u017ce\u0144stwo do Serca Jezusowego zobowi\u0105zuje nas do na\u015bladowania cn\u00f3t tego\u017c Serca \u2013 a przede wszystkim mi\u0142o\u015bci, pokory i cicho\u015bci. <strong>Trzeba wst\u0105pi\u0107 do szko\u0142y Jezusa i uczy\u0107 si\u0119 od Niego. Czci\u0107 Serce Jezusa oznacza prac\u0119 nad swoim sercem.<\/strong> Tylko cz\u0142owiek \u0142agodny, cichy i pokorny sercem potrafi kocha\u0107 Boga i bli\u017aniego.<\/p>\n\n\n\n<p><strong>Aby posi\u0105\u015b\u0107 mi\u0142o\u015b\u0107 trzeba wznosi\u0107 swoje serce w modlitwie do Tego Serca, kt\u00f3re p\u0142onie mi\u0142o\u015bci\u0105.<\/strong> Serce przy Sercu. Dzi\u0119ki modlitwie nasze serce staje si\u0119 pokorne i ufne, nape\u0142nia si\u0119 mi\u0142o\u015bci\u0105. W\u00f3wczas rozpalimy si\u0119 Jego mi\u0142o\u015bci\u0105 i b\u0119dziemy potrafili t\u0119 mi\u0142o\u015b\u0107 okazywa\u0107 innym. W promieniach mi\u0142o\u015bci p\u0142yn\u0105cej z Serca Jezusa powinna topnie\u0107 ludzka surowo\u015b\u0107, oboj\u0119tno\u015b\u0107, a powinna pog\u0142\u0119bia\u0107 si\u0119 przyja\u017a\u0144 we wsp\u00f3lnocie Ko\u015bcio\u0142a i w spo\u0142ecze\u0144stwach.<\/p>\n\n\n\n<p><strong>Wynagradzanie<\/strong><br>Nabo\u017ce\u0144stwo do Sera Jezusowego nak\u0142ada r\u00f3wnie\u017c zobowi\u0105zania. Sk\u0142ania do akt\u00f3w pokutnych za grzechy innych. Kto mi\u0142uje Boskie Serce, ten b\u0119dzie stara\u0142 si\u0119 temu\u017c Sercu wynagradza\u0107 za grzechy. B\u0119dzie prosi\u0142 o mi\u0142osierdzie dla \u015bwiata.<br>W czerwcu 1675 roku objawi\u0142 si\u0119 Jezus Marii Ma\u0142gorzacie Alacoque i wskazuj\u0105c na swe Serce powiedzia\u0142: <strong>\u201c<\/strong><em><strong>Sp\u00f3jrz na to Serce, kt\u00f3re tak umi\u0142owa\u0142o ludzi, kt\u00f3re niczego sobie nie pozostawi\u0142o, wyczerpa\u0142o si\u0119 i wyniszczy\u0142o, aby im okaza\u0107 swoj\u0105 mi\u0142o\u015b\u0107. Zamiast uznania doznaj\u0119 wszak\u017ce tylko niewdzi\u0119czno\u015bci, nieposzanowania, \u015bwi\u0119tokradztwa, ch\u0142odu, pogardy, jakie mi okazuj\u0105 w tym sakramencie mi\u0142o\u015bci. Smuci mnie tak\u017ce to, \u017ce zachowuj\u0105 si\u0119 tak r\u00f3wnie\u017c osoby, kt\u00f3re si\u0119 dla mnie po\u015bwi\u0119ci\u0142y.\u201d<\/strong><\/em> <strong>Prosi\u0142 \u2013 <\/strong><em><strong>Ty przynajmniej Mnie kochaj.<\/strong><\/em> Prosi\u0142 o komunie wynagradzaj\u0105c\u0105 przez 9 pierwszych pi\u0105tk\u00f3w miesi\u0105ca.<\/p>\n\n\n\n<p><strong>Po\u015bwi\u0119cenie<\/strong><br>Jedn\u0105 z wa\u017cnych form nabo\u017ce\u0144stwa do Naj\u015bwi\u0119tszego Serca Pana Jezusa jest po\u015bwiecenie siebie, rodziny, ca\u0142ych narod\u00f3w. <strong>Po\u015bwi\u0119camy si\u0119 po to by Jezus zakr\u00f3lowa\u0142 w naszych sercach.<\/strong> Min\u0105\u0142 ju\u017c wiek od po\u015bwiecenia narodu polskiego Sercu Jezusa (1921 r.). By\u0142 to niezwykle wa\u017cny moment w naszej historii. Od tej chwili jako wolny nar\u00f3d zobowi\u0105zali\u015bmy si\u0119 \u017ce b\u0119dziemy s\u0142ucha\u0107 Chrystusa jako naszego Kr\u00f3la. Prosili\u015bmy Go o opiek\u0119, zobowi\u0105zuj\u0105c si\u0119 uroczy\u015bcie do przyja\u017ani. Jubileusz jest wezwaniem najpierw do narodowego rachunku sumienia, jak wype\u0142niali\u015bmy nasze zobowi\u0105zania. Jest te\u017c wezwaniem, by na nowo przybli\u017cy\u0107 si\u0119 do Bo\u017cego Serca. Tak czynili \u015awi\u0119ci \u2013 po\u015bwi\u0119cali si\u0119 Sercu Jezusa. Czerpali z Niego mi\u0142o\u015b\u0107 i nie\u015bli j\u0105 ludziom.<\/p>\n\n\n\n<p><\/p>\n\n\n\n<figure class=\"wp-block-image\"><a href=\"http:\/\/rafalk-elblag.pl\/wp-content\/uploads\/2021\/08\/ogloszenia-parafialne-baner-01a.jpg\"><img loading=\"lazy\" decoding=\"async\" width=\"720\" height=\"232\" src=\"http:\/\/rafalk-elblag.pl\/wp-content\/uploads\/2021\/08\/ogloszenia-parafialne-baner-01a.jpg\" alt=\"\" class=\"wp-image-4410\" srcset=\"https:\/\/rafalk-elblag.pl\/wp-content\/uploads\/2021\/08\/ogloszenia-parafialne-baner-01a.jpg 720w, https:\/\/rafalk-elblag.pl\/wp-content\/uploads\/2021\/08\/ogloszenia-parafialne-baner-01a-300x97.jpg 300w\" sizes=\"auto, (max-width: 720px) 100vw, 720px\" \/><\/a><\/figure>\n\n\n\n<h1 class=\"wp-block-heading\">Og\u0142oszenia parafialne 18.06.2023r<\/h1>\n\n\n\n<ol class=\"wp-block-list\"><li><strong>Przez ca\u0142y czerwiec po Mszy \u015bw. o godz. 18:00. Odprawiane jest Nabo\u017ce\u0144stwo ku czci Naj\u015bwi\u0119tszego Serca Pana Jezusa. Zapraszamy do wsp\u00f3lnego odmawiania Litanii przed Naj\u015bwi\u0119tszym Sakramentem.<\/strong><\/li><li>Wszystkich, kt\u00f3rzy w tym roku pragn\u0105 wybra\u0107 si\u0119 na XXXI Elbl\u0105sk\u0105 Pielgrzymk\u0119 Piesz\u0105 na Jasn\u0105 G\u00f3r\u0119 w dniach 28 lipca \u2013 11 sierpnia z grup\u0105 KATEDRA \u2013 P\u00d3\u0141NOC \u2013 ELBL\u0104G zapraszamy na spotkania 19 czerwca oraz 24 lipca br. o godz. 19:00 w salce na plebanii w parafii pw. \u015bw. Wojciecha na Zawadzie.<em><strong> Dzisiaj Przewodnik Grupy ks. Micha\u0142 Semeniuk g\u0142osi S\u0142owo Bo\u017ce oraz zach\u0119ca na pielgrzymkowy szlak. Przed ko\u015bcio\u0142em zbierane s\u0105 ofiary do puszek na organizacj\u0119 pieszej pielgrzymki do Cz\u0119stochowy. Za zrozumienie i z\u0142o\u017cone ofiary dzi\u0119kujemy.<\/strong><\/em><\/li><li>Ostatnie spotkanie przedwakacyjne <strong>KR\u0118GU BIBLIJNEGO<\/strong> odb\u0119dzie si\u0119 we wtorek (20 czerwca) \u2013 o godz. 19:00 na plebanii. Zapraszamy.<\/li><li><strong>W pi\u0105tek 23 czerwca b\u0119dziemy obchodzi\u0107 DZIE\u0143 OJCA<\/strong>. Pami\u0119tajmy w modlitwie o naszych ojcach: <em>pro\u015bmy dla \u017cywych o Bo\u017ce b\u0142ogos\u0142awie\u0144stwo i opiek\u0119 \u015bw. J\u00f3zefa a dla zmar\u0142ych o \u0142ask\u0119 nieba.<\/em><\/li><li><strong>Uroczyste zako\u0144czenie ROKU SZKOLNEGO 2022\/2023: <\/strong>dla Szko\u0142y Podstawowej nr 11 <strong>w czwartek 22 czerwca br. na Mszy \u015bw. o godz. 8:00<\/strong>. Zapraszamy dzieci, m\u0142odzie\u017c, nauczycieli i parafian do udzia\u0142u we wsp\u00f3lnej modlitwie, zako\u0144czonej b\u0142ogos\u0142awie\u0144stwem na wakacje. <em><strong>Zach\u0119camy dzieci i m\u0142odzie\u017c do skorzystania z sakramentu Spowiedzi \u015bwi\u0119tej w ci\u0105gu tygodnia i Komunii \u015bw., aby w ten spos\u00f3b podzi\u0119kowa\u0107 za wszystkie dobra otrzymane w roku szkolnym<\/strong><\/em><strong>.<\/strong><\/li><li><em>Dzieciom i m\u0142odzie\u017cy \u017cyczymy udanych i bezpiecznych wakacji, polecaj\u0105c ich opiece Anio\u0142\u00f3w Str\u00f3\u017c\u00f3w. Szcz\u0119\u015b\u0107 Wam Bo\u017ce.<\/em><\/li><li>Wy\u017csze Seminarium Duchowne Diecezji Elbl\u0105skiej zaprasza m\u0142odzie\u017c m\u0119sk\u0105 szk\u00f3\u0142 \u015brednich i student\u00f3w na <strong>REKOLEKCJE POWO\u0141ANIOWE,<\/strong> kt\u00f3re odb\u0119d\u0105 si\u0119 w dniach od 24 do 27 czerwca 2023 roku. <em>Wi\u0119cej informacji na stronie internetowej: www.wsdelblag.pl. Zg\u0142oszenia na adres email: <\/em><a href=\"mailto:kolopowolaniowe@gmail.com\"><em>kolopowolaniowe@gmail.com<\/em><\/a><em>.<\/em> <em>Koszt rekolekcji 100 z\u0142.<\/em><\/li><\/ol>\n\n\n\n<ol class=\"wp-block-list\" start=\"8\"><li><strong>Informujemy, <\/strong>\u017ce miesi\u0105cach: czerwiec, lipiec i sierpie\u0144 Msza \u015bw. w niedziel\u0119 o godz.10:00 &#8211; b\u0119dzie nag\u0142o\u015bniana na zewn\u0105trz. <em>W ten spos\u00f3b chcemy szczeg\u00f3lnie zaprosi\u0107 na t\u0119 Msz\u0119 \u015bw. rodziny z ma\u0142ymi dzie\u0107mi.<\/em><\/li><\/ol>\n\n\n\n<ol class=\"wp-block-list\" start=\"9\"><li><strong>Przez czerwiec, lipiec i sierpie\u0144 nie b\u0119dzie Mszy \u015bw. niedzielnej o godz. 15:00. <\/strong>Koronka do Bo\u017cego Mi\u0142osierdzia pozostaje bez zmian, czyli w ka\u017cd\u0105 Niedziel\u0119 o godz. 15:00. <em>Zapraszamy.<\/em><\/li><li>Zach\u0119cam do nabywania \u201eGo\u015bcia Niedzielnego\u201d <strong>z dodatkiem<\/strong> <strong>\u201eGo\u015b\u0107 Elbl\u0105ski\u201d<\/strong> &#8211; w nim wydarzenia z diecezji.<\/li><li>Pan powo\u0142a\u0142 do wieczno\u015bci: <br><strong>\u2020 \u015bp. Marka PACHO<\/strong> lat 66 z ul. Leszczy\u0144skiego<\/li><\/ol>\n\n\n\n<p><\/p>\n\n\n\n<figure class=\"wp-block-image\"><img decoding=\"async\" src=\"http:\/\/rafalk-elblag.pl\/wp-content\/uploads\/2020\/04\/baner-intencje-mszy.jpg\" alt=\"\"\/><\/figure>\n\n\n\n<h1 class=\"wp-block-heading\">Intencje mszalne 18.06.2023r<br><\/h1>\n\n\n\n<p><strong>PONIEDZIA\u0141EK \/ 19 czerwca 2023 r.<br>Mt 5,38-42<\/strong><br>8.00 \u015bp. Ryszard Klach (15 greg.)<br>18.00 \u015bp. Irena Bara\u0144ska (w 2 rocznic\u0119 \u015bmierci)<br>18.00 \u015bp. Franciszek Ba\u0142dyga (w 1 rocznic\u0119 \u015bmierci)<\/p>\n\n\n\n<p><strong>WTOREK \/ 20 czerwca 2023 r.<br>Mt 5,43-48<\/strong><br>8.00 \u015bp. Ryszard Klach (16 greg.)<br>18.00 Dzi\u0119kczynna w 14 rocznic\u0119 \u015blubu Magdaleny i Paw\u0142a \u0141uckich, z pro\u015bb\u0105 o Bo\u017ce b\u0142., opiek\u0119 Matki Bo\u017cej Szkaplerznej dla ca\u0142ej rodziny<br>18.00 \u015bp. W\u0142adys\u0142aw Waszak (11 rocznica \u015bmierci), Kazimiera [k] Waszak, Rozalia i Wac\u0142aw Niedzielscy oraz zmarli z rodziny<\/p>\n\n\n\n<p><strong>\u015aRODA \/ 21 czerwca 2023 r. \/ \u015bw. Alojzego Gonzagi<br>Mt 6,1-6.16-18<\/strong><br>8.00 \u015bp. Ryszard Klach (17 greg.)<br>18.00 \u015bp. Genowefa (w rocznic\u0119 \u015bmierci) i zmarli z rodziny Bi\u0144kowskich<br>18.00 \u015bp. Jerzy Ciesielski (intencja od s\u0105siad\u00f3w i przyjaci\u00f3\u0142)<\/p>\n\n\n\n<p><strong>CZWARTEK \/ 22 czerwca 2023 r.<br>Mt 6,7-15<\/strong><br>8.00 \u015bp. Ryszard Klach (18 greg.)<br>18.00 \u015bp. Karolina (w 3 rocznic\u0119 \u015bmierci) i zmarli z rodziny Karman<br>18.00 \u015bp. Genowefa, W\u0142adys\u0142aw, Mieczys\u0142aw i Romuald z rodziny Wojsznis<\/p>\n\n\n\n<p><strong>PI\u0104TEK \/ 23 czerwca 2023 r.<br>Mt 6,19-23<\/strong><br>8.00 \u015bp. Stanis\u0142awa [k] Filar (w 9 rocznic\u0119 \u015bmierci) i zmarli z rodziny Filar i Wi\u015bniewskich<br>18.00 rezerwacja<br>18.00 \u015bp. Ryszard Klach (19 greg.)<\/p>\n\n\n\n<p><strong>SOBOTA \/ 24 czerwca 2023 r.<br>Uroczysto\u015b\u0107 Narodzenia \u015bw. Jana Chrzciciela<br>\u0141k 1,57-66<\/strong><br>8.00 \u015bp. Ryszard Klach (20 greg.)<br>8.00 \u015bp. Jan Brz\u00f3ska (19 rocznica ziemskich urodzin)<br>18.00 \u015bp. Maria Bielska (9 rocznica \u015bmierci), Stanis\u0142aw Bielski (33 rocznica \u015bmierci) i zmarli z rodziny<br>18.00 \u015bp. Janina i Stanis\u0142aw Kuchta<\/p>\n\n\n\n<p><strong>XII Niedziala Zwyk\u0142a<br>25 czerwca 2023 r.<br>Mt 10,26-33<\/strong><br>8.00 \u015bp. Miros\u0142aw (w 2 rocznic\u0119 \u015bmierci)<br>8.00 \u015bp. Ryszard Klach (21 greg.)<br>10.00 Dzi\u0119kczynna w 58 urodziny ks. Arkadiusza Grabowskiego z pro\u015bb\u0105 o Bo\u017ce b\u0142., potrzebne \u0142aski i opiek\u0119 Matki Bo\u017cej na ka\u017cdy dzie\u0144<br>10.00 \u015bp. rodzice: Jan i Janina Pastuszka oraz bracia: Zbigniew i Tadeusz, oraz Stefania [k], J\u00f3zef, Helena, Jadwiga, Wojciech<br>12.00 W intencji Parafian<br>12.00 Z okazji 50 rocznicy \u015blubu Jadwigi i Lutos\u0142awa Duszniak, z pro\u015bb\u0105 o Bo\u017ce b\u0142. i potrzebne \u0142aski dla Z\u0142otych Jubilat\u00f3w<br>18.00 \u015bp. Marian Piwnikiewicz (w 1 rocznic\u0119 \u015bmierci)<\/p>\n","protected":false},"excerpt":{"rendered":"<p>Ewangelia (Mt 9, 36 \u2013 10, 8) Rozes\u0142anie Dwunastu S\u0142owa Ewangelii wed\u0142ug \u015awi\u0119tego Mateusza Jezus, widz\u0105c t\u0142umy, litowa\u0142 si\u0119 nad nimi, bo byli zn\u0119kani i porzuceni, jak owce niemaj\u0105ce pasterza. Wtedy rzek\u0142 do swych uczni\u00f3w: \u00ab\u017bniwo wprawdzie wielkie, ale robotnik\u00f3w ma\u0142o. Pro\u015bcie Pana \u017cniwa, \u017ceby wyprawi\u0142 robotnik\u00f3w na swoje \u017cniwo\u00bb. Wtedy przywo\u0142a\u0142 do siebie dwunastu [&hellip;]<\/p>\n","protected":false},"author":1,"featured_media":4985,"comment_status":"closed","ping_status":"closed","sticky":false,"template":"","format":"standard","meta":{"ngg_post_thumbnail":0,"footnotes":""},"categories":[11,8,4,3],"tags":[],"class_list":["post-4984","post","type-post","status-publish","format-standard","has-post-thumbnail","hentry","category-aktualnosci","category-blog","category-intencje","category-ogloszenia"],"_links":{"self":[{"href":"https:\/\/rafalk-elblag.pl\/index.php?rest_route=\/wp\/v2\/posts\/4984","targetHints":{"allow":["GET"]}}],"collection":[{"href":"https:\/\/rafalk-elblag.pl\/index.php?rest_route=\/wp\/v2\/posts"}],"about":[{"href":"https:\/\/rafalk-elblag.pl\/index.php?rest_route=\/wp\/v2\/types\/post"}],"author":[{"embeddable":true,"href":"https:\/\/rafalk-elblag.pl\/index.php?rest_route=\/wp\/v2\/users\/1"}],"replies":[{"embeddable":true,"href":"https:\/\/rafalk-elblag.pl\/index.php?rest_route=%2Fwp%2Fv2%2Fcomments&post=4984"}],"version-history":[{"count":1,"href":"https:\/\/rafalk-elblag.pl\/index.php?rest_route=\/wp\/v2\/posts\/4984\/revisions"}],"predecessor-version":[{"id":4986,"href":"https:\/\/rafalk-elblag.pl\/index.php?rest_route=\/wp\/v2\/posts\/4984\/revisions\/4986"}],"wp:featuredmedia":[{"embeddable":true,"href":"https:\/\/rafalk-elblag.pl\/index.php?rest_route=\/wp\/v2\/media\/4985"}],"wp:attachment":[{"href":"https:\/\/rafalk-elblag.pl\/index.php?rest_route=%2Fwp%2Fv2%2Fmedia&parent=4984"}],"wp:term":[{"taxonomy":"category","embeddable":true,"href":"https:\/\/rafalk-elblag.pl\/index.php?rest_route=%2Fwp%2Fv2%2Fcategories&post=4984"},{"taxonomy":"post_tag","embeddable":true,"href":"https:\/\/rafalk-elblag.pl\/index.php?rest_route=%2Fwp%2Fv2%2Ftags&post=4984"}],"curies":[{"name":"wp","href":"https:\/\/api.w.org\/{rel}","templated":true}]}}