{"id":4976,"date":"2023-06-11T18:24:07","date_gmt":"2023-06-11T18:24:07","guid":{"rendered":"http:\/\/rafalk-elblag.pl\/?p=4976"},"modified":"2023-06-11T18:27:31","modified_gmt":"2023-06-11T18:27:31","slug":"ogloszenia-11-06-2023-niedziela-trojcy-swietej","status":"publish","type":"post","link":"https:\/\/rafalk-elblag.pl\/?p=4976","title":{"rendered":"Og\u0142oszenia 11.06.2023, X Niedziela Zwyk\u0142a"},"content":{"rendered":"\n<figure class=\"wp-block-embed is-type-video is-provider-youtube wp-block-embed-youtube wp-embed-aspect-16-9 wp-has-aspect-ratio\"><div class=\"wp-block-embed__wrapper\">\n<iframe loading=\"lazy\" title=\"Powo\u0142anie Mateusza - The Chosen: sezon 1, odcinek 7 (fragment)\" width=\"900\" height=\"506\" src=\"https:\/\/www.youtube.com\/embed\/EPEtqzI408k?feature=oembed\" frameborder=\"0\" allow=\"accelerometer; autoplay; clipboard-write; encrypted-media; gyroscope; picture-in-picture; web-share\" allowfullscreen><\/iframe>\n<\/div><\/figure>\n\n\n\n<h2 class=\"wp-block-heading\">Ewangelia (Mt 9, 9-13)<\/h2>\n\n\n\n<h4 class=\"wp-block-heading\"><em>Powo\u0142anie Mateusza<\/em><\/h4>\n\n\n\n<p><strong>S\u0142owa Ewangelii wed\u0142ug \u015awi\u0119tego Mateusza<\/strong><\/p>\n\n\n\n<p>Jezus, wychodz\u0105c z Kafarnaum, ujrza\u0142 cz\u0142owieka imieniem Mateusz, siedz\u0105cego na komorze celnej, i rzek\u0142 do niego: \u00abP\u00f3jd\u017a za Mn\u0105!\u00bb A on wsta\u0142 i poszed\u0142 za Nim.<\/p>\n\n\n\n<p>Gdy Jezus siedzia\u0142 w domu za sto\u0142em, przysz\u0142o wielu celnik\u00f3w i grzesznik\u00f3w i zasiad\u0142o wraz z Jezusem i Jego uczniami. Widz\u0105c to, faryzeusze m\u00f3wili do Jego uczni\u00f3w: \u00abDlaczego wasz Nauczyciel jada wsp\u00f3lnie z celnikami i grzesznikami?\u00bb<\/p>\n\n\n\n<p>On, us\u0142yszawszy to, rzek\u0142: \u00abNie potrzebuj\u0105 lekarza zdrowi, lecz ci, kt\u00f3rzy si\u0119 \u017ale maj\u0105. Id\u017acie i starajcie si\u0119 zrozumie\u0107, co znaczy: \u201eChc\u0119 raczej mi\u0142osierdzia ni\u017c ofiary\u201d. Bo nie przyszed\u0142em, aby powo\u0142a\u0107 sprawiedliwych, ale grzesznik\u00f3w\u00bb.<\/p>\n\n\n\n<p><\/p>\n\n\n\n<h2 class=\"wp-block-heading\"><strong><strong><strong><strong>Naj\u015bwi\u0119tsze Serce Pana Jezusa<\/strong><\/strong><\/strong><\/strong><\/h2>\n\n\n\n<p>We wsp\u00f3\u0142czesnym \u015bwiecie, w kt\u00f3rym coraz szybciej rozwija si\u0119 technika i informatyka w kt\u00f3rym poch\u0142oni\u0119ci jeste\u015bmy r\u00f3\u017cnymi d\u0105\u017ceniami, mo\u017cna zagubi\u0107 centrum samego siebie. Mo\u017cna zagubi\u0107 swoje serce. Dlatego Jezus przychodzi i ukazuj\u0105c swoje serce pragnie odnale\u017a\u0107 nasze serca.<\/p>\n\n\n\n<p>Pocz\u0105tek kultu Serca Jezusowego stanowi\u0142a chwila przebicia w\u0142\u00f3czni\u0105 boku Jezusa na krzy\u017cu, a&nbsp;pierwszymi jego czcicielami by\u0142o grono przyjaci\u00f3\u0142 Jezusowych obecnych pod krzy\u017cem.<\/p>\n\n\n\n<p>Sztuka starochrze\u015bcija\u0144ska ukazywa\u0142a Chrystusa jako Dobrego Pasterza, kt\u00f3ry odda\u0142 \u017cycie za nas. Pobo\u017cno\u015b\u0107 \u015bredniowieczna rozwija\u0142a kult M\u0119ki Pa\u0144skiej. W&nbsp;ikonografii przedstawiano Chrystusa jako M\u0119\u017ca Bole\u015bci. \u017bywe by\u0142o nabo\u017ce\u0144stwo do Rany Jego Boku i&nbsp;Jego Serca przeszytego w\u0142\u00f3czni\u0105 \u017co\u0142nierza. Rozumiano, \u017ce jest to Serce naszego Zbawiciela, kt\u00f3re tak bardzo umi\u0142owa\u0142o wszystkich ludzi.<\/p>\n\n\n\n<p>W&nbsp;XVII wieku Chrystus wybra\u0142 francusk\u0105 zakonnic\u0119 \u2013 Ma\u0142gorzat\u0119 Mari\u0119 Alacoque (1647-1690), aby za jej po\u015brednictwem po raz pierwszy w&nbsp;historii Ko\u015bcio\u0142a ukaza\u0107 ca\u0142emu \u015bwiatu Swoje Serce.<\/p>\n\n\n\n<p>Podczas pierwszego objawienia (27 grudnia 1673 r.) Pan Jezus powiedzia\u0142: <em><strong>\u201cMoje Boskie Serce tak p\u0142onie mi\u0142o\u015bci\u0105 ku ludziom, \u017ce nie mo\u017ce d\u0142u\u017cej utrzyma\u0107 tych p\u0142omieni gorej\u0105cych, zamkni\u0119tych w&nbsp;moim \u0142onie. Ono pragnie rozla\u0107 je za twoim po\u015brednictwem i&nbsp;wzbogaci\u0107 ludzi swymi Bo\u017cymi skarbami. (\u2026) W&nbsp;Nim znajd\u0105 wszystko, cokolwiek b\u0119dzie im potrzebne dla uratowania swych dusz z&nbsp;przepa\u015bci zguby\u201d.<\/strong><\/em><\/p>\n\n\n\n<p>Podczas drugiego wielkiego objawienia \u015bw. Ma\u0142gorzata mia\u0142a symboliczn\u0105 wizj\u0119 Serca Bo\u017cego. \u201cZbawca pozwoli\u0142 mi poj\u0105\u0107 \u2013 zapisa\u0142a \u015bw. Ma\u0142gorzata \u2013 \u017ce jedynie gor\u0105ce pragnienie, by by\u0107 mi\u0142owanym przez ludzi i&nbsp;aby ich dusze ratowa\u0107 z&nbsp;dr\u00f3g zatracenia, na kt\u00f3re ca\u0142e ich rzesze poci\u0105ga szatan, sk\u0142ania Go do objawienia im Swego Serca wraz ze wszystkimi skarbami Jego Bo\u017cej mi\u0142o\u015bci, \u0142ask i&nbsp;mi\u0142osierdzia, u\u015bwi\u0119cenia i&nbsp;zbawienia, kt\u00f3re si\u0119 w&nbsp;Nim znajduj\u0105. (\u2026) To nabo\u017ce\u0144stwo jest ostatnim wysi\u0142kiem Jego mi\u0142o\u015bci i&nbsp;b\u0119dzie dla ludzi jedynym ratunkiem w&nbsp;tych ostatnich czasach.\u201d<\/p>\n\n\n\n<p>Podczas trzeciego objawienia Pan Jezus ukaza\u0142 \u015bw. Ma\u0142gorzacie jak wielka jest Jego mi\u0142o\u015b\u0107 do ludzi i jak bardzo jest ona przez ludzi wzgardzona, \u017c\u0105da\u0142 te\u017c wynagrodzenia<em><strong>: \u201e&#8230;je\u015bliby Mnie w zamian cho\u0107 troch\u0119 ukochano, to za nic bym sobie uwa\u017ca\u0142 wszystko, co wycierpia\u0142em dla ludzi i pragn\u0105\u0142bym, o ile by\u0142oby to mo\u017cliwe, uczyni\u0107 dla nich jeszcze wi\u0119cej&#8221;.<\/strong><\/em><\/p>\n\n\n\n<p>Pan Jezus domaga\u0142 si\u0119 wynagrodzenia najpierw od swojej umi\u0142owanej uczennicy: <em><strong>\u201cTy przynajmniej staraj si\u0119 Mi zado\u015b\u0107uczyni\u0107, o&nbsp;ile to b\u0119dzie w&nbsp;twej mocy, za ich niewdzi\u0119czno\u015b\u0107. (\u2026) Przede wszystkim przyst\u0119powa\u0107 b\u0119dziesz do komunii \u015bw. tak cz\u0119sto, jak tylko powoli ci pos\u0142usze\u0144stwo, zw\u0142aszcza za\u015b przyjmowa\u0107 Mnie b\u0119dziesz w&nbsp;ka\u017cdy pierwszy pi\u0105tek miesi\u0105ca\u201d.<\/strong><\/em><\/p>\n\n\n\n<p>Nast\u0119pnie \u017c\u0105da\u0142 Jezus, aby ka\u017cdej nocy z&nbsp;czwartku na pi\u0105tek uczestniczy\u0142a w&nbsp;Jego \u015bmiertelnym smutku, kt\u00f3ry prze\u017cy\u0142 w&nbsp;czasie swej m\u0119ki na G\u00f3rze Oliwnej. \u201c\u017beby\u015b za\u015b mog\u0142a mi towarzyszy\u0107 w&nbsp;tej pokornej modlitwie, jak\u0105 ja w\u00f3wczas zanosi\u0142em do Ojca, wstaniesz pomi\u0119dzy jedenast\u0105 a&nbsp;dwunast\u0105 godzin\u0105 w&nbsp;nocy, upadniesz na twarz i&nbsp;sp\u0119dzisz ze mn\u0105, jedn\u0105 godzin\u0119; b\u0119dziesz wzywa\u0142a Bo\u017cego mi\u0142osierdzia dla uproszenia przebaczenia grzesznikom\u201d<\/p>\n\n\n\n<p>16 czerwca 1675 roku kiedy Ma\u0142gorzata modli\u0142a si\u0119 przed Naj\u015bwi\u0119tszym Sakramentem, ukaza\u0142 jej si\u0119 Pan Jezus i powiedzia\u0142:<\/p>\n\n\n\n<p>\u201e<em><strong>Oto Serce, kt\u00f3re tak bardzo umi\u0142owa\u0142o ludzi, \u017ce nie szcz\u0119dzi\u0142o niczego a\u017c do zupe\u0142nego wyniszczenia si\u0119 dla okazania im mi\u0142o\u015bci, a w zamian za to doznaje od wi\u0119kszo\u015bci ludzi tylko gorzkiej niewdzi\u0119czno\u015bci, wzgardy, nieuszanowania, lekcewa\u017cenia, ozi\u0119b\u0142o\u015bci i \u015bwi\u0119tokradztw, jakie oddaj\u0105 mu w tym Sakramencie Mi\u0142o\u015bci. Lecz najbardziej boli Mnie to, \u017ce w podobny spos\u00f3b obchodz\u0105 si\u0119 ze Mn\u0105 serca s\u0142u\u017cbie mojej szczeg\u00f3lnie po\u015bwi\u0119cone.\u201d<\/strong><\/em><\/p>\n\n\n\n<p>Pan Jezus da\u0142 \u015bw. Ma\u0142gorzacie Alacoque dwana\u015bcie obietnic, dotycz\u0105cych czcicieli Jego Serca, a w\u015br\u00f3d nich: W&nbsp;nadmiarze mi\u0142osierdzia Serca mojego przyrzekam tym wszystkim, kt\u00f3rzy b\u0119d\u0105 komunikowa\u0107 w&nbsp;pierwsze pi\u0105tki miesi\u0105ca przez dziewi\u0119\u0107 miesi\u0119cy z&nbsp;rz\u0119du w&nbsp;intencji wynagrodzenia, \u017ce mi\u0142o\u015b\u0107 moja udzieli \u0142ask\u0119 pokuty, i\u017c nie umr\u0105 w&nbsp;mojej nie\u0142asce, ani bez Sakrament\u00f3w \u015bwi\u0119tych, a&nbsp;Serce moje b\u0119dzie im pewn\u0105 ucieczk\u0105 w&nbsp;ostatniej godzinie \u017cycia.<\/p>\n\n\n\n<p>Stolica Apostolska dopiero po \u015bcis\u0142ych i dok\u0142adnych badaniach zezwoli\u0142a na obchodzenie \u015bwi\u0119ta, jak i na cze\u015b\u0107 wizerunk\u00f3w Jezusowego Serca w formach dzisiaj powszechnie przyj\u0119tych. Pierwszym z papie\u017cy, kt\u00f3ry zatwierdzi\u0142 nabo\u017ce\u0144stwo do Serca Pana Jezusa a tak\u017ce \u015bwi\u0119to dla niekt\u00f3rych diecezji i zakon\u00f3w by\u0142 Klemens XIII. Uczyni\u0142 to w roku 1765 &#8211; a wi\u0119c prawie w sto lat po wspomnianych objawieniach. Decyduj\u0105cym jednak w tej sprawie sta\u0142 si\u0119 memoria\u0142 biskup\u00f3w polskich wys\u0142any do tego\u017c papie\u017ca w 1765 roku. Memoria\u0142 podaje najpierw historyczny przegl\u0105d kultu, z kolei uzasadnia bardzo g\u0142\u0119boko godziwo\u015b\u0107 i po\u017cytki p\u0142yn\u0105ce z tego nabo\u017ce\u0144stwa. Papie\u017c Pius IX w roku 1856 rozszerzy\u0142 \u015bwi\u0119to Serca Pana Jezusa na ca\u0142y Ko\u015bci\u00f3\u0142. Leon XIII 31 grudnia 1899 roku odda\u0142 Sercu Jezusowemu w opiek\u0119 ca\u0142y Ko\u015bci\u00f3\u0142<br>i rodzaj ludzki.<\/p>\n\n\n\n<p><\/p>\n\n\n\n<figure class=\"wp-block-image\"><a href=\"http:\/\/rafalk-elblag.pl\/wp-content\/uploads\/2021\/08\/ogloszenia-parafialne-baner-01a.jpg\"><img loading=\"lazy\" decoding=\"async\" width=\"720\" height=\"232\" src=\"http:\/\/rafalk-elblag.pl\/wp-content\/uploads\/2021\/08\/ogloszenia-parafialne-baner-01a.jpg\" alt=\"\" class=\"wp-image-4410\" srcset=\"https:\/\/rafalk-elblag.pl\/wp-content\/uploads\/2021\/08\/ogloszenia-parafialne-baner-01a.jpg 720w, https:\/\/rafalk-elblag.pl\/wp-content\/uploads\/2021\/08\/ogloszenia-parafialne-baner-01a-300x97.jpg 300w\" sizes=\"auto, (max-width: 720px) 100vw, 720px\" \/><\/a><\/figure>\n\n\n\n<h1 class=\"wp-block-heading\">Og\u0142oszenia parafialne 11.06.2023r<\/h1>\n\n\n\n<ol class=\"wp-block-list\"><li><strong>Przez ca\u0142y czerwiec po Mszy \u015bw. o godz. 18:00. odprawiane jest Nabo\u017ce\u0144stwo ku czci Naj\u015bwi\u0119tszego Serca Pana Jezusa. Zapraszamy do wsp\u00f3lnego odmawiania Litanii przed Naj\u015bwi\u0119tszym Sakramentem.<\/strong><\/li><li>W <strong>Oktawie Bo\u017cego Cia\u0142a<\/strong> zapraszamy wiernych do udzia\u0142u w nabo\u017ce\u0144stwach czerwcowych po\u0142\u0105czonych z <strong>PROCESJ\u0104 EUCHARYSTYCZN\u0104<\/strong> po Mszy \u015bw. o godz. 18:00. Zapraszamy dzieci do sypania kwiat\u00f3w, a doros\u0142ych do przygotowania procesji. <em><strong>Udzia\u0142 w procesji jest wyrazem wiary w obecno\u015b\u0107 Jezusa Chrystusa w Naj\u015bwi\u0119tszym Sakramencie.<\/strong><\/em><\/li><li>Parafia \u015bw. Brata Alberta w Elbl\u0105gu zaprasza na <strong>XV FORUM RODZINY,<\/strong> kt\u00f3re odb\u0119dzie si\u0119 w dniach od 12 do 14 czerwca, pod has\u0142em: <strong>\u201eBO\u017bY POMYS\u0141 NA MA\u0141\u017bE\u0143STWO I RODZIN\u0118\u201d.<\/strong> Ka\u017cdego dnia o godz. 18:00 &#8211; Eucharystia z homili\u0105, a po Niej konferencja, kt\u00f3r\u0105 poprowadzi ks. dr Marek Dziewiecki. <em>Dok\u0142adne informacje na plakacie.<\/em><\/li><li>W pi\u0105tek 16 dzie\u0144 miesi\u0105ca &#8211; dzie\u0144 modlitw za <strong>Bractwo Szkaplerzne, <\/strong>a tak\u017ce za osoby nosz\u0105ce Szkaplerz \u015awi\u0119ty. Zapraszamy wszystkich nale\u017c\u0105cych i pragn\u0105cych w\u0142\u0105czy\u0107 si\u0119 do tej wsp\u00f3lnoty na Msz\u0119 \u015bw. o godz. 18:00 z mo\u017cliwo\u015bci\u0105 przyj\u0119cia szkaplerza \u015bwi\u0119tego i nabo\u017ce\u0144stwo przed Naj\u015bwi\u0119tszym Sakramentem. <strong>Po zako\u0144czonych modlitwach spotkanie Rady Szkaplerznej na plebanii.<\/strong><\/li><li>W pi\u0105tek<strong> UROCZYSTO\u015a\u0106<\/strong> <strong>NAJ\u015aWI\u0118TSZEGO SERCA PANA JEZUSA,<\/strong> natomiast w sobot\u0119 wspomnienie <strong>NIEPOKALANEGO SECA NAJ\u015aWI\u0118TSZEJ MARYI PANNY<\/strong>. Zapraszamy na Msze \u015bw. o godz. 8:00 i o godz. 18:00.<\/li><li><em><strong>Pami\u0119tajmy, \u017ce UROCZYSTO\u015a\u0106NAJ\u015aWI\u0118TSZEGO SERCA PANA JEZUSA znosi post pi\u0105tkowy, dlatego w tym dniu mo\u017cemy spo\u017cywa\u0107 w\u0119dliny.<\/strong><\/em><\/li><li>Wszystkich, kt\u00f3rzy w tym roku pragn\u0105 wybra\u0107 si\u0119 na XXXI Elbl\u0105sk\u0105 Pielgrzymk\u0119 Piesz\u0105 na Jasn\u0105 G\u00f3r\u0119 w dniach 28 lipca \u2013 11 sierpnia z grup\u0105 KATEDRA \u2013 P\u00d3\u0141NOC \u2013 ELBL\u0104G zapraszamy na spotkanie 18 czerwca br. w salce m\u0142odzie\u017cowej o godz. 19:00.<em><strong> Za tydzie\u0144 Przewodnik Grupy ks. Micha\u0142 Semeniuk wyg\u0142osi do nas s\u0142owo oraz b\u0119d\u0105 zbierane ofiary do puszek na organizacj\u0119 pieszej pielgrzymki do Cz\u0119stochowy.<\/strong><\/em><\/li><li><strong>Informujemy, <\/strong>\u017ce miesi\u0105cach: czerwiec, lipiec i sierpie\u0144 Msza \u015bw. w niedziel\u0119 o godz.10:00 &#8211; b\u0119dzie nag\u0142o\u015bniana na zewn\u0105trz. <em>W ten spos\u00f3b chcemy szczeg\u00f3lnie zaprosi\u0107 na t\u0119 Msz\u0119 \u015bw. rodziny z ma\u0142ymi dzie\u0107mi. &#x1f60a;<\/em><\/li><li><strong>Przez czerwiec, lipiec i sierpie\u0144 nie b\u0119dzie Mszy \u015bw. niedzielnej o godz. 15:00. <\/strong>Koronka do Bo\u017cego Mi\u0142osierdzia pozostaje bez zmian, czyli w ka\u017cd\u0105 Niedziel\u0119 o godz. 15:00. <em>Zapraszamy.<\/em><\/li><\/ol>\n\n\n\n<p><\/p>\n\n\n\n<figure class=\"wp-block-image\"><img decoding=\"async\" src=\"http:\/\/rafalk-elblag.pl\/wp-content\/uploads\/2020\/04\/baner-intencje-mszy.jpg\" alt=\"\"\/><\/figure>\n\n\n\n<h1 class=\"wp-block-heading\">Intencje mszalne 11.06.2023r<br><\/h1>\n\n\n\n<p><strong>PONIEDZIA\u0141EK \/ 12 czerwca 2023 r.<br>b\u0142. W\u0142adys\u0142awa Demskiego i Towarzyszy<br>Mt 5,1-12<\/strong><br>8.00 \u015bp. Ryszard Klach (8 greg.)<br>18.00 \u015bp. Jerzy Ciesielski (intencja od s\u0105siad\u00f3w i przyjaci\u00f3\u0142)<\/p>\n\n\n\n<p><strong>WTOREK \/ 13 czerwca 2023 r.<br>\u015bw. Antoniego z Padwy<br>Mt 5,13-16<\/strong><br>8.00 \u015bp. Ryszard Klach (9 greg.)<br>18.00 \u015bp. Lucjan Lasek (w dniu imienin) i zmarli Marianna, Feliks, Sylwester<\/p>\n\n\n\n<p><strong>\u015aRODA \/ 14 czerwca 2023 r.<br>b\u0142. Micha\u0142a Kozala<br>Mt 5,17-19<\/strong><br>8.00 \u015bp. Ryszard Klach (3 greg.)<br>18.00 rezerwacja<br>18.00 \u015bp. Stefania i W\u0142odzimierz Miko\u0142ajczyk; Helena i Miko\u0142aj Osipik<\/p>\n\n\n\n<p><strong>CZWARTEK \/ 15 czerwca 2023 r.<br>Mt 5,20-26<\/strong><br>8.00 \u015bp. Ryszard Klach (11 greg.)<br>8.00 \u015bp. Roman oraz dusze w czy\u015b\u0107cu cierpi\u0105ce<br>18.00 Dzi\u0119kczynna za dar \u017cycia Mateusza (w 9 urodziny), z pro\u015bb\u0105 o Bo\u017ce b\u0142. i dary Ducha \u015awi\u0119tego<br>18.00 \u015bp. Jolanta Karman (z okazji imienin) oraz za zmar\u0142ych z rodziny Karman<\/p>\n\n\n\n<p><strong>PI\u0104TEK \/ 16 czerwca 2023 r.<br>Uroczysto\u015b\u0107 Naj\u015bwi\u0119tszego Serca Pana Jezusa<br>Mt 11,25-30<\/strong><br>8.00 \u015bp. Ryszard Klach (12 greg.)<br>8.00 \u015bp. Krystyna Olejniczak (w 30 dzie\u0144 po pogrzebie)<br>18.00 W intencji ca\u0142ej Rodziny Szkaplerznej<br>18.00 \u015bp. Jerzy Ciesielski (intencja od s\u0105siad\u00f3w i przyjaci\u00f3\u0142)<\/p>\n\n\n\n<p><strong>SOBOTA \/ 17 czerwca 2023 r.<br>Wspomnienie Niepokalanego Serca Maryi<br>\u0141k 2,41-51<\/strong><br>8.00 \u015bp. Ryszard Klach (13 greg.)<br>8.00 O Bo\u017ce b\u0142. i opiek\u0119 Matki Bo\u017cej oraz potrzebne \u0142aski dla ks. Jerzego<br>18.00 \u015bp. Jan Przeworski<\/p>\n\n\n\n<p><strong>XI Niedziala Zwyk\u0142a<br>18 czerwca 2023 r.<br>Mt 9,36-10,8<\/strong><br>8.00 \u015bp. Maria Tonga (15 rocznica \u015bmierci), Jan Tonga<br>8.00 \u015bp. Ryszard Klach (14 greg.)<br>10.00 Dzi\u0119kczynna w 73 urodziny Heleny z pro\u015bb\u0105 o Bo\u017ce b\u0142., opiek\u0119 Matki Bo\u017cej i potrzebne \u0142aski<br>12.00 W intencji Parafian<br>18.00 \u015bp. Bart\u0142omiej Cz\u0119\u015bcik (w 30 dzie\u0144 po pogrzebie)<br>18.00 \u015bp. Janina, Leopold, Krzysztof B\u0105k<\/p>\n","protected":false},"excerpt":{"rendered":"<p>Ewangelia (Mt 9, 9-13) Powo\u0142anie Mateusza S\u0142owa Ewangelii wed\u0142ug \u015awi\u0119tego Mateusza Jezus, wychodz\u0105c z Kafarnaum, ujrza\u0142 cz\u0142owieka imieniem Mateusz, siedz\u0105cego na komorze celnej, i rzek\u0142 do niego: \u00abP\u00f3jd\u017a za Mn\u0105!\u00bb A on wsta\u0142 i poszed\u0142 za Nim. Gdy Jezus siedzia\u0142 w domu za sto\u0142em, przysz\u0142o wielu celnik\u00f3w i grzesznik\u00f3w i zasiad\u0142o wraz z Jezusem i [&hellip;]<\/p>\n","protected":false},"author":1,"featured_media":4979,"comment_status":"closed","ping_status":"closed","sticky":false,"template":"","format":"standard","meta":{"ngg_post_thumbnail":0,"footnotes":""},"categories":[11,8,4,3],"tags":[],"class_list":["post-4976","post","type-post","status-publish","format-standard","has-post-thumbnail","hentry","category-aktualnosci","category-blog","category-intencje","category-ogloszenia"],"_links":{"self":[{"href":"https:\/\/rafalk-elblag.pl\/index.php?rest_route=\/wp\/v2\/posts\/4976","targetHints":{"allow":["GET"]}}],"collection":[{"href":"https:\/\/rafalk-elblag.pl\/index.php?rest_route=\/wp\/v2\/posts"}],"about":[{"href":"https:\/\/rafalk-elblag.pl\/index.php?rest_route=\/wp\/v2\/types\/post"}],"author":[{"embeddable":true,"href":"https:\/\/rafalk-elblag.pl\/index.php?rest_route=\/wp\/v2\/users\/1"}],"replies":[{"embeddable":true,"href":"https:\/\/rafalk-elblag.pl\/index.php?rest_route=%2Fwp%2Fv2%2Fcomments&post=4976"}],"version-history":[{"count":3,"href":"https:\/\/rafalk-elblag.pl\/index.php?rest_route=\/wp\/v2\/posts\/4976\/revisions"}],"predecessor-version":[{"id":4982,"href":"https:\/\/rafalk-elblag.pl\/index.php?rest_route=\/wp\/v2\/posts\/4976\/revisions\/4982"}],"wp:featuredmedia":[{"embeddable":true,"href":"https:\/\/rafalk-elblag.pl\/index.php?rest_route=\/wp\/v2\/media\/4979"}],"wp:attachment":[{"href":"https:\/\/rafalk-elblag.pl\/index.php?rest_route=%2Fwp%2Fv2%2Fmedia&parent=4976"}],"wp:term":[{"taxonomy":"category","embeddable":true,"href":"https:\/\/rafalk-elblag.pl\/index.php?rest_route=%2Fwp%2Fv2%2Fcategories&post=4976"},{"taxonomy":"post_tag","embeddable":true,"href":"https:\/\/rafalk-elblag.pl\/index.php?rest_route=%2Fwp%2Fv2%2Ftags&post=4976"}],"curies":[{"name":"wp","href":"https:\/\/api.w.org\/{rel}","templated":true}]}}