{"id":4972,"date":"2023-06-03T16:01:27","date_gmt":"2023-06-03T16:01:27","guid":{"rendered":"http:\/\/rafalk-elblag.pl\/?p=4972"},"modified":"2023-06-03T16:01:27","modified_gmt":"2023-06-03T16:01:27","slug":"ogloszenia-04-06-2023-niedziela-trojcy-swietej","status":"publish","type":"post","link":"https:\/\/rafalk-elblag.pl\/?p=4972","title":{"rendered":"Og\u0142oszenia 04.06.2023, Niedziela Tr\u00f3jcy \u015awi\u0119tej"},"content":{"rendered":"\n<figure class=\"wp-block-embed is-type-video is-provider-youtube wp-block-embed-youtube wp-embed-aspect-16-9 wp-has-aspect-ratio\"><div class=\"wp-block-embed__wrapper\">\n<iframe loading=\"lazy\" title=\"Abp Ry\u015b w uroczysto\u015b\u0107 Tr\u00f3jcy \u015awi\u0119tej: nie do ko\u0144ca wiadomo jak to mo\u017cna zrozumie\u0107 \u017ce 1=3 albo 3=1!\" width=\"900\" height=\"506\" src=\"https:\/\/www.youtube.com\/embed\/JbAroqF5KtM?feature=oembed\" frameborder=\"0\" allow=\"accelerometer; autoplay; clipboard-write; encrypted-media; gyroscope; picture-in-picture; web-share\" allowfullscreen><\/iframe>\n<\/div><\/figure>\n\n\n\n<h2 class=\"wp-block-heading\">Ewangelia (J 3, 16-18)<\/h2>\n\n\n\n<h4 class=\"wp-block-heading\"><em>B\u00f3g pos\u0142a\u0142 swego Syna na \u015bwiat, aby \u015bwiat zosta\u0142 zbawiony<\/em><\/h4>\n\n\n\n<p><strong>S\u0142owa Ewangelii wed\u0142ug \u015awi\u0119tego Jana<\/strong><\/p>\n\n\n\n<p>Jezus powiedzia\u0142 do Nikodema:<\/p>\n\n\n\n<p>\u00abTak B\u00f3g umi\u0142owa\u0142 \u015bwiat, \u017ce Syna swego Jednorodzonego da\u0142, aby ka\u017cdy, kto w Niego wierzy, nie zgin\u0105\u0142, ale mia\u0142 \u017cycie wieczne. Albowiem B\u00f3g nie pos\u0142a\u0142 swego Syna na \u015bwiat po to, aby \u015bwiat pot\u0119pi\u0142, ale po to, by \u015bwiat zosta\u0142 przez Niego zbawiony. Kto wierzy w Niego, nie podlega pot\u0119pieniu; a kto nie wierzy, ju\u017c zosta\u0142 pot\u0119piony, bo nie uwierzy\u0142 w imi\u0119 Jednorodzonego Syna Bo\u017cego\u00bb.<\/p>\n\n\n\n<p><\/p>\n\n\n\n<h2 class=\"wp-block-heading\"><strong><strong><strong>Dzwony ko\u015bcielne<\/strong><\/strong><\/strong><\/h2>\n\n\n\n<p>W raz z pojawieniem si\u0119 dzwonnicy, kt\u00f3rej nie by\u0142o w najstarszych ko\u015bcio\u0142ach, przyj\u0105\u0142 si\u0119 zwyczaj zawieszania dzwon\u00f3w<br>w wie\u017cach stanowi\u0105cych cz\u0119\u015b\u0107 \u015bwi\u0105tyni lub stoj\u0105cych w jej pobli\u017cu. O dzwonnicy wspomina ju\u017c \u201ePasterz\u201d Hermasa \u2013 dzie\u0142o literatury wczesnochrze\u015bcija\u0144skiej, i Meliton z Sardes. <strong>D\u017awi\u0119k dzwon\u00f3w zawieszonych czy to w po\u0142\u0105czonej ze \u015bwi\u0105tyni\u0105, czy w odr\u0119bnej dzwonnicy por\u00f3wnywany by\u0142 z g\u0142osem kap\u0142ana g\u0142osz\u0105cego kazanie z ambony.<\/strong><\/p>\n\n\n\n<p>W Europie pierwsze notatki na&nbsp;temat dzwon\u00f3w si\u0119gaj\u0105 VI w. Pierwsze dzwony by\u0142y ma\u0142e. Z czasem dopiero zwi\u0119ksza\u0142y swoje rozmiary a\u017c do olbrzym\u00f3w wielotonowych. W XII w. zawieszano je na osobnych wie\u017cach, zwanych dzwonnicami.<\/p>\n\n\n\n<p>Istnieje, zw\u0142aszcza u nas w Polsce, zar\u00f3wno w\u015br\u00f3d duszpasterzy jak<br>i wiernych prze\u015bwiadczenie, \u017ce parafia jest tak d\u0142ugo niekompletna, a sama \u015bwi\u0105tynia jakby niewyko\u0144czona, dop\u00f3ki nie posiada w\u0142asnych dzwon\u00f3w, nawet gdyby ju\u017c by\u0142y w ko\u015bciele organy i \u0142awki, a poza ko\u015bcio\u0142em w\u0142asny cmentarz. Brak dzwon\u00f3w to dow\u00f3d ci\u0105gle jeszcze nie ca\u0142kiem zorganizowanej parafii.<\/p>\n\n\n\n<p>Dzwony zwyk\u0142o umieszcza\u0107 si\u0119 na wie\u017cach, kt\u00f3re winny by\u0107 i bywaj\u0105 zazwyczaj wysokie mi\u0119dzy innymi dlatego, \u017ceby z nich m\u00f3g\u0142 si\u0119 rozchodzi\u0107 g\u0142os dzwon\u00f3w, nie natrafiaj\u0105c na \u017cadne przeszkody. <strong>Wie\u017ce, zw\u0142aszcza te wysmuk\u0142e, gotyckie, wyra\u017caj\u0105 t\u0119sknot\u0119 cz\u0142owieka za Bogiem.<\/strong> Wie\u017ca staje si\u0119 znakiem transcendencji. To w\u0142a\u015bnie ze szczyt\u00f3w wie\u017cy g\u0142os dzwonu wyrywa cz\u0142owieka z wszelkich zamkni\u0119\u0107 i blokad, unosz\u0105c go ku wysoko\u015bci Boga, ku pe\u0142ni \u017cycia.<\/p>\n\n\n\n<p><strong>Odg\u0142osy dzwon\u00f3w zwyk\u0142o si\u0119 uto\u017csamia\u0107 z g\u0142osem samego Boga.<\/strong> <strong>Kiedy<br>w niedziele czy \u015bwi\u0119ta odzywaj\u0105 si\u0119 ko\u015bcielne dzwony, to tak jakby sam B\u00f3g wzywa\u0142 swoich wyznawc\u00f3w na modlitewne spotkanie z nimi.<\/strong> Dla niejednego takie zaproszenie przez Boga samego na spotkanie z nim to jakby g\u0142os sumienia. A zawsze nale\u017cy i\u015b\u0107 za g\u0142osem sumienia.<\/p>\n\n\n\n<p>Dzwon nale\u017cy do tych nielicznych wytwor\u00f3w materii, kt\u00f3re &#8211;<br>w przekonaniu dawnych pokole\u0144 i zgodnie z przepisami liturgicznymi &#8211; nosi\u0142y cechy ludzkie. By\u0142 dzie\u0142em, kt\u00f3remu udzielano chrztu i kt\u00f3re posiada\u0142o osobliwe &#8222;prawo g\u0142osu\u201d. Uwa\u017cano go za &#8221; ewangelicznego kaznodziej\u0119&#8221;, kt\u00f3ry moc\u0105 swego tonu jakby piecz\u0119towa\u0142 tre\u015bci g\u0142oszone w \u015bwi\u0105tyniach.<\/p>\n\n\n\n<p>Dzwonom nadaje si\u0119 &#8211; podobnie jak ludziom &#8211; imiona \u015bwi\u0119tych lub os\u00f3b szczeg\u00f3lnie zas\u0142u\u017conych dla wiary i Ko\u015bcio\u0142a, co oznacza, \u017ce wierni powinni s\u0142ucha\u0107 ich g\u0142osu tak, jak s\u0142uchaj\u0105 napomnie\u0144 i nauk \u015bwi\u0119tych patron\u00f3w i gorliwie gromadzi\u0107 si\u0119 w ko\u015bciele dla s\u0142uchania S\u0142owa Bo\u017cego i na modlitw\u0119.<\/p>\n\n\n\n<p>Przyj\u0105\u0142 si\u0119 u nas zwyczaj odprowadzania zmar\u0142ych na miejsce ich wiecznego spoczynku w\u0142a\u015bnie g\u0142osem dzwon\u00f3w. Gdy trumna ze zw\u0142okami zmar\u0142ego po Mszy \u015bw. opuszcza \u015bwi\u0105tyni\u0119, uderza si\u0119 w dzwony. <strong>Pogrzebowe g\u0142osy dzwon\u00f3w oznajmiaj\u0105 wiernym, nawet nie bior\u0105cym udzia\u0142u w ceremoniach pogrzebowych, \u017ce kto\u015b z ich wsp\u00f3lnoty odchodzi na zawsze.<\/strong><\/p>\n\n\n\n<p><strong>Niew\u0105tpliwie jednak najwznio\u015blejszym z&nbsp;wszystkich d\u017awi\u0119k\u00f3w dzwon\u00f3w jest ten dzwonek, kt\u00f3ry obwieszcza moment konsekracji, kiedy to na g\u0142os kap\u0142ana przemienia si\u0119 chleb i&nbsp;wino w&nbsp;Naj\u015bwi\u0119tsze Cia\u0142o i&nbsp;Krew naszego Pana Jezusa Chrystusa, Zbawiciela wszystkich grzesznik\u00f3w.<\/strong><\/p>\n\n\n\n<p>D\u017awi\u0119k dzwon\u00f3w niesie si\u0119 bardzo daleko. Bez przeszk\u00f3d przenika przestrzenie i wpada do ludzkiego ucha. Nie tylko w cichych g\u00f3rskich dolinach. Tak\u017ce w miastach, gdzie w niedzielne poranki nieraz s\u0142ycha\u0107 po kolei dzwony z r\u00f3\u017cnych, odleg\u0142ych o kilka kilometr\u00f3w ko\u015bcio\u0142\u00f3w. Od ich dzwi\u0119ku trudo uciec: czy cz\u0142owiek chce czy nie, dociera do uszu.<\/p>\n\n\n\n<p><strong>D\u017awi\u0119k dzwon\u00f3w przypomina zabieganym wok\u00f3\u0142 codziennych spraw: jest B\u00f3g, s\u0105 te\u017c sprawy Bo\u017ce. Nie zapominaj, chrze\u015bcijaninie, kim jeste\u015b.<\/strong> Nie zapominaj. Szczeg\u00f3lnym za\u015b wezwaniem s\u0105&nbsp; dla tych wszystkich, kt\u00f3rzy ju\u017c porzucili \u017cycie wiary.<\/p>\n\n\n\n<p>S\u0105 wi\u0119c dzwony jakim\u015b wst\u0119pem do katechezy. I narz\u0119dziem preewangelizacji. Budz\u0105 ze snu ca\u0142kowitego uwik\u0142ania w codzienno\u015b\u0107. Sprawiaj\u0105, \u017ce my\u015bli, czy tego cz\u0142owiek chce czy nie, kieruj\u0105 si\u0119 cho\u0107 na chwil\u0119 ku Bogu.<\/p>\n\n\n\n<p><strong>A gdybym ja te\u017c sta\u0142 si\u0119 jak dzwon? Nie to, \u017ceby by\u0107 g\u0142o\u015bny. Ale mo\u017ce moje \u017cycie te\u017c mog\u0142oby by\u0107 takim przypomnieniem w moim \u015brodowisku o Bogu?<\/strong><\/p>\n\n\n\n<p><\/p>\n\n\n\n<figure class=\"wp-block-image\"><a href=\"http:\/\/rafalk-elblag.pl\/wp-content\/uploads\/2021\/08\/ogloszenia-parafialne-baner-01a.jpg\"><img loading=\"lazy\" decoding=\"async\" width=\"720\" height=\"232\" src=\"http:\/\/rafalk-elblag.pl\/wp-content\/uploads\/2021\/08\/ogloszenia-parafialne-baner-01a.jpg\" alt=\"\" class=\"wp-image-4410\" srcset=\"https:\/\/rafalk-elblag.pl\/wp-content\/uploads\/2021\/08\/ogloszenia-parafialne-baner-01a.jpg 720w, https:\/\/rafalk-elblag.pl\/wp-content\/uploads\/2021\/08\/ogloszenia-parafialne-baner-01a-300x97.jpg 300w\" sizes=\"auto, (max-width: 720px) 100vw, 720px\" \/><\/a><\/figure>\n\n\n\n<h1 class=\"wp-block-heading\">Og\u0142oszenia parafialne 04.06.2023r<\/h1>\n\n\n\n<ol class=\"wp-block-list\"><li>W dniu dzisiejszym zapraszamy na <strong>ADORACJ\u0118 NAJ\u015aWI\u0118TSZEGO SAKRAMENTU od godz. 15:00 do godz. 18:00. <\/strong><em><strong>Adoracja rozpocznie si\u0119 Koronk\u0105 do Bo\u017cego Mi\u0142osierdzia a zako\u0144czy si\u0119 wyj\u0105tkowo w tym dniu Litani\u0105 do Naj\u015bwi\u0119tszego Serca Pana Jezusa.<\/strong><\/em><\/li><li><strong>Przez ca\u0142y czerwiec po Mszy \u015bw. o godz. 18:00. odprawiane b\u0119dzie Nabo\u017ce\u0144stwo ku czci Naj\u015bwi\u0119tszego Serca Pana Jezusa. Zapraszamy do wsp\u00f3lnego odmawiania Litanii przed Naj\u015bwi\u0119tszym Sakramentem.<\/strong><\/li><li>Ofiary zbierane dzisiaj na tac\u0119 przeznaczone s\u0105 na inwestycje w naszej parafii.<\/li><\/ol>\n\n\n\n<p><em>Dzi\u0119kuj\u0119 za zrozumienie i sk\u0142adane ofiary<\/em><em><strong>. <\/strong><\/em><em>B\u00f3g zap\u0142a\u0107.<\/em><\/p>\n\n\n\n<ol class=\"wp-block-list\" start=\"4\"><li>Jutro, 5 czerwca br. m\u0142odzie\u017c naszej parafii przyjmie <strong>SAKRAMENT BIERZMOWANIA<\/strong> podczas Mszy \u015bw. o godz. 18:00 z r\u0105k J. E. ks. Biskupa Wojciecha Skibickiego. <em>Otoczmy modlitw\u0105 m\u0142odzie\u017c i pro\u015bmy, aby Duch \u015awi\u0119ty, kt\u00f3rego otrzymaj\u0105 umocni\u0142 ich do m\u0119\u017cnego wyznawania wiary i do post\u0119powania wed\u0142ug jej zasad.<\/em><\/li><li>We wtorek <strong>6 czerwca<\/strong> br. <strong>przypada XXIV rocznica wizyty Ojca \u015awi\u0119tego Jana Paw\u0142a II w Elbl\u0105gu.<\/strong> Zapraszamy na Msz\u0119 \u015bw. o godz. 18:00. <em>Niech nasza modlitwa b\u0119dzie dzi\u0119kczynieniem za szczeg\u00f3lne wyr\u00f3\u017cnienie ca\u0142ej diecezji elbl\u0105skiej, kt\u00f3r\u0105 u\u015bwi\u0119ci\u0142 \u015bw. Jan Pawe\u0142 II poprzez swoja obecno\u015b\u0107.<\/em><\/li><li>Dzisiaj po Mszy \u015bw. o godz. 10:00 b\u0119dzie mo\u017cliwo\u015b\u0107 zapisania dziewczynek do sypania kwiat\u00f3w a ch\u0142opc\u00f3w do udzia\u0142u w procesji Bo\u017cego Cia\u0142a. Gor\u0105co zapraszam szczeg\u00f3lnie dzieci, kt\u00f3re w tym roku przyj\u0119\u0142y I Komuni\u0119 \u015awi\u0119t\u0105 oraz dzieci rocznicowe. Prosimy rodzic\u00f3w o zach\u0119cenie dzieci do czynnego udzia\u0142u w procesji.<\/li><li><strong>W czwartek (8 czerwca) przypada UROCZYSTO\u015a\u0106 NAJ\u015aWI\u0118TSZEGO CIA\u0141A<br>I KRWI CHRYSTUSA <\/strong>&#8211; BO\u017bE CIA\u0141O<em>.<\/em><em> Msze \u015bw. odprawione b\u0119d\u0105 o godz. 8:00 i 18:00 oraz bezpo\u015brednio po zako\u0144czeniu procesji. <\/em><strong>W tym roku procesja wyruszy z Parafii pw. \u015bw. Brata Alberta <\/strong><strong>po Mszy \u015bw. o godz. 10:30.<\/strong> Zach\u0119cam parafian do przyozdobienia okien swoich mieszka\u0144. Procesja przejdzie ulicami: Legion\u00f3w, Niepodleg\u0142o\u015bci, Broniewskiego, Og\u00f3ln\u0105, Broniewskiego i Sobieskiego.<\/li><\/ol>\n\n\n\n<p>Wsp\u00f3lnoty parafialne za kt\u00f3re jest odpowiedzialny ks. Marian prosimy o pomoc w przygotowaniu <strong>trzeciego o\u0142tarza.<\/strong> Natomiast wsp\u00f3lnoty, za kt\u00f3re odpowiedzialny jest ks. Sylwester zapraszamy do przygotowania <strong>czwartego o\u0142tarza<\/strong>. Pozosta\u0142ych wiernych prosimy o przynoszenie kwiat\u00f3w do zakrystii. DZI\u0118KUJEMY.<\/p>\n\n\n\n<ol class=\"wp-block-list\" start=\"8\"><li>W <strong>Oktawie Bo\u017cego Cia\u0142a<\/strong> zapraszamy wiernych do udzia\u0142u w nabo\u017ce\u0144stwach czerwcowych po\u0142\u0105czonych z <strong>PROCESJ\u0104 EUCHARYSTYCZN\u0104<\/strong> po Mszy \u015bw. o godz. 18:00. Zapraszamy dzieci do sypania kwiat\u00f3w, a doros\u0142ych do przygotowania procesji. <em><strong>Udzia\u0142 w procesji jest wyrazem wiary w obecno\u015b\u0107 Jezusa Chrystusa w Naj\u015bwi\u0119tszym Sakramencie.<\/strong><\/em><\/li><li>Parafia \u015bw. Brata Alberta w Elbl\u0105gu zaprasza na <strong>XV FORUM RODZINY,<\/strong> kt\u00f3re odb\u0119dzie si\u0119 w dniach od 12 do 14 czerwca, pod has\u0142em: <strong>\u201eBO\u017bY POMYS\u0141 NA MA\u0141\u017bE\u0143STWO I RODZIN\u0118\u201d.<\/strong> Ka\u017cdego dnia o godz. 18:00 &#8211; Eucharystia z homili\u0105, a po Niej konferencja poprowadzi ks. dr Marek Dziewiecki. <em>Dok\u0142adne informacje na plakacie.<\/em><\/li><li><strong>Informujemy, <\/strong>\u017ce miesi\u0105cach: czerwiec, lipiec i sierpie\u0144 Msza \u015bw. w niedziel\u0119 o godz.10:00 \u2013 z udzia\u0142em dzieci &#8211; b\u0119dzie nag\u0142o\u015bniana na zewn\u0105trz.<\/li><\/ol>\n\n\n\n<p><em>W spos\u00f3b szczeg\u00f3lny zapraszamy na t\u0105 Msz\u0119 \u015bw. rodziny z ma\u0142ymi dzie\u0107mi.<\/em><\/p>\n\n\n\n<ol class=\"wp-block-list\" start=\"11\"><li><strong>Przez czerwiec, lipiec i sierpie\u0144 nie b\u0119dzie Mszy \u015bw. niedzielnej o godz. 15:00. <\/strong>Koronka do Bo\u017cego Mi\u0142osierdzia pozostaje bez zmian, czyli w ka\u017cd\u0105 Niedziel\u0119 o godz. 15:00. <em>Zapraszamy.<\/em><\/li><li>Zach\u0119cam do nabywania \u201eGo\u015bcia Niedzielnego\u201d <strong>z dodatkiem<\/strong> <strong>\u201eGo\u015b\u0107 Elbl\u0105ski\u201d<\/strong> a w nim wydarzenia z diecezji.<\/li><\/ol>\n\n\n\n<p><\/p>\n\n\n\n<figure class=\"wp-block-image\"><img decoding=\"async\" src=\"http:\/\/rafalk-elblag.pl\/wp-content\/uploads\/2020\/04\/baner-intencje-mszy.jpg\" alt=\"\"\/><\/figure>\n\n\n\n<h1 class=\"wp-block-heading\">Intencje mszalne 04.06.2023r<br><\/h1>\n\n\n\n<p><strong>PONIEDZIA\u0141EK \/ 5 czerwca 2023 r.<br>\u015bw. Bonifacego<br>Mk 12,1-12<\/strong><br>8.00 \u015bp. Tomasz Warzecha (w 1 rocznic\u0119 \u015bmierci)<br>8.00 \u015bp. Ryszard Klach (1 greg.)<br>18.00 Bierzmowanie<br>18.00 \u015bp. Jolanta Juzefaciuk (w 30 dzie\u0144 po pogrzebie)<\/p>\n\n\n\n<p><strong>WTOREK \/ 6 czerwca 2023 r.<br>Mk 12,13-17<\/strong><br>8.00 \u015bp. Ryszard Klach (2 greg.)<br>18.00 \u015bp. rodzice Wanda i Wac\u0142aw Petrusewicz<br>18.00 O Bo\u017ce b\u0142., potrzebne \u0142aski, zdrowie, opiek\u0119 Matki Bo\u017cej dla Marcina z okazji urodzin<\/p>\n\n\n\n<p><strong>\u015aRODA \/ 7 czerwca 2023 r.<br>Mk 12,18-27<\/strong><br>8.00 \u015bp. Jerzy Ciesielski (intencja od s\u0105siad\u00f3w i przyjaci\u00f3\u0142)<br>18.00 \u015bp. Ryszard Klach (3 greg.)<br>18.00 \u015bp. Antoni, Ma\u0142gorzata, Stanis\u0142aw z rodziny Rogalskich<\/p>\n\n\n\n<p><strong>CZWARTEK \/ 8 czerwca 2023 r.<br>Uroczysto\u015b\u0107 Naj\u015bwi\u0119tszego Cia\u0142a i Krwi Chrystusa<br>J 6,51-58<\/strong><br>8.00 \u015bp. Ryszard Klach (4 greg.)<br>8.00 O Bo\u017ce b\u0142., potrzebne \u0142aski, opiek\u0119 Matki Bo\u017cej z okazji 6 rocznicy \u015bwi\u0119ce\u0144 kap\u0142a\u0144skich ks. Piotra Makowskiego (intencja od Margaretki)<br>Po procesji<br>O \u015bwiat\u0142o Ducha \u015awi\u0119tego i w\u0142a\u015bciwy wyb\u00f3r drogi \u017cyciowej z okazji 18 urodzin Oskara \u017bugaj<br>18.00 \u015bp. W\u0142adys\u0142aw Wiadrowski<\/p>\n\n\n\n<p><strong>PI\u0104TEK \/ 9 czerwca 2023 r.<br>Mk 12,35-37<\/strong><br>8.00 \u015bp. Ryszard Klach (5 greg.)<br>18.00 \u015bp. Zofia Reczek (w 5 rocznic\u0119 \u015bmierci)<\/p>\n\n\n\n<p><strong>SOBOTA \/ 10 czerwca 2023 r.<br>Mk 12,38-44<\/strong><br>8.00 \u015bp. Ryszard Klach (6 greg.)<br>18.00 \u015bp. Krzysztof i Dariusz Morzy<\/p>\n\n\n\n<p><strong>X Niedziala Zwyk\u0142a<br>11 czerwca 2023 r.<br>Mt 9,9-13<\/strong><br>8.00 \u015bp. Emilia Czeszejko-Sochacka<br>8.00 \u015bp. Ryszard Klach (7 greg.)<br>10.00 O \u017cywe dzia\u0142ania Ducha \u015awi\u0119tego w cudzienno\u015bci dla Nikodema i jego rodziny, Agnieszki i ca\u0142ej rodziny zakonnej oraz Magdaleny i jej rodziny<br>12.00 W intencji Parafian<br>18.00 \u015bp. Jerzy Cudzi\u0142o (w 20 rocznic\u0119 \u015bmierci), Stanis\u0142aw i zmarli z rodzin St\u0119pie\u0144 i Cudzi\u0142o<\/p>\n","protected":false},"excerpt":{"rendered":"<p>Ewangelia (J 3, 16-18) B\u00f3g pos\u0142a\u0142 swego Syna na \u015bwiat, aby \u015bwiat zosta\u0142 zbawiony S\u0142owa Ewangelii wed\u0142ug \u015awi\u0119tego Jana Jezus powiedzia\u0142 do Nikodema: \u00abTak B\u00f3g umi\u0142owa\u0142 \u015bwiat, \u017ce Syna swego Jednorodzonego da\u0142, aby ka\u017cdy, kto w Niego wierzy, nie zgin\u0105\u0142, ale mia\u0142 \u017cycie wieczne. Albowiem B\u00f3g nie pos\u0142a\u0142 swego Syna na \u015bwiat po to, aby [&hellip;]<\/p>\n","protected":false},"author":1,"featured_media":4973,"comment_status":"closed","ping_status":"closed","sticky":false,"template":"","format":"standard","meta":{"ngg_post_thumbnail":0,"footnotes":""},"categories":[11,8,4,3],"tags":[],"class_list":["post-4972","post","type-post","status-publish","format-standard","has-post-thumbnail","hentry","category-aktualnosci","category-blog","category-intencje","category-ogloszenia"],"_links":{"self":[{"href":"https:\/\/rafalk-elblag.pl\/index.php?rest_route=\/wp\/v2\/posts\/4972","targetHints":{"allow":["GET"]}}],"collection":[{"href":"https:\/\/rafalk-elblag.pl\/index.php?rest_route=\/wp\/v2\/posts"}],"about":[{"href":"https:\/\/rafalk-elblag.pl\/index.php?rest_route=\/wp\/v2\/types\/post"}],"author":[{"embeddable":true,"href":"https:\/\/rafalk-elblag.pl\/index.php?rest_route=\/wp\/v2\/users\/1"}],"replies":[{"embeddable":true,"href":"https:\/\/rafalk-elblag.pl\/index.php?rest_route=%2Fwp%2Fv2%2Fcomments&post=4972"}],"version-history":[{"count":1,"href":"https:\/\/rafalk-elblag.pl\/index.php?rest_route=\/wp\/v2\/posts\/4972\/revisions"}],"predecessor-version":[{"id":4974,"href":"https:\/\/rafalk-elblag.pl\/index.php?rest_route=\/wp\/v2\/posts\/4972\/revisions\/4974"}],"wp:featuredmedia":[{"embeddable":true,"href":"https:\/\/rafalk-elblag.pl\/index.php?rest_route=\/wp\/v2\/media\/4973"}],"wp:attachment":[{"href":"https:\/\/rafalk-elblag.pl\/index.php?rest_route=%2Fwp%2Fv2%2Fmedia&parent=4972"}],"wp:term":[{"taxonomy":"category","embeddable":true,"href":"https:\/\/rafalk-elblag.pl\/index.php?rest_route=%2Fwp%2Fv2%2Fcategories&post=4972"},{"taxonomy":"post_tag","embeddable":true,"href":"https:\/\/rafalk-elblag.pl\/index.php?rest_route=%2Fwp%2Fv2%2Ftags&post=4972"}],"curies":[{"name":"wp","href":"https:\/\/api.w.org\/{rel}","templated":true}]}}