{"id":4969,"date":"2023-05-28T17:57:00","date_gmt":"2023-05-28T17:57:00","guid":{"rendered":"http:\/\/rafalk-elblag.pl\/?p=4969"},"modified":"2023-05-30T18:18:06","modified_gmt":"2023-05-30T18:18:06","slug":"ogloszenia-28-05-2023-uroczystosc-zeslania-ducha-swietego","status":"publish","type":"post","link":"https:\/\/rafalk-elblag.pl\/?p=4969","title":{"rendered":"Og\u0142oszenia 28.05.2023, Uroczysto\u015b\u0107 Zes\u0142ania Ducha \u015awi\u0119tego"},"content":{"rendered":"\n<figure class=\"wp-block-embed is-type-video is-provider-youtube wp-block-embed-youtube wp-embed-aspect-16-9 wp-has-aspect-ratio\"><div class=\"wp-block-embed__wrapper\">\n<iframe loading=\"lazy\" title=\"KIM JEST DUCH \u015aWI\u0118TY \u26a0\ufe0f Ks Piotr Pawlukiewicz\" width=\"900\" height=\"506\" src=\"https:\/\/www.youtube.com\/embed\/HPFjlK0nido?feature=oembed\" frameborder=\"0\" allow=\"accelerometer; autoplay; clipboard-write; encrypted-media; gyroscope; picture-in-picture; web-share\" allowfullscreen><\/iframe>\n<\/div><\/figure>\n\n\n\n<h2 class=\"wp-block-heading\">Ewangelia (J 7, 37-39)<\/h2>\n\n\n\n<h4 class=\"wp-block-heading\"><em>Strumienie wody \u017cywej<\/em><\/h4>\n\n\n\n<p><strong>S\u0142owa Ewangelii wed\u0142ug \u015awi\u0119tego Jana<\/strong><\/p>\n\n\n\n<p>W ostatnim, najbardziej uroczystym dniu \u015awi\u0119ta Namiot\u00f3w Jezus wsta\u0142 i zawo\u0142a\u0142 dono\u015bnym g\u0142osem:<\/p>\n\n\n\n<p>\u00abJe\u015bli kto\u015b jest spragniony, a wierzy we Mnie \u2013 niech przyjdzie do Mnie i pije! Jak rzek\u0142o Pismo: Rzeki wody \u017cywej pop\u0142yn\u0105 z jego wn\u0119trza\u00bb.<\/p>\n\n\n\n<p>A powiedzia\u0142 to o Duchu, kt\u00f3rego mieli otrzyma\u0107 wierz\u0105cy w Niego; Duch bowiem jeszcze nie by\u0142 dany, poniewa\u017c Jezus nie zosta\u0142 jeszcze uwielbiony.<\/p>\n\n\n\n<p><\/p>\n\n\n\n<h2 class=\"wp-block-heading\"><strong><strong>Kap\u0142a\u0144stwo Chrystusowe<\/strong><\/strong><\/h2>\n\n\n\n<p>S\u0142owo\u00a0<em><strong>\u201eprymicja\u201d<\/strong><\/em>\u00a0pochodzi z j\u0119zyka \u0142aci\u0144skiego i oznacza \u201eprima missa\u201d, czyli dos\u0142ownie: pierwsza msza.<\/p>\n\n\n\n<p><em>Prymicja to pierwsza Msza \u015awi\u0119ta dok\u0142adniej pierwsza samodzielna Msza \u015awi\u0119ta, bo pierwsz\u0105 Msz\u0119 \u015awi\u0119t\u0105 nowo wy\u015bwi\u0119ceni kap\u0142ani sprawuj\u0105 ju\u017c w dniu \u015bwi\u0119ce\u0144 w czasie tej Mszy \u015awi\u0119tej, w czasie kt\u00f3rej \u015bwi\u0119cenia s\u0105 udzielane. Natomiast zazwyczaj nast\u0119pnego dnia w swoich wsp\u00f3lnotach parafialnych nowo wy\u015bwi\u0119ceni kap\u0142ani sprawuj\u0105 pierwsz\u0105 samodzielna Msz\u0119 \u015awi\u0119t\u0105. Prymicje to Msza \u015awi\u0119ta szczeg\u00f3lna, Msza \u015awi\u0119ta zazwyczaj bardzo uroczysta i taka, kt\u00f3r\u0105 si\u0119 pami\u0119ta i taka, do kt\u00f3rej si\u0119 cz\u0142owiek przygotowuje, ale i te\u017c do kt\u00f3rej wraca. Jest to dzie\u0144 wielkiej rado\u015bci dla wsp\u00f3lnot, z kt\u00f3rych kap\u0142ani pochodz\u0105. Ich powo\u0142ania s\u0105 owocem modlitwy oraz owocem pracy kap\u0142an\u00f3w.<\/em><\/p>\n\n\n\n<p><em>Msza \u015bwi\u0119ta prymicyjna zwykle jest bardziej uroczysta ni\u017c zazwyczaj. Towarzyszy temu rozbudowana asysta liturgiczna, \u015bpiewy. Szczeg\u00f3lnym takim momentem na zako\u0144czenie jest <\/em><strong><em>b\u0142ogos\u0142awie\u0144stwo prymicyjne.<\/em><\/strong><em> Warto zaznaczy\u0107, \u017ce jest ono zwi\u0105zane z przywilejem <\/em><strong><em>odpustu zupe\u0142nego<\/em><\/strong><em>. W czasie tej pierwszej samodzielnej Mszy \u015awi\u0119tej udziela si\u0119 go w bardziej rozbudowany ni\u017c zwykle spos\u00f3b poszczeg\u00f3lnym osobom, grupom, kap\u0142anom, osobom konsekrowanym, rodzicom, najbli\u017cszym prymicjanta, s\u0142u\u017cbie liturgicznej, wiernym. <\/em><strong><em>B\u0142ogos\u0142awie\u0144stwo przez na\u0142o\u017cenie r\u0105k \u2013 to dar, kt\u00f3ry prymicjant mo\u017ce da\u0107<\/em><\/strong><em> tym, kt\u00f3rzy mu towarzysz\u0105 i kt\u00f3rzy cz\u0119sto towarzyszyli mu te\u017c na drodze przygotowania do kap\u0142a\u0144stwa<\/em>.<\/p>\n\n\n\n<p>Kiedy neoprezbiter udziela b\u0142ogos\u0142awie\u0144stwa prymicyjnego, asystuj\u0105cy mu rozdaj\u0105 wiernym pami\u0105tkowe obrazki, na kt\u00f3rych &#8211; opr\u00f3cz imienia i nazwiska oraz roku &#8211; widnieje tak\u017ce motto na kap\u0142a\u0144skie \u017cycie oraz kr\u00f3tka formu\u0142a podzi\u0119kowania.<\/p>\n\n\n\n<p>Chrystus&nbsp;jest jedynym i&nbsp;najwy\u017cszym kap\u0142anem Nowego Przymierza. W Wieczerniku ukaza\u0142 si\u0119 On&nbsp;jednocze\u015bnie jako kap\u0142an i&nbsp;ofiara. To, co&nbsp;zdawa\u0107 by&nbsp;si\u0119 mog\u0142o, \u017ce&nbsp;jest czym\u015b przeciwstawnym (niemo\u017cliwym do&nbsp;pogodzenia) z\u0142\u0105czy\u0142o si\u0119 w&nbsp;jednej osobie \u2013 Chrystusie. Dlatego nic dziwnego, \u017ce&nbsp;On&nbsp;,,sk\u0142ada ofiar\u0119 i&nbsp;jest ofiarowany\u201d. Pan Jezus przyni\u00f3s\u0142 na&nbsp;\u015bwiat now\u0105 definicj\u0119 s\u0142u\u017cby kap\u0142a\u0144skiej.<\/p>\n\n\n\n<p>Pierwszymi kap\u0142anami Nowego Przymierza byli Aposto\u0142owie, kt\u00f3rym&nbsp;Chrystus przekaza\u0142 wszystko, co&nbsp;mia\u0142. To&nbsp;oni otrzymali nakaz nauczania narod\u00f3w, udzielania chrztu, g\u0142oszenie Ewangelii, uzdrawiania chorych, odpuszczania grzech\u00f3w i&nbsp;sprawowania Eucharystii. Te&nbsp;polecenia Aposto\u0142owie skrupulatnie wype\u0142niali, o&nbsp;czym jest mowa w&nbsp;Dziejach Apostolskich.<\/p>\n\n\n\n<p><strong>W Nowym Testamencie pos\u0142uga apostolska jest przekazywana poprzez na\u0142o\u017cenie r\u0105k, kt\u00f3remu towarzyszy modlitwa<\/strong> (por. Dz 6, 6; 1 Tm 4, 14; 5, 22; 2 Tm 1, 6). Taka jest praktyka obecna w najstarszych obrz\u0119dach \u015bwi\u0119ce\u0144. To istotne centrum stanowi\u0105ce znak sakramentalny, zosta\u0142o wzbogacone na przestrzeni wiek\u00f3w pewnymi obrz\u0119dami uzupe\u0142niaj\u0105cymi, kt\u00f3re mog\u0105 si\u0119 r\u00f3\u017cni\u0107 w zale\u017cno\u015bci od r\u00f3\u017cnych tradycji liturgicznych. W obrz\u0105dku \u0142aci\u0144skim obrz\u0119dy wst\u0119pne: przedstawienie i wyb\u00f3r kandydata, przem\u00f3wienie biskupa, pytania stawiane kandydatowi, litania do Wszystkich \u015awi\u0119tych \u2013 maj\u0105 potwierdzi\u0107, \u017ce wyb\u00f3r kandydata zosta\u0142 dokonany zgodnie z praktyk\u0105 Ko\u015bcio\u0142a. Przygotowuj\u0105 one do uroczystego aktu konsekracji, po kt\u00f3rym wiele obrz\u0119d\u00f3w ma wyrazi\u0107 i dope\u0142ni\u0107 w spos\u00f3b symboliczny dokonywane misterium.<\/p>\n\n\n\n<p><strong>Poprzez sakrament kap\u0142a\u0144stwa udzielane jest uczestnictwo w kap\u0142a\u0144stwie Chrystusa.<\/strong> Dla kap\u0142a\u0144stwa urz\u0119dowego w\u0142a\u015bciwe i szczeg\u00f3lne jest \u201esakramentalne uobecnienie Jezusa Chrystusa G\u0142owy i Pasterza\u201d, co <strong>pozwala na sprawowanie w\u0142adzy Chrystusa w duszpasterskiej funkcji przepowiadania i rz\u0105dzenia oraz dzia\u0142ania&nbsp;<\/strong><em><strong>w imieniu Chrystusa<\/strong><\/em><strong> w wykonywaniu pos\u0142ugi sakramentalnej.<\/strong><\/p>\n\n\n\n<p>\u015awi\u0119cenia udzielaj\u0105 \u201e\u0142aski Ducha \u015awi\u0119tego, kt\u00f3ra jest w\u0142a\u015bciwa dla sakramentu \u015bwi\u0119ce\u0144\u201d, przez kt\u00f3r\u0105 \u201ewy\u015bwi\u0119cony zostaje upodobniony do Chrystusa Kap\u0142ana, Nauczyciela i Pasterza, kt\u00f3rego jest s\u0142ug\u0105\u201d (<em>Katechizm<\/em>, 1585). Jest to zar\u00f3wno darem, jak i zadaniem, poniewa\u017c kap\u0142a\u0144stwo jest przyjmowane w perspektywie s\u0142u\u017cby Chrystusowi i wiernym.<\/p>\n\n\n\n<p>Ojcowie Ko\u015bcio\u0142a bardzo du\u017c\u0105 wag\u0119 przywi\u0105zywali do&nbsp;osoby kap\u0142ana. Nic w&nbsp;tym dziwnego, skoro upad\u0142e stworzenie zyska\u0142o tak&nbsp;wielk\u0105 mo\u017cno\u015b\u0107 sprowadzania Boga na&nbsp;o\u0142tarz. \u015aw. Jan Chryzostom, tak pisa\u0142 o kap\u0142anie:<\/p>\n\n\n\n<p><em>Nikt nie mo\u017ce wej\u015b\u0107 do kr\u00f3lestwa niebieskiego, je\u015bli si\u0119 nie odrodzi z wody i z Ducha \u015awi\u0119tego, i \u017cycia wiecznego b\u0119dzie pozbawiony ten, kto nie spo\u017cywa Cia\u0142a Pana naszego i nie pije Krwi Jego. A przecie\u017c to wszystko dzieje si\u0119 nie inaczej, jak przez r\u0119ce kap\u0142ana. Jak wi\u0119c kto bez nich uniknie ognia piekielnego, jak zdob\u0119dzie przygotowane wie\u0144ce?<\/em><\/p>\n\n\n\n<p><\/p>\n\n\n\n<figure class=\"wp-block-image\"><a href=\"http:\/\/rafalk-elblag.pl\/wp-content\/uploads\/2021\/08\/ogloszenia-parafialne-baner-01a.jpg\"><img loading=\"lazy\" decoding=\"async\" width=\"720\" height=\"232\" src=\"http:\/\/rafalk-elblag.pl\/wp-content\/uploads\/2021\/08\/ogloszenia-parafialne-baner-01a.jpg\" alt=\"\" class=\"wp-image-4410\" srcset=\"https:\/\/rafalk-elblag.pl\/wp-content\/uploads\/2021\/08\/ogloszenia-parafialne-baner-01a.jpg 720w, https:\/\/rafalk-elblag.pl\/wp-content\/uploads\/2021\/08\/ogloszenia-parafialne-baner-01a-300x97.jpg 300w\" sizes=\"auto, (max-width: 720px) 100vw, 720px\" \/><\/a><\/figure>\n\n\n\n<h1 class=\"wp-block-heading\">Og\u0142oszenia parafialne 28.05.2023r<\/h1>\n\n\n\n<ol class=\"wp-block-list\"><li><strong>Dzisiaj Uroczysto\u015b\u0107 Zes\u0142ania Ducha \u015awi\u0119tego<\/strong>, a zarazem dzie\u0144, w kt\u00f3rym mo\u017cemy uzyska\u0107 ODPUST ZUPE\u0141NY pod zwyk\u0142ymi warunkami i za udzia\u0142 w publicznym \u015bpiewie lub recytacji hymnu:<strong> \u201eO Stworzycielu, Duchu przyjd\u017a\u201d.<\/strong><\/li><li><strong>Przed nami ostatnie dni maja<\/strong>. Zapraszamy na ostatnie nabo\u017ce\u0144stwa ku czci Naj\u015bwi\u0119tszej Maryi Panny, tzw. <strong>\u201eMAJOWE<\/strong><em><strong>\u201d: <\/strong><\/em><em>o godz. 17:30. Dzieci we wtorek o godz.16:30.<\/em><\/li><li><strong>Przez ca\u0142y czerwiec po Mszy \u015bw. o godz. 18:00 odprawiane b\u0119dzie Nabo\u017ce\u0144stwo Eucharystyczne ku czci Naj\u015bwi\u0119tszego Serca Pana Jezusa. Zapraszamy do wsp\u00f3lnego odmawiania Litanii przed Naj\u015bwi\u0119tszym Sakramentem.<\/strong><\/li><li>W poniedzia\u0142ek 29 maja bezpo\u015brednio po Mszy \u015bw. wieczornej odb\u0119dzie si\u0119 spotkanie os\u00f3b pierwszego roku przygotowuj\u0105cych si\u0119 do sakramentu bierzmowania.<\/li><li>W najbli\u017cszy czwartek przypada <strong>DZIE\u0143 DZIECKA.<\/strong> Tego dnia dzieci b\u0119d\u0105 mia\u0142y swoje nabo\u017ce\u0144stwo o godz. 16:30. Zako\u0144czone indywidualnym b\u0142ogos\u0142awie\u0144stwem.<\/li><\/ol>\n\n\n\n<p><em>Serdecznie zapraszamy dzieci i rodzic\u00f3w.<\/em><\/p>\n\n\n\n<ol class=\"wp-block-list\" start=\"6\"><li>W tym tygodniu przypada pierwszy czwartek, pi\u0105tek i sobota miesi\u0105ca.<\/li><\/ol>\n\n\n\n<ul class=\"wp-block-list\"><li><strong>w pierwszy czwartek (1.06.)<\/strong> b\u0119dziemy modli\u0107 si\u0119 o \u015bwi\u0119to\u015b\u0107 kap\u0142an\u00f3w oraz o liczne i \u015bwi\u0119te powo\u0142ania kap\u0142a\u0144skie, zakonne i misyjne z naszej parafii. <strong>Zapraszam na ,,Godzin\u0119 \u015awi\u0119t\u0105\u201d<\/strong> po Mszy \u015bw. wieczorowej. Modlic si\u0119 te\u017c b\u0119dziemy<em> za kap\u0142an\u00f3w tutaj pos\u0142uguj\u0105cych, za nowo wy\u015bwieconych <\/em><em><strong>DIAKON\u00d3W I KAP\u0141AN\u00d3W<\/strong><\/em>a szczeg\u00f3lnie w intencji ks. Neoprezbitera Krzysztofa Lewandowskiego.<\/li><\/ul>\n\n\n\n<p><em>Do wsp\u00f3lnej modlitwy zapraszam Apostolat Margaretka.<\/em><\/p>\n\n\n\n<ul class=\"wp-block-list\"><li><strong>W czwartek 1 czerwca br. obchodzimy w Ko\u015bciele \u015aWI\u0118TO JEZUSA CHRYSTUSA NAJWY\u017bSZEGO I WIECZNEGO KAP\u0141ANA.<\/strong> Tego dnia podczas Mszy \u015bw. o godz. 18:00 ksi\u0119\u017ca pos\u0142uguj\u0105cy w naszej parafii z okazji rocznicy \u015bwi\u0119ce\u0144 dzi\u0119kowa\u0107 b\u0119d\u0105 za otrzymany dar kap\u0142a\u0144stwa.<em><u> Pami\u0119tajmy w naszych modlitwach o wszystkich powo\u0142anych do s\u0142u\u017cby w Ko\u015bciele.<\/u><\/em><\/li><li><strong>przed pierwszym pi\u0105tkiem miesi\u0105ca<\/strong> <strong>(2.06.)<\/strong> zapraszamy do spowiedzi dzieci z klas IV wed\u0142ug ustalonego porz\u0105dku tj.: poniedzia\u0142ek od godz. 17:30 klasa IVA, wtorek od godz. 17:30 klasa IVB \u015broda od godz. 17:30 klasa IVC, czwartek od godz. 17:30 klasa IVD; <strong>w pierwszy pi\u0105tek<\/strong> od godz. 16:00 pozosta\u0142e dzieci z innych klas. <strong>Msza \u015bw. dla wszystkich dzieci w pierwszy pi\u0105tek 2 czerwca o godz. 16:30. <\/strong><em>Natomiast <\/em><em>spowied\u017a dla doros\u0142ych i m\u0142odzie\u017cy od godz. 17:30. Msza \u015bw. Wotywna o godz. 18:00.<\/em><\/li><\/ul>\n\n\n\n<p><strong>UWAGA!!! Kap\u0142ani w tym dniu udadz\u0105 si\u0119 do swoich chorych od godz. 9:30.<\/strong><\/p>\n\n\n\n<ul class=\"wp-block-list\"><li><strong>w pierwsz\u0105 sobot\u0119 (3.06.)<\/strong> przed Msz\u0105 \u015bw. o godz. 17:00 nabo\u017ce\u0144stwo wynagradzaj\u0105ce Niepokalanemu Sercu Maryi za zniewagi grzesznik\u00f3w. <em>Tego dnia zmiana tajemnic.<\/em><\/li><\/ul>\n\n\n\n<ol class=\"wp-block-list\" start=\"7\"><li><strong>INFORMUJEMY, \u017ce od 28 maja 2023 roku do ko\u0144ca sierpnia nie b\u0119dzie Mszy \u015bw. niedzielnej o godz. 15:00. <\/strong>Koronka do Bo\u017cego Mi\u0142osierdzia pozostaje bez zmian, czyli w ka\u017cd\u0105 Niedziel\u0119 o godz. 15:00. <em>Zapraszamy.<\/em><\/li><li><strong>IDZIEMY DO KINA!!!<\/strong> Na wyj\u0105tkowy film <strong>\u201eNIEBO NIE MO\u017bE CZEKA\u0106\u201d. Historia Carla Acutisa. <\/strong>Opowiada on o zmar\u0142ym kilkana\u015bcie lat temu nastolatku, kt\u00f3ry w 2020 roku zosta\u0142 og\u0142oszony b\u0142ogos\u0142awionym. To film mi\u0119dzypokoleniowy, kt\u00f3ry wzruszy zar\u00f3wno dzieci i m\u0142odzie\u017c, jak te\u017c rodzic\u00f3w i dziadk\u00f3w. Dlatego gor\u0105co zach\u0119cam by do kina wybra\u0107 si\u0119 rodzinnie, a przede wszystkim zaprosi\u0107 na seans swoje dorastaj\u0105ce dzieci.<strong> Wyj\u015bcie jako parafia do <\/strong><em><strong>Multikina \u2013 Ogrody 30 maja br. (wtorek) na godz. 19:30.<\/strong><\/em><\/li><\/ol>\n\n\n\n<p><em><u>Tradycyjnie p\u0142acimy przy wej\u015bciu do kina.<\/u><\/em> <strong>Cena biletu 12 z\u0142.<\/strong><\/p>\n\n\n\n<ol class=\"wp-block-list\" start=\"9\"><li>Zach\u0119cam do nabywania \u201eGo\u015bcia Niedzielnego\u201d <strong>z dodatkiem<\/strong> <strong>\u201eGo\u015b\u0107 Elbl\u0105ski\u201d<\/strong> a w nim wydarzenia z diecezji.<\/li><\/ol>\n\n\n\n<p><\/p>\n\n\n\n<figure class=\"wp-block-image\"><img decoding=\"async\" src=\"http:\/\/rafalk-elblag.pl\/wp-content\/uploads\/2020\/04\/baner-intencje-mszy.jpg\" alt=\"\"\/><\/figure>\n\n\n\n<h1 class=\"wp-block-heading\">Intencje mszalne 21.05.2023r<br><\/h1>\n\n\n\n<p><strong>PONIEDZIA\u0141EK \/ 29 maja 2023 r. \/ \u015awieto Naj\u015bwi\u0119tszej Maryi Panny, Matki Ko\u015bcio\u0142a<br>J 2,1-11 albo<br>J 19,25-27<\/strong><br>8.00 \u015bp. Cecylia Lewandowska (26 greg.)<br>18.00 \u015bp. Franciszek (w 4 rocznic\u0119 \u015bmierci) i zmarli z rodziny Binkowskich<br>18.00 Za dusze w czy\u015b\u0107cu cierpi\u0105ce<\/p>\n\n\n\n<p><strong>WTOREK \/ 30 maja 2023 r. \/ \u015bw. Jana Sarkandra<br>Mk 10,28-31<\/strong><br>8.00 \u015bp. Jerzy Ciesielski (intencja od s\u0105siad\u00f3w i przyjaci\u00f3\u0142)<br>18.00 \u015bp. Cecylia Lewandowska (27 greg.)<br>18.00 O zdrowie i Bo\u017ce b\u0142. dla Wies\u0142awy [k], a dla Sebastiana i Sandry o \u017cyw\u0105 wiar\u0119 i dary Ducha \u015awi\u0119tego<\/p>\n\n\n\n<p><strong>\u015aRODA \/ 31 maja 2023 r. \/ \u015awi\u0119to Nawiedzenia Naj\u015bwi\u0119tszej Maryi Panny<br>\u0141k 1,39-56<\/strong><br>8.00 \u015bp. Halina Bugajska (3 rocznica \u015bmierci) i zmarli z rodziny<br>18.00 Dzi\u0119kczynna w 20 rocznic\u0119 \u015blubu Iwony i Wojciecha Laskowskich z pro\u015bb\u0105 o Bo\u017ce b\u0142. i opiek\u0119 Matki Bo\u017cej Szkaplerznej dla ca\u0142ej rodziny<br>18.00 \u015bp. Stanis\u0142aw Kachnowicz (w 30 rocznic\u0119 \u015bmierci) i zmarli z rodziny<br>18.00 \u015bp. Cecylia Lewandowska (28 greg.)<\/p>\n\n\n\n<p><strong>CZWARTEK \/ 1 czerwca 2023 r. \/ \u015awi\u0119to Jezusa Chrystusa Najwy\u017cszego i Wiecznego Kap\u0142ana<br>Mk 26,36-42<\/strong><br>8.00 \u015bp. Cecylia Lewandowska (29 greg.)<br>8.00 Dzi\u0119kczynna w 70 urodziny W\u0142odzimierza S\u0142omi\u0144skiego z pro\u015bb\u0105 o Bo\u017ce b\u0142. i potrzebne \u0142aski<br>18.00 Dzi\u0119kczynna w rocznic\u0119 \u015bwi\u0119ce\u0144 kap\u0142a\u0144skich ks. Proboszcza (29), ks. Mariana (22), ks. Sylwestra (7)<br>18.00 Msza \u015bw. z pro\u015bb\u0105 o b\u0142. dla 9-ciorga wnuk\u00f3w i \u0142ask\u0119 nawr\u00f3cenia dla Ma\u0142gorzaty i Jakuba oraz umocnienie ich w wierze<br>18.00 W intencji powo\u0142a\u0144<\/p>\n\n\n\n<p><strong>PI\u0104TEK \/ 2 czerwca 2023 r. \/ I pi\u0105tek miesi\u0105ca<br>Mk 11,11-25<\/strong><br>8.00 \u015bp. Genowefa Rze\u017anikiewicz (w 5 rocznic\u0119 \u015bmierci)<br>16.30 W intencji wynagradzaj\u0105cej Naj\u015bwi\u0119tszemu Sercu Pana Jezusa<br>18.00 \u015bp. Bronis\u0142awa [k] Wawryszuk (10 rocznica \u015bmierci), Piotr Wawryszuk, zmarli z rodziny Wawryszuk, Marchalewskich i Korzeniewskich<br>18.00 \u015bp. Cecylia Lewandowska (30 greg.)<\/p>\n\n\n\n<p><strong>SOBOTA \/ 3 czerwca 2023 r. \/ \u015bw. Karola Lwangi i Towarzyszy<br>Mk 11,27-33<\/strong><br>8.00 Za m\u0119\u017ca \u015bp. Adama i wszystkich zmar\u0142ych z rodziny Zuli\u0144skich<br>8.00 \u015bp. Wac\u0142awa [k], Leon \u017bbikowscy<br>18.00 Za ca\u0142\u0105 nasz\u0105 parafi\u0119 a szczeg\u00f3lnie za dzieci i m\u0142odzie\u017c, aby w zbli\u017caj\u0105cych si\u0119 wakacjach umieli korzysta\u0107 z \u0142aski Bo\u017cej (prosi R\u00f3\u017ca Matki Bo\u017cej Nadziei)<\/p>\n\n\n\n<p><strong>NIEDZIELA NAJ\u015aWI\u0118TSZEJ TR\u00d3JCY<br>4 czerwca 2023 r.<br>J 3,16-18<\/strong><br>8.00 \u015bp. Miros\u0142aw Sowi\u0144ski<br>10.00 \u015bp. Wojciech Juchnowicz (w 7 rocznic\u0119 \u015bmierci), Czes\u0142aw i Jadwiga<br>12.00 W intencji Parafian<br>18.00 Dzi\u0119kczynna z okazji urodzin Henryka i Anny, z pro\u015bb\u0105 o potrzebne \u0142aski oraz opiek\u0119 Matki Bo\u017cej Szkaplerznej<br>18.00 O do\u015bwiadczenie Bo\u017cej mi\u0142o\u015bci dla Karoliny i Sebastiana<\/p>\n","protected":false},"excerpt":{"rendered":"<p>Ewangelia (J 7, 37-39) Strumienie wody \u017cywej S\u0142owa Ewangelii wed\u0142ug \u015awi\u0119tego Jana W ostatnim, najbardziej uroczystym dniu \u015awi\u0119ta Namiot\u00f3w Jezus wsta\u0142 i zawo\u0142a\u0142 dono\u015bnym g\u0142osem: \u00abJe\u015bli kto\u015b jest spragniony, a wierzy we Mnie \u2013 niech przyjdzie do Mnie i pije! Jak rzek\u0142o Pismo: Rzeki wody \u017cywej pop\u0142yn\u0105 z jego wn\u0119trza\u00bb. A powiedzia\u0142 to o Duchu, [&hellip;]<\/p>\n","protected":false},"author":1,"featured_media":4970,"comment_status":"closed","ping_status":"closed","sticky":false,"template":"","format":"standard","meta":{"ngg_post_thumbnail":0,"footnotes":""},"categories":[11,8,4,3],"tags":[],"class_list":["post-4969","post","type-post","status-publish","format-standard","has-post-thumbnail","hentry","category-aktualnosci","category-blog","category-intencje","category-ogloszenia"],"_links":{"self":[{"href":"https:\/\/rafalk-elblag.pl\/index.php?rest_route=\/wp\/v2\/posts\/4969","targetHints":{"allow":["GET"]}}],"collection":[{"href":"https:\/\/rafalk-elblag.pl\/index.php?rest_route=\/wp\/v2\/posts"}],"about":[{"href":"https:\/\/rafalk-elblag.pl\/index.php?rest_route=\/wp\/v2\/types\/post"}],"author":[{"embeddable":true,"href":"https:\/\/rafalk-elblag.pl\/index.php?rest_route=\/wp\/v2\/users\/1"}],"replies":[{"embeddable":true,"href":"https:\/\/rafalk-elblag.pl\/index.php?rest_route=%2Fwp%2Fv2%2Fcomments&post=4969"}],"version-history":[{"count":1,"href":"https:\/\/rafalk-elblag.pl\/index.php?rest_route=\/wp\/v2\/posts\/4969\/revisions"}],"predecessor-version":[{"id":4971,"href":"https:\/\/rafalk-elblag.pl\/index.php?rest_route=\/wp\/v2\/posts\/4969\/revisions\/4971"}],"wp:featuredmedia":[{"embeddable":true,"href":"https:\/\/rafalk-elblag.pl\/index.php?rest_route=\/wp\/v2\/media\/4970"}],"wp:attachment":[{"href":"https:\/\/rafalk-elblag.pl\/index.php?rest_route=%2Fwp%2Fv2%2Fmedia&parent=4969"}],"wp:term":[{"taxonomy":"category","embeddable":true,"href":"https:\/\/rafalk-elblag.pl\/index.php?rest_route=%2Fwp%2Fv2%2Fcategories&post=4969"},{"taxonomy":"post_tag","embeddable":true,"href":"https:\/\/rafalk-elblag.pl\/index.php?rest_route=%2Fwp%2Fv2%2Ftags&post=4969"}],"curies":[{"name":"wp","href":"https:\/\/api.w.org\/{rel}","templated":true}]}}