{"id":4965,"date":"2023-05-21T18:39:00","date_gmt":"2023-05-21T18:39:00","guid":{"rendered":"http:\/\/rafalk-elblag.pl\/?p=4965"},"modified":"2023-05-22T19:03:30","modified_gmt":"2023-05-22T19:03:30","slug":"ogloszenia-21-05-2023-uroczystosc-wniebowstapienia-panskiego","status":"publish","type":"post","link":"https:\/\/rafalk-elblag.pl\/?p=4965","title":{"rendered":"Og\u0142oszenia 21.05.2023, Uroczysto\u015b\u0107 Wniebowst\u0105pienia Pa\u0144skiego"},"content":{"rendered":"\n<figure class=\"wp-block-embed is-type-video is-provider-youtube wp-block-embed-youtube wp-embed-aspect-16-9 wp-has-aspect-ratio\"><div class=\"wp-block-embed__wrapper\">\n<iframe loading=\"lazy\" title=\"dlaczego wpatrujecie si\u0119 w NIEBO ?\" width=\"900\" height=\"506\" src=\"https:\/\/www.youtube.com\/embed\/TZsaki-mSsk?feature=oembed\" frameborder=\"0\" allow=\"accelerometer; autoplay; clipboard-write; encrypted-media; gyroscope; picture-in-picture; web-share\" allowfullscreen><\/iframe>\n<\/div><\/figure>\n\n\n\n<h2 class=\"wp-block-heading\">Ewangelia (Mt 28, 16-20)<\/h2>\n\n\n\n<h4 class=\"wp-block-heading\"><em>Dana Mi jest wszelka w\u0142adza w niebie i na ziemi<\/em><\/h4>\n\n\n\n<p><strong>S\u0142owa Ewangelii wed\u0142ug \u015awi\u0119tego Mateusza<\/strong><\/p>\n\n\n\n<p>Jedenastu uczni\u00f3w uda\u0142o si\u0119 do Galilei, na g\u00f3r\u0119, tam gdzie Jezus im poleci\u0142. A gdy Go ujrzeli, oddali Mu pok\u0142on. Niekt\u00f3rzy jednak w\u0105tpili. Wtedy Jezus podszed\u0142 do nich i przem\u00f3wi\u0142 tymi s\u0142owami:<\/p>\n\n\n\n<p>\u00abDana Mi jest wszelka w\u0142adza w niebie i na ziemi. Id\u017acie wi\u0119c i nauczajcie wszystkie narody, udzielaj\u0105c im chrztu w imi\u0119 Ojca i Syna, i Ducha \u015awi\u0119tego. Uczcie je zachowywa\u0107 wszystko, co wam przykaza\u0142em. A oto Ja jestem z wami przez wszystkie dni, a\u017c do sko\u0144czenia \u015bwiata\u00bb.<\/p>\n\n\n\n<p><\/p>\n\n\n\n<h2 class=\"wp-block-heading\"><strong>Wn\u0119trze ko\u015bcio\u0142a: <strong>Tabernakulum<\/strong><\/strong><\/h2>\n\n\n\n<p> <em>Tabernakulum<\/em> (z \u0142aciny <em>namiot<\/em>) \u2013 tak od XIII wieku okre\u015blano wisz\u0105ce naczynia w r\u00f3\u017cnych formach s\u0142u\u017c\u0105ce do przechowywania Naj\u015bwi\u0119tszego Sakramentu. Wcze\u015bniej te miejsca okre\u015blano innymi \u0142aci\u0144skimi terminami.W formach przechowywania konsekrowanych Hostii mo\u017cna wyr\u00f3\u017cni\u0107 kilka etap\u00f3w.<\/p>\n\n\n\n<p>Pierwszym z nich si\u0119ga staro\u017cytno\u015bci. \u015aw. Tertulian wspomina, \u017ce Naj\u015bwi\u0119tsze Cia\u0142o Pana Jezusa pod postaci\u0105 chleba przechowywano wtedy w prywatnych domach. Zwyczaj ten by\u0142 znany ju\u017c w po\u0142owie II wieku. Nale\u017cy przy tym pami\u0119ta\u0107, \u017ce chrze\u015bcijanie wtedy nie posiadali swoich \u015bwi\u0105ty\u0144, a Eucharysti\u0119 sprawowano w\u0142a\u015bnie w domach prywatnych. Pierwszym celem i motywem dla jakiego zacz\u0119to przechowywa\u0107 konsekrowane Hostie by\u0142a ch\u0119\u0107 przyj\u0119cia Komunii \u015bw. przez umieraj\u0105cych (wiatyk). Zwyczaj przechowywania Naj\u015bwi\u0119tszego Sakramentu w domach zanika w V wieku \u2013 szczeg\u00f3lnie przyczyni\u0142 si\u0119 do tego edykt mediola\u0144ski (313 r.), kt\u00f3ry da\u0142 chrze\u015bcijanom mo\u017cliwo\u015b\u0107 wznoszenia \u015bwi\u0105ty\u0144.<\/p>\n\n\n\n<p>Kolejn\u0105 faz\u0105 w dziejach przechowywania Naj\u015bwi\u0119tszego Sakramentu by\u0142o gromadzenie go w pomieszczeniach przylegaj\u0105cych do prezbiterium. Pomieszczenia te pe\u0142ni\u0142y rodzaj kaplicy w kt\u00f3rych cz\u0119sto opr\u00f3cz konsekrowanych Hostii przechowywano tak\u017ce relikwie \u015bwi\u0119tych. Pomieszczenia te, nosz\u0105ce r\u00f3\u017cne nazwy zale\u017cnie od regionu (na Zachodzie najcz\u0119\u015bciej: sacrarium), przybiera\u0142y zazwyczaj form\u0119 niewielkiej rotundy przykrytej kopu\u0142\u0105, co stanowi\u0142o wyra\u017anie nawi\u0105zanie do rotundy wzniesionej przez cesarza Konstantyna nad Grobem Pa\u0144skim w Jerozolimie. Skojarzenie by\u0142o do\u015b\u0107 oczywiste: oto jest miejsce, w kt\u00f3rym spoczywa Cia\u0142o Pa\u0144skie. Cz\u0119sto nad miejscem przechowywania konstruowano zawieszany lub wsparty na kolumnach baldachim, kt\u00f3ry w\u0142a\u015bnie wtedy zacz\u0119to nazywa\u0107 tabernaculum (\u0142ac. namiot). W tym czasie (VI i VII wiek) synody zakaza\u0142y dost\u0119pu do \u015bwi\u0119tych naczy\u0144 osobom bez \u015bwi\u0119ce\u0144.<\/p>\n\n\n\n<p>Prze\u0142omowy moment nast\u0119puje w IX wieku, kiedy miejscem przechowywania Naj\u015bwi\u0119tszego Sakramentu, systematycznie staje si\u0119 szafka umieszczona na g\u0142\u00f3wnym o\u0142tarzu. W ten spos\u00f3b ukazano, \u017ce na o\u0142tarzu zawsze znajduje si\u0119 ofiara, a wiec prawdziwe Cia\u0142o Pana Jezusa, kt\u00f3re On wyda\u0142 za nas na krzy\u017cu. Motywem umieszczenia tabernakulum na o\u0142tarzu sta\u0142 si\u0119 wzrastaj\u0105cy szacunek do o\u0142tarza jako miejsca sprawowania Eucharystii.<\/p>\n\n\n\n<p>Sob\u00f3r Watyka\u0144ski II przyni\u00f3s\u0142 zmiany w liturgii rozdzielaj\u0105c miejsce sprawowania Eucharystii od miejsca Jej przechowywania. Obecnie przepisy zezwalaj\u0105 na umieszczenie tabernakulum zar\u00f3wno w o\u0142tarzu g\u0142\u00f3wnym, jak i bocznym.<\/p>\n\n\n\n<p>II Sob\u00f3r Watyka\u0144ski wprowadzi\u0142 zmian\u0119 w kwestii umiejscowienia tabernakulum. Zauwa\u017cono potrzeb\u0119 kszta\u0142towania przestrzeni w ko\u015bciele i uznano, \u017ce tabernakulum powinno by\u0107 umieszczone w miejscu, kt\u00f3re sprzyja modlitwie, czyli centrum o\u0142tarza lub w jednym z o\u0142tarzy bocznych. Niemniej jednak miejsce przechowywania powinno by\u0107 odpowiednio godne i zdobne, powinno dawa\u0107 mo\u017cliwo\u015b\u0107 skupienia podczas adoracji oraz powinno by\u0107 w widocznym miejscu, tak by wierni nie mieli problemu<br>z jego odnalezieniem. Dodatkowo tabernakulum powinno by\u0107 przytwierdzone na sta\u0142e do \u015bciany lub pod\u0142o\u017ca, wykonane z cennego kruszcu i zamykane na klucz.<\/p>\n\n\n\n<p>Elementem towarzysz\u0105cym tabernakulum jest tzw. &#8222;wieczna lampka&#8221;. Zacz\u0119to j\u0105 umieszcza\u0107 przy tabernakulum w&nbsp;XII wieku, jako znak nieustannej obecno\u015bci Boga w&nbsp;\u015bwi\u0119tych postaciach, a&nbsp;tak\u017ce jako informacja dla&nbsp;wiernych, gdzie w&nbsp;\u015bwi\u0105tyni znajduje si\u0119 Naj\u015bwi\u0119tszy Sakrament.<\/p>\n\n\n\n<p>We wprowadzeniu do Msza\u0142u Rzymskiego czytamy: \u201eNaj\u015bwi\u0119tszy Sakrament nale\u017cy przechowywa\u0107 w jednym tabernakulum nieruchomym, mocnym i nieprzezroczystym\u201d. Zechciejmy spojrze\u0107 na ten przepis liturgiczny. Tabernakulum ma by\u0107 nieruchome i mocne. Ma to znaczenie nie tylko ze wzgl\u0119du na bezpiecze\u0144stwo kradzie\u017cy czy profanacji. Symbolizuje to tak\u017ce sta\u0142o\u015b\u0107 i trwa\u0142o\u015b\u0107 obecno\u015bci Boga Wcielonego, obecno\u015bci w Naj\u015bwi\u0119tszym Sakramencie. Tabernakulum ma by\u0107 tak\u017ce nieprzezroczyste. B\u00f3g Wcielony, Pan Jezus Chrystus \u017cyje po\u015br\u00f3d nas w spos\u00f3b ukryty. To Jego ukrycie jest zaproszeniem dla nas aby\u015bmy Go poszukiwali i uczyli si\u0119 widzie\u0107 oczami naszej duszy.<\/p>\n\n\n\n<p>Patrz\u0105c na tabernakulum i na naczynia z eucharystycznym Jezusem powinni\u015bmy chyba zapyta\u0107: a czy w moim sercu mieszka B\u00f3g? Czy ludzie rozpoznaj\u0105 Go w mnie? Wielkie wyzwanie i cz\u0119sto wielki wyrzut sumienia. Mogliby\u015bmy by\u0107 jak tabernakulum. A co w swoich sercach przechowujemy?<\/p>\n\n\n\n<p><\/p>\n\n\n\n<figure class=\"wp-block-image\"><a href=\"http:\/\/rafalk-elblag.pl\/wp-content\/uploads\/2021\/08\/ogloszenia-parafialne-baner-01a.jpg\"><img loading=\"lazy\" decoding=\"async\" width=\"720\" height=\"232\" src=\"http:\/\/rafalk-elblag.pl\/wp-content\/uploads\/2021\/08\/ogloszenia-parafialne-baner-01a.jpg\" alt=\"\" class=\"wp-image-4410\" srcset=\"https:\/\/rafalk-elblag.pl\/wp-content\/uploads\/2021\/08\/ogloszenia-parafialne-baner-01a.jpg 720w, https:\/\/rafalk-elblag.pl\/wp-content\/uploads\/2021\/08\/ogloszenia-parafialne-baner-01a-300x97.jpg 300w\" sizes=\"auto, (max-width: 720px) 100vw, 720px\" \/><\/a><\/figure>\n\n\n\n<h1 class=\"wp-block-heading\">Og\u0142oszenia parafialne 21.05.2023r<\/h1>\n\n\n\n<ol class=\"wp-block-list\"><li>Wczoraj w naszej wsp\u00f3lnocie parafialnej<strong> prze\u017cywali\u015bmy UROCZYSTO\u015a\u0106 PIERWSZEJ KOMUNII \u015aWI\u0118TEJ. Przez ca\u0142y tydzie\u0144 dzieci uczestniczy\u0107 b\u0119d\u0105 w nabo\u017ce\u0144stwie majowym o godz. 17:30 i we Mszy \u015bw. o godz. 18:00, w ramach tzw. BIA\u0141EGO TYGODNIA. <\/strong><em>Otoczmy je modlitw\u0105 i pro\u015bmy Boga by mia\u0142y dobry przyk\u0142ad w swoich rodzinach. Wszystkie pozosta\u0142e dzieci zapraszamy w tym tygodniu na Nabo\u017ce\u0144stwo majowe o godz. 17:30.<\/em><\/li><li>Zapraszam rodzic\u00f3w, kt\u00f3rych dzieci b\u0119d\u0105 prze\u017cywa\u0142y w tym roku <strong>ROCZNIC\u0118 I KOMUNII \u015aWI\u0118TEJ<\/strong> na spotkanie do ko\u015bcio\u0142a: 22 maja br. (poniedzia\u0142ek) o godz. 19.00. <strong>Prosz\u0119 o zabranie ksi\u0105\u017ceczki dziecka od pierwszych pi\u0105tk\u00f3w miesi\u0105ca<\/strong>.<\/li><li>Przypominam, \u017ce w pi\u0105tek <strong>26 maja obchodzimy DZIE\u0143 MATKI.<\/strong> Podzi\u0119kujmy naszym <strong>MAMOM<\/strong> za dar \u017cycia i okazywan\u0105 nam mi\u0142o\u015b\u0107 poprzez udzia\u0142 w nabo\u017ce\u0144stwie majowym o godz. 17:30.<\/li><li><strong>W sobot\u0119, 27 maja o godz. 10.00 w Katedrze Elbl\u0105skiej prze\u017cywa\u0107 b\u0119dziemy wa\u017cne wydarzenie &#8211; \u015aWI\u0118CENIA KAP\u0141A\u0143SKIE przyjmie 7 DIAKON\u00d3W. W\u015br\u00f3d nich jest nasz parafianin diakon Krzysztof LEWANDOWSKI. Msz\u0119 \u015awi\u0119t\u0105 Prymicyjn\u0105 odprawi On w NIEDZIEL\u0118 28 MAJA O GODZ. 13:00. <\/strong>W<em><u> zwi\u0105zku z powy\u017cszym wydarzeniem nie b\u0119dzie Mszy \u015bwi\u0119tej o godz. 12:00.<\/u><\/em><\/li><li><em>W imieniu Neoprezbitera Krzysztofa zapraszam parafian do wzi\u0119cia udzia\u0142u w tak wyj\u0105tkowej uroczysto\u015bci. <\/em><em><strong>Pami\u0119tajmy w modlitwie o nowo wy\u015bwieconym kap\u0142anie. Pro\u015bmy dla Niego o wszelkie potrzebne \u0142aski.<\/strong><\/em><\/li><li><strong>INFORMUJEMY, \u017ce od 28 maja 2023 roku do ko\u0144ca sierpnia nie b\u0119dzie Mszy \u015bw. niedzielnej o godz. 15:00. Koronka do Bo\u017cego Mi\u0142osierdzia pozostaje bez zmian, czyli w ka\u017cd\u0105 Niedziel\u0119 o godz. 15:00. <\/strong><em>Zapraszamy.<\/em><\/li><li>Szczeg\u00f3ln\u0105 okazj\u0105 do modlitwy w intencji kandydat\u00f3w do <strong>BIERZMOWANIA<\/strong> jest trwaj\u0105ca <strong>NOWENNA PRZED UROCZYSTO\u015aCI\u0104 ZES\u0141ANIA DUCHA \u015aWI\u0118TEGO<\/strong>, po\u0142\u0105czona z nabo\u017ce\u0144stwem majowym o godz. 17:30.<\/li><\/ol>\n\n\n\n<p>Uroczystym zwie\u0144czeniem tego czasu b\u0119dzie <strong>WIGILIA ZES\u0141ANIA DUCHA \u015aWI\u0118TEGO<\/strong> w sobot\u0119 27 maja od godz. 19:00 do godz. 21:00 na kt\u00f3r\u0105 <strong>zapraszamy Wsp\u00f3lnoty i Wiernych naszej parafii.<\/strong><\/p>\n\n\n\n<ol class=\"wp-block-list\" start=\"8\"><li><strong>IDZIEMY DO KINA!!!<\/strong> Od 19 maja na ekranach polskich kin mo\u017cna ogl\u0105da\u0107 wyj\u0105tkowy film <strong>\u201eNIEBO NIE MO\u017bE CZEKA\u0106\u201d. Historia Carla Acutisa. <\/strong>Opowiada on o zmar\u0142ym kilkana\u015bcie lat temu nastolatku, kt\u00f3ry w 2020 roku zosta\u0142 og\u0142oszony b\u0142ogos\u0142awionym. Jest On patronem m\u0142odzie\u017cy i internetu, a jego kult rozwija si\u0119 b\u0142yskawicznie, szczeg\u00f3lnie w\u015br\u00f3d m\u0142odych ludzi. To film mi\u0119dzypokoleniowy, kt\u00f3ry wzruszy zar\u00f3wno dzieci i m\u0142odzie\u017c, jak te\u017c rodzic\u00f3w i dziadk\u00f3w. Dlatego gor\u0105co zach\u0119cam by do kina wybra\u0107 si\u0119 rodzinnie, a przede wszystkim zaprosi\u0107 na seans swoje dorastaj\u0105ce dzieci.<strong> Przyk\u0142ad Carla Acutisa naprawd\u0119 dzia\u0142a na m\u0142odych ludzi. <\/strong><em><strong>Cena biletu 12 z\u0142.<\/strong><\/em> <strong>Wyj\u015bcie jako parafia do <\/strong><em><strong>Multikina \u2013Ogrody 30 maja br. (wtorek) na godz. 19.30.<\/strong><\/em> <em><u>Tradycyjnie p\u0142acimy przy wej\u015bciu do kina.<\/u><\/em><\/li><\/ol>\n\n\n\n<ol class=\"wp-block-list\" start=\"9\"><li>Pan powo\u0142a\u0142 do wieczno\u015bci : <br><strong>\u2020 \u015bp. Bart\u0142omieja CZ\u0118\u015aCIK<\/strong> lat 41 z ul. Sobieskiego<\/li><\/ol>\n\n\n\n<p><\/p>\n\n\n\n<figure class=\"wp-block-image\"><img decoding=\"async\" src=\"http:\/\/rafalk-elblag.pl\/wp-content\/uploads\/2020\/04\/baner-intencje-mszy.jpg\" alt=\"\"\/><\/figure>\n\n\n\n<h1 class=\"wp-block-heading\">Intencje mszalne 21.05.2023r<br><\/h1>\n\n\n\n<p><strong>PONIEDZIA\u0141EK \/ 22 maja 2023 r.<br>\u015bw. Rity z Cascii<br>J 16, 29-33<\/strong><br>8.00 \u015bp. Cecylia Lewandowska (19 greg.)<br>18.00 \u015bp. Helena i Wincenty Kokoszka oraz zmarli z tej rodziny<br>18.00 \u015bp. Beata Mazur (6 miesi\u0105c po \u015bmierci)<\/p>\n\n\n\n<p><strong>WTOREK \/ 23 maja 2023 r.<br>Naj\u015bwi\u0119tszej Maryi Panny Wspomo\u017cycielki Wiernych<br>J 17, 1-11a<\/strong><br>8.00 \u015bp. Cecylia Lewandowska (20 greg.)<br>18.00 \u015bp. Tadeusz Gutowski (w 2 rocznic\u0119 \u015bmierci), zmarli rodzice: Gutowscy i Jaworscy<br>18.00 \u015bp. Teresa G\u00f3rna<\/p>\n\n\n\n<p><strong>\u015aRODA \/ 24 maja 2023 r.<br>J 17, 11b-19<\/strong><br>8.00 \u015bp. Kazimiera [k] i Jan Usikowie<br>18.00 \u015bp. J\u00f3zef Kubisiak (w 3 rocznic\u0119 \u015bmierci) oraz zmarli z rodziny Kubisiak, Minkiewicz, Klecha<br>18.00 \u015bp. Cecylia Lewandowska (21 greg.)<\/p>\n\n\n\n<p><strong>CZWARTEK \/ 25 maja 2023 r.<br>J 17, 20-26<\/strong><br>8.00 \u015bp. Cecylia Lewandowska (22 greg.)<br>8.00 \u015bp. Krystyna Putkowska<br>18.00 O Bo\u017ce b\u0142, dary Ducha \u015awi\u0119tego i opiek\u0119 Matki Bo\u017cej dla ks. Arkadiusza Grabowskiego z okazji 28 rocznicy \u015bwi\u0119ce\u0144 kap\u0142a\u0144skich (intencja od Margaretki)<br>18.00 \u015bp. Kazimiera [k] Waszak (16 rocznica \u015bmierci), zmarli z rodziny Waszak i Niedzielskich<\/p>\n\n\n\n<p><strong>PI\u0104TEK \/ 26 maja 2023 r.<br>\u015bw. Filipa Nereusza<br>J 21, 15-19<\/strong><br>8.00 \u015bp. Marianna Humelt (w 6 rocznic\u0119 \u015bmierci) i zmarli z rodziny obojga stron<br>18.00 \u015bp. Krystyna Markiewicz (2 rocznica \u015bmierci), Helena Kapciak i zmarli z rodziny<br>18.00 \u015bp. Cecylia Lewandowska (23 greg.)<\/p>\n\n\n\n<p><strong>SOBOTA \/ 27 maja 2023 r.<br>\u015bw. Augustyna z Canterbury, \u015bw. Paw\u0142a VI<br>J 21, 20-25<\/strong><br>8.00 O Bo\u017ce b\u0142., potrzebne \u0142aski, opiek\u0119 Matki Bo\u017cej Szkaplerznej w pos\u0142udze kap\u0142a\u0144skiej ks. Grzegorza Wali w 6 rocznic\u0119 \u015bwi\u0119ce\u0144 kap\u0142a\u0144skich (intencja od Margaretki)<br>8.00 \u015bp. Cecylia Lewandowska (24 greg.)<br>18.00 \u015bp. Rodzice: Zofia i Jan St\u0119pie\u0144<\/p>\n\n\n\n<p><strong>UROCZYSTO\u015a\u0106 ZES\u0141ANIA DUCHA \u015aWI\u0118TEGO<br>28 maja 2023 r.<br>J 7, 37-39<\/strong><br>8.00 \u015bp. Weronika Druszkowska (19 rocznica \u015bmierci)<br>8.00 \u015bp. Cecylia Lewandowska (25 greg.)<br>10.00 Dzi\u0119kczynna za dar \u017cycia Agaty w 11 urodziny, z pro\u015bb\u0105 o Bo\u017ce b\u0142. i dary Ducha \u015awi\u0119tego<br>13.00 Msza \u015bw. prymicyjna<br>18.00Z okazji 45 rocznicy \u015blubu Urszuli i Stanis\u0142awa Habyk, z pro\u015bb\u0105 o Bo\u017ce b\u0142., potrzebne \u0142aski i opiek\u0119 Matki Bo\u017cej<\/p>\n","protected":false},"excerpt":{"rendered":"<p>Ewangelia (Mt 28, 16-20) Dana Mi jest wszelka w\u0142adza w niebie i na ziemi S\u0142owa Ewangelii wed\u0142ug \u015awi\u0119tego Mateusza Jedenastu uczni\u00f3w uda\u0142o si\u0119 do Galilei, na g\u00f3r\u0119, tam gdzie Jezus im poleci\u0142. A gdy Go ujrzeli, oddali Mu pok\u0142on. Niekt\u00f3rzy jednak w\u0105tpili. Wtedy Jezus podszed\u0142 do nich i przem\u00f3wi\u0142 tymi s\u0142owami: \u00abDana Mi jest wszelka [&hellip;]<\/p>\n","protected":false},"author":1,"featured_media":4966,"comment_status":"closed","ping_status":"closed","sticky":false,"template":"","format":"standard","meta":{"ngg_post_thumbnail":0,"footnotes":""},"categories":[11,8,4,3],"tags":[],"class_list":["post-4965","post","type-post","status-publish","format-standard","has-post-thumbnail","hentry","category-aktualnosci","category-blog","category-intencje","category-ogloszenia"],"_links":{"self":[{"href":"https:\/\/rafalk-elblag.pl\/index.php?rest_route=\/wp\/v2\/posts\/4965","targetHints":{"allow":["GET"]}}],"collection":[{"href":"https:\/\/rafalk-elblag.pl\/index.php?rest_route=\/wp\/v2\/posts"}],"about":[{"href":"https:\/\/rafalk-elblag.pl\/index.php?rest_route=\/wp\/v2\/types\/post"}],"author":[{"embeddable":true,"href":"https:\/\/rafalk-elblag.pl\/index.php?rest_route=\/wp\/v2\/users\/1"}],"replies":[{"embeddable":true,"href":"https:\/\/rafalk-elblag.pl\/index.php?rest_route=%2Fwp%2Fv2%2Fcomments&post=4965"}],"version-history":[{"count":1,"href":"https:\/\/rafalk-elblag.pl\/index.php?rest_route=\/wp\/v2\/posts\/4965\/revisions"}],"predecessor-version":[{"id":4967,"href":"https:\/\/rafalk-elblag.pl\/index.php?rest_route=\/wp\/v2\/posts\/4965\/revisions\/4967"}],"wp:featuredmedia":[{"embeddable":true,"href":"https:\/\/rafalk-elblag.pl\/index.php?rest_route=\/wp\/v2\/media\/4966"}],"wp:attachment":[{"href":"https:\/\/rafalk-elblag.pl\/index.php?rest_route=%2Fwp%2Fv2%2Fmedia&parent=4965"}],"wp:term":[{"taxonomy":"category","embeddable":true,"href":"https:\/\/rafalk-elblag.pl\/index.php?rest_route=%2Fwp%2Fv2%2Fcategories&post=4965"},{"taxonomy":"post_tag","embeddable":true,"href":"https:\/\/rafalk-elblag.pl\/index.php?rest_route=%2Fwp%2Fv2%2Ftags&post=4965"}],"curies":[{"name":"wp","href":"https:\/\/api.w.org\/{rel}","templated":true}]}}