{"id":4960,"date":"2023-05-14T06:50:00","date_gmt":"2023-05-14T06:50:00","guid":{"rendered":"http:\/\/rafalk-elblag.pl\/?p=4960"},"modified":"2023-05-16T07:20:35","modified_gmt":"2023-05-16T07:20:35","slug":"ogloszenia-14-05-2023-v-niedziela-wielkanocna","status":"publish","type":"post","link":"https:\/\/rafalk-elblag.pl\/?p=4960","title":{"rendered":"Og\u0142oszenia 14.05.2023, VI Niedziela Wielkanocna"},"content":{"rendered":"\n<figure class=\"wp-block-embed is-type-video is-provider-youtube wp-block-embed-youtube wp-embed-aspect-16-9 wp-has-aspect-ratio\"><div class=\"wp-block-embed__wrapper\">\n<iframe loading=\"lazy\" title=\"Miej i kochaj Bo\u017ce przykazania - ks. S\u0142awomir Kostrzewa\" width=\"900\" height=\"506\" src=\"https:\/\/www.youtube.com\/embed\/O2wRvRcOvA0?feature=oembed\" frameborder=\"0\" allow=\"accelerometer; autoplay; clipboard-write; encrypted-media; gyroscope; picture-in-picture; web-share\" allowfullscreen><\/iframe>\n<\/div><\/figure>\n\n\n\n<h2 class=\"wp-block-heading\">Ewangelia (J 14, 15-21)<\/h2>\n\n\n\n<h4 class=\"wp-block-heading\"><em>B\u0119d\u0119 prosi\u0142 Ojca, a da wam Ducha Prawdy<\/em><\/h4>\n\n\n\n<p><strong>S\u0142owa Ewangelii wed\u0142ug \u015awi\u0119tego Jana<\/strong><\/p>\n\n\n\n<p>Jezus powiedzia\u0142 do swoich uczni\u00f3w:<\/p>\n\n\n\n<p>\u00abJe\u017celi Mnie mi\u0142ujecie, b\u0119dziecie zachowywa\u0107 moje przykazania. Ja za\u015b b\u0119d\u0119 prosi\u0142 Ojca, a innego Parakleta da wam, aby z wami by\u0142 na zawsze \u2013 Ducha Prawdy, kt\u00f3rego \u015bwiat przyj\u0105\u0107 nie mo\u017ce, poniewa\u017c Go nie widzi ani nie zna. Ale wy Go znacie, poniewa\u017c u was przebywa i w was b\u0119dzie.<\/p>\n\n\n\n<p>Nie zostawi\u0119 was sierotami. Przyjd\u0119 do was. Jeszcze chwila, a \u015bwiat nie b\u0119dzie ju\u017c Mnie widzia\u0142. Ale wy Mnie widzicie; poniewa\u017c Ja \u017cyj\u0119, i wy \u017cy\u0107 b\u0119dziecie. W owym dniu poznacie, \u017ce Ja jestem w Ojcu moim, a wy we Mnie i Ja w was.<\/p>\n\n\n\n<p>Kto ma przykazania moje i je zachowuje, ten Mnie mi\u0142uje. Kto za\u015b Mnie mi\u0142uje, ten b\u0119dzie umi\u0142owany przez Ojca mego, a r\u00f3wnie\u017c Ja b\u0119d\u0119 go mi\u0142owa\u0142 i objawi\u0119 mu siebie\u00bb.<\/p>\n\n\n\n<p><\/p>\n\n\n\n<h2 class=\"wp-block-heading\"><strong>Wn\u0119trze ko\u015bcio\u0142a: <strong>Chrzcielnica<\/strong><\/strong><\/h2>\n\n\n\n<p>We wczesnym chrze\u015bcija\u0144stwie miejsce chrztu nie odgrywa\u0142o istotnej roli. Najwa\u017cniejsza do chrztu by\u0142a wiara kandydata w Jezusa jako Syna Bo\u017cego. Je\u015bli uwierzy\u0142 w Pana Jezusa i pragn\u0105\u0142 prowadzi\u0107 nowe \u017cycie wed\u0142ug us\u0142yszanej Ewangelii, otrzymywa\u0142 chrzest tam, gdzie by\u0142a woda.<\/p>\n\n\n\n<p>Jednak w nawi\u0105zaniu do chrztu Jezusa w Jordanie (Mt 3, 13-17) chrze\u015bcijanie najch\u0119tniej chrzcili w rzece. Udzielano chrztu r\u00f3wnie\u017c \u201ew domu\u201d (Dz 9, 18). Zwykle by\u0142 to chrzest przez zanurzenie w bie\u017c\u0105cej wodzie, ale znany by\u0142 te\u017c chrzest przez polanie, zw\u0142aszcza wtedy, gdy by\u0142o wielu ludzi.<\/p>\n\n\n\n<p>Od III\/IV wieku, budynek w kt\u00f3rym udzielano chrztu nazywano baptysterium (od greckiego \u201ebaptisma\u201d &#8211; chrzest), w kt\u00f3rym znajdowa\u0142 si\u0119 basen z wod\u0105. W VIII wieku wraz z powszechn\u0105 praktyk\u0105 chrztu dzieci zacz\u0119to rezygnowa\u0107 ze wznoszenia oddzielnych budynk\u00f3w na korzy\u015b\u0107 chrzcielnicy w kszta\u0142cie beczki, kt\u00f3r\u0105 umieszczano wewn\u0105trz ko\u015bcio\u0142a, zazwyczaj w przedsionku. Nast\u0119pnie, gdy zacz\u0119to praktykowa\u0107 chrzest g\u0142\u00f3wnie przez polanie, zmieniono chrzcielnic\u0119 na p\u0142ytsz\u0105 i mniejsz\u0105. Przechowywano w niej wod\u0119, kt\u00f3rej u\u017cywano przy udzielaniu chrztu, po\u015bwi\u0119con\u0105 w Wigili\u0119 Paschaln\u0105. Pocz\u0105tkowo chrzcielnice znajdowa\u0142y si\u0119 tylko w katedrach. Papie\u017c Leon IV poleci\u0142, aby umieszcza\u0107 j\u0105 w ka\u017cdym ko\u015bciele parafialnym.<\/p>\n\n\n\n<p>Chrzcielnice nie by\u0142y umieszczane ani w prezbiterium, ani w zakrystii.<br>O wyborze miejsca na chrzcielnic\u0119 decydowa\u0142a biblijna symbolika chrztu jako \u015bwiat\u0142a rozpraszaj\u0105cego ciemno\u015bci grzechu. Lokalizowano je zazwyczaj w oddzielnej kaplicy po p\u00f3\u0142nocnej stronie ko\u015bcio\u0142a (p\u00f3\u0142noc &#8211; symbol ciemno\u015bci, czyli z\u0142a i grzechu), po stronie zachodniej (zach\u00f3d &#8211; symbol nieznajomo\u015bci Boga), poniewa\u017c chrzest by\u0142 prze\u0142amaniem ciemno\u015bci, odrzuceniem z\u0142a. W przypadku braku kaplicy umieszczano chrzcielnic\u0119 w ko\u015bciele po stronie p\u00f3\u0142nocno-zachodniej lub w lewej nawie.<\/p>\n\n\n\n<p>Od XIII wieku chrzcielnice nakrywano wiekiem, w trosce o czyst\u0105 wod\u0119,<br>a w celu zabezpieczenia przed kradzie\u017c\u0105 lub profanacj\u0105 wieko zamykano na klucz.<\/p>\n\n\n\n<p><strong>O chrzcielnicy mo\u017cna powiedzie\u0107, \u017ce jest w jakim\u015b sensie \u017ar\u00f3d\u0142em.<\/strong> Ze \u017ar\u00f3d\u0142a mo\u017cna si\u0119 napi\u0107, mo\u017cna z niego zaczerpn\u0105\u0107 wody bez kt\u00f3rej nie ma \u017cycia. Mo\u017cna te\u017c u\u017cy\u0107 tej wody do tego by si\u0119 umy\u0107. Z mniejszych czy wi\u0119kszych brud\u00f3w. I w tych dw\u00f3ch kluczach trzeba spojrze\u0107 na chrzcielnic\u0119.<\/p>\n\n\n\n<p>W wizji Ezechiela, wyst\u0119puje woda kt\u00f3ra wyp\u0142ywa spod jerozolimskiej \u015bwi\u0105tyni. P\u0142ynie ona na wsch\u00f3d (czyli w warunkach Ziemi \u015awi\u0119tej na obszary pustynne, by w ko\u0144cu po\u0142\u0105czy\u0107 si\u0119 ze s\u0142onymi wodami Morza Martwego) sprawiaj\u0105c, ze wszystko tam rozkwita, owocuje i nawet martwe, s\u0142one wody zostaj\u0105 uzdrowione.<\/p>\n\n\n\n<p>Trudno nie zauwa\u017cy\u0107, \u017ce znajduj\u0105ca si\u0119 w chrzcielnicy woda chrztu \u015bwi\u0119tego pe\u0142ni podobn\u0105 rol\u0119. Daje \u017cycie; daje \u017cycie w pe\u0142ni, daje \u017cycie wieczne. A w nawi\u0105zaniu do wizji Ezechiela i pami\u0119taj\u0105c, \u017ce cz\u0142owieka porani\u0142 grzech \u2013 mo\u017cna te\u017c doda\u0107, \u017ce ta woda uzdrawia. Chrzcielnica jawi si\u0119 wi\u0119c jako symbol \u017ar\u00f3d\u0142a \u017cycia. W pewnym wi\u0119c sensie \u2013 przez symbol wody \u2013 tak\u017ce i wi\u0119c znak daj\u0105cego \u017cycie Ducha \u015awi\u0119tego.<\/p>\n\n\n\n<p>Gdy pami\u0119tamy o symbolice wody jako czego\u015b, co s\u0142u\u017cy do obmycia, chrzcielnica staje si\u0119 te\u017c \u017ar\u00f3d\u0142em naszego oczyszczenia i uzdrowienia. Odniesienia biblijne? Wspomnijmy z polecenia Eliasza oczyszczaj\u0105cego si\u0119 tr\u0105du przez zanurzenie w Jordanie Syryjczyka Naamana lub wyznaj\u0105cych grzechy i chrzczonych przez Jana Chrzciciela czy niewidomego, kt\u00f3remu Jezus przywr\u00f3ci\u0142 wzrok najpierw nak\u0142adaj\u0105c mu na oczy b\u0142oto, a potem nakazuj\u0105c obmycie si\u0119 w sadzawce Siloe.<\/p>\n\n\n\n<p><strong>Patrz\u0105c na chrzcielnic\u0119 mo\u017cna wi\u0119c powiedzie\u0107: to \u017ar\u00f3d\u0142o, w kt\u00f3rym zostali\u015bmy obmyci, to \u017ar\u00f3d\u0142o, kt\u00f3rego woda nas uzdrowi\u0142a, to \u017ar\u00f3d\u0142o, kt\u00f3re da\u0142o nam \u017cycie.<\/strong><\/p>\n\n\n\n<p>Inne odniesienia biblijne odwo\u0142uj\u0105 nas do Izraelit\u00f3w id\u0105cych przez Morze Czerwone, gdy uciekali w z Egiptu. Woda ich uratowa\u0142a a uratowani ju\u017c nie wr\u00f3cili do starego \u017cycia &#8211; do niewoli. Poszli dalej, zacz\u0105\u0142 si\u0119 nowy etap ich historii. Podobna jest wymowa innej biblijnej sceny: wej\u015bcia Izraela do Ziemi Obiecanej. Przypomnijmy \u2013 przez Jordan, kt\u00f3ry w cudowny spos\u00f3b zatrzyma\u0142 na ten czas sw\u00f3j nurt. To podobna symbolika: wkraczamy do Ziemi Obiecanej, zaczynamy nowe, nie ma ju\u017c powrotu do starego. Do wymowy tych obraz\u00f3w nawi\u0105zuje \u015bw. Pawe\u0142, gdy napisa\u0142 w Li\u015bcie do Rzymian, \u017ce przez chrzest zostali\u015bmy zanurzeni w \u015bmierci Jezusa, zostali\u015bmy razem z Nim pogrzebani po to aby wkroczy\u0107 w nowe \u017cycie jak Chrystus, kt\u00f3ry powsta\u0142 z martwych. To zanurzenie, kt\u00f3re przynios\u0142o \u015bmier\u0107 starego, ale da\u0142o nowe \u017cycie.<\/p>\n\n\n\n<p><strong>Chrzest jest wi\u0119c pasch\u0105, przej\u015bciem ze \u015bmierci do \u017cycia wiecznego.<br>W wodzie chrztu chrze\u015bcijan umiera, by rozpocz\u0105\u0107 nowe \u017cycie. Chrzcielnica zatem symbolicznie jest grobem. Wskaza\u0142 na to w swoich katechezach \u015bw. Cyryl Jerozolimski. Jak zanurzenie w wod\u0119 chrzcieln\u0105 oznacza \u015bmier\u0107 starego cz\u0142owieka, w kt\u00f3rym jest grzech, tak wynurzenie jest symbolem nowych narodzin cz\u0142owieka, kt\u00f3ry \u017cyje odt\u0105d dla Boga.<\/strong><\/p>\n\n\n\n<p><\/p>\n\n\n\n<figure class=\"wp-block-image\"><a href=\"http:\/\/rafalk-elblag.pl\/wp-content\/uploads\/2021\/08\/ogloszenia-parafialne-baner-01a.jpg\"><img loading=\"lazy\" decoding=\"async\" width=\"720\" height=\"232\" src=\"http:\/\/rafalk-elblag.pl\/wp-content\/uploads\/2021\/08\/ogloszenia-parafialne-baner-01a.jpg\" alt=\"\" class=\"wp-image-4410\" srcset=\"https:\/\/rafalk-elblag.pl\/wp-content\/uploads\/2021\/08\/ogloszenia-parafialne-baner-01a.jpg 720w, https:\/\/rafalk-elblag.pl\/wp-content\/uploads\/2021\/08\/ogloszenia-parafialne-baner-01a-300x97.jpg 300w\" sizes=\"auto, (max-width: 720px) 100vw, 720px\" \/><\/a><\/figure>\n\n\n\n<h1 class=\"wp-block-heading\">Og\u0142oszenia parafialne 14.05.2023r<\/h1>\n\n\n\n<ol class=\"wp-block-list\"><li>Dzisiaj w naszym Ko\u015bciele o godz. 17:00 odb\u0119dzie si\u0119 nabo\u017ce\u0144stwo okresu wielkanocnego &#8211; <strong>DROGA \u015aWIAT\u0141A.<\/strong> Podkre\u015bla ono nasze uczestnictwo w \u017cyciu i rado\u015bci Pana Zmartwychwsta\u0142ego.<em> SERDECZNIE ZAPRASZAM DO WSP\u00d3LNEJ MODLITWY.<\/em><\/li><li><strong>W PARAFII \u015aWI\u0118TEJ RODZINY W ELBL\u0104GU \u2013 dzisiaj o godz. 16:00<\/strong> odb\u0119dzie si\u0119 spotkanie organizacyjne dla tych wszystkich, kt\u00f3rzy si\u0119 zapisali na Samolotow\u0105 Pielgrzymk\u0119 do Portugalii i Hiszpani w dniach 17.10. \u2013 24.10.2023 roku. Zapraszamy.<\/li><li><strong>Obecny miesi\u0105c jest szczeg\u00f3lnie po\u015bwi\u0119cony Matce Bo\u017cej poprzez odprawianie nabo\u017ce\u0144stw \u201eMAJOWYCH\u201d<\/strong><em>. Nasza Ojczyzna od wiek\u00f3w s\u0142yn\u0119\u0142a z oddawania czci Maryi w \u015bpiewie<\/em> Litanii Loreta\u0144skiej w ro\u017cnych miejscach np. w ko\u015bcio\u0142ach, kaplicach, przy figurkach, przydro\u017cnych krzy\u017cach i w naszych domach. Ten obraz modl\u0105cego si\u0119 Ludu Bo\u017cego wielu z nas ci\u0105gle pami\u0119ta i pragnie prze\u017cywa\u0107. <strong>Zapraszamy na nabo\u017ce\u0144stwa ku czci Naj\u015bwi\u0119tszej Maryi Panny: doros\u0142ych i m\u0142odzie\u017c codziennie o godz. 17:30, a dzieci we wtorki i czwartki o godz. 16:30<\/strong>.Niech s\u0142owa pie\u015bni: \u201e<em>Zaufaj Maryi, a Ona twe troski jak Matka zamieni w rado\u015bci\u201d b\u0119d\u0105 dla nas drogowskazem w p\u00f3j\u015bciu w\u0142a\u015bciw\u0105 drog\u0105.<\/em><\/li><li><strong>PAMI\u0118TAJMY!!!<\/strong> We wtorek szesnasty dzie\u0144 miesi\u0105ca (16 maja) &#8211; dzie\u0144 modlitw za <strong>Rodzin\u0119 i<\/strong> <strong>Bractwo Szkaplerzne.<\/strong> Zapraszamy osoby nale\u017c\u0105ce do tej wsp\u00f3lnoty i pragn\u0105ce w\u0142\u0105czy\u0107 si\u0119 do niej na Msz\u0119 \u015bw. z katechez\u0105 o godz. 18:00.<\/li><\/ol>\n\n\n\n<p>W tym dniu mo\u017cna przyj\u0105\u0107 SZKLAPLERZ KARMELITA\u0143SKI.<\/p>\n\n\n\n<ol class=\"wp-block-list\" start=\"5\"><li><strong>W czwartek przypada 103 &#8211; rocznica urodzin WIELKIEGO POLAKA \u015aWI\u0118TEGO JANA PAW\u0141A II.<\/strong> Za wstawiennictwem \u015bw. Jana Paw\u0142a II pro\u015bmy o zako\u0144czenie wojny na Ukrainie, o pok\u00f3j na ca\u0142ym \u015bwiecie oraz o zgod\u0119 i jedno\u015b\u0107 w\u015br\u00f3d Polak\u00f3w.<\/li><li><strong>UWAGA !!!<\/strong> Za tydzie\u0144 (21 maja) o godz. 16:00 na plebanii odb\u0119dzie si\u0119 spotkanie tych wszystkich, kt\u00f3rzy si\u0119 zapisali na pielgrzymk\u0119 autokarow\u0105 do CZERNEJ i okolic. <em>Zapraszamy.<\/em><\/li><li><strong>W najbli\u017csz\u0105 sobot\u0119 20 maja o godz. 12:00 z naszej parafii, b\u0119dzie si\u0119 UROCZYSTO\u015a\u0106 I KOMUNII \u015aWI\u0118TEJ.<\/strong> <strong>Wszystkich Parafian<\/strong> <strong>prosz\u0119 o modlitw\u0119, aby te dzieci i ich Rodziny przez ca\u0142e \u017cycie trwa\u0142y w przyja\u017ani z Chrystusem.<\/strong><\/li><li>Zapraszam rodzic\u00f3w, kt\u00f3rych dzieci b\u0119d\u0105 prze\u017cywa\u0142y w tym roku <strong>ROCZNIC\u0118 I KOMUNII \u015aWI\u0118TEJ<\/strong> na spotkanie do ko\u015bcio\u0142a: 22 maja br. (poniedzia\u0142ek) o godz. 19.00. <strong>Prosz\u0119 o zabranie ksi\u0105\u017ceczki dziecka od pierwszych pi\u0105tk\u00f3w miesi\u0105ca<\/strong>.<\/li><li><strong>Trwa okres Wielkanocny &#8211; czas rado\u015bci ze Zmartwychwstania Pana Jezusa. <\/strong><em>Zach\u0119camy wiernych do skorzystania z \u0142aski sakramentu pojednania i do przyj\u0119cia KOMUNII \u015aW. WIELKANOCNEJ. Spowied\u017a \u015bw. w tygodniu od 7:45 oraz od godz. 17:30.<\/em><\/li><li><strong>Fundacja \u015bw.<\/strong><strong> Brata Alberta w Elbl\u0105gu<\/strong> organizuje KOLONIE dla dzieci w KARPACZU w dniach od 29 czerwca do 8 lipca br. Kontakt: 510550122. <em>Wi\u0119cej informacji na plakacie<\/em>.<\/li><li>Wszystkim Jubilatom i Solenizantom tego tygodnia \u017cyczymy wszelkiego dobra w \u017cyciu, b\u0142ogos\u0142awie\u0144stwa Bo\u017cego i oddajemy pod opiek\u0119 Matki Bo\u017cej Szkaplerznej.<\/li><li>Pan powo\u0142a\u0142 do wieczno\u015bci : \u015bp. Krystyn\u0119 OLEJNICZAK lat 83 z ul. K\u0142oczowskiego<\/li><\/ol>\n\n\n\n<p><\/p>\n\n\n\n<figure class=\"wp-block-image\"><img decoding=\"async\" src=\"http:\/\/rafalk-elblag.pl\/wp-content\/uploads\/2020\/04\/baner-intencje-mszy.jpg\" alt=\"\"\/><\/figure>\n\n\n\n<h1 class=\"wp-block-heading\">Intencje mszalne 14.05.2023r<br><\/h1>\n\n\n\n<p><strong>PONIEDZIA\u0141EK \/ 15 maja 2023 r.<br>J 15, 26 \u2013 16, 4a<\/strong><br>8.00 \u015bp. Roman Tykarski (w 4 rocznic\u0119 \u015bmierci)<br>18.00 O zdrowie i potrzebne \u0142aski w chorobie dla Tadeusza Kruk<br>18.00 \u015bp. Cecylia Lewandowska (12 greg.)<\/p>\n\n\n\n<p><strong>WTOREK \/ 16 maja 2023 r. \/ \u015bw. Andrzeja Boboli<br>J 17, 20-26<\/strong><br>8.00 \u015bp. Cecylia Lewandowska (13 greg.)<br>18.00 W intencji Bractwa Szkaplerznego<br>18.00 Dzi\u0119kczynna za dar \u017cycia, z pro\u015bb\u0105 o Bo\u017ce b\u0142. i potrzebne \u0142aski oraz opiek\u0119 Matki Bo\u017cej Szkaplerznej dla Anny w dniu urodzin<\/p>\n\n\n\n<p><strong>\u015aRODA \/ 17 maja 2023 r.<br>J 16, 12-15<\/strong><br>8.00 \u015bp. Cecylia Lewandowska (14 greg.)<br>18.00 Dzi\u0119kczynna w 25 rocznic\u0119 \u015blubu Ma\u0142gorzaty i S\u0142awomira, z pro\u015bb\u0105 o Bo\u017ce b\u0142., opiek\u0119 Matki Bo\u017cej dla srebrnych Jubilat\u00f3w oraz z okazji imienin S\u0142awomira<br>18.00 Za zmar\u0142ych z rodzin Zdanowskich, Grabowskich i Duszniak<br>18.00 \u015bp. Ma\u0142gorzata Czarnecka (w 2 rocznic\u0119 \u015bmierci), Rozalia i Wac\u0142aw, Kazimiera, W\u0142adys\u0142aw<\/p>\n\n\n\n<p><strong>CZWARTEK \/ 18 maja 2023 r.<br>J 16, 16-20<\/strong><br>8.00 \u015bp. Karol Wi\u015bniewski (z okazji urodzin) oraz za zmar\u0142ych z rodzin Wi\u015bniewskich i Filar<br>18.00 Za zmar\u0142ych z rodzin Wo\u017aniakowskich i Arcabowicz<br>18.00 \u015bp. Cecylia Lewandowska (15 greg.)<\/p>\n\n\n\n<p><strong>PI\u0104TEK \/ 19 maja 2023 r.<br>J 16, 20-23a<\/strong><br>8.00 \u015bp. Cecylia Lewandowska (16 greg.)<br>18.00 Zmarli z rodzin: Falenta, Walendowskich, Rec\u0142aw, Bachorskich<br>18.00 \u015bp. Barbara Kachnowicz (26 rocznica \u015bmierci) i zmarli z rodziny<\/p>\n\n\n\n<p><strong>SOBOTA \/ 20 maja 2023 r.<br>J 16, 23b-28<\/strong><br>8.00 \u015bp. Cecylia Lewandowska (17 greg.)<br>8.00 \u015bp. Marianna [k], Wincenty, W\u0142adys\u0142aw Uler<br>12.00 I Komunia \u015bw.<br>18.00 \u015bp. Ewa Radziszewska (4 rocznica \u015bmierci), Danuta Radziszewska<\/p>\n\n\n\n<p><strong>UROCZYSTO\u015a\u0106 WNIEBOWST\u0104PIENIA PA\u0143SKIEGO<br>21 maja 2023 r.<br>J 14, 15-21<\/strong><br>8.00 \u015bp. Halina P\u0105czkowska oraz rodzice i dziadkowie z obojga stron<br>10.00 \u015bp. Genowefa [k] Sukiennik (w 8 rocznic\u0119 \u015bmierci), Jan, Stanis\u0142aw<br>10.00 \u015bp. Cecylia Lewandowska (18 greg.)<br>12.00 W intencji Parafian<br>15.00 \u015bp. Kazimiera Kachnowicz (w 1 rocznic\u0119 \u015bmierci) i zmarli z rodziny<br>18.00 \u015bp. Halina Urba\u0144ska (z okazji urodzin i Dnia Matki)<\/p>\n","protected":false},"excerpt":{"rendered":"<p>Ewangelia (J 14, 15-21) B\u0119d\u0119 prosi\u0142 Ojca, a da wam Ducha Prawdy S\u0142owa Ewangelii wed\u0142ug \u015awi\u0119tego Jana Jezus powiedzia\u0142 do swoich uczni\u00f3w: \u00abJe\u017celi Mnie mi\u0142ujecie, b\u0119dziecie zachowywa\u0107 moje przykazania. Ja za\u015b b\u0119d\u0119 prosi\u0142 Ojca, a innego Parakleta da wam, aby z wami by\u0142 na zawsze \u2013 Ducha Prawdy, kt\u00f3rego \u015bwiat przyj\u0105\u0107 nie mo\u017ce, poniewa\u017c Go [&hellip;]<\/p>\n","protected":false},"author":1,"featured_media":4961,"comment_status":"closed","ping_status":"closed","sticky":false,"template":"","format":"standard","meta":{"ngg_post_thumbnail":0,"footnotes":""},"categories":[11,8,4,3],"tags":[],"class_list":["post-4960","post","type-post","status-publish","format-standard","has-post-thumbnail","hentry","category-aktualnosci","category-blog","category-intencje","category-ogloszenia"],"_links":{"self":[{"href":"https:\/\/rafalk-elblag.pl\/index.php?rest_route=\/wp\/v2\/posts\/4960","targetHints":{"allow":["GET"]}}],"collection":[{"href":"https:\/\/rafalk-elblag.pl\/index.php?rest_route=\/wp\/v2\/posts"}],"about":[{"href":"https:\/\/rafalk-elblag.pl\/index.php?rest_route=\/wp\/v2\/types\/post"}],"author":[{"embeddable":true,"href":"https:\/\/rafalk-elblag.pl\/index.php?rest_route=\/wp\/v2\/users\/1"}],"replies":[{"embeddable":true,"href":"https:\/\/rafalk-elblag.pl\/index.php?rest_route=%2Fwp%2Fv2%2Fcomments&post=4960"}],"version-history":[{"count":2,"href":"https:\/\/rafalk-elblag.pl\/index.php?rest_route=\/wp\/v2\/posts\/4960\/revisions"}],"predecessor-version":[{"id":4963,"href":"https:\/\/rafalk-elblag.pl\/index.php?rest_route=\/wp\/v2\/posts\/4960\/revisions\/4963"}],"wp:featuredmedia":[{"embeddable":true,"href":"https:\/\/rafalk-elblag.pl\/index.php?rest_route=\/wp\/v2\/media\/4961"}],"wp:attachment":[{"href":"https:\/\/rafalk-elblag.pl\/index.php?rest_route=%2Fwp%2Fv2%2Fmedia&parent=4960"}],"wp:term":[{"taxonomy":"category","embeddable":true,"href":"https:\/\/rafalk-elblag.pl\/index.php?rest_route=%2Fwp%2Fv2%2Fcategories&post=4960"},{"taxonomy":"post_tag","embeddable":true,"href":"https:\/\/rafalk-elblag.pl\/index.php?rest_route=%2Fwp%2Fv2%2Ftags&post=4960"}],"curies":[{"name":"wp","href":"https:\/\/api.w.org\/{rel}","templated":true}]}}