{"id":4955,"date":"2023-05-07T06:32:00","date_gmt":"2023-05-07T06:32:00","guid":{"rendered":"http:\/\/rafalk-elblag.pl\/?p=4955"},"modified":"2023-05-15T07:27:33","modified_gmt":"2023-05-15T07:27:33","slug":"ogloszenia-07-05-2023-v-niedziela-wielkanocna","status":"publish","type":"post","link":"https:\/\/rafalk-elblag.pl\/?p=4955","title":{"rendered":"Og\u0142oszenia 07.05.2023, V Niedziela Wielkanocna"},"content":{"rendered":"\n<figure class=\"wp-block-embed is-type-video is-provider-youtube wp-block-embed-youtube wp-embed-aspect-4-3 wp-has-aspect-ratio\"><div class=\"wp-block-embed__wrapper\">\n<iframe loading=\"lazy\" title=\"ks. Piotr Pawlukiewicz - Jezus jest drog\u0105\" width=\"900\" height=\"675\" src=\"https:\/\/www.youtube.com\/embed\/tENmXWaJf_k?feature=oembed\" frameborder=\"0\" allow=\"accelerometer; autoplay; clipboard-write; encrypted-media; gyroscope; picture-in-picture; web-share\" allowfullscreen><\/iframe>\n<\/div><\/figure>\n\n\n\n<h2 class=\"wp-block-heading\">Ewangelia (J 14, 1-12)<\/h2>\n\n\n\n<h4 class=\"wp-block-heading\"><em>Ja jestem drog\u0105 i prawd\u0105, i \u017cyciem<\/em><\/h4>\n\n\n\n<p><strong>S\u0142owa Ewangelii wed\u0142ug \u015awi\u0119tego Jana<\/strong><\/p>\n\n\n\n<p>Jezus powiedzia\u0142 do swoich uczni\u00f3w:<\/p>\n\n\n\n<p>\u00abNiech si\u0119 nie trwo\u017cy serce wasze. Wierzycie w Boga? I we Mnie wierzcie! W domu Ojca mego jest mieszka\u0144 wiele. Gdyby tak nie by\u0142o, to bym wam powiedzia\u0142. Id\u0119 przecie\u017c przygotowa\u0107 wam miejsce. A gdy odejd\u0119 i przygotuj\u0119 wam miejsce, przyjd\u0119 powt\u00f3rnie i zabior\u0119 was do siebie, aby\u015bcie i wy byli tam, gdzie Ja jestem. Znacie drog\u0119, dok\u0105d Ja id\u0119\u00bb.<\/p>\n\n\n\n<p>Odezwa\u0142 si\u0119 do Niego Tomasz: \u00abPanie, nie wiemy, dok\u0105d idziesz. Jak wi\u0119c mo\u017cemy zna\u0107 drog\u0119?\u00bb<\/p>\n\n\n\n<p>Odpowiedzia\u0142 mu Jezus: \u00abJa jestem drog\u0105 i prawd\u0105, i \u017cyciem. Nikt nie przychodzi do Ojca inaczej jak tylko przeze Mnie. Gdyby\u015bcie Mnie poznali, znaliby\u015bcie i mojego Ojca. Ale teraz ju\u017c Go znacie i zobaczyli\u015bcie\u00bb.<\/p>\n\n\n\n<p>Rzek\u0142 do Niego Filip: \u00abPanie, poka\u017c nam Ojca, a to nam wystarczy\u00bb.<\/p>\n\n\n\n<p>Odpowiedzia\u0142 mu Jezus: \u00abFilipie, tak d\u0142ugo jestem z wami, a jeszcze Mnie nie pozna\u0142e\u015b? Kto Mnie widzi, widzi tak\u017ce i Ojca. Dlaczego wi\u0119c m\u00f3wisz: \u201ePoka\u017c nam Ojca\u201d? Czy nie wierzysz, \u017ce Ja jestem w Ojcu, a Ojciec we Mnie? S\u0142\u00f3w tych, kt\u00f3re wam m\u00f3wi\u0119, nie wypowiadam od siebie. To Ojciec, kt\u00f3ry trwa we Mnie, On sam dokonuje tych dzie\u0142. Wierzcie Mi, \u017ce Ja jestem w Ojcu, a Ojciec we Mnie. Je\u017celi za\u015b nie \u2013 wierzcie przynajmniej ze wzgl\u0119du na same dzie\u0142a!<\/p>\n\n\n\n<p>Zaprawd\u0119, zaprawd\u0119, powiadam wam: Kto we Mnie wierzy, b\u0119dzie tak\u017ce dokonywa\u0142 tych dzie\u0142, kt\u00f3rych Ja dokonuj\u0119, a nawet wi\u0119ksze od tych uczyni, bo Ja id\u0119 do Ojca\u00bb.<\/p>\n\n\n\n<p><\/p>\n\n\n\n<h2 class=\"wp-block-heading\"><strong>Droga \u015awiat\u0142a<\/strong><\/h2>\n\n\n\n<p> <strong>Droga \u015awiat\u0142a (\u0142ac. Via lucis) to nabo\u017ce\u0144stwo odprawiane w Ko\u015bciele katolickim w okresie wielkanocnym.<\/strong> Nabo\u017ce\u0144stwo powsta\u0142o we W\u0142oszech w 1988 roku w rodzinie salezja\u0144skiej. <strong>Inspiracj\u0105 do jej powstania by\u0142y freski z katakumb \u015bw. Kaliksta w Rzymie przedstawiaj\u0105ce zmartwychwstanie Jezusa Chrystusa, kt\u00f3ry przechodzi z ciemno\u015bci do \u015bwiat\u0142a (st\u0105d nazwa Droga \u015awiat\u0142a).<\/strong> W latach 90. nabo\u017ce\u0144stwo by\u0142o stopniowo rozpowszechniane na ca\u0142e W\u0142ochy. Droga \u015awiat\u0142a zosta\u0142a umieszczona w oficjalnym modlitewniku na Wielki Jubileusz Roku 2000. W 2002 roku zosta\u0142a oficjalnie zatwierdzona przez rzymsk\u0105 Kongregacj\u0119 ds. Kultu Bo\u017cego i Dyscypliny Sakrament\u00f3w. Od tamtego czasu w wielu parafiach na \u015bwiecie wprowadzono jej odprawianie.<\/p>\n\n\n\n<p>G\u0142\u00f3wnym celem tego nabo\u017ce\u0144stwa jest podkre\u015blenie znaczenia czasu wielkanocnego w Ko\u015bciele. Zmartwychwstanie Jezusa Chrystusa jest dla chrze\u015bcijan kluczowym wydarzeniem w prze\u017cywaniu wiary. Z duchowo\u015bci pasyjnej, a wi\u0119c zwi\u0105zanej z m\u0119k\u0105 i \u015bmierci\u0105 Chrystusa zrodzi\u0142y si\u0119 popularne w Wielkim Po\u015bcie nabo\u017ce\u0144stwa: Droga Krzy\u017cowa czy Gorzkie \u017bale. Nabo\u017ce\u0144stwem odpowiadaj\u0105cym czasowi wielkanocnemu w Ko\u015bciele jest w\u0142a\u015bnie Droga \u015awiat\u0142a, w kt\u00f3rej rozwa\u017ca si\u0119 wydarzenia po zmartwychwstaniu Jezusa Chrystusa.<\/p>\n\n\n\n<p>Droga \u015awiat\u0142a i Droga Krzy\u017cowa maj\u0105 sobie wzajemnie odpowiada\u0107. O ich podobie\u0144stwie przypominaj\u0105 \u0142aci\u0144skie nazwy: Via Crucis (droga krzy\u017ca) i Via Lucis (droga \u015bwiat\u0142a). Identyczna jest liczba stacji. Proponowane stacje Drogi \u015awiat\u0142a oparte s\u0105 na wydarzeniach odnotowanych w Nowym Testamencie.<\/p>\n\n\n\n<p>O tej nowej formie modlitwy, coraz popularniejszej, wspomina watyka\u0144skie Dyrektorium o pobo\u017cno\u015bci ludowej i liturgii z 2001 r. Podkre\u015bla ono, \u017ce jest to nabo\u017ce\u0144stwo komplementarne z drog\u0105 krzy\u017cow\u0105 i jest w pewnym sensie jego kontynuacj\u0105.<\/p>\n\n\n\n<p>\u201eOd wiek\u00f3w \u2013 czytamy w dokumencie \u2013 droga krzy\u017cowa koncentrowa\u0142a uczestnictwo wiernych na pierwszym etapie wydarzenia paschalnego, tzn. na m\u0119ce Pana, i na niej skupia\u0142a uwag\u0119 ludu. W naszych czasach analogiczne nabo\u017ce\u0144stwo Via lucis mo\u017ce skutecznie koncentrowa\u0107 prze\u017cycie wiernych na drugim etapie Paschy Pa\u0144skiej, tzn. na zmartwychwstaniu, pod warunkiem, \u017ce b\u0119dzie ono wierne tekstom ewangelicznym\u201d.<\/p>\n\n\n\n<p>Droga \u015bwiat\u0142a jest nabo\u017ce\u0144stwem stanowi\u0105cym w tym wzgl\u0119dzie wielk\u0105 pomoc. <strong>Droga krzy\u017cowa ko\u0144czy si\u0119 w tym samym miejscu, w kt\u00f3rym rozpoczyna si\u0119 droga \u015bwiat\u0142a \u2013 w grobie.<\/strong> Rozwa\u017cania mo\u017cna prowadzi\u0107 w formie w\u0119dr\u00f3wki od stacji do stacji znanych dobrze z Drogi krzy\u017cowej, na podstawie wydarze\u0144 odnotowanych w Nowym Testamencie \u2013 od zmartwychwstania po zes\u0142anie Ducha \u015awi\u0119tego, z uwzgl\u0119dnieniem spotka\u0144 Zmartwychwsta\u0142ego z uczniami. Dyrektorium o pobo\u017cno\u015bci ludowej i liturgii (wyd. polskie 2003) przypomina, \u017ce w czasie tych ukaza\u0144 Jezus objawia\u0142 uczniom swoj\u0105 chwa\u0142\u0119 w oczekiwaniu na obiecanego Ducha \u015awi\u0119tego, umacnia\u0142 ich w wierze, dope\u0142nia\u0142 nauczania o kr\u00f3lestwie Bo\u017cym oraz ustanowi\u0142 definitywnie sakramentaln\u0105 i hierarchiczn\u0105 struktur\u0119 Ko\u015bcio\u0142a. <strong>Przez metafor\u0119 drogi nabo\u017ce\u0144stwo Drogi \u015awiat\u0142a przeprowadza uczestnik\u00f3w od ukazania rzeczywisto\u015bci cierpienia, kt\u00f3re w planach Bo\u017cych nie jest czym\u015b ostatecznym, do nadziei osi\u0105gni\u0119cia prawdziwego przeznaczenia cz\u0142owieka, kt\u00f3rymi s\u0105 wolno\u015b\u0107, rado\u015b\u0107 i pok\u00f3j.<\/strong> <strong>A s\u0105 to owoce paschalne.<\/strong><\/p>\n\n\n\n<p><strong>Rozwa\u017cania drogi \u015bwiat\u0142a stanowi\u0105 doskona\u0142\u0105 okazj\u0119 do pog\u0142\u0119bionej refleksji nad tajemnic\u0105 zmartwychwstania Chrystusa.<\/strong> W \u015bwietle tej tajemnicy \u0142atwiej b\u0119dzie dostrzec nad wielkanocn\u0105 przemian\u0105 ka\u017cdego cz\u0142owieka jego powstanie z martwych. Wiara w zmartwychwstanie nie dotyczy bowiem jedynie wydarzenia z zamierzch\u0142ej przesz\u0142o\u015bci. To wiara w to, \u017ce Chrystus \u017cyje i dzia\u0142a w nas dzisiaj i \u017ce b\u0119dzie z nami przez wieczno\u015b\u0107. Przypomina o tym papie\u017c Franciszek w adhortacji apostolskiej Christus vivit: \u201eChrystus \u017cyje. On jest nasz\u0105 nadziej\u0105, jest najpi\u0119kniejsz\u0105 m\u0142odo\u015bci\u0105 tego \u015bwiata. Wszystko, czego dotknie, staje si\u0119 m\u0142ode, staje si\u0119 nowe, nape\u0142nia si\u0119 \u017cyciem\u201d<\/p>\n\n\n\n<p><\/p>\n\n\n\n<figure class=\"wp-block-image\"><a href=\"http:\/\/rafalk-elblag.pl\/wp-content\/uploads\/2021\/08\/ogloszenia-parafialne-baner-01a.jpg\"><img loading=\"lazy\" decoding=\"async\" width=\"720\" height=\"232\" src=\"http:\/\/rafalk-elblag.pl\/wp-content\/uploads\/2021\/08\/ogloszenia-parafialne-baner-01a.jpg\" alt=\"\" class=\"wp-image-4410\" srcset=\"https:\/\/rafalk-elblag.pl\/wp-content\/uploads\/2021\/08\/ogloszenia-parafialne-baner-01a.jpg 720w, https:\/\/rafalk-elblag.pl\/wp-content\/uploads\/2021\/08\/ogloszenia-parafialne-baner-01a-300x97.jpg 300w\" sizes=\"auto, (max-width: 720px) 100vw, 720px\" \/><\/a><\/figure>\n\n\n\n<h1 class=\"wp-block-heading\">Og\u0142oszenia parafialne 07.05.2023r<\/h1>\n\n\n\n<ol class=\"wp-block-list\"><li>W dniu dzisiejszym zapraszamy na <strong>ADORACJ\u0118 NAJ\u015aWI\u0118TSZEGO SAKRAMENTU od godz. 16:00 do godz. 18:00.<\/strong><\/li><li>W poniedzia\u0142ek 8 maja obchodzimy Uroczysto\u015b\u0107 \u015bw. Stanis\u0142awa, biskupa i m\u0119czennika, g\u0142\u00f3wnego patrona Polski. <em>Zapraszamy na Msze \u015bw. o godzinie 8.00 i 18.00.<\/em><\/li><li>W pierwsze niedziele miesi\u0105ca zbierana taca przeznaczona jest na inwestycje w naszej parafii. <em>B\u00f3g zap\u0142a\u0107 za sk\u0142adane ofiary<\/em><em><strong>.<\/strong><\/em><\/li><li><strong>Obecny miesi\u0105c jest szczeg\u00f3lnie po\u015bwi\u0119cony Matce Bo\u017cej poprzez odprawianie nabo\u017ce\u0144stw \u201eMAJOWYCH\u201d<\/strong><em>. Nasza Ojczyzna od wiek\u00f3w s\u0142yn\u0119\u0142a z oddawania czci Maryi w \u015bpiewie<\/em> Litanii Loreta\u0144skiej w ro\u017cnych miejscach np. w ko\u015bcio\u0142ach, kaplicach, przy figurkach, przydro\u017cnych krzy\u017cach i w naszych domach. Ten obraz modl\u0105cego si\u0119 Ludu Bo\u017cego wielu z nas ci\u0105gle nosi<br>w sobie. <strong>Zapraszamy na nabo\u017ce\u0144stwa ku czci Naj\u015bwi\u0119tszej Maryi Panny: doros\u0142ych i m\u0142odzie\u017c codziennie o godz. 17:30, a dzieci we wtorki i czwartki o godz. 16:30<\/strong>.Niech s\u0142owa pie\u015bni: \u201e<em>Zaufaj Maryi, a Ona twe troski jak Matka zamieni w rado\u015bci\u201d b\u0119d\u0105 dla nas drogowskazem w p\u00f3j\u015bciu w\u0142a\u015bciw\u0105 drog\u0105.<\/em><\/li><li>W zwi\u0105zku ze zbli\u017caj\u0105cym si\u0119 <strong>Sakramentem Bierzmowania<\/strong> ks. Marian prosi o mobilizacj\u0119 wszystkich kandydat\u00f3w i ich rodzic\u00f3w. Od tej niedzieli rozpoczynaj\u0105 si\u0119 spotkania dla kandydat\u00f3w do bierzmowania po Mszy \u015bw. o godz. 18:00 w ko\u015bciele. <em>Obecno\u015b\u0107 kandydat\u00f3w na powy\u017cszych spotkaniach jest obowi\u0105zkowa.<\/em><\/li><\/ol>\n\n\n\n<p><strong>SAKRAMENT BIERZMOWANIA m\u0142odzie\u017c naszej parafii przyjmie 5 czerwca br. podczas Mszy \u015bw. o godz. 18:00.<\/strong><\/p>\n\n\n\n<ol class=\"wp-block-list\" start=\"6\"><li>Zapraszamy na <strong>DZIE\u0143 OTWARTY Publicznego Liceum Og\u00f3lnokszta\u0142c\u0105cego Zakonu Pijar\u00f3w<\/strong> w Elbl\u0105gu ul. Saper\u00f3w w \u015brod\u0119 17 maja 2023r. od godz. 16:00 do godz. 18:00. To najlepszy czas \u017ceby si\u0119 spotka\u0107, porozmawia\u0107 i pozna\u0107 pijarskie liceum. Otwieramy drzwi nowych mo\u017cliwo\u015bci. Informacje r\u00f3wnie\u017c na plakacie.<\/li><li><strong>Za tydzie\u0144 14 maja (niedziela) godz. 17:00<\/strong> zapraszam do naszego ko\u015bcio\u0142a na <strong>DROG\u0118 \u015aWIAT\u0141A.<\/strong> Podczas, gdy Droga Krzy\u017cowa akcentuje M\u0119k\u0119 i \u015amier\u0107 Pana Jezusa, nabo\u017ce\u0144stwo <strong>DROGI \u015aWIAT\u0141A<\/strong> podkre\u015bla nasze uczestnictwo w \u017cyciu i rado\u015bci Pana Zmartwychwsta\u0142ego.Nabo\u017ce\u0144stwo majowe tego dnia b\u0119dzie wyj\u0105tkowo po Mszy \u015bw.<\/li><li>W poniedzia\u0142ek na godzin\u0119 19.00 zapraszamy na <strong>spotkanie Odnowy w Duchu \u015awi\u0119tym<\/strong> zw\u0142aszcza tych, kt\u00f3rzy zako\u0144czyli Rekolekcje REO.<\/li><li>W \u015brod\u0119 na godzin\u0119 18.45 zapraszamy do salki na plebani na<strong> spotkanie Kr\u0119gu Biblijnego.<\/strong><\/li><li><strong>Trwa okres Wielkanocny &#8211; czas rado\u015bci ze Zmartwychwstania Pana Jezusa. <\/strong><em>Zach\u0119camy wiernych do skorzystania z \u0142aski sakramentu pojednania i do przyj\u0119cia KOMUNII \u015aW. WIELKANOCNEJ. Spowied\u017a \u015bw. w tygodniu od 7:45 oraz od godz. 17:30.<\/em><\/li><li><strong>Fundacja \u015bw.<\/strong><strong> Brata Alberta w Elbl\u0105gu<\/strong> organizuje KOLONIE dla dzieci w KARPACZU w dniach od 29 czerwca do 8 lipca br. Kontakt: 510550122. <em>Wi\u0119cej informacji na plakacie<\/em>.<\/li><li>Wszystkim Jubilatom i Solenizantom tego tygodnia \u017cyczymy wszelkiego dobra w \u017cyciu, b\u0142ogos\u0142awie\u0144stwa Bo\u017cego i oddajemy pod opiek\u0119 Matki Bo\u017cej Szkaplerznej.<\/li><\/ol>\n\n\n\n<p><\/p>\n\n\n\n<figure class=\"wp-block-image\"><img decoding=\"async\" src=\"http:\/\/rafalk-elblag.pl\/wp-content\/uploads\/2020\/04\/baner-intencje-mszy.jpg\" alt=\"\"\/><\/figure>\n\n\n\n<h1 class=\"wp-block-heading\">Intencje mszalne 07.05.2023r<br><\/h1>\n\n\n\n<p><strong>PONIEDZIA\u0141EK \/ 8 maja 2023 r. \/ \u015bw. Stanis\u0142awa, biskupa i m\u0119czennika<br>J 10, 11-16<\/strong><br>8.00 Dzi\u0119kczynna z okazji urodzin Tobiasza z pro\u015bb\u0105 o Bo\u017ce b\u0142. i opiek\u0119 Matki Bo\u017cej Szkaplerznej<br>18.00 \u015bp. Stanis\u0142aw i Janina Kuchta<br>18.00 \u015bp. Cecylia Lewandowska (5 greg.)<\/p>\n\n\n\n<p><strong>WTOREK \/ 9 maja 2023 r.<br>J 14, 27-31a<\/strong><br>8.00 Dzi\u0119kczynna w 19 rocznic\u0119 \u015blubu Urszuli i Henryka z pro\u015bb\u0105 o Bo\u017ce b\u0142. i potrzebna \u0142aski dla Jubilat\u00f3w<br>18.00 \u015bp. Jan \u017bak<br>18.00 \u015bp. Cecylia Lewandowska (6 greg.)<\/p>\n\n\n\n<p><strong>\u015aRODA \/ 10 maja 2023 r.<br>J 15, 1-8<\/strong><br>8.00 \u015bp. Cecylia Lewandowska (7 greg.)<br>18.00 \u015bp. J\u00f3zef S\u0142omi\u0144ski (w 30 rocznic\u0119 \u015bmierci) i zmarli z rodziny<br>18.00 \u015bp. Irena, Stanis\u0142aw Majerscy, siostra Zdzis\u0142awa (w kolejne rocznice \u015bmierci)<\/p>\n\n\n\n<p><strong>CZWARTEK \/ 11 maja 2023 r.<br>J 15, 9-11<\/strong><br>8.00 \u015bp. Cecylia Lewandowska (8 greg.)<br>18.00 \u015bp. Marianna Idzikowska (intencja od Apostolatu Bo\u017cego Mi\u0142osierdzia)<br>18.00 \u015bp. Regina i Wiktor Zgleniccy oraz zmarli z rodzin: Zglenickich i Wile\u0144skich<\/p>\n\n\n\n<p><strong>PI\u0104TEK \/ 12 maja 2023 r.<br>J 15, 12-17<\/strong><br>8.00 \u015bp. Cecylia Lewandowska (9 greg.)<br>8.00 \u015bp. Bogdan Kwapiszewski (w 30 dzie\u0144 po pogrzebie)<br>18.00 \u015bp. Sylwia Kowalewska i zmarli rodzice Hanna i Kazimierz<br>18.00 Dzi\u0119kczynna w 50 urodziny Joanny \u015apiewak z pro\u015bb\u0105 o Bo\u017ce b\u0142. i potrzebne \u0142aski dla Jubilatki<\/p>\n\n\n\n<p><strong>SOBOTA \/ 13 maja 2023 r. \/ Naj\u015bwi\u0119tszej Maryi Panny Fatimskiej<br>J 15, 18-21<\/strong><br>8.00 \u015bp. Cecylia Lewandowska (10 greg.)<br>8.00 \u015bp. J\u00f3zef Kimso (w 30 dzie\u0144 po pogrzebie)<br>18.00 Dzi\u0119kczynna w 80 urodziny Zofii Rynkiewicz, z pro\u015bb\u0105 o Bo\u017ce b\u0142., dary Ducha \u015awi\u0119tego i opiek\u0119 Matki Bo\u017cej na kolejne dni<br>18.00 \u015bp. J\u00f3zefa [k] Songin<br>18.00 \u015bp. Stefania Myszk, Ryszard Myszk, Krystyna Klementowska, Jadwiga i Norbert Sutu\u0142a<\/p>\n\n\n\n<p><strong>VI NIEDZIELA WIELKANOCNA<br>14 maja 2023 r.<br>J 14, 15-21<\/strong><br>8.00 \u015bp. Stanis\u0142aw Kieza<br>8.00 \u015bp. Cecylia Lewandowska (11 greg.)<br>10.00 O \u017cywe dzia\u0142anie Ducha \u015awi\u0119tego w codzienno\u015bci dla Nikodema i jego rodziny, Agnieszki i ca\u0142ej rodziny zakonnej oraz Magdaleny i jej rodziny<br>12.00 W intencji Parafian<br>15.00 Dzi\u0119kczynna za dar kap\u0142a\u0144stwa ks. Tomasza Wieczorka, z pro\u015bb\u0105 o wszelkie potrzebne \u0142aski w pos\u0142udze duszpasterskiej (intencja od Margaretki)<br>18.00 O \u0142ask\u0119 wiary, nadziei i mi\u0142o\u015bci dla Aleksandry, Piotra i Kacpra<\/p>\n","protected":false},"excerpt":{"rendered":"<p>Ewangelia (J 14, 1-12) Ja jestem drog\u0105 i prawd\u0105, i \u017cyciem S\u0142owa Ewangelii wed\u0142ug \u015awi\u0119tego Jana Jezus powiedzia\u0142 do swoich uczni\u00f3w: \u00abNiech si\u0119 nie trwo\u017cy serce wasze. Wierzycie w Boga? I we Mnie wierzcie! W domu Ojca mego jest mieszka\u0144 wiele. Gdyby tak nie by\u0142o, to bym wam powiedzia\u0142. Id\u0119 przecie\u017c przygotowa\u0107 wam miejsce. A [&hellip;]<\/p>\n","protected":false},"author":1,"featured_media":4956,"comment_status":"closed","ping_status":"closed","sticky":false,"template":"","format":"standard","meta":{"ngg_post_thumbnail":0,"footnotes":""},"categories":[11,8,4,3],"tags":[],"class_list":["post-4955","post","type-post","status-publish","format-standard","has-post-thumbnail","hentry","category-aktualnosci","category-blog","category-intencje","category-ogloszenia"],"_links":{"self":[{"href":"https:\/\/rafalk-elblag.pl\/index.php?rest_route=\/wp\/v2\/posts\/4955","targetHints":{"allow":["GET"]}}],"collection":[{"href":"https:\/\/rafalk-elblag.pl\/index.php?rest_route=\/wp\/v2\/posts"}],"about":[{"href":"https:\/\/rafalk-elblag.pl\/index.php?rest_route=\/wp\/v2\/types\/post"}],"author":[{"embeddable":true,"href":"https:\/\/rafalk-elblag.pl\/index.php?rest_route=\/wp\/v2\/users\/1"}],"replies":[{"embeddable":true,"href":"https:\/\/rafalk-elblag.pl\/index.php?rest_route=%2Fwp%2Fv2%2Fcomments&post=4955"}],"version-history":[{"count":2,"href":"https:\/\/rafalk-elblag.pl\/index.php?rest_route=\/wp\/v2\/posts\/4955\/revisions"}],"predecessor-version":[{"id":4959,"href":"https:\/\/rafalk-elblag.pl\/index.php?rest_route=\/wp\/v2\/posts\/4955\/revisions\/4959"}],"wp:featuredmedia":[{"embeddable":true,"href":"https:\/\/rafalk-elblag.pl\/index.php?rest_route=\/wp\/v2\/media\/4956"}],"wp:attachment":[{"href":"https:\/\/rafalk-elblag.pl\/index.php?rest_route=%2Fwp%2Fv2%2Fmedia&parent=4955"}],"wp:term":[{"taxonomy":"category","embeddable":true,"href":"https:\/\/rafalk-elblag.pl\/index.php?rest_route=%2Fwp%2Fv2%2Fcategories&post=4955"},{"taxonomy":"post_tag","embeddable":true,"href":"https:\/\/rafalk-elblag.pl\/index.php?rest_route=%2Fwp%2Fv2%2Ftags&post=4955"}],"curies":[{"name":"wp","href":"https:\/\/api.w.org\/{rel}","templated":true}]}}