{"id":4952,"date":"2023-04-30T13:33:00","date_gmt":"2023-04-30T13:33:00","guid":{"rendered":"http:\/\/rafalk-elblag.pl\/?p=4952"},"modified":"2023-05-01T13:44:34","modified_gmt":"2023-05-01T13:44:34","slug":"ogloszenia-30-04-2023-iv-niedziela-wielkanocna","status":"publish","type":"post","link":"https:\/\/rafalk-elblag.pl\/?p=4952","title":{"rendered":"Og\u0142oszenia 30.04.2023, IV Niedziela Wielkanocna"},"content":{"rendered":"\n<figure class=\"wp-block-embed is-type-video is-provider-youtube wp-block-embed-youtube wp-embed-aspect-16-9 wp-has-aspect-ratio\"><div class=\"wp-block-embed__wrapper\">\n<iframe loading=\"lazy\" title=\"Wiedza o Jezusie i modlitwa to jeszcze nie relacja - ks. S\u0142awomir Kostrzewa\" width=\"900\" height=\"506\" src=\"https:\/\/www.youtube.com\/embed\/ypwKeopGzTo?feature=oembed\" frameborder=\"0\" allow=\"accelerometer; autoplay; clipboard-write; encrypted-media; gyroscope; picture-in-picture; web-share\" allowfullscreen><\/iframe>\n<\/div><\/figure>\n\n\n\n<h2 class=\"wp-block-heading\">Ewangelia (J 10, 1-10)<\/h2>\n\n\n\n<h4 class=\"wp-block-heading\"><em>Jezus jest bram\u0105 owiec<\/em><\/h4>\n\n\n\n<p><strong>S\u0142owa Ewangelii wed\u0142ug \u015awi\u0119tego Jana<\/strong><\/p>\n\n\n\n<p>Jezus powiedzia\u0142:<\/p>\n\n\n\n<p>\u00abZaprawd\u0119, zaprawd\u0119, powiadam wam: Kto nie wchodzi do owczarni przez bram\u0119, ale wdziera si\u0119 inn\u0105 drog\u0105, ten jest z\u0142odziejem i rozb\u00f3jnikiem. Kto jednak wchodzi przez bram\u0119, jest pasterzem owiec. Temu otwiera od\u017awierny, a owce s\u0142uchaj\u0105 jego g\u0142osu; wo\u0142a on swoje owce po imieniu i wyprowadza je. A kiedy wszystkie wyprowadzi, staje na ich czele, owce za\u015b post\u0119puj\u0105 za nim, poniewa\u017c g\u0142os jego znaj\u0105. Natomiast za obcym nie p\u00f3jd\u0105, lecz b\u0119d\u0105 ucieka\u0107 od niego, bo nie znaj\u0105 g\u0142osu obcych\u00bb.<\/p>\n\n\n\n<p>T\u0119 przypowie\u015b\u0107 opowiedzia\u0142 im Jezus, lecz oni nie poj\u0119li znaczenia tego, co im m\u00f3wi\u0142.<\/p>\n\n\n\n<p>Powt\u00f3rnie wi\u0119c powiedzia\u0142 do nich Jezus: \u00abZaprawd\u0119, zaprawd\u0119, powiadam wam: Ja jestem bram\u0105 owiec. Wszyscy, kt\u00f3rzy przyszli przede Mn\u0105, s\u0105 z\u0142odziejami i rozb\u00f3jnikami, a nie pos\u0142ucha\u0142y ich owce. Ja jestem bram\u0105. Je\u017celi kto\u015b wejdzie przeze Mnie, b\u0119dzie zbawiony \u2013 wejdzie i wyjdzie, i znajdzie pastwisko. Z\u0142odziej przychodzi tylko po to, aby kra\u015b\u0107, zabija\u0107 i niszczy\u0107. Ja przyszed\u0142em po to, aby owce mia\u0142y \u017cycie, i mia\u0142y je w obfito\u015bci\u00bb.<\/p>\n\n\n\n<p><\/p>\n\n\n\n<h2 class=\"wp-block-heading\"><strong>Wn\u0119trze ko\u015bcio\u0142a: Ambona<\/strong><\/h2>\n\n\n\n<p>Ambona w ka\u017cdej katolickiej \u015bwi\u0105tyni jest miejscem s\u0142u\u017c\u0105cym do odczytywania tekst\u00f3w liturgicznych oraz g\u0142oszenia homilii. Wsp\u00f3\u0142cze\u015bnie ma ono zazwyczaj form\u0119 pulpitu ustawionego w pewnym oddaleniu od o\u0142tarza. <strong>Polska nazwa tego miejsca \u2013 ambona \u2013 zosta\u0142a zaczerpni\u0119ta z j\u0119zyka greckiego, w kt\u00f3rym s\u0142owo ambona oznacza: szczyt, podwy\u017cszenie.<\/strong><\/p>\n\n\n\n<p><strong>Ambona przybiera\u0142a r\u00f3\u017cne formy architektoniczne: od trybuny wspartej na kolumnach (V-VI wiek) do konstrukcji zawieszonej na \u015bcianie lub filarze z wej\u015bciem po schodkach.<\/strong> Ten drugi, najcz\u0119\u015bciej zachowany typ, rozwini\u0119ty w XVI wieku, zawiera\u0142 charakterystyczny daszek akustyczny zwany baldachimem, kt\u00f3ry tworzy\u0142 swoiste pud\u0142o rezonansowe. Kap\u0142an m\u00f3wi\u0105cy z takiej ambony mimo braku instalacji mikrofonowo-g\u0142o\u015bnikowej, by\u0142 bardzo dobrze s\u0142yszany. Dlatego, \u017ce mia\u0142 ustawiony g\u0142os, wy\u0107wiczony zgodnie z regu\u0142ami retorycznymi oraz dlatego, \u017ce \u015bwi\u0105tynie by\u0142y zbudowane dobrze pod wzgl\u0119dem akustycznym.<\/p>\n\n\n\n<p>W XX wieku ze wzgl\u0119du na rozw\u00f3j nag\u0142o\u015bnienia ambona przyj\u0119\u0142a posta\u0107 m\u00f3wnicy. <strong>W rozumieniu liturgii katolickiej ambona jest sto\u0142em S\u0142owa Bo\u017cego.<\/strong> Jest to miejsce, przy kt\u00f3rym odbywa si\u0119 pierwsza cz\u0119\u015b\u0107 liturgii Mszy \u015awi\u0119tej, czyli Liturgia S\u0142owa.<\/p>\n\n\n\n<p>Znaczenie ambony bardzo wzros\u0142o po reformie liturgicznej w XX wieku. Sta\u0142a si\u0119 ona ju\u017c nie tylko miejscem g\u0142oszenia kaza\u0144, ale tak\u017ce miejscem wykonywania czyta\u0144 biblijnych, \u015bpiewania psalmu responsoryjnego oraz podawania intencji modlitwy powszechnej. Sama funkcja liturgiczna wskazuje, \u017ce ambona powinna by\u0107 miejscem godnym i okaza\u0142ym, dobrze wkomponowanym w bry\u0142\u0119 ko\u015bcio\u0142a. S\u0142owo Bo\u017ce czytane z ambony nie jest bowiem s\u0142owem ludzkiego pouczenia, ale prawdziwym pokarmem. Ko\u015bci\u00f3\u0142 nie wacha si\u0119 m\u00f3wi\u0107 o ambonie jako o stole s\u0142owa Bo\u017cego, \u015bci\u015ble zwi\u0105zanym ze sto\u0142em Eucharystii, czyli o\u0142tarzem. Wed\u0142ug <em>Wprowadzenia do Lekcjonarza <\/em>ambona powinna by\u0107 miejscem wyra\u017anie zaznaczonym, wyniesionym oraz odpowiednio udekorowanym, co ma podkre\u015bla\u0107 godno\u015b\u0107 czytanego s\u0142owa Bo\u017cego.<\/p>\n\n\n\n<p>A co oznacza ambona i jak\u0105 kryje w sobie symbolik\u0119?<\/p>\n\n\n\n<p><strong>W historii widziano w ambonie symbol grobu Chrystusa.<\/strong> St\u0105d cz\u0119sto zdobiona by\u0142a scenami zwi\u0105zanymi ze zmartwychwstaniem. Zaskakuj\u0105ce. Dlaczego tak? Ano jak si\u0119 zastanowi\u0107, odpowied\u017a jest prosta. <strong>Chrze\u015bcija\u0144skie or\u0119dzie, Dobra Nowina,&nbsp; to or\u0119dzie sprzed pustego grobu Chrystusa. To w\u0142a\u015bnie Jego zmartwychwstanie sprawi\u0142o, \u017ce mamy co g\u0142osi\u0107. <\/strong>Gdyby nie ono, nie by\u0142oby Dobrej Nowiny, nie by\u0142oby zbawienia, nie by\u0142oby nadziei \u017cycia wiecznego. Nasza wiara, wszystkie jej dogmaty i wymagania moralne, nie mia\u0142yby sensu. Sens temu wszystkiemu nadaje pusty gr\u00f3b Jezusa. Naszemu \u017cyciu zreszt\u0105 tak\u017ce.<\/p>\n\n\n\n<p>Z czasem owe zdobienia na ambonach si\u0119 zmienia\u0142y. Najcz\u0119\u015bciej chyba zamieniano zdobienia zwi\u0105zane ze zmartwychwstaniem na wizerunki czy symbole ewangelist\u00f3w. I dobrze. Or\u0119dzie, kt\u00f3re zwiastuje si\u0119 z ambony, czy jest ono czytanym s\u0142owem Bo\u017cym czy s\u0142owem homilii, to w zasadzie w\u0142a\u015bnie wydarzenia opowiedziane przez ewangelist\u00f3w. Samo zreszt\u0105 s\u0142owo \u201eewangelia\u201d znaczy \u201edobra nowina\u201d. Ale opowie\u015b\u0107 o czynach i nauczaniu Jezusa nie by\u0142aby Ewangeli\u0105, gdyby nie pusty gr\u00f3b. Przy odwo\u0142ywaniu si\u0119 do ewangelist\u00f3w troch\u0119 jednak gubi si\u0119 to jasne wskazanie na centralne znaczenie faktu zmartwychwstania.<\/p>\n\n\n\n<p>Tak, chrze\u015bcija\u0144stwo g\u0142osi swoje or\u0119dzie od grobu. Pustego grobu zmartwychwsta\u0142ego Jezusa. I to jest ta Ewangelia, Dobra Nowina, kt\u00f3r\u0105 ma do og\u0142oszenia ca\u0142emu \u015bwiatu. Zar\u00f3wno dla zbawienia tych, kt\u00f3rzy nigdy o niej nie s\u0142yszeli, jak i umocnienia w wierze tych, kt\u00f3rzy wszczepieni w Chrystusa na drogach wiary potrzebuj\u0105 pokrzepienia.<\/p>\n\n\n\n<p>Ambona to o\u0142tarz \u017cywego s\u0142owa Boga. To miejsce, z kt\u00f3rego g\u0142osi najwa\u017cniejsze or\u0119dzie, jakie ludzko\u015b\u0107 us\u0142ysza\u0142a. \u017be \u015bmier\u0107 zosta\u0142a pokonana: kto wierzy w Jezusa ma \u017cycie wieczne.<\/p>\n\n\n\n<p><strong>S\u0142owo Bo\u017ce, kt\u00f3rego s\u0142uchamy podczas Mszy \u015bw. jest nam g\u0142oszone<br>w znanym dla nas j\u0119zyku \u2013 po polsku. Czytaj\u0105 je czasami te same osoby, kt\u00f3re dobrze znamy na co dzie\u0144. Mamy zatem zrozumia\u0142y j\u0119zyk i znajomych ludzi, ale s\u0142owa, kt\u00f3re s\u0142yszymy to s\u0142owa samego Boga.<\/strong><\/p>\n\n\n\n<p><\/p>\n\n\n\n<figure class=\"wp-block-image\"><a href=\"http:\/\/rafalk-elblag.pl\/wp-content\/uploads\/2021\/08\/ogloszenia-parafialne-baner-01a.jpg\"><img loading=\"lazy\" decoding=\"async\" width=\"720\" height=\"232\" src=\"http:\/\/rafalk-elblag.pl\/wp-content\/uploads\/2021\/08\/ogloszenia-parafialne-baner-01a.jpg\" alt=\"\" class=\"wp-image-4410\" srcset=\"https:\/\/rafalk-elblag.pl\/wp-content\/uploads\/2021\/08\/ogloszenia-parafialne-baner-01a.jpg 720w, https:\/\/rafalk-elblag.pl\/wp-content\/uploads\/2021\/08\/ogloszenia-parafialne-baner-01a-300x97.jpg 300w\" sizes=\"auto, (max-width: 720px) 100vw, 720px\" \/><\/a><\/figure>\n\n\n\n<h1 class=\"wp-block-heading\">Og\u0142oszenia parafialne 30.04.2023r<\/h1>\n\n\n\n<ol class=\"wp-block-list\"><li><strong>NAJPI\u0118KNIEJSZY MIESI\u0104C MAJ<\/strong> &#8211; zapraszamy na nabo\u017ce\u0144stwa ku czci Naj\u015bwi\u0119tszej Maryi Panny, tzw. <strong>\u201eMAJOWE\u201d: <\/strong>doros\u0142ych i m\u0142odzie\u017c codziennie o godz. 17:30, a dzieci we wtorki i w czwartki o godz. 16:30.<\/li><li><strong>W poniedzia\u0142ek 1 maja br<\/strong><strong>. dodatkowa Msza \u015bw. o godz. 11:00 <\/strong>w intencji wszystkich ludzi pracy, bezrobotnych i poszukuj\u0105cych pracy. <em>Niech \u015bw. J\u00f3zef wyprasza nam wszystkim potrzebne \u0142aski. ZAPRASZAMY.<\/em><\/li><li><strong>W \u015brod\u0119 (3.05.) przypada Uroczysto\u015b\u0107 Naj\u015bwi\u0119tszej Maryi Panny Kr\u00f3lowej Polski. <\/strong>W tym dniu zapraszamy na Msze \u015bw. o godz.: 8:00, 11:00 i 18:00. <em>B\u0119dziemy wsp\u00f3lnie dzi\u0119kowa\u0107 za wolno\u015b\u0107 naszej Ojczyzny i prosi\u0107 Boga o m\u0105dro\u015b\u0107 i odpowiedzialno\u015b\u0107 dla narodu polskiego.<\/em><\/li><li>W tym tygodniu przypada pierwszy czwartek, pi\u0105tek i sobota miesi\u0105ca maja:<\/li><\/ol>\n\n\n\n<ul class=\"wp-block-list\"><li><strong>w pierwszy czwartek (4.05.)<\/strong> b\u0119dziemy modli\u0107 si\u0119o \u015bwi\u0119to\u015b\u0107 dla kap\u0142an\u00f3w oraz o liczne i \u015bwi\u0119te powo\u0142ania kap\u0142a\u0144skie, zakonne i misyjne z naszej parafii. <strong>Zapraszamy od godz. 17:00 na ,,Godzin\u0119 \u015awi\u0119t\u0105\u201d<\/strong>, czyli Adoracj\u0119 przed Naj\u015bwi\u0119tszym Sakramentem a po Niej na Msz\u0119 \u015bwi\u0119t\u0105 w powy\u017cszych intencjach.<\/li><li><strong>w pierwszy pi\u0105tek miesi\u0105ca<\/strong> <strong>(5.05.)<\/strong> zapraszamy do spowiedzi dzieci z klas IV w tygodniu, wed\u0142ug ustalonego porz\u0105dku tj.: poniedzia\u0142ek od godz. 17:30 klasa IVA, wtorek od godz. 17:30 klasa IVB, \u015broda od godz. 17:30 klasa IVC, czwartek od godz. 17:30 klasa IVD i w pi\u0105tek od godz. 16:00 pozosta\u0142e dzieci z innych klas. <strong>Msza \u015bw. dla wszystkich dzieci w pierwszy pi\u0105tek &#8211; 5 maja o godz. 16:30. <\/strong><em>Natomiast <\/em><em>spowied\u017a dla doros\u0142ych i m\u0142odzie\u017cy od godz. 17:30. Msza \u015bw. Wotywna o Naj\u015bwi\u0119tszym Sercu Jezusa o godz. 18:00<\/em><\/li><li><strong>w pierwsz\u0105 sobot\u0119 (6.05.)<\/strong> przed Msz\u0105 \u015bw. o godz. 17:00 zapraszamy na nabo\u017ce\u0144stwo wynagradzaj\u0105ce Niepokalanemu Sercu Maryi za zniewagi grzesznik\u00f3w.<\/li><\/ul>\n\n\n\n<p><em>Tego dnia zmiana tajemnic dla \u017bywego R\u00f3\u017ca\u0144ca.<\/em><\/p>\n\n\n\n<ol class=\"wp-block-list\" start=\"5\"><li>W pierwszy pi\u0105tek miesi\u0105ca (5.05.) z Panem Jezusem kap\u0142ani udadz\u0105 si\u0119 do chorych od godz. 9:30. <em>Prosimy zg\u0142asza\u0107 do kap\u0142an\u00f3w chorych.<\/em><\/li><li>Zapraszamy na <strong>DZIE\u0143 OTWARTY Publicznego Liceum Og\u00f3lnokszta\u0142c\u0105cego Zakonu Pijar\u00f3w<\/strong> w Elbl\u0105gu ul. Saper\u00f3w w \u015brod\u0119 17 maja 2023r. od godz. 16:00 do godz. 18:00. To najlepszy czas \u017ceby si\u0119 spotka\u0107, porozmawia\u0107 i pozna\u0107 pijarskie liceum. Otwieramy drzwi nowych mo\u017cliwo\u015bci. Informacje r\u00f3wnie\u017c na plakacie.<\/li><li><strong>Trwa okres Wielkanocny &#8211; czas rado\u015bci ze Zmartwychwstania Pana Jezusa. <\/strong><em>Zach\u0119camy wiernych do skorzystania z \u0142aski sakramentu pojednania i do przyj\u0119cia KOMUNII \u015aW. WIELKANOCNEJ. Spowied\u017a \u015bw. w tygodniu od 7:45 oraz od godz. 17:30.<\/em><\/li><li><strong>Fundacja \u015bw.<\/strong><strong> Brata Alberta w Elbl\u0105gu<\/strong> organizuje KOLONIE dla dzieci w KARPACZU w dniach od 29 czerwca do 8 lipca br. Kontakt: 510550122. <em>Wi\u0119cej informacji na plakacie<\/em>.<\/li><li>Za tydzie\u0144 w pierwsz\u0105 niedziele maja taca przeznaczona b\u0119dzie na inwestycje w naszej parafii.<\/li><\/ol>\n\n\n\n<p><em>B\u00f3g zap\u0142a\u0107 za sk\u0142adane ofiary<\/em><em><strong>.<\/strong><\/em><\/p>\n\n\n\n<ol class=\"wp-block-list\" start=\"10\"><li>Wszystkim Jubilatom i Solenizantom tego tygodnia \u017cyczymy wszelkiego dobra w \u017cyciu, b\u0142ogos\u0142awie\u0144stwa Bo\u017cego i oddajemy pod opiek\u0119 Matki Bo\u017cej Szkaplerznej.<\/li><li>W ostatnim czasie odesz\u0142a do wieczno\u015bci:<\/li><\/ol>\n\n\n\n<p>\u015bp. Krystyna PUTKOWSKA lat 96 z ul. Tuwima<\/p>\n\n\n\n<p><em>Wieczny odpoczynek racz im da\u0107 Panie\u2026<\/em><\/p>\n\n\n\n<p><\/p>\n\n\n\n<figure class=\"wp-block-image\"><img decoding=\"async\" src=\"http:\/\/rafalk-elblag.pl\/wp-content\/uploads\/2020\/04\/baner-intencje-mszy.jpg\" alt=\"\"\/><\/figure>\n\n\n\n<h1 class=\"wp-block-heading\">Intencje mszalne 30.04.2023r<br><\/h1>\n\n\n\n<p><strong>PONIEDZIA\u0141EK \/ 1 maja 2023 r. \/ \u015bw. J\u00f3zefa, rzemie\u015blnika<br>J 10, 11-18<\/strong><br>8.00 \u015bp. Helena Niewi\u0144ska (29 greg.)<br>11.00 Za bezrobotnych i ludzi poszukuj\u0105cych pracy i tych, kt\u00f3rzy zostali skrzywdzeni przez pracodawc\u00f3w<br>18.00 \u015bp. rodzice Rybiccy: Kazimiera (39 rocznica \u015bmierci), Antoni (48 rocznica \u015bmierci), siostra Bogumi\u0142a (28 rocznica \u015bmierci), Jan (20 rocznica \u015bmierci), Benedykt oraz zmarli z rodzin Rybickich, Ku\u0142akowskich, Miko\u0142ajewskich<\/p>\n\n\n\n<p><strong>WTOREK \/ 2 maja 2023 r. \/ \u015bw. Atanazego<br>J 10, 22-30<\/strong><br>8.00 \u015bp. Helena Niewi\u0144ska (30 greg.)<br>18.00 \u015bp. Bazyli [m], Stefania [k], Krzysztof, Mariusz<br>18.00 Dzi\u0119kczynna w 52 rocznic\u0119 \u015blubu Haliny i Eugeniusza Motyl, z pro\u015bb\u0105 o Bo\u017ce b\u0142., potrzebne \u0142aski dla Jubilat\u00f3w<\/p>\n\n\n\n<p><strong>\u015aRODA \/ 3 maja 2023 r. \/ Uroczysto\u015b\u0107 Naj\u015bwi\u0119tszej Maryi Panny, Kr\u00f3lowej Polski<br>J 19, 25-27<\/strong><br>8.00 Dzi\u0119kczynna za dar \u017cycia Marcina w 13 urodziny, z pro\u015bb\u0105 o Bo\u017ce b\u0142. i dary Ducha \u015awi\u0119tego<br>11.00 W intencji Ojczyzny<br>18.00 \u015bp. Julian (40 rocznica \u015bmierci) i zmarli z rodzin: Dziergowskich i Krauze<br>18.00 Dzi\u0119kczynna w 87 urodziny Moniki Go\u0142y\u0144skiej z pro\u015bb\u0105 o Bo\u017ce b\u0142. potrzebne \u0142aski<\/p>\n\n\n\n<p><strong>CZWARTEK \/ 4 maja 2023 r. \/ \u015bw. Floriana<br>J 13, 16-20<\/strong><br>8.00 \u015bp. Wiktoria i J\u00f3zef Szwarc, Wanda i Benon Kasafier<br>18.00 O obfito\u015b\u0107 \u0142ask Bo\u017cych na ka\u017cdy dzie\u0144 dla ks. Proboszcza Wojciecha Zwolickiego oraz o opiek\u0119 Matki Bo\u017cej Szkaplerznej (intencja od R\u00f3\u017c R\u00f3\u017ca\u0144cowych)<br>18.00 W intencji nowych powo\u0142a\u0144 kap\u0142a\u0144skich<br>18.00 \u015bp. Cecylia Lewandowska (1 greg.)<\/p>\n\n\n\n<p><strong>PI\u0104TEK \/ 5 maja 2023 r. \/ \u015bw. Stanis\u0142awa Ka\u017amierczyka<br>J 14, 1-6<\/strong><br>8.00 \u015bp. Cecylia Lewandowska (2 greg.)<br>16.30 W intencji wynagradzaj\u0105cej Naj\u015bwi\u0119tszemu Sercu Pana Jezusa<br>18.00 \u015bp. Wiktoria, W\u0142adys\u0142aw Bielscy, S\u0142awomir Kulpa, Maria, Bronis\u0142aw, Pawe\u0142 Chrapowiccy<br>18.00 \u015bp. Jerzy Ciesielski (w 30 dzie\u0144 po pogrzebie)<\/p>\n\n\n\n<p><strong>SOBOTA \/ 6 maja 2023 r. \/ \u015bw. Aposto\u0142\u00f3w Filipa i Jakuba<br>J 14, 6-14<\/strong><br>8.00 \u015bp. Jan, Jan, Henryk, Maria Ju\u015bko<br>8.00 \u015bp. Cecylia Lewandowska (3 greg.)<br>18.00 rezerwacja<br>18.00 \u015bp. Genowefa Borowiecka (31 rocznica \u015bmierci), zmarli z rodzin Skali\u0144skich i Borowieckich<\/p>\n\n\n\n<p><strong>V NIEDZIELA WIELKANOCNA<br>7 maja 2023 r.<br>J 14, 1-12<\/strong><br>8.00 \u015bp. Stanis\u0142aw (21 rocznica \u015bmierci), Genowefa P\u0105czkowscy<br>10.00 \u015bp. Jan Bajor-Brasewicz (14 rocznica \u015bmierci)<br>10.00 \u015bp. Cecylia Lewandowska (1 greg.)<br>12.00 W intencji Parafian<br>15.00 O do\u015bwiadczenie Bo\u017cej mi\u0142o\u015bci dla Karliny i Sebastiana<br>18.00 \u015bp. Jadwiga Byzdra (29 rocznica \u015bmierci), Stanis\u0142aw Byzdra (z okazji imienin)<\/p>\n","protected":false},"excerpt":{"rendered":"<p>Ewangelia (J 10, 1-10) Jezus jest bram\u0105 owiec S\u0142owa Ewangelii wed\u0142ug \u015awi\u0119tego Jana Jezus powiedzia\u0142: \u00abZaprawd\u0119, zaprawd\u0119, powiadam wam: Kto nie wchodzi do owczarni przez bram\u0119, ale wdziera si\u0119 inn\u0105 drog\u0105, ten jest z\u0142odziejem i rozb\u00f3jnikiem. Kto jednak wchodzi przez bram\u0119, jest pasterzem owiec. Temu otwiera od\u017awierny, a owce s\u0142uchaj\u0105 jego g\u0142osu; wo\u0142a on swoje [&hellip;]<\/p>\n","protected":false},"author":1,"featured_media":4953,"comment_status":"closed","ping_status":"closed","sticky":false,"template":"","format":"standard","meta":{"ngg_post_thumbnail":0,"footnotes":""},"categories":[11,8,4,3],"tags":[],"class_list":["post-4952","post","type-post","status-publish","format-standard","has-post-thumbnail","hentry","category-aktualnosci","category-blog","category-intencje","category-ogloszenia"],"_links":{"self":[{"href":"https:\/\/rafalk-elblag.pl\/index.php?rest_route=\/wp\/v2\/posts\/4952","targetHints":{"allow":["GET"]}}],"collection":[{"href":"https:\/\/rafalk-elblag.pl\/index.php?rest_route=\/wp\/v2\/posts"}],"about":[{"href":"https:\/\/rafalk-elblag.pl\/index.php?rest_route=\/wp\/v2\/types\/post"}],"author":[{"embeddable":true,"href":"https:\/\/rafalk-elblag.pl\/index.php?rest_route=\/wp\/v2\/users\/1"}],"replies":[{"embeddable":true,"href":"https:\/\/rafalk-elblag.pl\/index.php?rest_route=%2Fwp%2Fv2%2Fcomments&post=4952"}],"version-history":[{"count":1,"href":"https:\/\/rafalk-elblag.pl\/index.php?rest_route=\/wp\/v2\/posts\/4952\/revisions"}],"predecessor-version":[{"id":4954,"href":"https:\/\/rafalk-elblag.pl\/index.php?rest_route=\/wp\/v2\/posts\/4952\/revisions\/4954"}],"wp:featuredmedia":[{"embeddable":true,"href":"https:\/\/rafalk-elblag.pl\/index.php?rest_route=\/wp\/v2\/media\/4953"}],"wp:attachment":[{"href":"https:\/\/rafalk-elblag.pl\/index.php?rest_route=%2Fwp%2Fv2%2Fmedia&parent=4952"}],"wp:term":[{"taxonomy":"category","embeddable":true,"href":"https:\/\/rafalk-elblag.pl\/index.php?rest_route=%2Fwp%2Fv2%2Fcategories&post=4952"},{"taxonomy":"post_tag","embeddable":true,"href":"https:\/\/rafalk-elblag.pl\/index.php?rest_route=%2Fwp%2Fv2%2Ftags&post=4952"}],"curies":[{"name":"wp","href":"https:\/\/api.w.org\/{rel}","templated":true}]}}