{"id":4947,"date":"2023-04-23T14:58:00","date_gmt":"2023-04-23T14:58:00","guid":{"rendered":"http:\/\/rafalk-elblag.pl\/?p=4947"},"modified":"2023-04-24T16:19:03","modified_gmt":"2023-04-24T16:19:03","slug":"ogloszenia-23-04-2023-trzecia-niedziela-wielkanocna","status":"publish","type":"post","link":"https:\/\/rafalk-elblag.pl\/?p=4947","title":{"rendered":"Og\u0142oszenia 23.04.2023, Trzecia Niedziela Wielkanocna"},"content":{"rendered":"\n<figure class=\"wp-block-embed is-type-video is-provider-youtube wp-block-embed-youtube wp-embed-aspect-16-9 wp-has-aspect-ratio\"><div class=\"wp-block-embed__wrapper\">\n<iframe loading=\"lazy\" title=\"czyni\u0107 Eucharysti\u0119\" width=\"900\" height=\"506\" src=\"https:\/\/www.youtube.com\/embed\/S9aJ1ByUl70?feature=oembed\" frameborder=\"0\" allow=\"accelerometer; autoplay; clipboard-write; encrypted-media; gyroscope; picture-in-picture; web-share\" allowfullscreen><\/iframe>\n<\/div><\/figure>\n\n\n\n<h2 class=\"wp-block-heading\">Ewangelia (\u0141k 24, 13-35)<\/h2>\n\n\n\n<h4 class=\"wp-block-heading\"><em>Poznali Chrystusa przy \u0142amaniu chleba<\/em><\/h4>\n\n\n\n<p><strong>S\u0142owa Ewangelii wed\u0142ug \u015awi\u0119tego \u0141ukasza<\/strong><\/p>\n\n\n\n<p>W pierwszy dzie\u0144 tygodnia dwaj uczniowie Jezusa byli w drodze do wsi, zwanej Emaus, oddalonej o sze\u015b\u0107dziesi\u0105t stadi\u00f3w od Jeruzalem. Rozmawiali oni z sob\u0105 o tym wszystkim, co si\u0119 wydarzy\u0142o. Gdy tak rozmawiali i rozprawiali z sob\u0105, sam Jezus przybli\u017cy\u0142 si\u0119 i szed\u0142 z nimi. Lecz oczy ich by\u0142y jakby przes\u0142oni\u0119te, tak \u017ce Go nie poznali.<\/p>\n\n\n\n<p>On za\u015b ich zapyta\u0142: \u00abC\u00f3\u017c to za rozmowy prowadzicie z sob\u0105 w drodze?\u00bb Zatrzymali si\u0119 smutni. A jeden z nich, imieniem Kleofas, odpowiedzia\u0142 Mu: \u00abTy jeste\u015b chyba jedynym z przebywaj\u0105cych w Jerozolimie, kt\u00f3ry nie wie, co si\u0119 tam w tych dniach sta\u0142o\u00bb.<\/p>\n\n\n\n<p>Zapyta\u0142 ich: \u00abC\u00f3\u017c takiego?\u00bb<\/p>\n\n\n\n<p>Odpowiedzieli Mu: \u00abTo, co si\u0119 sta\u0142o z Jezusem Nazarejczykiem, kt\u00f3ry by\u0142 prorokiem pot\u0119\u017cnym w czynie i s\u0142owie wobec Boga i ca\u0142ego ludu; jak arcykap\u0142ani i nasi przyw\u00f3dcy wydali Go na \u015bmier\u0107 i ukrzy\u017cowali. A my spodziewali\u015bmy si\u0119, \u017ce On w\u0142a\u015bnie mia\u0142 wyzwoli\u0107 Izraela. Ale po tym wszystkim dzi\u015b ju\u017c trzeci dzie\u0144, jak si\u0119 to sta\u0142o. Nadto, jeszcze niekt\u00f3re z naszych kobiet przerazi\u0142y nas: by\u0142y rano u grobu, a nie znalaz\u0142szy Jego cia\u0142a, wr\u00f3ci\u0142y i opowiedzia\u0142y, \u017ce mia\u0142y widzenie anio\u0142\u00f3w, kt\u00f3rzy zapewniaj\u0105, i\u017c On \u017cyje. Poszli niekt\u00f3rzy z naszych do grobu i zastali wszystko tak, jak kobiety opowiada\u0142y, ale Jego nie widzieli\u00bb.<\/p>\n\n\n\n<p>Na to On rzek\u0142 do nich: \u00abO, nierozumni, jak nieskore s\u0105 wasze serca do wierzenia we wszystko, co powiedzieli prorocy! Czy\u017c Mesjasz nie mia\u0142 tego cierpie\u0107, aby wej\u015b\u0107 do swej chwa\u0142y?\u00bb I zaczynaj\u0105c od Moj\u017cesza, poprzez wszystkich prorok\u00f3w, wyk\u0142ada\u0142 im, co we wszystkich Pismach odnosi\u0142o si\u0119 do Niego.<\/p>\n\n\n\n<p>Tak przybli\u017cyli si\u0119 do wsi, do kt\u00f3rej zd\u0105\u017cali, a On okazywa\u0142, jakby mia\u0142 i\u015b\u0107 dalej. Lecz przymusili Go, m\u00f3wi\u0105c: \u00abZosta\u0144 z nami, gdy\u017c ma si\u0119 ku wieczorowi i dzie\u0144 si\u0119 ju\u017c nachyli\u0142\u00bb. Wszed\u0142 wi\u0119c, aby zosta\u0107 wraz z nimi. Gdy zaj\u0105\u0142 z nimi miejsce u sto\u0142u, wzi\u0105\u0142 chleb, odm\u00f3wi\u0142 b\u0142ogos\u0142awie\u0144stwo, po\u0142ama\u0142 go i dawa\u0142 im. Wtedy otworzy\u0142y si\u0119 im oczy i poznali Go, lecz On znikn\u0105\u0142 im z oczu. I m\u00f3wili mi\u0119dzy sob\u0105: \u00abCzy serce nie pa\u0142a\u0142o w nas, kiedy rozmawia\u0142 z nami w drodze i Pisma nam wyja\u015bnia\u0142?\u00bb<\/p>\n\n\n\n<p>W tej samej godzinie zabrali si\u0119 i wr\u00f3cili do Jeruzalem. Tam zastali zebranych Jedenastu, a z nimi innych, kt\u00f3rzy im oznajmili: \u00abPan rzeczywi\u015bcie zmartwychwsta\u0142 i ukaza\u0142 si\u0119 Szymonowi\u00bb. Oni r\u00f3wnie\u017c opowiadali, co ich spotka\u0142o w drodze i jak Go poznali przy \u0142amaniu chleba.<\/p>\n\n\n\n<p><\/p>\n\n\n\n<h2 class=\"wp-block-heading\"><strong>Wn\u0119trze ko\u015bcio\u0142a: O\u0142tarz<\/strong><\/h2>\n\n\n\n<p> Wok\u00f3\u0142 o\u0142tarza skupia si\u0119 ca\u0142a akcja liturgiczna. Powinien by\u0107 zatem tak ustawiony, aby wierni wchodz\u0105cy do \u015bwi\u0105tyni od razu go zauwa\u017cali. Nie jest on bowiem ani u\u017cytecznym dla liturgii meblem, ani te\u017c elementem wystroju ko\u015bcio\u0142a, ale stanowi o\u015brodek, ku kt\u00f3remu spontanicznie ma si\u0119 zwraca\u0107 uwaga wiernych.<\/p>\n\n\n\n<p>Eucharystia jest uobecnieniem ofiary Jezusa Chrystusa i jednocze\u015bnie uczt\u0105 dzi\u0119kczynienia. <strong>O\u0142tarz natomiast jest symbolem krzy\u017ca, na kt\u00f3rym dokona\u0142a si\u0119 jedyna i wieczna ofiara Nowego Przymierza.<\/strong> Niekt\u00f3re teksty liturgiczne nazywaj\u0105 wprost krzy\u017c Jezusa Chrystusa o\u0142tarzem. Ale wiara Ko\u015bcio\u0142a jest jeszcze \u015bmielsza. W pi\u0105tej prefacji wielkanocnej napisane jest, \u017ce Jezus Chrystus <em>sam sta\u0142 si\u0119 Kap\u0142anem, O\u0142tarzem i Barankiem Ofiarnym. <\/em>O\u0142tarze w ko\u015bcio\u0142ach symbolizuj\u0105 zatem nie tylko krzy\u017c Jezusa Chrystusa, ale r\u00f3wnie\u017c Jego samego.<\/p>\n\n\n\n<p>Na samym pocz\u0105tku u\u017cywano w liturgii przeno\u015bnych sto\u0142\u00f3w, a z czasem ukszta\u0142towa\u0142 si\u0119 zwyczaj umieszczania w ko\u015bcio\u0142ach sta\u0142ych o\u0142tarzy, maj\u0105cych form\u0119 kamiennego bloku. Kamienny o\u0142tarz bardziej przywo\u0142uje motyw paschalnej ofiary Chrystusa. <strong>O\u0142tarz z kamienia symbolizuje Chrystusa, kt\u00f3rego Pismo \u015awi\u0119te nazywa<\/strong><em><strong> kamieniem odrzuconym przez buduj\u0105cych<\/strong><\/em>(Ps 118,22; Mt 21,42-44; 1 P 2,4).<\/p>\n\n\n\n<p>Ze Starego Testamentu wy\u0142ania si\u0119 obraz o\u0142tarza jako miejsca spotkania Boga i cz\u0142owieka. Niezwyk\u0142e miejsca, w kt\u00f3rych do\u015bwiadczy\u0142o si\u0119 obecno\u015bci Boga, Jego objawienia lub cudu wielokrotnie upami\u0119tniano postawieniem o\u0142tarza. Tak uczyni\u0142 mi\u0119dzy innymi w Betel patriarcha Jakub (Rdz 28,10-22).<\/p>\n\n\n\n<p>Zapowiedzi\u0105 o\u0142tarza Chrystusowego jest te\u017c ten zbudowany u st\u00f3p g\u00f3ry Synaj. Moj\u017cesz z\u0142o\u017cy\u0142 na nim ofiar\u0119 ze zwierz\u0105t. Podobnie jak przez krew zwierz\u0105t zosta\u0142o zawarte Stare Przymierze, tak przez krew Syna Bo\u017cego zawarte zosta\u0142o Nowe Przymierze, nieprzemijaj\u0105ce.<\/p>\n\n\n\n<p>O\u0142tarz odwo\u0142uje nas tak\u017ce do dawnej \u015bwi\u0105tyni w Jerozolimie. Tam znajdowa\u0142y si\u0119 trzy o\u0142tarze. Na pierwszym sk\u0142adano ofiary ze zwierz\u0105t. Drugi s\u0142u\u017cy\u0142 do kadzenia, a na trzecim, kt\u00f3ry by\u0142 kamieniem znajdowa\u0142a si\u0119 najwi\u0119ksza \u015bwi\u0119to\u015b\u0107 \u2013 Arka Przymierza zawieraj\u0105ca w sobie dwie kamienne tablice z Dekalogiem. O\u0142tarz chrze\u015bcija\u0144ski skupia w sobie te trzy o\u0142tarze \u2013 jest na nim sk\u0142adana Ofiara Cia\u0142a i Krwi Chrystusa, zapala si\u0119 przed nim kadzid\u0142o, na nim wreszcie znajduje si\u0119 najwi\u0119ksza \u015bwi\u0119to\u015b\u0107 \u2013 sam B\u00f3g pod postaci\u0105 chleba i wina.<\/p>\n\n\n\n<p><strong>Je\u015bli o\u0142tarz jest miejscem spotkania Boga i cz\u0142owieka, nie dziwi fakt, \u017ce ju\u017c Ojcowie Ko\u015bcio\u0142a<\/strong> (\u015bw. Ignacy Antioche\u0144ski, \u015bw. Cyryl Aleksandryjski, \u015bw. Ambro\u017cy, \u015bw. Cyryl Jerozolimski) <strong>uwa\u017cali go r\u00f3wnie\u017c za symbol Chrystusa.<\/strong> W Chrystusie bowiem to co boskie i ludzkie spotka\u0142o si\u0119 najpe\u0142niej. Uto\u017csamienie o\u0142tarza i Chrystusa mia\u0142o g\u0142\u0119bokie fundamenty biblijne \u2013 ska\u0142\u0119 postrzegano zawsze jako znak Boga i Mesjasza (Pwt 32,18; Iz 28,16; Za 3,9). Symbolika ta w obfity spos\u00f3b zostaje wyra\u017cona w liturgii, cho\u0107by przez wykucie w o\u0142tarzu pi\u0119ciu krzy\u017cyk\u00f3w przypominaj\u0105cych o pi\u0119ciu ranach Zbawiciela.<\/p>\n\n\n\n<p>W o\u0142tarzach cz\u0119sto sk\u0142adane s\u0105 relikwie m\u0119czennik\u00f3w lub \u015bwi\u0119tych. Zwyczaj ten pochodzi ze staro\u017cytno\u015bci, kiedy odprawiano Eucharysti\u0119 tam, gdzie znajdowa\u0142y si\u0119 groby Chrystusowych \u015bwiadk\u00f3w. O\u0142tarz w kt\u00f3rym znajduj\u0105 si\u0119 relikwie \u015bwi\u0119tych uczy nas, \u017ce wszelkie ofiary jakie chrze\u015bcijanie kiedykolwiek ponie\u015bli, maj\u0105 swoj\u0105 warto\u015b\u0107 w powi\u0105zaniu z jedyn\u0105 Ofiar\u0105 Pana Jezusa.<\/p>\n\n\n\n<p>Gdy wejdziemy do jakiegokolwiek ko\u015bcio\u0142a zobaczy\u0107 mo\u017cemy, \u017ce o\u0142tarz przykryty jest zawsze bia\u0142ym obrusem. Cz\u0119sto, gdy nie jest sprawowana liturgia przykrywa si\u0119 go jak\u0105\u015b tkanin\u0105, \u017ceby si\u0119 nie zakurzy\u0142. Zawsze jednak sam obrus jest bia\u0142y. Dlaczego?<\/p>\n\n\n\n<p><strong>W tradycji ko\u015bcio\u0142a obrus na o\u0142tarzu uwa\u017cany by\u0142 za symbol p\u0142\u00f3cien,<br>w kt\u00f3re po \u015bmierci zawini\u0119te by\u0142o Cia\u0142o Jezusa.<\/strong> Na obrusie o\u0142tarza te\u017c spoczywa Cia\u0142o Chrystusa. Podczas sprawowania Mszy \u015bw. rozk\u0142ada si\u0119 na o\u0142tarzu jeszcze jeden dodatkowy ma\u0142y obrus: korpora\u0142, na kt\u00f3rym k\u0142adzie si\u0119 naczynia, w kt\u00f3rych s\u0105 najpierw chleb i wino, a p\u00f3\u017aniej Cia\u0142o i Krew Chrystusa. Bia\u0142y obrus na o\u0142tarzu pokazuje, \u017ce to, co si\u0119 na nim dzieje jest \u015bwi\u0119te. Ten, Kt\u00f3ry na nim jest, jest Naj\u015bwi\u0119tszym. Biel obrusu ma nam przypomina\u0107, \u017ce chc\u0105c przyjmowa\u0107 Boga<br>w Komunii \u015bw. powinni\u015bmy by\u0107 oczyszczeni z wszelkiego brudu.<\/p>\n\n\n\n<p><\/p>\n\n\n\n<figure class=\"wp-block-image\"><a href=\"http:\/\/rafalk-elblag.pl\/wp-content\/uploads\/2021\/08\/ogloszenia-parafialne-baner-01a.jpg\"><img loading=\"lazy\" decoding=\"async\" width=\"720\" height=\"232\" src=\"http:\/\/rafalk-elblag.pl\/wp-content\/uploads\/2021\/08\/ogloszenia-parafialne-baner-01a.jpg\" alt=\"\" class=\"wp-image-4410\" srcset=\"https:\/\/rafalk-elblag.pl\/wp-content\/uploads\/2021\/08\/ogloszenia-parafialne-baner-01a.jpg 720w, https:\/\/rafalk-elblag.pl\/wp-content\/uploads\/2021\/08\/ogloszenia-parafialne-baner-01a-300x97.jpg 300w\" sizes=\"auto, (max-width: 720px) 100vw, 720px\" \/><\/a><\/figure>\n\n\n\n<h1 class=\"wp-block-heading\">Og\u0142oszenia parafialne 23.04.2023r<\/h1>\n\n\n\n<ol class=\"wp-block-list\"><li>Dzisiaj mo\u017cemy w\u0142\u0105czy\u0107 si\u0119 w akcj\u0119 <strong>\u201ePola Nadziei 2023\u201d.<\/strong> Akcja ta ma uwra\u017cliwi\u0107 spo\u0142ecze\u0144stwo, przypominaj\u0105c o chorych i cierpi\u0105cych, a tak\u017ce zach\u0119ci\u0107 do wolontariatu hospicyjnego. Na terenie Elbl\u0105ga przeprowadzana jest kwesta.<\/li><\/ol>\n\n\n\n<p><em>Przed ko\u015bcio\u0142em mo\u017cna do puszek z\u0142o\u017cy\u0107 dobrowoln\u0105 ofiar\u0119. <\/em><em><strong>Dzi\u0119kujemy.<\/strong><\/em><\/p>\n\n\n\n<ol class=\"wp-block-list\" start=\"2\"><li>III Niedziela Wielkanocna to <strong>VII NARODOWE CZYTANIE PISMA \u015aWI\u0118TEGO.<\/strong> Swoim has\u0142em jak i wybranymi tekstami z ewangelii wed\u0142ug \u015bw. Jana nawi\u0105zuje ono do programu duszpasterskiego, kt\u00f3ry po\u015bwi\u0119cony jest tajemnicy ko\u015bcio\u0142a. Obecny rok ko\u015bcielny i duszpasterski prze\u017cywany jest pod has\u0142em; \u201eWIERZ\u0118 W KO\u015aCI\u00d3\u0141 CHRYSTUSOWY\u201d.<\/li><li>Z powodu dzisiejszej Niedzieli Wielkanocnej <strong>UROCZYSTO\u015a\u0106 \u015aW. WOJCIECHA, BISKUPA I M\u0118CZENNIKA, G\u0141\u00d3WNEGO PATRONA POLSKI I DIECEZJI ELBLASKIEJ<\/strong> zosta\u0142a przeniesiona na jutro \u2013 poniedzia\u0142ek 24 kwietnia. W parafii \u015bw. Wojciecha w Elbl\u0105gu Msze \u015bw. o godz. 7:00, 11.00 oraz <strong>UROCZYSTA MSZA \u015aWI\u0118TA ODPUSTOWA <\/strong>o godz. 18.00, zako\u0144czona uca\u0142owaniem Relikwii. <em><strong>Zapraszamy.<\/strong><\/em><\/li><li><strong>Spotkanie dla rodzic\u00f3w dzieci klas III <\/strong>przygotowuj\u0105cych si\u0119 do I KOMUNII \u015aWI\u0118TEJ odb\u0119dzie si\u0119 w salce na plebanii o godz. 19:00:<\/li><\/ol>\n\n\n\n<ul class=\"wp-block-list\"><li><em>25 kwietnia (wtorek) dla rodzic\u00f3w dla klas III A i III B<\/em><\/li><li><em>26 kwietnia (\u015broda ) dla rodzic\u00f3w klas III C i III D i spoza naszej szko\u0142y.<\/em><\/li><\/ul>\n\n\n\n<p><em>Obecno\u015b\u0107 rodzic\u00f3w na tym spotkaniu obowi\u0105zkowa.<\/em><\/p>\n\n\n\n<ol class=\"wp-block-list\" start=\"5\"><li><strong>Rozpoczyna si\u0119 \u201eostatnia prosta\u201d <\/strong>przygotowa\u0144 do przyj\u0119cia Sakramentu Bierzmowania dla m\u0142odzie\u017cy z roku II. W zwi\u0105zku z tym ks. Marian prosi o mobilizacj\u0119 wszystkich kandydat\u00f3w i ich rodzic\u00f3w. W najbli\u017cszym czasie odb\u0119d\u0105 si\u0119 spotkania dla kandydat\u00f3w do bierzmowania a w ka\u017cd\u0105 niedziel\u0119 maja po Mszy \u015bw. o godz. 19:00 w ko\u015bciele. <em>Obecno\u015b\u0107 kandydat\u00f3w na powy\u017cszych spotkaniach jest obowi\u0105zkowa.<\/em><\/li><\/ol>\n\n\n\n<p><strong>SAKRAMENT BIERZMOWANIA m\u0142odzie\u017c naszej parafii przyjmie 5 czerwca br. podczas Mszy \u015bw. o godz. 18:00.<\/strong><\/p>\n\n\n\n<ol class=\"wp-block-list\" start=\"6\"><li><strong>Dzi\u0119kuj\u0119<\/strong> za przyniesione <strong>SKARBONKI Z JA\u0141MU\u017bN\u0104 WIELKOPOSTN\u0104 2023<\/strong> w ramach og\u00f3lnopolskiej akcji \u201eCZAS MI\u0141OSIERDZIA\u201d. Na \u015bwi\u0119ta Wielkanocne zosta\u0142o wydanych 30 paczek. <em>Z 500 rozdanych skarbonek przyniesione 155 i zebrano 5585 z\u0142.<\/em> <em><u>Za wszystkie ofiary, kt\u00f3re s\u0105 pomoc\u0105 dla potrzebuj\u0105cych sk\u0142adam \u201eB\u00f3g zap\u0142a\u0107\u201d<\/u><\/em><\/li><\/ol>\n\n\n\n<p><strong>INFORMUJEMY<\/strong>: Parafialny Oddzia\u0142 Caritas znajduje si\u0119 na ul. Myliusa 1A i czynny jest w ka\u017cdy I i III czwartek miesi\u0105ca od godz. 16:00 do godz. 17:00.<\/p>\n\n\n\n<ol class=\"wp-block-list\" start=\"7\"><li><strong>Trwa okres Wielkanocny &#8211; czas rado\u015bci ze Zmartwychwstania Pana Jezusa. <\/strong><em>Zach\u0119camy wiernych do skorzystania z \u0142aski sakramentu pojednania i do przyj\u0119cia KOMUNII \u015aW. WIELKANOCNEJ. Spowied\u017a \u015bw. w tygodniu od 7:45 oraz od godz. 17:30.<\/em><\/li><li>Wszystkim Jubilatom i Solenizantom tego tygodnia \u017cyczymy wszelkiego dobra w \u017cyciu i b\u0142ogos\u0142awie\u0144stwa Bo\u017cego.<\/li><li><strong>Kancelaria Parafialna <\/strong>czynna w \u015brody od 16:00 do 17:30 oraz w pi\u0105tki od godz. 18:45 do 19:30. Zapraszamy.<\/li><\/ol>\n\n\n\n<p><\/p>\n\n\n\n<figure class=\"wp-block-image\"><img decoding=\"async\" src=\"http:\/\/rafalk-elblag.pl\/wp-content\/uploads\/2020\/04\/baner-intencje-mszy.jpg\" alt=\"\"\/><\/figure>\n\n\n\n<h1 class=\"wp-block-heading\">Intencje mszalne 23.04.2023r<br><\/h1>\n\n\n\n<p><strong>PONIEDZIA\u0141EK \/ 24 kwietnia 2023 r. \/ Uroczysto\u015b\u0107 \u015bw. Wojciecha<br>J 12, 24-26<\/strong><br>8.00 \u015bp. Helena Niewi\u0144ska (22 greg.)<br>18.00 W intencji ks. Proboszcza Wojciecha Zwolickiego z okazji urodzin i imienin, o wszelkie potrzebne dary i \u0142aski Ducha \u015awi\u0119tego oraz opiek\u0119 Matki Bo\u017cej na drodze powo\u0142ania kap\u0142a\u0144skiego<br>18.00 Dzi\u0119kczynna w 18 urodziny Jakuba Rainko z pro\u015bb\u0105 o dary Ducha \u015awi\u0119tego i Bo\u017ce b\u0142. w doros\u0142ym \u017cyciu<br>18.00 \u015bp. Barbara i Ryszard Czarneccy, Anna i Bogus\u0142aw Olszewscy (w 1 rocznic\u0119 \u015bmierci)<\/p>\n\n\n\n<p><strong>WTOREK \/ 25 kwietnia 2023 r. \/ \u015bw. Marka<br>Mk 16, 15-20<\/strong><br>8.00 \u015bp. Helena Niewi\u0144ska (23 greg.)<br>18.00 \u015bp. Stanis\u0142aw Ulaszewski (15 rocznica \u015bmierci) i dziadkowie z obojga stron<br>18.00 \u015bp. Ryszard (w 10 rocznic\u0119 \u015bmierci), Krzysztof, Miros\u0142aw, Zofia, Kazimierz z rodziny Zaborowskich, Helena i Wiktor Stankiewicz, Wiktor Hernatkiewicz<\/p>\n\n\n\n<p><strong>\u015aRODA \/ 26 kwietnia 2023 r.<br>J 6, 35-40<\/strong><br>8.00 \u015bp. Helena Niewi\u0144ska (24 greg.)<br>18.00 O \u0142ask\u0119 zdrowia dla Zuzanny oraz o pok\u00f3j i ufno\u015b\u0107 w rodzinie<br>18.00 \u015bp. Jan Lis (w 25 rocznic\u0119 \u015bmierci), Marianna Lis i zmarli z rodziny Lis i Pelowskich<\/p>\n\n\n\n<p><strong>CZWARTEK \/ 27 kwietnia 2023 r.<br>J 6, 44-51<\/strong><br>8.00 O \u0142ask\u0119 zdrowia dla Zuzanny oraz o pok\u00f3j i ufno\u015b\u0107 w rodzinie<br>18.00 \u015bp. Helena Niewi\u0144ska (25 greg.)<br>18.00 \u015bp. Czes\u0142awa [k] i Stanis\u0142aw Kowalscy, Wanda Grad, Genowefa i Stanis\u0142aw Olewnik, Emilia, Jacek, Renard Szawirscy<\/p>\n\n\n\n<p><strong>PI\u0104TEK \/ 28 kwietnia 2023 r. \/ \u015bw. Ludwika de Montfort<br>J 6, 52-59<\/strong><br>8.00 O \u0142ask\u0119 zdrowia dla Zuzanny oraz o pok\u00f3j i ufno\u015b\u0107 w rodzinie<br>8.00 O szcz\u0119\u015bliw\u0105 operacj\u0119 dla Magdaleny oraz opiek\u0119 Matki Bo\u017cej Szkaplerznej<br>18.00 \u015bp. Edmund i Anna Kwas<br>18.00 \u015bp. Helena Niewi\u0144ska (26 greg.)<\/p>\n\n\n\n<p><strong>SOBOTA \/ 29 kwietnia 2023 r. \/ \u015bw. Katarzyny ze Sieny<br>Mt 11, 25-30<\/strong><br>8.00 \u015bp. Helena Niewi\u0144ska (27 greg.)<br>18.00 \u015bp. Bronis\u0142aw Sosnowski<br>18.00 Dzi\u0119kczynna, z pro\u015bb\u0105 o wszelkie \u0142aski, zdrowie, Bo\u017ce b\u0142., dary Ducha \u015awi\u0119tego, opiek\u0119 Matki Bo\u017cej dla Kazimierza z okazji 12 rocznicy urodzin<\/p>\n\n\n\n<p><strong>IV NIEDZIELA WIELKANOCNA<br>30 kwietnia 2023 r.<br>J 10, 1-10<\/strong><br>8.00 \u015bp. Krystyna Barto\u015b (w 5 rocznic\u0119 \u015bmierci), J\u00f3zef, Helena Cyrek (w 4 rocznic\u0119 \u015bmierci), Stanis\u0142aw Cyrek<br>10.00 O Bo\u017ce b\u0142., potrzebne \u0142aski, dary Ducha \u015awi\u0119tego, opiek\u0119 Matki Bo\u017cej z okazji imienin ks. Mariana (intencja od Wsp\u00f3lnoty Odnowy w Duchu \u015awi\u0119tym)<br>10.00 \u015bp. Helena Niewi\u0144ska (28 greg.)<br>12.00 W intencji Parafian<br>12.00 Dzi\u0119kczynna w 18 urodziny Konrada Malinowskiego z pro\u015bb\u0105 o Bo\u017ce b\u0142. oraz opiek\u0119 Matki Bo\u017cej Szkaplerznej<br>15.00 \u015bp. Barbara Mas\u0142owska i zmarli rodzice<br>18.00 \u015bp. El\u017cbieta i Zygmunt \u017baczek, Andrzej Marsza\u0142<\/p>\n","protected":false},"excerpt":{"rendered":"<p>Ewangelia (\u0141k 24, 13-35) Poznali Chrystusa przy \u0142amaniu chleba S\u0142owa Ewangelii wed\u0142ug \u015awi\u0119tego \u0141ukasza W pierwszy dzie\u0144 tygodnia dwaj uczniowie Jezusa byli w drodze do wsi, zwanej Emaus, oddalonej o sze\u015b\u0107dziesi\u0105t stadi\u00f3w od Jeruzalem. Rozmawiali oni z sob\u0105 o tym wszystkim, co si\u0119 wydarzy\u0142o. Gdy tak rozmawiali i rozprawiali z sob\u0105, sam Jezus przybli\u017cy\u0142 si\u0119 [&hellip;]<\/p>\n","protected":false},"author":1,"featured_media":4950,"comment_status":"closed","ping_status":"closed","sticky":false,"template":"","format":"standard","meta":{"ngg_post_thumbnail":0,"footnotes":""},"categories":[11,8,4,3],"tags":[],"class_list":["post-4947","post","type-post","status-publish","format-standard","has-post-thumbnail","hentry","category-aktualnosci","category-blog","category-intencje","category-ogloszenia"],"_links":{"self":[{"href":"https:\/\/rafalk-elblag.pl\/index.php?rest_route=\/wp\/v2\/posts\/4947","targetHints":{"allow":["GET"]}}],"collection":[{"href":"https:\/\/rafalk-elblag.pl\/index.php?rest_route=\/wp\/v2\/posts"}],"about":[{"href":"https:\/\/rafalk-elblag.pl\/index.php?rest_route=\/wp\/v2\/types\/post"}],"author":[{"embeddable":true,"href":"https:\/\/rafalk-elblag.pl\/index.php?rest_route=\/wp\/v2\/users\/1"}],"replies":[{"embeddable":true,"href":"https:\/\/rafalk-elblag.pl\/index.php?rest_route=%2Fwp%2Fv2%2Fcomments&post=4947"}],"version-history":[{"count":1,"href":"https:\/\/rafalk-elblag.pl\/index.php?rest_route=\/wp\/v2\/posts\/4947\/revisions"}],"predecessor-version":[{"id":4949,"href":"https:\/\/rafalk-elblag.pl\/index.php?rest_route=\/wp\/v2\/posts\/4947\/revisions\/4949"}],"wp:featuredmedia":[{"embeddable":true,"href":"https:\/\/rafalk-elblag.pl\/index.php?rest_route=\/wp\/v2\/media\/4950"}],"wp:attachment":[{"href":"https:\/\/rafalk-elblag.pl\/index.php?rest_route=%2Fwp%2Fv2%2Fmedia&parent=4947"}],"wp:term":[{"taxonomy":"category","embeddable":true,"href":"https:\/\/rafalk-elblag.pl\/index.php?rest_route=%2Fwp%2Fv2%2Fcategories&post=4947"},{"taxonomy":"post_tag","embeddable":true,"href":"https:\/\/rafalk-elblag.pl\/index.php?rest_route=%2Fwp%2Fv2%2Ftags&post=4947"}],"curies":[{"name":"wp","href":"https:\/\/api.w.org\/{rel}","templated":true}]}}